{"id":9096,"date":"2020-06-08T17:15:11","date_gmt":"2020-06-08T15:15:11","guid":{"rendered":"https:\/\/www.factorenergia.com\/es\/blog\/%tiposdeblog%\/remuntarem-des-les-pimes\/"},"modified":"2023-02-14T18:45:07","modified_gmt":"2023-02-14T16:45:07","slug":"remontaremos-desde-las-pymes","status":"publish","type":"post","link":"https:\/\/www.factorenergia.com\/es\/blog\/emilio-rousaud\/remontaremos-desde-las-pymes\/","title":{"rendered":"Remontaremos desde las PYMES"},"content":{"rendered":"<p>Tambi\u00e9n ha impactado en nuestras profesiones y negocios, muchos de los cuales ahora atraviesan situaciones muy dif\u00edciles. No hay que rendirse. Otras veces a lo largo de nuestra historia, hemos pasado por situaciones muy dif\u00edciles y siempre hemos resurgido como comunidad, incluso con m\u00e1s fuerza.<\/p>\n<p>&nbsp;<\/p>\n<h2>Ayuda necesaria a las pymes<\/h2>\n<p>Catalu\u00f1a, como Espa\u00f1a, es un pa\u00eds de pymes, y en una situaci\u00f3n como \u00e9sta es bueno recordar que s\u00f3lo desde las pymes remontaremos y encontraremos salidas. No puede ser de otra manera. Nuestro tejido empresarial es mayoritariamente de pymes, muchas de car\u00e1cter familiar, y generan cerca de un 65% de los puestos de trabajo, por lo que son imprescindibles.<\/p>\n<p>Restaurantes, cafeter\u00edas, comercios de todo tipo ocupan y dan color a nuestras calles. Hoteles, peluquer\u00edas, cines y teatros y, en definitiva, los negocios m\u00e1s perjudicados por esta crisis necesitan apoyo para recorrer de manera segura el camino de la recuperaci\u00f3n. Tampoco me quiero olvidar de la industria, muy presente en nuestro pa\u00eds y que tambi\u00e9n est\u00e1 sufriendo. El rescate de la econom\u00eda, que implicar\u00e1 facilitar liquidez y proteger la tesorer\u00eda de las empresas, hay\u00a0que hacerlo inmediatamente.<\/p>\n<p>La demora supondr\u00e1 el fallecimiento de negocios y empresas. No lo podemos permitir si\u00a0pretendemos una\u00a0recuperaci\u00f3n s\u00f3lida y r\u00e1pida -la famosa V-; por eso hemos pedido desde Pimec que la Administraci\u00f3n destine buena parte de las ayudas europeas a liquidar facturas, subvenciones y devoluciones tributarias a pymes.<\/p>\n<p>Tambi\u00e9n apostamos por subvenciones directas para aquellos sectores especialmente afectados, como el turismo, la restauraci\u00f3n, la cultura o el deporte, entre otros. Igualmente, consideramos que ser\u00edan muy positivos las desgravaciones y ayudas p\u00fablicas para la compra de material de protecci\u00f3n y desinfecci\u00f3n diaria de las instalaciones productivas. Adem\u00e1s, tambi\u00e9n creemos que ser\u00eda muy positivo ofrecer incentivos fiscales para recuperar la demanda, como buenos para el consumo subvencionados o desgravaciones en el IRPF.<\/p>\n<p>&nbsp;<\/p>\n<p>Es innegable que estas medidas incrementar\u00e1n el d\u00e9ficit p\u00fablico, sin embargo, no es momento de preocuparse por el d\u00e9ficit; salvar nuestra econom\u00eda del hundimiento es la \u00fanica v\u00eda factible para afrontar el pago del d\u00e9ficit p\u00fablico, sin nuestro tejido productivo generando riqueza no ser\u00e1 posible repagar deuda. Es responsabilidad de todos evitar la desaparici\u00f3n dr\u00e1stica de pymes. Nos jugamos mucho en esto. Nos jugamos nuestro bienestar social y econ\u00f3mico, e incluso nuestra idiosincrasia como pa\u00eds.<\/p>\n","protected":false},"excerpt":{"rendered":"<p>Hoy en d\u00eda ya nadie duda de que nos encontramos en un momento trascendental para este pa\u00eds. La pandemia que nos ha castigado nos ha arrebatado a muchos familiares y amigos, y ha cambiado la forma en que vivimos y nos relacionamos.<\/p>\n","protected":false},"author":17,"featured_media":0,"comment_status":"closed","ping_status":"closed","sticky":false,"template":"","format":"standard","meta":{"inline_featured_image":false,"footnotes":""},"categories":[54],"tags":[],"acf":{"fecha_de_la_entrada":"20200608","imagen_portada":9041,"categoria_blog":54,"tipo_de_distribuidora":null,"tiempo_lectura":"","banner_bool":false,"titulo_banner":"","texto_banner":"","texto_boton_banner":"","url_boton_banner":"","post_relacionados":null},"yoast_head":"<!-- This site is optimized with the Yoast SEO plugin v22.2 - https:\/\/yoast.com\/wordpress\/plugins\/seo\/ -->\n<title>Ayudas necesarias para las pymes | factorenergia<\/title>\n<meta name=\"description\" content=\"Las pymes generan cerca del 65% del trabajo en Catalu\u00f1a y Espa\u00f1a, desde Pimec hemos solicitado ayudas a la administraci\u00f3n para las pymes.\" \/>\n<meta name=\"robots\" content=\"index, follow, max-snippet:-1, max-image-preview:large, max-video-preview:-1\" \/>\n<link rel=\"canonical\" href=\"https:\/\/www.factorenergia.com\/es\/blog\/emilio-rousaud\/remontaremos-desde-las-pymes\/\" \/>\n<meta name=\"twitter:card\" content=\"summary_large_image\" \/>\n<meta name=\"twitter:title\" content=\"Ayudas necesarias para las pymes | factorenergia\" \/>\n<meta name=\"twitter:description\" content=\"Las pymes generan cerca del 65% del trabajo en Catalu\u00f1a y Espa\u00f1a, desde Pimec hemos solicitado ayudas a la administraci\u00f3n para las pymes.\" \/>\n<meta name=\"twitter:creator\" content=\"@factorenergia\" \/>\n<meta name=\"twitter:site\" content=\"@factorenergia\" \/>\n<meta name=\"twitter:label1\" content=\"Escrito por\" \/>\n\t<meta name=\"twitter:data1\" content=\"Equipo Transici\u00f3n Energ\u00e9tica Factorenergia\" \/>\n\t<meta name=\"twitter:label2\" content=\"Tiempo de lectura\" \/>\n\t<meta name=\"twitter:data2\" content=\"2 minutos\" \/>\n<script type=\"application\/ld+json\" class=\"yoast-schema-graph\">{\"@context\":\"https:\/\/schema.org\",\"@graph\":[{\"@type\":\"WebPage\",\"@id\":\"https:\/\/www.factorenergia.com\/es\/blog\/emilio-rousaud\/remontaremos-desde-las-pymes\/\",\"url\":\"https:\/\/www.factorenergia.com\/es\/blog\/emilio-rousaud\/remontaremos-desde-las-pymes\/\",\"name\":\"Ayudas necesarias para las pymes | factorenergia\",\"isPartOf\":{\"@id\":\"https:\/\/www.factorenergia.com\/es\/#website\"},\"datePublished\":\"2020-06-08T15:15:11+00:00\",\"dateModified\":\"2023-02-14T16:45:07+00:00\",\"author\":{\"@id\":\"https:\/\/www.factorenergia.com\/es\/#\/schema\/person\/dff9e4b6dc520720e3a37bdaaedc5841\"},\"description\":\"Las pymes generan cerca del 65% del trabajo en Catalu\u00f1a y Espa\u00f1a, desde Pimec hemos solicitado ayudas a la administraci\u00f3n para las pymes.\",\"breadcrumb\":{\"@id\":\"https:\/\/www.factorenergia.com\/es\/blog\/emilio-rousaud\/remontaremos-desde-las-pymes\/#breadcrumb\"},\"inLanguage\":\"es\",\"potentialAction\":[{\"@type\":\"ReadAction\",\"target\":[\"https:\/\/www.factorenergia.com\/es\/blog\/emilio-rousaud\/remontaremos-desde-las-pymes\/\"]}]},{\"@type\":\"BreadcrumbList\",\"@id\":\"https:\/\/www.factorenergia.com\/es\/blog\/emilio-rousaud\/remontaremos-desde-las-pymes\/#breadcrumb\",\"itemListElement\":[{\"@type\":\"ListItem\",\"position\":1,\"name\":\"Portada\",\"item\":\"https:\/\/www.factorenergia.com\/es\/\"},{\"@type\":\"ListItem\",\"position\":2,\"name\":\"Remontaremos desde las PYMES\"}]},{\"@type\":\"WebSite\",\"@id\":\"https:\/\/www.factorenergia.com\/es\/#website\",\"url\":\"https:\/\/www.factorenergia.com\/es\/\",\"name\":\"factorenergia\",\"description\":\"Factor Energ\u00eda\",\"potentialAction\":[{\"@type\":\"SearchAction\",\"target\":{\"@type\":\"EntryPoint\",\"urlTemplate\":\"https:\/\/www.factorenergia.com\/es\/?s={search_term_string}\"},\"query-input\":\"required name=search_term_string\"}],\"inLanguage\":\"es\"},{\"@type\":\"Person\",\"@id\":\"https:\/\/www.factorenergia.com\/es\/#\/schema\/person\/dff9e4b6dc520720e3a37bdaaedc5841\",\"name\":\"Equipo Transici\u00f3n Energ\u00e9tica Factorenergia\",\"image\":{\"@type\":\"ImageObject\",\"inLanguage\":\"es\",\"@id\":\"https:\/\/www.factorenergia.com\/es\/#\/schema\/person\/image\/\",\"url\":\"https:\/\/secure.gravatar.com\/avatar\/1b7c76bab80ee1c4261b06108874e24b?s=96&d=mm&r=g\",\"contentUrl\":\"https:\/\/secure.gravatar.com\/avatar\/1b7c76bab80ee1c4261b06108874e24b?s=96&d=mm&r=g\",\"caption\":\"Equipo Transici\u00f3n Energ\u00e9tica Factorenergia\"},\"description\":\"El equipo est\u00e1 formado por expertos en materia de Luz, Gas y Eficiencia Energ\u00e9tica, que conocen de primera mano las tendencias del mercado. Su experiencia en el sector les permite ofrecer las mejores soluciones energ\u00e9ticas y resolver las dudas planteadas por los clientes.\",\"sameAs\":[\"https:\/\/www.factorenergia.com\/es\/\",\"https:\/\/www.facebook.com\/factorenergiacom\",\"https:\/\/www.instagram.com\/factorenergia_com\/\",\"https:\/\/es.linkedin.com\/company\/factor-energia\",\"https:\/\/twitter.com\/factorenergia\",\"https:\/\/www.youtube.com\/c\/factorenergiacom\"],\"url\":\"https:\/\/www.factorenergia.com\/es\/blog\/author\/marketing\/\"}]}<\/script>\n<!-- \/ Yoast SEO plugin. -->","yoast_head_json":{"title":"Ayudas necesarias para las pymes | factorenergia","description":"Las pymes generan cerca del 65% del trabajo en Catalu\u00f1a y Espa\u00f1a, desde Pimec hemos solicitado ayudas a la administraci\u00f3n para las pymes.","robots":{"index":"index","follow":"follow","max-snippet":"max-snippet:-1","max-image-preview":"max-image-preview:large","max-video-preview":"max-video-preview:-1"},"canonical":"https:\/\/www.factorenergia.com\/es\/blog\/emilio-rousaud\/remontaremos-desde-las-pymes\/","twitter_card":"summary_large_image","twitter_title":"Ayudas necesarias para las pymes | factorenergia","twitter_description":"Las pymes generan cerca del 65% del trabajo en Catalu\u00f1a y Espa\u00f1a, desde Pimec hemos solicitado ayudas a la administraci\u00f3n para las pymes.","twitter_creator":"@factorenergia","twitter_site":"@factorenergia","twitter_misc":{"Escrito por":"Equipo Transici\u00f3n Energ\u00e9tica Factorenergia","Tiempo de lectura":"2 minutos"},"schema":{"@context":"https:\/\/schema.org","@graph":[{"@type":"WebPage","@id":"https:\/\/www.factorenergia.com\/es\/blog\/emilio-rousaud\/remontaremos-desde-las-pymes\/","url":"https:\/\/www.factorenergia.com\/es\/blog\/emilio-rousaud\/remontaremos-desde-las-pymes\/","name":"Ayudas necesarias para las pymes | factorenergia","isPartOf":{"@id":"https:\/\/www.factorenergia.com\/es\/#website"},"datePublished":"2020-06-08T15:15:11+00:00","dateModified":"2023-02-14T16:45:07+00:00","author":{"@id":"https:\/\/www.factorenergia.com\/es\/#\/schema\/person\/dff9e4b6dc520720e3a37bdaaedc5841"},"description":"Las pymes generan cerca del 65% del trabajo en Catalu\u00f1a y Espa\u00f1a, desde Pimec hemos solicitado ayudas a la administraci\u00f3n para las pymes.","breadcrumb":{"@id":"https:\/\/www.factorenergia.com\/es\/blog\/emilio-rousaud\/remontaremos-desde-las-pymes\/#breadcrumb"},"inLanguage":"es","potentialAction":[{"@type":"ReadAction","target":["https:\/\/www.factorenergia.com\/es\/blog\/emilio-rousaud\/remontaremos-desde-las-pymes\/"]}]},{"@type":"BreadcrumbList","@id":"https:\/\/www.factorenergia.com\/es\/blog\/emilio-rousaud\/remontaremos-desde-las-pymes\/#breadcrumb","itemListElement":[{"@type":"ListItem","position":1,"name":"Portada","item":"https:\/\/www.factorenergia.com\/es\/"},{"@type":"ListItem","position":2,"name":"Remontaremos desde las PYMES"}]},{"@type":"WebSite","@id":"https:\/\/www.factorenergia.com\/es\/#website","url":"https:\/\/www.factorenergia.com\/es\/","name":"factorenergia","description":"Factor Energ\u00eda","potentialAction":[{"@type":"SearchAction","target":{"@type":"EntryPoint","urlTemplate":"https:\/\/www.factorenergia.com\/es\/?s={search_term_string}"},"query-input":"required name=search_term_string"}],"inLanguage":"es"},{"@type":"Person","@id":"https:\/\/www.factorenergia.com\/es\/#\/schema\/person\/dff9e4b6dc520720e3a37bdaaedc5841","name":"Equipo Transici\u00f3n Energ\u00e9tica Factorenergia","image":{"@type":"ImageObject","inLanguage":"es","@id":"https:\/\/www.factorenergia.com\/es\/#\/schema\/person\/image\/","url":"https:\/\/secure.gravatar.com\/avatar\/1b7c76bab80ee1c4261b06108874e24b?s=96&d=mm&r=g","contentUrl":"https:\/\/secure.gravatar.com\/avatar\/1b7c76bab80ee1c4261b06108874e24b?s=96&d=mm&r=g","caption":"Equipo Transici\u00f3n Energ\u00e9tica Factorenergia"},"description":"El equipo est\u00e1 formado por expertos en materia de Luz, Gas y Eficiencia Energ\u00e9tica, que conocen de primera mano las tendencias del mercado. Su experiencia en el sector les permite ofrecer las mejores soluciones energ\u00e9ticas y resolver las dudas planteadas por los clientes.","sameAs":["https:\/\/www.factorenergia.com\/es\/","https:\/\/www.facebook.com\/factorenergiacom","https:\/\/www.instagram.com\/factorenergia_com\/","https:\/\/es.linkedin.com\/company\/factor-energia","https:\/\/twitter.com\/factorenergia","https:\/\/www.youtube.com\/c\/factorenergiacom"],"url":"https:\/\/www.factorenergia.com\/es\/blog\/author\/marketing\/"}]}},"_links":{"self":[{"href":"https:\/\/www.factorenergia.com\/es\/wp-json\/wp\/v2\/posts\/9096"}],"collection":[{"href":"https:\/\/www.factorenergia.com\/es\/wp-json\/wp\/v2\/posts"}],"about":[{"href":"https:\/\/www.factorenergia.com\/es\/wp-json\/wp\/v2\/types\/post"}],"author":[{"embeddable":true,"href":"https:\/\/www.factorenergia.com\/es\/wp-json\/wp\/v2\/users\/17"}],"replies":[{"embeddable":true,"href":"https:\/\/www.factorenergia.com\/es\/wp-json\/wp\/v2\/comments?post=9096"}],"version-history":[{"count":2,"href":"https:\/\/www.factorenergia.com\/es\/wp-json\/wp\/v2\/posts\/9096\/revisions"}],"predecessor-version":[{"id":18605,"href":"https:\/\/www.factorenergia.com\/es\/wp-json\/wp\/v2\/posts\/9096\/revisions\/18605"}],"acf:term":[{"embeddable":true,"taxonomy":"category","href":"https:\/\/www.factorenergia.com\/es\/wp-json\/wp\/v2\/categories\/54"}],"wp:attachment":[{"href":"https:\/\/www.factorenergia.com\/es\/wp-json\/wp\/v2\/media?parent=9096"}],"wp:term":[{"taxonomy":"category","embeddable":true,"href":"https:\/\/www.factorenergia.com\/es\/wp-json\/wp\/v2\/categories?post=9096"},{"taxonomy":"post_tag","embeddable":true,"href":"https:\/\/www.factorenergia.com\/es\/wp-json\/wp\/v2\/tags?post=9096"}],"curies":[{"name":"wp","href":"https:\/\/api.w.org\/{rel}","templated":true}]}}