{"id":8730,"date":"2021-02-19T11:19:03","date_gmt":"2021-02-19T09:19:03","guid":{"rendered":"https:\/\/www.factorenergia.com\/es\/?post_type=blog&#038;p=8730"},"modified":"2025-07-31T18:01:05","modified_gmt":"2025-07-31T16:01:05","slug":"compensacion-de-excedentes-autoconsumo","status":"publish","type":"post","link":"https:\/\/www.factorenergia.com\/es\/blog\/autoconsumo-electrico\/compensacion-de-excedentes-autoconsumo\/","title":{"rendered":"Compensaci\u00f3n de excedentes de autoconsumo"},"content":{"rendered":"<p style=\"text-align: justify;\">\n<script type=\"text\/javascript\" id=\"auto-index\" async defer>\n\n      function indexContent(context){\n\n      var container = document.querySelector(context);\n\n      element = document.getElementById(\"accordion-index\");\n      var titles = Array.from(container.querySelectorAll(\"h2,h4\"));\n\n      for (var i = 0, l = titles.length; i < l; i++) {\n\n\t\tjQuery('#accordionIndex').show();\n\n        var tit = titles[i];\n\t\tvar newTitle = tit.textContent.toLowerCase().replace(\/[^a-zA-Z ]\/g, \"\").replace(\/\\s\/g, '-');\n\t\tvar numTag = Number(tit.tagName.replace(\/[^1-9]\/g, \"\"));\n\t\tvar tagWidth = (numTag*20);\n\n\t\tvar preText = '<span style=\"margin-left:' + tagWidth + 'px\"><\/span>';\n\n        tit.setAttribute(\"id\", newTitle);\n\t\tjQuery(tit).addClass('h-inline');\n\t\t\n\t\tvar toIndex = '<p class=\"h-inline\"><a class=\"blog-toindex\" href=\"#accordionIndex\"><span class=\"glyphicon glyphicon-chevron-up\" aria-hidden=\"true\"><\/span><\/a><\/p>';\n\n\t\tjQuery(toIndex).insertAfter(tit);\n\n        var node = document.createElement(\"LI\");                 \n        var link = document.createElement(\"A\");\n        var textnode = document.createTextNode(tit.textContent);\n\n        link.appendChild(textnode);\n        link.setAttribute(\"href\", '#' + newTitle);\n\t\t\/\/link.setAttribute(\"style\", \"margin-left:\" + tagWidth + \"px\");\n\t\tlink.setAttribute(\"class\", \"acc-h\" + numTag);\n        node.appendChild(link);\n\n        element.appendChild(node);\n\n      }\n    }\n\n    jQuery(document).ready(function(){\t\t\n\t\tindexContent(\".single-post-content\");\n\n\t\tjQuery(\".accordion-toggle\").click(function() {\n\t\t\tjQuery(this).toggleClass(\"open\");\n\t\t\tjQuery(\"#collapseIndex\").slideToggle(\"in\");\n\t\t});\n\t});\n\n\n<\/script>\n\n<style>\n\t.accordion-toggle{\n\t\tcursor:pointer;\n\t}\n\n\t#accordionIndex .panel-heading{\n\t\tmargin-bottom:0px;\n\t}\n\n\t.articulo ul, .articulo ol{\n\t\tmargin-bottom:auto;\n\t}\n\n\t.h-inline{\n\t\tdisplay: inline-flex;\n\t\tflex-wrap: wrap\n\t}\n\t#accordion-index{\n\t\tpadding-left:0px;\n\t}\n\t#accordion-index li a{\n\t\tdisplay:block;\n\t\tpadding-top:5px;\n\t}\n\n\t.acc-h2{\n\t\tmargin-left:0px;\n\t\tposition: relative;\n\t}\n\n\t.acc-h3{\n\t\tmargin-left:25px;\n\t}\n\n\t.acc-h3::before{\n\t\tcontent: \"\";\n\t\tbackground-color:var(--blue-light);\n\t\tmargin-left:-10px;\n\t\twidth: 7px;\n\t\theight: 7px;\n\t\tdisplay: inline-block;\n\t\ttext-align: center;\n\t\tborder-radius: 1000px;\n\t\tmargin-right: 10px;\n    \tmargin-bottom: 2px;\n\t}\n\n\t.acc-h4{\n\t\tmargin-left:40px;\n\t}\n\n\t.acc-h4::before{\n\t\tcontent: \"\";\n\t\tborder: 1px solid var(--blue-light);\n\t\tmargin-left:-5px;\n\t\twidth: 7px;\n\t\theight: 7px;\n\t\tdisplay: inline-block;\n\t\ttext-align: center;\n\t\tborder-radius: 100%;\n\t\tmargin-right: 10px;\n    \tmargin-bottom: 2px;\n\t}\n\n\t.acc-h3:hover::before{\n\t\tbackground-color: var(--blue-darkest);\n\t}\n\n\t.acc-h4:hover::before{\n\t\tborder-color: var(--blue-darkest);\n\t}\n\n\t@media (max-width: 992px){\n\t\t.acc-h2{\n\t\t\tmargin-left:0px;\n\t\t}\n\t\t.acc-h3{\n\t\t\tmargin-left:20px;\n\t\t}\n\t\t.acc-h4{\n\t\t\tmargin-left:40px;\n\t\t}\n\t}\n\n\t\/*\n\th2.h-inline:after,\n\th3.h-inline:after{\n\t\theight: 24px;\n\t\tcontent: \"\";\n\t\tdisplay: table-row;\n\t}*\/\n<\/style>\n\n<div id=\"table-accordion-index\">\n\t<div class=\"panel-group\" id=\"accordionIndex\">\n\t\t<div class=\"panel panel-default\">\n\t\t\t<div class=\"panel-heading\">\n\t\t\t\t<div class=\"panel-title open\"><div class=\"accordion-toggle\" data-toggle=\"collapse\" data-parent=\"#accordion\" aria-expanded=\"true\">\u00cdndice<\/div><\/div>\n\t\t\t<\/div>\n\t\t\t<div id=\"collapseIndex\" class=\"panel-collapse collapse in\" aria-expanded=\"true\">\n\t\t\t\t<div class=\"panel-body\">\n\t\t\t\t\t<ul id=\"accordion-index\">\n\t\t\t\t\t<\/ul>\n\t\t\t\t<\/div>\n\t\t\t<\/div>\n\t\t<\/div>\n\t<\/div>\n<\/div><\/p>\n<p style=\"text-align: justify;\">Actualmente factorenergia est\u00e1 gestionando la activaci\u00f3n de la compensaci\u00f3n de excedentes de las instalaciones de autoconsumo, tanto de particulares como de empresas.<\/p>\n<p style=\"text-align: justify;\">De esta forma, todos nuestros clientes que tengan registradas sus instalaciones de<strong> autoconsumo<\/strong> de forma correcta en la correspondiente Consejer\u00eda de Industria, ya pueden vender electricidad a la red en 2021 y<strong>\u00a0recibir compensaci\u00f3n econ\u00f3mica por sus excedentes<\/strong> de una forma absolutamente transparente y sencilla.<\/p>\n<p style=\"text-align: justify;\">Esta gesti\u00f3n es posible gracias al <a href=\"https:\/\/www.boe.es\/buscar\/doc.php?id=BOE-A-2019-5089#:~:text=Real%20Decreto%20244%2F2019%2C%20de,Ver%20texto%20consolidado&amp;text=83%2C%20de%206%20de%20abril,a%2035719%20(46%20p%C3%A1gs.%20)\" title=\"Real Decreto 244\/2019\" target=\"_blank\" rel=\"nofollow noopener noreferrer\">Real Decreto 244\/2019<\/a>, que ha permitido que los excedentes generados por la energ\u00eda solar, pudiesen verterse a la red y obtener a cambio una compensaci\u00f3n econ\u00f3mica por parte de las comercializadoras.<\/p>\n<p style=\"text-align: justify;\">\r\n<script type=\"text\/javascript\" async defer>\r\n\r\n    jQuery(document).ready(function(){\t\t\r\n\t\t\r\n\t});\r\n<\/script>\r\n\r\n<style>\r\n\t.block-interested_posts{\r\n        margin-top: 10px;\r\n        padding: 20px;\r\n        border: 2px solid #92C200;\r\n    }\r\n    .block-interested_posts ul{\r\n        margin-bottom:0px;\r\n    }\r\n    .block-interested_posts ul li{\r\n        margin-bottom:5px;\r\n    }\r\n    .block-interested_posts ul li a{\r\n        \/*color: #DF981E;*\/\r\n    }\r\n\r\n<\/style>\r\n\r\n<div class=\"block-interested_posts\">\r\n    <p><strong>Post que te pueden interesar<\/strong><\/p>\r\n    <ul>\r\n                    <li><a href=\"https:\/\/www.factorenergia.com\/es\/blog\/autoconsumo-electrico\/energia-solar\/\" title=\"Energ\u00eda solar: todo lo que tienes que saber\">Energ\u00eda solar: todo lo que tienes que saber<\/a><\/li>\r\n                    <li><a href=\"https:\/\/www.factorenergia.com\/es\/blog\/noticias\/energias-renovables-caracteristicas-tipos-nuevos-retos\/\" title=\"Energ\u00edas renovables: caracter\u00edsticas, tipos y nuevos retos\">Energ\u00edas renovables: caracter\u00edsticas, tipos y nuevos retos<\/a><\/li>\r\n                    <li><a href=\"https:\/\/www.factorenergia.com\/es\/blog\/autoconsumo-electrico\/5-dudas-compensacion-excedentes\/\" title=\"Las 5 dudas m\u00e1s frecuentes sobre la compensaci\u00f3n de excedentes\">Las 5 dudas m\u00e1s frecuentes sobre la compensaci\u00f3n de excedentes<\/a><\/li>\r\n            <\/ul>\t\r\n<\/div><\/p>\n<h2 style=\"font-size: 20px !important; color: #777777;\"><strong>\u00bfC\u00f3mo reclamar la compensaci\u00f3n de excedentes de autoconsumo?<\/strong><\/h2>\n<p style=\"text-align: justify;\">Para registrar este tipo de instalaciones, los clientes o en su defecto sus instaladores, deber\u00e1n realizar el tr\u00e1mite delante de la Consejer\u00eda de Industria de su Comunidad Aut\u00f3noma. Una vez registrada y aceptada la solicitud, la administraci\u00f3n auton\u00f3mica lo comunicar\u00e1 a la distribuidora el\u00e9ctrica de la zona para dar a conocer de la existencia de este tipo de instalaci\u00f3n en el punto de suministro relacionado.<\/p>\n<p style=\"text-align: justify;\">Una vez completado este paso, la distribuidora tendr\u00e1 la obligaci\u00f3n de informar a la empresa comercializadora (en este caso a <a href=\"https:\/\/www.factorenergia.com\/es\/\" title=\"comercializadora de energ\u00eda\" target=\"_blank\" rel=\"noopener noreferrer\">factorenergia<\/a>) de la existencia de dicha solicitud por parte de su cliente. En este punto nos pondremos en contacto contigo para establecer un<strong> contrato de compensaci\u00f3n de excedentes<\/strong> y solicitarte la documentaci\u00f3n necesaria a presentar delante de la distribuidora para finalizar la activaci\u00f3n del producto.<\/p>\n<p style=\"text-align: justify;\">Finalizado el tr\u00e1mite y, con car\u00e1cter mensual, la distribuidora nos facilitar\u00e1 las lecturas de energ\u00eda excedentaria que nos permitir\u00e1 poder compens\u00e1rtela dentro de la factura de luz y <strong>abonarte tu excedente en forma de ahorro.<\/strong><\/p>\n<p style=\"text-align: justify;\"><picture><source srcset=\"https:\/\/www.factorenergia.com\/wp-content\/webp-express\/webp-images\/uploads\/2021\/02\/excedentes-autoconsumo.jpg.webp 800w, https:\/\/www.factorenergia.com\/wp-content\/webp-express\/webp-images\/uploads\/2021\/02\/excedentes-autoconsumo-300x225.jpg.webp 300w, https:\/\/www.factorenergia.com\/wp-content\/webp-express\/webp-images\/uploads\/2021\/02\/excedentes-autoconsumo-768x576.jpg.webp 768w, https:\/\/www.factorenergia.com\/wp-content\/webp-express\/webp-images\/uploads\/2021\/02\/excedentes-autoconsumo-236x177.jpg.webp 236w, https:\/\/www.factorenergia.com\/wp-content\/webp-express\/webp-images\/uploads\/2021\/02\/excedentes-autoconsumo-90x68.jpg.webp 90w, https:\/\/www.factorenergia.com\/wp-content\/webp-express\/webp-images\/uploads\/2021\/02\/excedentes-autoconsumo-170x128.jpg.webp 170w, https:\/\/www.factorenergia.com\/wp-content\/webp-express\/webp-images\/uploads\/2021\/02\/excedentes-autoconsumo-480x360.jpg.webp 480w, https:\/\/www.factorenergia.com\/wp-content\/webp-express\/webp-images\/uploads\/2021\/02\/excedentes-autoconsumo-400x300.jpg.webp 400w\" sizes=\"(max-width: 800px) 100vw, 800px\" type=\"image\/webp\"><img loading=\"lazy\" decoding=\"async\" src=\"https:\/\/www.factorenergia.com\/wp-content\/uploads\/2021\/02\/excedentes-autoconsumo.jpg\" alt=\"compensaci\u00f3n autoconsumo excedentes\" width=\"800\" height=\"600\" class=\"alignnone wp-image-10397 size-full webpexpress-processed\" title=\"venta excedentes autoconsumo\" srcset=\"https:\/\/www.factorenergia.com\/wp-content\/uploads\/2021\/02\/excedentes-autoconsumo.jpg 800w, https:\/\/www.factorenergia.com\/wp-content\/uploads\/2021\/02\/excedentes-autoconsumo-300x225.jpg 300w, https:\/\/www.factorenergia.com\/wp-content\/uploads\/2021\/02\/excedentes-autoconsumo-768x576.jpg 768w, https:\/\/www.factorenergia.com\/wp-content\/uploads\/2021\/02\/excedentes-autoconsumo-236x177.jpg 236w, https:\/\/www.factorenergia.com\/wp-content\/uploads\/2021\/02\/excedentes-autoconsumo-90x68.jpg 90w, https:\/\/www.factorenergia.com\/wp-content\/uploads\/2021\/02\/excedentes-autoconsumo-170x128.jpg 170w, https:\/\/www.factorenergia.com\/wp-content\/uploads\/2021\/02\/excedentes-autoconsumo-480x360.jpg 480w, https:\/\/www.factorenergia.com\/wp-content\/uploads\/2021\/02\/excedentes-autoconsumo-400x300.jpg 400w\" sizes=\"(max-width: 800px) 100vw, 800px\"><\/picture><\/p>\n<h3 style=\"font-size: 20px !important; color: #777777;\"><strong>Gesti\u00f3n de compensaci\u00f3n de excedentes de autoconsumo<\/strong><\/h3>\n<p style=\"text-align: justify;\">A continuaci\u00f3n, te detallamos paso a paso las gestiones necesarias para tramitar la compensaci\u00f3n de excedentes de tu instalaci\u00f3n de autoconsumo:<\/p>\n<h4 style=\"font-size: 16px !important; color: #777777;\"><strong>1. Se registra la instalaci\u00f3n de autoconsumo en la CC.AA<\/strong><\/h4>\n<p style=\"text-align: justify;\">Si realizas la instalaci\u00f3n con factorenergia, nosotros nos encargamos de registrar tu instalaci\u00f3n en la Comunidad Aut\u00f3noma en la que se ubica tu <a href=\"https:\/\/www.factorenergia.com\/es\/hogares\/placas-solares\/\" target=\"_blank\" rel=\"noopener\">instalaci\u00f3n fotovoltaica de autoconsumo<\/a>. Si no has realizado la instalaci\u00f3n con nosotros, deber\u00e1s acudir a tu instalador y solicitarle que realice el tr\u00e1mite si a\u00fan no lo ha hecho.<\/p>\n<p><span><div class=\"widget-form\">\r\n    \n<div class=\"wpcf7 no-js\" id=\"wpcf7-f21836-o1\" lang=\"es-ES\" dir=\"ltr\">\n<div class=\"screen-reader-response\"><p role=\"status\" aria-live=\"polite\" aria-atomic=\"true\"><\/p> <ul><\/ul><\/div>\n<form action=\"\/es\/wp-json\/wp\/v2\/posts\/8730#wpcf7-f21836-o1\" method=\"post\" class=\"wpcf7-form init\" aria-label=\"Formulario de contacto\" novalidate=\"novalidate\" data-status=\"init\">\n<div style=\"display: none;\">\n<input type=\"hidden\" name=\"_wpcf7\" value=\"21836\" \/>\n<input type=\"hidden\" name=\"_wpcf7_version\" value=\"5.9\" \/>\n<input type=\"hidden\" name=\"_wpcf7_locale\" value=\"es_ES\" \/>\n<input type=\"hidden\" name=\"_wpcf7_unit_tag\" value=\"wpcf7-f21836-o1\" \/>\n<input type=\"hidden\" name=\"_wpcf7_container_post\" value=\"0\" \/>\n<input type=\"hidden\" name=\"_wpcf7_posted_data_hash\" value=\"\" \/>\n<input type=\"hidden\" name=\"_wpcf7_recaptcha_response\" value=\"\" \/>\n<\/div>\n<div class=\"widget-simple-form-ac\">\n\t<div class=\"header-ac\">\n\t\t<p>Consigue tu estudio gratuito\n\t\t<\/p>\n\t\t<div class=\"close-form\">\n\t\t\t<p>X\n\t\t\t<\/p>\n\t\t<\/div>\n\t<\/div>\n\t<div class=\"widget-form-ac-container\">\n\t\t<p class=\"subtitle-ac-form\">Con nuestras Placas Solares + Bater\u00eda Virtual, <span class=\"blue\">reduce a 0\u20ac el consumo de tu factura de la luz.<\/span> \u00a1No te quedes sin tu estudio gratis!\n\t\t<\/p>\n\t\t<div class=\"inputs-container\">\n\t\t\t<div class=\"input\">\n\t\t\t\t<p><span class=\"wpcf7-form-control-wrap\" data-name=\"name1\"><input size=\"40\" class=\"wpcf7-form-control wpcf7-text wpcf7-validates-as-required\" id=\"name\" aria-required=\"true\" aria-invalid=\"false\" placeholder=\"Nombre\" value=\"\" type=\"text\" name=\"name1\" \/><\/span>\n\t\t\t\t<\/p>\n\t\t\t\t<div class=\"error\">\n\t\t\t\t\t<p><span role='alert' class='wpcf7-not-valid-tip'><\/span>\n\t\t\t\t\t<\/p>\n\t\t\t\t<\/div>\n\t\t\t<\/div>\n\t\t\t<div class=\"input\">\n\t\t\t\t<p><span class=\"wpcf7-form-control-wrap\" data-name=\"lastname\"><input size=\"40\" class=\"wpcf7-form-control wpcf7-text wpcf7-validates-as-required\" id=\"lastname\" aria-required=\"true\" aria-invalid=\"false\" placeholder=\"Apellido\" value=\"\" type=\"text\" name=\"lastname\" \/><\/span>\n\t\t\t\t<\/p>\n\t\t\t\t<div class=\"error\">\n\t\t\t\t\t<p><span role='alert' class='wpcf7-not-valid-tip'><\/span>\n\t\t\t\t\t<\/p>\n\t\t\t\t<\/div>\n\t\t\t<\/div>\n\t\t<\/div>\n\t\t<div class=\"inputs-container\">\n\t\t\t<div class=\"input\">\n\t\t\t\t<p><span class=\"wpcf7-form-control-wrap\" data-name=\"email\"><input size=\"40\" class=\"wpcf7-form-control wpcf7-email wpcf7-validates-as-required wpcf7-text wpcf7-validates-as-email\" aria-required=\"true\" aria-invalid=\"false\" placeholder=\"Email\" value=\"\" type=\"email\" name=\"email\" \/><\/span>\n\t\t\t\t<\/p>\n\t\t\t\t<div class=\"error\">\n\t\t\t\t\t<p><span role='alert' class='wpcf7-not-valid-tip'><\/span>\n\t\t\t\t\t<\/p>\n\t\t\t\t<\/div>\n\t\t\t<\/div>\n\t\t\t<div class=\"input\">\n\t\t\t\t<p><span class=\"wpcf7-form-control-wrap\" data-name=\"tel\"><input size=\"40\" class=\"wpcf7-form-control wpcf7-tel wpcf7-validates-as-required wpcf7-text wpcf7-validates-as-tel\" aria-required=\"true\" aria-invalid=\"false\" placeholder=\"Tel\u00e9fono\" value=\"\" type=\"tel\" name=\"tel\" \/><\/span>\n\t\t\t\t<\/p>\n\t\t\t\t<div class=\"error\">\n\t\t\t\t\t<p><span role='alert' class='wpcf7-not-valid-tip'><\/span>\n\t\t\t\t\t<\/p>\n\t\t\t\t<\/div>\n\t\t\t<\/div>\n\t\t<\/div>\n\t\t<p class=\"legal-text\">Al enviar este formulario consiente que sus datos sean tratados por FACTORENERGIA S.A., como corresponsables, para remitirle ofertas e informaci\u00f3n comercial. Puede ejercitar sus derechos conforme a lo indicado en nuestra <a href=\"\/es\/privacidad\/\">Pol\u00edtica de privacidad.<\/a>\n\t\t<\/p>\n\t\t<div class=\"inputs-container\">\n\t\t\t<div class=\"button-submit\">\n\t\t\t\t<p><input class=\"wpcf7-form-control wpcf7-submit has-spinner primary-btn green-btn btn-submit\" type=\"submit\" value=\"Pide tu estudio gratis\" \/>\n\t\t\t\t<\/p>\n\t\t\t<\/div>\n\t\t<\/div>\n\t<\/div>\n<\/div><div class=\"wpcf7-response-output\" aria-hidden=\"true\"><\/div>\n<\/form>\n<\/div>\n<\/div>\r\n\r\n<div class=\"widget-form-sended\" style=\"display: none\">\r\n    <h4><b>\u00a1Bien hecho!<\/b> Este es tu primer paso hacia la independencia energ\u00e9tica.<\/h4>\r\n    <p>En un m\u00e1ximo de 48 horas, un especialista se pondr\u00e1 en contacto contigo para estudiar tu caso, asesorarte y ofrecerte la mejor soluci\u00f3n energ\u00e9tica.<\/p>\r\n    <div class=\"inputs-container\">\r\n        <div class=\"button-submit\">\r\n            <a class=\"primary-btn center otro-estudio green-btn\">\r\n                Pedir otro estudio gratis            <\/a>\r\n        <\/div>\r\n        <div class=\"trustpilot-widget trust-widget-form-ac\" data-locale=\"es-ES\" data-template-id=\"5419b732fbfb950b10de65e5\" data-businessunit-id=\"5fd8ae6f2ead35000193bbae\" data-style-height=\"24px\" data-style-width=\"100%\" data-theme=\"light\" style=\"position: relative;\"><iframe title=\"Customer reviews powered by Trustpilot\" loading=\"auto\" src=\"https:\/\/widget.trustpilot.com\/trustboxes\/5419b732fbfb950b10de65e5\/index.html?templateId=5419b732fbfb950b10de65e5&amp;businessunitId=5fd8ae6f2ead35000193bbae#locale=es-ES&amp;styleHeight=24px&amp;styleWidth=100%25&amp;theme=light\" style=\"position: relative; height: 24px; width: 100%; border-style: none; display: block; overflow: hidden;\"><\/iframe><\/div>\r\n    <\/div>\r\n<\/div>\r\n<\/span><\/p>\n<h4 style=\"font-size: 16px !important; color: #777777;\"><strong>2. La CC.AA. avisa a la distribuidora del registro<\/strong><\/h4>\n<p style=\"text-align: justify;\">Una vez se ha registrado correctamente, la Comunidad Aut\u00f3noma comunica el registro de tu instalaci\u00f3n de autoconsumo a la distribuidora, ya que es la due\u00f1a del contador y esta nos avisar\u00e1 a nosotros.<\/p>\n<h4 style=\"font-size: 16px !important; color: #777777;\"><strong>3. Te informamos\u00a0de c\u00f3mo evolucionan tus gestiones<\/strong><\/h4>\n<p style=\"text-align: justify;\">En el momento que la distribuidora nos avise, contactaremos personalmente contigo para proceder a la firma del anexo al contrato de suministro correspondiente a la compensaci\u00f3n de excedentes.<\/p>\n<p style=\"text-align: justify;\">Para los clientes que no hayan realizado la <a href=\"https:\/\/www.factorenergia.com\/es\/hogares\/placas-solares\/\" title=\"instalaci\u00f3n de placas solares\" target=\"_blank\" rel=\"noopener\">instalaci\u00f3n solar de autoconsumo<\/a> con factorenergia, detallamos todos los documentos que necesitaremos recibir por vuestra parte, para poder realizar este \u00faltimo tr\u00e1mite delante de distribuidora. Deber\u00e1 ser vuestro instalador quien os gestione y facilite esta documentaci\u00f3n:<\/p>\n<ul>\n<li style=\"text-align: justify;\"><strong>Certificado de Instalaci\u00f3n El\u00e9ctrica de baja tensi\u00f3n (CIE).<\/strong><\/li>\n<li style=\"text-align: justify;\"><strong>Documento acreditativo del Registro de Instalaciones T\u00e9cnicas de Seguridad Industrial de su CCAA de una instalaci\u00f3n de baja tensi\u00f3n.<\/strong><\/li>\n<li style=\"text-align: justify;\"><strong>Documento acreditativo del procedimiento administrativo e inscripci\u00f3n en el registro de la Comunidad Aut\u00f3noma indicando la modalidad de compensaci\u00f3n de excedentes.<\/strong><\/li>\n<\/ul>\n<p style=\"text-align: justify;\">Una vez tengamos tu conformidad y se haya validado toda la documentaci\u00f3n requerida, iniciaremos los tr\u00e1mites necesarios para que la distribuidora realice el cambio de modalidad en tu contrato y te pueda activar de forma telem\u00e1tica tu contador para empezar a realizar lecturas de la energ\u00eda excedentaria. A partir de entonces, ellos como encargados de la lectura, nos empezaran a enviar las medidas de dicha energ\u00eda y as\u00ed nosotros, como tu comercializadora, empezaremos a abonarte el excedente en tu factura de la luz.<\/p>\n<h4 style=\"font-size: 16px !important; color: #777777;\"><strong>4. \u00bfC\u00f3mo se compensa los excedentes de autoconsumo?<\/strong><\/h4>\n<p style=\"text-align: justify;\">La compensaci\u00f3n de excedentes se ver\u00e1 reflejada mensualmente en tu factura, pero recuerda que <strong>nunca se compensar\u00e1 m\u00e1s de lo que se consume<\/strong>.<\/p>\n<p style=\"text-align: justify;\"><picture><source srcset=\"https:\/\/www.factorenergia.com\/wp-content\/webp-express\/webp-images\/uploads\/2021\/02\/excedentes-autoconsumo-electrico.jpg.webp 800w, https:\/\/www.factorenergia.com\/wp-content\/webp-express\/webp-images\/uploads\/2021\/02\/excedentes-autoconsumo-electrico-300x226.jpg.webp 300w, https:\/\/www.factorenergia.com\/wp-content\/webp-express\/webp-images\/uploads\/2021\/02\/excedentes-autoconsumo-electrico-768x578.jpg.webp 768w, https:\/\/www.factorenergia.com\/wp-content\/webp-express\/webp-images\/uploads\/2021\/02\/excedentes-autoconsumo-electrico-235x177.jpg.webp 235w, https:\/\/www.factorenergia.com\/wp-content\/webp-express\/webp-images\/uploads\/2021\/02\/excedentes-autoconsumo-electrico-90x68.jpg.webp 90w, https:\/\/www.factorenergia.com\/wp-content\/webp-express\/webp-images\/uploads\/2021\/02\/excedentes-autoconsumo-electrico-170x128.jpg.webp 170w, https:\/\/www.factorenergia.com\/wp-content\/webp-express\/webp-images\/uploads\/2021\/02\/excedentes-autoconsumo-electrico-478x360.jpg.webp 478w, https:\/\/www.factorenergia.com\/wp-content\/webp-express\/webp-images\/uploads\/2021\/02\/excedentes-autoconsumo-electrico-399x300.jpg.webp 399w\" sizes=\"(max-width: 800px) 100vw, 800px\" type=\"image\/webp\"><img loading=\"lazy\" decoding=\"async\" src=\"https:\/\/www.factorenergia.com\/wp-content\/uploads\/2021\/02\/excedentes-autoconsumo-electrico.jpg\" alt=\"autoconsumo con excedentes factorenergia\" width=\"800\" height=\"602\" class=\"alignnone wp-image-10399 size-full webpexpress-processed\" title=\"autoconsumo fotovoltaico con excedentes\" srcset=\"https:\/\/www.factorenergia.com\/wp-content\/uploads\/2021\/02\/excedentes-autoconsumo-electrico.jpg 800w, https:\/\/www.factorenergia.com\/wp-content\/uploads\/2021\/02\/excedentes-autoconsumo-electrico-300x226.jpg 300w, https:\/\/www.factorenergia.com\/wp-content\/uploads\/2021\/02\/excedentes-autoconsumo-electrico-768x578.jpg 768w, https:\/\/www.factorenergia.com\/wp-content\/uploads\/2021\/02\/excedentes-autoconsumo-electrico-235x177.jpg 235w, https:\/\/www.factorenergia.com\/wp-content\/uploads\/2021\/02\/excedentes-autoconsumo-electrico-90x68.jpg 90w, https:\/\/www.factorenergia.com\/wp-content\/uploads\/2021\/02\/excedentes-autoconsumo-electrico-170x128.jpg 170w, https:\/\/www.factorenergia.com\/wp-content\/uploads\/2021\/02\/excedentes-autoconsumo-electrico-478x360.jpg 478w, https:\/\/www.factorenergia.com\/wp-content\/uploads\/2021\/02\/excedentes-autoconsumo-electrico-399x300.jpg 399w\" sizes=\"(max-width: 800px) 100vw, 800px\"><\/picture><\/p>\n<h2 style=\"font-size: 20px !important; color: #777777;\"><strong>Produce tu propia energ\u00eda con factorenergia<\/strong><\/h2>\n<p style=\"text-align: justify;\">En factorenergia apostamos por el autoconsumo, ya que da un gran empoderamiento al ciudadano convirti\u00e9ndole a la vez en productor y consumidor.<\/p>\n<p style=\"text-align: justify;\">De ese modo, disponemos de soluciones para cualquier tipo de instalaci\u00f3n. Nuestro compromiso es que tu instalaci\u00f3n sea lo m\u00e1s eficiente posible, tanto para tu ahorro econ\u00f3mico como para al medio ambiente.<\/p>\n<p style=\"text-align: justify;\">Si est\u00e1s interesado en pasarte al autoconsumo fotovoltaico, <a href=\"\/es\/hogares\/autoconsumo\/\" title=\"autoconsumo fotovoltaico\" target=\"_blank\" rel=\"noopener noreferrer\">rellena nuestro formulario web<\/a> y te enviaremos una oferta personalizada sobre <strong>cu\u00e1nto podr\u00e1s ahorrar en tu factura de la luz.<\/strong> O si lo prefieres, ll\u00e1manos al 93 120 51 94 o escribe un correo a solar@factorenergia.com. Adem\u00e1s, financiamos todos nuestros productos de eficiencia energ\u00e9tica en c\u00f3modas cuotas. \u00a1Ya no hay excusas para no pasarte al autoconsumo!<\/p>\n<p style=\"text-align: justify;\"><strong>\u00a1Empieza a autoproducir y consumir tu propia energ\u00eda 100% verde con factorenergia!<\/strong><\/p>\n","protected":false},"excerpt":{"rendered":"<p>En factorenergia aplicamos la compensaci\u00f3n de excedentes de autoconsumo, tanto de las instalaciones residenciales como de pymes con potencia instalada menor a 100 kW. Gestionamos todos los tr\u00e1mites para que no te tengas que preocupar de nada. \u00a1Apuesta por el autoconsumo!<\/p>\n","protected":false},"author":17,"featured_media":0,"comment_status":"open","ping_status":"closed","sticky":false,"template":"","format":"standard","meta":{"inline_featured_image":false,"footnotes":""},"categories":[67],"tags":[],"acf":{"fecha_de_la_entrada":"20200220","imagen_portada":29151,"categoria_blog":null,"tipo_de_distribuidora":null,"tiempo_lectura":"","banner_bool":false,"titulo_banner":"","texto_banner":"","texto_boton_banner":"","url_boton_banner":"","post_relacionados":""},"yoast_head":"<!-- This site is optimized with the Yoast SEO plugin v22.2 - https:\/\/yoast.com\/wordpress\/plugins\/seo\/ -->\n<title>Compensaci\u00f3n de excedentes de autoconsumo - factorenergia<\/title>\n<meta name=\"description\" content=\"Aplicamos la compensaci\u00f3n de excedentes de autoconsumo en tu factura de la luz. \u00a1Ahorra con la energ\u00eda sobrante de tu instalaci\u00f3n solar!\" \/>\n<meta name=\"robots\" content=\"index, follow, max-snippet:-1, max-image-preview:large, max-video-preview:-1\" \/>\n<link rel=\"canonical\" href=\"https:\/\/www.factorenergia.com\/es\/blog\/autoconsumo-electrico\/compensacion-de-excedentes-autoconsumo\/\" \/>\n<meta name=\"twitter:card\" content=\"summary_large_image\" \/>\n<meta name=\"twitter:title\" content=\"Compensaci\u00f3n de excedentes de autoconsumo - factorenergia\" \/>\n<meta name=\"twitter:description\" content=\"Aplicamos la compensaci\u00f3n de excedentes de autoconsumo en tu factura de la luz. \u00a1Ahorra con la energ\u00eda sobrante de tu instalaci\u00f3n solar!\" \/>\n<meta name=\"twitter:image\" content=\"https:\/\/www.factorenergia.com\/wp-content\/uploads\/2021\/02\/excedentes-autoconsumo.jpg\" \/>\n<meta name=\"twitter:creator\" content=\"@factorenergia\" \/>\n<meta name=\"twitter:site\" content=\"@factorenergia\" \/>\n<meta name=\"twitter:label1\" content=\"Escrito por\" \/>\n\t<meta name=\"twitter:data1\" content=\"Equipo Transici\u00f3n Energ\u00e9tica Factorenergia\" \/>\n\t<meta name=\"twitter:label2\" content=\"Tiempo de lectura\" \/>\n\t<meta name=\"twitter:data2\" content=\"5 minutos\" \/>\n<script type=\"application\/ld+json\" class=\"yoast-schema-graph\">{\"@context\":\"https:\/\/schema.org\",\"@graph\":[{\"@type\":\"WebPage\",\"@id\":\"https:\/\/www.factorenergia.com\/es\/blog\/autoconsumo-electrico\/compensacion-de-excedentes-autoconsumo\/\",\"url\":\"https:\/\/www.factorenergia.com\/es\/blog\/autoconsumo-electrico\/compensacion-de-excedentes-autoconsumo\/\",\"name\":\"Compensaci\u00f3n de excedentes de autoconsumo - factorenergia\",\"isPartOf\":{\"@id\":\"https:\/\/www.factorenergia.com\/es\/#website\"},\"primaryImageOfPage\":{\"@id\":\"https:\/\/www.factorenergia.com\/es\/blog\/autoconsumo-electrico\/compensacion-de-excedentes-autoconsumo\/#primaryimage\"},\"image\":{\"@id\":\"https:\/\/www.factorenergia.com\/es\/blog\/autoconsumo-electrico\/compensacion-de-excedentes-autoconsumo\/#primaryimage\"},\"thumbnailUrl\":\"https:\/\/www.factorenergia.com\/wp-content\/uploads\/2021\/02\/excedentes-autoconsumo.jpg\",\"datePublished\":\"2021-02-19T09:19:03+00:00\",\"dateModified\":\"2025-07-31T16:01:05+00:00\",\"author\":{\"@id\":\"https:\/\/www.factorenergia.com\/es\/#\/schema\/person\/dff9e4b6dc520720e3a37bdaaedc5841\"},\"description\":\"Aplicamos la compensaci\u00f3n de excedentes de autoconsumo en tu factura de la luz. \u00a1Ahorra con la energ\u00eda sobrante de tu instalaci\u00f3n solar!\",\"breadcrumb\":{\"@id\":\"https:\/\/www.factorenergia.com\/es\/blog\/autoconsumo-electrico\/compensacion-de-excedentes-autoconsumo\/#breadcrumb\"},\"inLanguage\":\"es\",\"potentialAction\":[{\"@type\":\"ReadAction\",\"target\":[\"https:\/\/www.factorenergia.com\/es\/blog\/autoconsumo-electrico\/compensacion-de-excedentes-autoconsumo\/\"]}]},{\"@type\":\"ImageObject\",\"inLanguage\":\"es\",\"@id\":\"https:\/\/www.factorenergia.com\/es\/blog\/autoconsumo-electrico\/compensacion-de-excedentes-autoconsumo\/#primaryimage\",\"url\":\"https:\/\/www.factorenergia.com\/wp-content\/uploads\/2021\/02\/excedentes-autoconsumo.jpg\",\"contentUrl\":\"https:\/\/www.factorenergia.com\/wp-content\/uploads\/2021\/02\/excedentes-autoconsumo.jpg\"},{\"@type\":\"BreadcrumbList\",\"@id\":\"https:\/\/www.factorenergia.com\/es\/blog\/autoconsumo-electrico\/compensacion-de-excedentes-autoconsumo\/#breadcrumb\",\"itemListElement\":[{\"@type\":\"ListItem\",\"position\":1,\"name\":\"Portada\",\"item\":\"https:\/\/www.factorenergia.com\/es\/\"},{\"@type\":\"ListItem\",\"position\":2,\"name\":\"Compensaci\u00f3n de excedentes de autoconsumo\"}]},{\"@type\":\"WebSite\",\"@id\":\"https:\/\/www.factorenergia.com\/es\/#website\",\"url\":\"https:\/\/www.factorenergia.com\/es\/\",\"name\":\"factorenergia\",\"description\":\"Factor Energ\u00eda\",\"potentialAction\":[{\"@type\":\"SearchAction\",\"target\":{\"@type\":\"EntryPoint\",\"urlTemplate\":\"https:\/\/www.factorenergia.com\/es\/?s={search_term_string}\"},\"query-input\":\"required name=search_term_string\"}],\"inLanguage\":\"es\"},{\"@type\":\"Person\",\"@id\":\"https:\/\/www.factorenergia.com\/es\/#\/schema\/person\/dff9e4b6dc520720e3a37bdaaedc5841\",\"name\":\"Equipo Transici\u00f3n Energ\u00e9tica Factorenergia\",\"image\":{\"@type\":\"ImageObject\",\"inLanguage\":\"es\",\"@id\":\"https:\/\/www.factorenergia.com\/es\/#\/schema\/person\/image\/\",\"url\":\"https:\/\/secure.gravatar.com\/avatar\/1b7c76bab80ee1c4261b06108874e24b?s=96&d=mm&r=g\",\"contentUrl\":\"https:\/\/secure.gravatar.com\/avatar\/1b7c76bab80ee1c4261b06108874e24b?s=96&d=mm&r=g\",\"caption\":\"Equipo Transici\u00f3n Energ\u00e9tica Factorenergia\"},\"description\":\"El equipo est\u00e1 formado por expertos en materia de Luz, Gas y Eficiencia Energ\u00e9tica, que conocen de primera mano las tendencias del mercado. Su experiencia en el sector les permite ofrecer las mejores soluciones energ\u00e9ticas y resolver las dudas planteadas por los clientes.\",\"sameAs\":[\"https:\/\/www.factorenergia.com\/es\/\",\"https:\/\/www.facebook.com\/factorenergiacom\",\"https:\/\/www.instagram.com\/factorenergia_com\/\",\"https:\/\/es.linkedin.com\/company\/factor-energia\",\"https:\/\/twitter.com\/factorenergia\",\"https:\/\/www.youtube.com\/c\/factorenergiacom\"],\"url\":\"https:\/\/www.factorenergia.com\/es\/blog\/author\/marketing\/\"}]}<\/script>\n<!-- \/ Yoast SEO plugin. -->","yoast_head_json":{"title":"Compensaci\u00f3n de excedentes de autoconsumo - factorenergia","description":"Aplicamos la compensaci\u00f3n de excedentes de autoconsumo en tu factura de la luz. \u00a1Ahorra con la energ\u00eda sobrante de tu instalaci\u00f3n solar!","robots":{"index":"index","follow":"follow","max-snippet":"max-snippet:-1","max-image-preview":"max-image-preview:large","max-video-preview":"max-video-preview:-1"},"canonical":"https:\/\/www.factorenergia.com\/es\/blog\/autoconsumo-electrico\/compensacion-de-excedentes-autoconsumo\/","twitter_card":"summary_large_image","twitter_title":"Compensaci\u00f3n de excedentes de autoconsumo - factorenergia","twitter_description":"Aplicamos la compensaci\u00f3n de excedentes de autoconsumo en tu factura de la luz. \u00a1Ahorra con la energ\u00eda sobrante de tu instalaci\u00f3n solar!","twitter_image":"https:\/\/www.factorenergia.com\/wp-content\/uploads\/2021\/02\/excedentes-autoconsumo.jpg","twitter_creator":"@factorenergia","twitter_site":"@factorenergia","twitter_misc":{"Escrito por":"Equipo Transici\u00f3n Energ\u00e9tica Factorenergia","Tiempo de lectura":"5 minutos"},"schema":{"@context":"https:\/\/schema.org","@graph":[{"@type":"WebPage","@id":"https:\/\/www.factorenergia.com\/es\/blog\/autoconsumo-electrico\/compensacion-de-excedentes-autoconsumo\/","url":"https:\/\/www.factorenergia.com\/es\/blog\/autoconsumo-electrico\/compensacion-de-excedentes-autoconsumo\/","name":"Compensaci\u00f3n de excedentes de autoconsumo - factorenergia","isPartOf":{"@id":"https:\/\/www.factorenergia.com\/es\/#website"},"primaryImageOfPage":{"@id":"https:\/\/www.factorenergia.com\/es\/blog\/autoconsumo-electrico\/compensacion-de-excedentes-autoconsumo\/#primaryimage"},"image":{"@id":"https:\/\/www.factorenergia.com\/es\/blog\/autoconsumo-electrico\/compensacion-de-excedentes-autoconsumo\/#primaryimage"},"thumbnailUrl":"https:\/\/www.factorenergia.com\/wp-content\/uploads\/2021\/02\/excedentes-autoconsumo.jpg","datePublished":"2021-02-19T09:19:03+00:00","dateModified":"2025-07-31T16:01:05+00:00","author":{"@id":"https:\/\/www.factorenergia.com\/es\/#\/schema\/person\/dff9e4b6dc520720e3a37bdaaedc5841"},"description":"Aplicamos la compensaci\u00f3n de excedentes de autoconsumo en tu factura de la luz. \u00a1Ahorra con la energ\u00eda sobrante de tu instalaci\u00f3n solar!","breadcrumb":{"@id":"https:\/\/www.factorenergia.com\/es\/blog\/autoconsumo-electrico\/compensacion-de-excedentes-autoconsumo\/#breadcrumb"},"inLanguage":"es","potentialAction":[{"@type":"ReadAction","target":["https:\/\/www.factorenergia.com\/es\/blog\/autoconsumo-electrico\/compensacion-de-excedentes-autoconsumo\/"]}]},{"@type":"ImageObject","inLanguage":"es","@id":"https:\/\/www.factorenergia.com\/es\/blog\/autoconsumo-electrico\/compensacion-de-excedentes-autoconsumo\/#primaryimage","url":"https:\/\/www.factorenergia.com\/wp-content\/uploads\/2021\/02\/excedentes-autoconsumo.jpg","contentUrl":"https:\/\/www.factorenergia.com\/wp-content\/uploads\/2021\/02\/excedentes-autoconsumo.jpg"},{"@type":"BreadcrumbList","@id":"https:\/\/www.factorenergia.com\/es\/blog\/autoconsumo-electrico\/compensacion-de-excedentes-autoconsumo\/#breadcrumb","itemListElement":[{"@type":"ListItem","position":1,"name":"Portada","item":"https:\/\/www.factorenergia.com\/es\/"},{"@type":"ListItem","position":2,"name":"Compensaci\u00f3n de excedentes de autoconsumo"}]},{"@type":"WebSite","@id":"https:\/\/www.factorenergia.com\/es\/#website","url":"https:\/\/www.factorenergia.com\/es\/","name":"factorenergia","description":"Factor Energ\u00eda","potentialAction":[{"@type":"SearchAction","target":{"@type":"EntryPoint","urlTemplate":"https:\/\/www.factorenergia.com\/es\/?s={search_term_string}"},"query-input":"required name=search_term_string"}],"inLanguage":"es"},{"@type":"Person","@id":"https:\/\/www.factorenergia.com\/es\/#\/schema\/person\/dff9e4b6dc520720e3a37bdaaedc5841","name":"Equipo Transici\u00f3n Energ\u00e9tica Factorenergia","image":{"@type":"ImageObject","inLanguage":"es","@id":"https:\/\/www.factorenergia.com\/es\/#\/schema\/person\/image\/","url":"https:\/\/secure.gravatar.com\/avatar\/1b7c76bab80ee1c4261b06108874e24b?s=96&d=mm&r=g","contentUrl":"https:\/\/secure.gravatar.com\/avatar\/1b7c76bab80ee1c4261b06108874e24b?s=96&d=mm&r=g","caption":"Equipo Transici\u00f3n Energ\u00e9tica Factorenergia"},"description":"El equipo est\u00e1 formado por expertos en materia de Luz, Gas y Eficiencia Energ\u00e9tica, que conocen de primera mano las tendencias del mercado. Su experiencia en el sector les permite ofrecer las mejores soluciones energ\u00e9ticas y resolver las dudas planteadas por los clientes.","sameAs":["https:\/\/www.factorenergia.com\/es\/","https:\/\/www.facebook.com\/factorenergiacom","https:\/\/www.instagram.com\/factorenergia_com\/","https:\/\/es.linkedin.com\/company\/factor-energia","https:\/\/twitter.com\/factorenergia","https:\/\/www.youtube.com\/c\/factorenergiacom"],"url":"https:\/\/www.factorenergia.com\/es\/blog\/author\/marketing\/"}]}},"_links":{"self":[{"href":"https:\/\/www.factorenergia.com\/es\/wp-json\/wp\/v2\/posts\/8730"}],"collection":[{"href":"https:\/\/www.factorenergia.com\/es\/wp-json\/wp\/v2\/posts"}],"about":[{"href":"https:\/\/www.factorenergia.com\/es\/wp-json\/wp\/v2\/types\/post"}],"author":[{"embeddable":true,"href":"https:\/\/www.factorenergia.com\/es\/wp-json\/wp\/v2\/users\/17"}],"replies":[{"embeddable":true,"href":"https:\/\/www.factorenergia.com\/es\/wp-json\/wp\/v2\/comments?post=8730"}],"version-history":[{"count":7,"href":"https:\/\/www.factorenergia.com\/es\/wp-json\/wp\/v2\/posts\/8730\/revisions"}],"predecessor-version":[{"id":29153,"href":"https:\/\/www.factorenergia.com\/es\/wp-json\/wp\/v2\/posts\/8730\/revisions\/29153"}],"wp:attachment":[{"href":"https:\/\/www.factorenergia.com\/es\/wp-json\/wp\/v2\/media?parent=8730"}],"wp:term":[{"taxonomy":"category","embeddable":true,"href":"https:\/\/www.factorenergia.com\/es\/wp-json\/wp\/v2\/categories?post=8730"},{"taxonomy":"post_tag","embeddable":true,"href":"https:\/\/www.factorenergia.com\/es\/wp-json\/wp\/v2\/tags?post=8730"}],"curies":[{"name":"wp","href":"https:\/\/api.w.org\/{rel}","templated":true}]}}