{"id":8605,"date":"2019-12-04T12:55:20","date_gmt":"2019-12-04T10:55:20","guid":{"rendered":"https:\/\/www.factorenergia.com\/es\/?post_type=blog&#038;p=8605"},"modified":"2023-02-14T18:45:13","modified_gmt":"2023-02-14T16:45:13","slug":"la-transicion-energetica-hecho-imparable","status":"publish","type":"post","link":"https:\/\/www.factorenergia.com\/es\/blog\/autoconsumo-electrico\/la-transicion-energetica-hecho-imparable\/","title":{"rendered":"La transici\u00f3n energ\u00e9tica es un hecho imparable"},"content":{"rendered":"<p>El fundador y CEO de Factorenergia, Emili Rousaud, y el catedr\u00e1tico y decano de energ\u00eda, tecnolog\u00eda e innovaci\u00f3n de la Singularity University de California, Ramez Naam, coincidieron en afirmar que <span>nos encontramos ante un nuevo escenario de transformaci\u00f3n radical tanto en Espa\u00f1a como en el resto del mundo, donde como resultado obtendremos un nuevo modelo m\u00e1s sostenible, descentralizado, inclusivo y digital. Todo esto en el marco de las conferencias <a href=\"https:\/\/elfuturodelaenergia.factorenergia.com\/el-futuro-de-la-transicion-energetica-en-espana\/\">Factores de Futuro<\/a>,\u00a0que puedes consultar de forma completa a continuaci\u00f3n:<\/span><\/p>\n<p><iframe loading=\"lazy\" width=\"560\" height=\"315\" src=\"https:\/\/www.youtube.com\/embed\/88w4S9d2JIk\" frameborder=\"0\" allow=\"accelerometer; autoplay; encrypted-media; gyroscope; picture-in-picture\" allowfullscreen=\"allowfullscreen\"><\/iframe><\/p>\n<p>Tal y como estamos viendo estos d\u00edas en la cumbre clim\u00e1tica celebrada en Madrid, la lucha contra el cambio clim\u00e1tico y el calentamiento global es uno de los grandes retos que afronta la Humanidad en este siglo XXI y la soluci\u00f3n para frenar las nefastas consecuencias que este hecho nos puede acarrear pasa por la sostenibilidad, camino que deben seguir la sociedad y las empresas para mantener el equilibrio del ecosistema y para que el planeta siga siendo habitable para las futuras generaciones. Todo ello, tiene que pasar por un cambio de modelo energ\u00e9tico tal y como han apuntado Naam y Rousaud.<\/p>\n<h2>Autoconsumo y movilidad sostenible, las claves de la transici\u00f3n energ\u00e9tica<\/h2>\n<p>Durante la conferencia, el tecn\u00f3logo Naam destac\u00f3 que la construcci\u00f3n de plantas solares y e\u00f3licas se acerca al punto hist\u00f3rico de convertirse en m\u00e1s barata que la operaci\u00f3n en plantas de gas y carb\u00f3n ya existentes. \u00abEsto lo va a cambiarlo todo\u00bb, ha avanzado el experto de la Singularity University.<\/p>\n<p>Emili Rousaud destac\u00f3 que \u00abla actual transici\u00f3n energ\u00e9tica es la gran oportunidad de nuestro tiempo para revertir las din\u00e1micas del pasado y avanzar hacia un modelo de producci\u00f3n y consumo de energ\u00eda basado en la sostenibilidad y en las fuentes renovables. En este sentido, la emergencia del autoconsumo y de la figura del prosumidor (productor\/consumidor) abre la puerta a una democratizaci\u00f3n y a un abaratamiento de la energ\u00eda sin precedentes en la Historia, que significar\u00e1 un cambio de paradigma en nuestra relaci\u00f3n con el planeta y nuestro impacto en el clima\u201d.<\/p>\n<p>Naam detall\u00f3 que la producci\u00f3n de energ\u00eda renovable pas\u00f3 por una primera fase-entre 1980 y 2015- de lento crecimiento gracias a los subsidios, para encarar luego un periodo en el que empezaron a construirse plantas e\u00f3licas y solares -incluso sin ayudas p\u00fablicas- que pod\u00edan ser m\u00e1s baratas que producir otras nuevas basadas en el gas o el carb\u00f3n. Adem\u00e1s destac\u00f3 que \u201cla producci\u00f3n el\u00e9ctrica se encuentra ante un escenario de disrupci\u00f3n\u00bb.<\/p>\n<p>Durante su conferencia, el profesor Naam detall\u00f3 que la producci\u00f3n de energ\u00eda renovable primero pas\u00f3 por una primera fase que tuvo lugar del 1980 hasta 2015 con un lento crecimiento gracias a los subsidios, para luego encarar un periodo en el que empezaron a construirse plantas e\u00f3licas y solares -incluso sin ayudas p\u00fablicas- que pod\u00edan ser m\u00e1s baratas que producir otras nuevas basadas en el gas o el carb\u00f3n. Adem\u00e1s afirm\u00f3 que \u00abnos hallamos ante una fase realmente &#8216;disruptiva&#8217;, en la que construir dichas plantas renovables est\u00e1 cada vez m\u00e1s cerca de ser m\u00e1s barato que operar con las ya existentes como puede ser el gas y carb\u00f3n\u00bb.<\/p>\n<p>Factorenergia lo tiene muy claro: para luchar contra el cambio clim\u00e1tico hay que apostar por el autoconsumo y la sostenibilidad. Por eso, ya estamos trabajando con partners especializados para afrontar este reto, que abrir\u00e1 un mundo de posibilidades de gesti\u00f3n, intercambio y caracterizaci\u00f3n de la electricidad.<\/p>\n<p><span><div class=\"widget-form\">\r\n    \n<div class=\"wpcf7 no-js\" id=\"wpcf7-f21836-o1\" lang=\"es-ES\" dir=\"ltr\">\n<div class=\"screen-reader-response\"><p role=\"status\" aria-live=\"polite\" aria-atomic=\"true\"><\/p> <ul><\/ul><\/div>\n<form action=\"\/es\/wp-json\/wp\/v2\/posts\/8605#wpcf7-f21836-o1\" method=\"post\" class=\"wpcf7-form init\" aria-label=\"Formulario de contacto\" novalidate=\"novalidate\" data-status=\"init\">\n<div style=\"display: none;\">\n<input type=\"hidden\" name=\"_wpcf7\" value=\"21836\" \/>\n<input type=\"hidden\" name=\"_wpcf7_version\" value=\"5.9\" \/>\n<input type=\"hidden\" name=\"_wpcf7_locale\" value=\"es_ES\" \/>\n<input type=\"hidden\" name=\"_wpcf7_unit_tag\" value=\"wpcf7-f21836-o1\" \/>\n<input type=\"hidden\" name=\"_wpcf7_container_post\" value=\"0\" \/>\n<input type=\"hidden\" name=\"_wpcf7_posted_data_hash\" value=\"\" \/>\n<input type=\"hidden\" name=\"_wpcf7_recaptcha_response\" value=\"\" \/>\n<\/div>\n<div class=\"widget-simple-form-ac\">\n\t<div class=\"header-ac\">\n\t\t<p>Consigue tu estudio gratuito\n\t\t<\/p>\n\t\t<div class=\"close-form\">\n\t\t\t<p>X\n\t\t\t<\/p>\n\t\t<\/div>\n\t<\/div>\n\t<div class=\"widget-form-ac-container\">\n\t\t<p class=\"subtitle-ac-form\">Con nuestras Placas Solares + Bater\u00eda Virtual, <span class=\"blue\">reduce a 0\u20ac el consumo de tu factura de la luz.<\/span> \u00a1No te quedes sin tu estudio gratis!\n\t\t<\/p>\n\t\t<div class=\"inputs-container\">\n\t\t\t<div class=\"input\">\n\t\t\t\t<p><span class=\"wpcf7-form-control-wrap\" data-name=\"name1\"><input size=\"40\" class=\"wpcf7-form-control wpcf7-text wpcf7-validates-as-required\" id=\"name\" aria-required=\"true\" aria-invalid=\"false\" placeholder=\"Nombre\" value=\"\" type=\"text\" name=\"name1\" \/><\/span>\n\t\t\t\t<\/p>\n\t\t\t\t<div class=\"error\">\n\t\t\t\t\t<p><span role='alert' class='wpcf7-not-valid-tip'><\/span>\n\t\t\t\t\t<\/p>\n\t\t\t\t<\/div>\n\t\t\t<\/div>\n\t\t\t<div class=\"input\">\n\t\t\t\t<p><span class=\"wpcf7-form-control-wrap\" data-name=\"lastname\"><input size=\"40\" class=\"wpcf7-form-control wpcf7-text wpcf7-validates-as-required\" id=\"lastname\" aria-required=\"true\" aria-invalid=\"false\" placeholder=\"Apellido\" value=\"\" type=\"text\" name=\"lastname\" \/><\/span>\n\t\t\t\t<\/p>\n\t\t\t\t<div class=\"error\">\n\t\t\t\t\t<p><span role='alert' class='wpcf7-not-valid-tip'><\/span>\n\t\t\t\t\t<\/p>\n\t\t\t\t<\/div>\n\t\t\t<\/div>\n\t\t<\/div>\n\t\t<div class=\"inputs-container\">\n\t\t\t<div class=\"input\">\n\t\t\t\t<p><span class=\"wpcf7-form-control-wrap\" data-name=\"email\"><input size=\"40\" class=\"wpcf7-form-control wpcf7-email wpcf7-validates-as-required wpcf7-text wpcf7-validates-as-email\" aria-required=\"true\" aria-invalid=\"false\" placeholder=\"Email\" value=\"\" type=\"email\" name=\"email\" \/><\/span>\n\t\t\t\t<\/p>\n\t\t\t\t<div class=\"error\">\n\t\t\t\t\t<p><span role='alert' class='wpcf7-not-valid-tip'><\/span>\n\t\t\t\t\t<\/p>\n\t\t\t\t<\/div>\n\t\t\t<\/div>\n\t\t\t<div class=\"input\">\n\t\t\t\t<p><span class=\"wpcf7-form-control-wrap\" data-name=\"tel\"><input size=\"40\" class=\"wpcf7-form-control wpcf7-tel wpcf7-validates-as-required wpcf7-text wpcf7-validates-as-tel\" aria-required=\"true\" aria-invalid=\"false\" placeholder=\"Tel\u00e9fono\" value=\"\" type=\"tel\" name=\"tel\" \/><\/span>\n\t\t\t\t<\/p>\n\t\t\t\t<div class=\"error\">\n\t\t\t\t\t<p><span role='alert' class='wpcf7-not-valid-tip'><\/span>\n\t\t\t\t\t<\/p>\n\t\t\t\t<\/div>\n\t\t\t<\/div>\n\t\t<\/div>\n\t\t<p class=\"legal-text\">Al enviar este formulario consiente que sus datos sean tratados por FACTORENERGIA S.A., como corresponsables, para remitirle ofertas e informaci\u00f3n comercial. Puede ejercitar sus derechos conforme a lo indicado en nuestra <a href=\"\/es\/privacidad\/\">Pol\u00edtica de privacidad.<\/a>\n\t\t<\/p>\n\t\t<div class=\"inputs-container\">\n\t\t\t<div class=\"button-submit\">\n\t\t\t\t<p><input class=\"wpcf7-form-control wpcf7-submit has-spinner primary-btn green-btn btn-submit\" type=\"submit\" value=\"Pide tu estudio gratis\" \/>\n\t\t\t\t<\/p>\n\t\t\t<\/div>\n\t\t<\/div>\n\t<\/div>\n<\/div><div class=\"wpcf7-response-output\" aria-hidden=\"true\"><\/div>\n<\/form>\n<\/div>\n<\/div>\r\n\r\n<div class=\"widget-form-sended\" style=\"display: none\">\r\n    <h4><b>\u00a1Bien hecho!<\/b> Este es tu primer paso hacia la independencia energ\u00e9tica.<\/h4>\r\n    <p>En un m\u00e1ximo de 48 horas, un especialista se pondr\u00e1 en contacto contigo para estudiar tu caso, asesorarte y ofrecerte la mejor soluci\u00f3n energ\u00e9tica.<\/p>\r\n    <div class=\"inputs-container\">\r\n        <div class=\"button-submit\">\r\n            <a class=\"primary-btn center otro-estudio green-btn\">\r\n                Pedir otro estudio gratis            <\/a>\r\n        <\/div>\r\n        <div class=\"trustpilot-widget trust-widget-form-ac\" data-locale=\"es-ES\" data-template-id=\"5419b732fbfb950b10de65e5\" data-businessunit-id=\"5fd8ae6f2ead35000193bbae\" data-style-height=\"24px\" data-style-width=\"100%\" data-theme=\"light\" style=\"position: relative;\"><iframe title=\"Customer reviews powered by Trustpilot\" loading=\"auto\" src=\"https:\/\/widget.trustpilot.com\/trustboxes\/5419b732fbfb950b10de65e5\/index.html?templateId=5419b732fbfb950b10de65e5&amp;businessunitId=5fd8ae6f2ead35000193bbae#locale=es-ES&amp;styleHeight=24px&amp;styleWidth=100%25&amp;theme=light\" style=\"position: relative; height: 24px; width: 100%; border-style: none; display: block; overflow: hidden;\"><\/iframe><\/div>\r\n    <\/div>\r\n<\/div>\r\n<\/span><\/p>\n","protected":false},"excerpt":{"rendered":"<p>Ramez Naam, catedr\u00e1tico y decano de energ\u00eda,\u00a0lo tiene claro: la transici\u00f3n energ\u00e9tica en Espa\u00f1a es todo un hecho. As\u00ed lo afirm\u00f3 en la interesante jornada \u201cFactores de futuro\u201d que se produjo en Madrid, un encuentro entre autoridades, expertos y especialistas de medios de comunicaci\u00f3n para debatir sobre las grandes tendencias del sector. All\u00ed particip\u00f3 el catedr\u00e1tico, tecn\u00f3logo y experto en energ\u00eda Ramez Naam, que avanz\u00f3 que la construcci\u00f3n de plantas solares y e\u00f3licas se acerca a un hito hist\u00f3rico: convertirse en m\u00e1s barata que la operaci\u00f3n en plantas de gas y carb\u00f3n ya existentes.<\/p>\n","protected":false},"author":17,"featured_media":0,"comment_status":"open","ping_status":"closed","sticky":false,"template":"","format":"standard","meta":{"inline_featured_image":false,"footnotes":""},"categories":[67],"tags":[],"acf":{"fecha_de_la_entrada":"20191204","imagen_portada":8610,"categoria_blog":67,"tipo_de_distribuidora":null,"tiempo_lectura":"","banner_bool":false,"titulo_banner":"","texto_banner":"","texto_boton_banner":"","url_boton_banner":"","post_relacionados":""},"yoast_head":"<!-- This site is optimized with the Yoast SEO plugin v22.2 - https:\/\/yoast.com\/wordpress\/plugins\/seo\/ -->\n<title>Transici\u00f3n eneg\u00e9tica, hecho imparable | factorenergia<\/title>\n<meta name=\"description\" content=\"Emili Rousaud y Ramez Naam nos dan las claves del futuro de la energ\u00eda en Espa\u00f1a: movilidad el\u00e9ctrica y transici\u00f3n energ\u00e9tica a un modelo sostenible.\" \/>\n<meta name=\"robots\" content=\"index, follow, max-snippet:-1, max-image-preview:large, max-video-preview:-1\" \/>\n<link rel=\"canonical\" href=\"https:\/\/www.factorenergia.com\/es\/blog\/autoconsumo-electrico\/la-transicion-energetica-hecho-imparable\/\" \/>\n<meta name=\"twitter:card\" content=\"summary_large_image\" \/>\n<meta name=\"twitter:title\" content=\"Transici\u00f3n eneg\u00e9tica, hecho imparable | factorenergia\" \/>\n<meta name=\"twitter:description\" content=\"Emili Rousaud y Ramez Naam nos dan las claves del futuro de la energ\u00eda en Espa\u00f1a: movilidad el\u00e9ctrica y transici\u00f3n energ\u00e9tica a un modelo sostenible.\" \/>\n<meta name=\"twitter:creator\" content=\"@factorenergia\" \/>\n<meta name=\"twitter:site\" content=\"@factorenergia\" \/>\n<meta name=\"twitter:label1\" content=\"Escrito por\" \/>\n\t<meta name=\"twitter:data1\" content=\"Equipo Transici\u00f3n Energ\u00e9tica Factorenergia\" \/>\n\t<meta name=\"twitter:label2\" content=\"Tiempo de lectura\" \/>\n\t<meta name=\"twitter:data2\" content=\"3 minutos\" \/>\n<script type=\"application\/ld+json\" class=\"yoast-schema-graph\">{\"@context\":\"https:\/\/schema.org\",\"@graph\":[{\"@type\":\"WebPage\",\"@id\":\"https:\/\/www.factorenergia.com\/es\/blog\/autoconsumo-electrico\/la-transicion-energetica-hecho-imparable\/\",\"url\":\"https:\/\/www.factorenergia.com\/es\/blog\/autoconsumo-electrico\/la-transicion-energetica-hecho-imparable\/\",\"name\":\"Transici\u00f3n eneg\u00e9tica, hecho imparable | factorenergia\",\"isPartOf\":{\"@id\":\"https:\/\/www.factorenergia.com\/es\/#website\"},\"datePublished\":\"2019-12-04T10:55:20+00:00\",\"dateModified\":\"2023-02-14T16:45:13+00:00\",\"author\":{\"@id\":\"https:\/\/www.factorenergia.com\/es\/#\/schema\/person\/dff9e4b6dc520720e3a37bdaaedc5841\"},\"description\":\"Emili Rousaud y Ramez Naam nos dan las claves del futuro de la energ\u00eda en Espa\u00f1a: movilidad el\u00e9ctrica y transici\u00f3n energ\u00e9tica a un modelo sostenible.\",\"breadcrumb\":{\"@id\":\"https:\/\/www.factorenergia.com\/es\/blog\/autoconsumo-electrico\/la-transicion-energetica-hecho-imparable\/#breadcrumb\"},\"inLanguage\":\"es\",\"potentialAction\":[{\"@type\":\"ReadAction\",\"target\":[\"https:\/\/www.factorenergia.com\/es\/blog\/autoconsumo-electrico\/la-transicion-energetica-hecho-imparable\/\"]}]},{\"@type\":\"BreadcrumbList\",\"@id\":\"https:\/\/www.factorenergia.com\/es\/blog\/autoconsumo-electrico\/la-transicion-energetica-hecho-imparable\/#breadcrumb\",\"itemListElement\":[{\"@type\":\"ListItem\",\"position\":1,\"name\":\"Portada\",\"item\":\"https:\/\/www.factorenergia.com\/es\/\"},{\"@type\":\"ListItem\",\"position\":2,\"name\":\"La transici\u00f3n energ\u00e9tica es un hecho imparable\"}]},{\"@type\":\"WebSite\",\"@id\":\"https:\/\/www.factorenergia.com\/es\/#website\",\"url\":\"https:\/\/www.factorenergia.com\/es\/\",\"name\":\"factorenergia\",\"description\":\"Factor Energ\u00eda\",\"potentialAction\":[{\"@type\":\"SearchAction\",\"target\":{\"@type\":\"EntryPoint\",\"urlTemplate\":\"https:\/\/www.factorenergia.com\/es\/?s={search_term_string}\"},\"query-input\":\"required name=search_term_string\"}],\"inLanguage\":\"es\"},{\"@type\":\"Person\",\"@id\":\"https:\/\/www.factorenergia.com\/es\/#\/schema\/person\/dff9e4b6dc520720e3a37bdaaedc5841\",\"name\":\"Equipo Transici\u00f3n Energ\u00e9tica Factorenergia\",\"image\":{\"@type\":\"ImageObject\",\"inLanguage\":\"es\",\"@id\":\"https:\/\/www.factorenergia.com\/es\/#\/schema\/person\/image\/\",\"url\":\"https:\/\/secure.gravatar.com\/avatar\/1b7c76bab80ee1c4261b06108874e24b?s=96&d=mm&r=g\",\"contentUrl\":\"https:\/\/secure.gravatar.com\/avatar\/1b7c76bab80ee1c4261b06108874e24b?s=96&d=mm&r=g\",\"caption\":\"Equipo Transici\u00f3n Energ\u00e9tica Factorenergia\"},\"description\":\"El equipo est\u00e1 formado por expertos en materia de Luz, Gas y Eficiencia Energ\u00e9tica, que conocen de primera mano las tendencias del mercado. Su experiencia en el sector les permite ofrecer las mejores soluciones energ\u00e9ticas y resolver las dudas planteadas por los clientes.\",\"sameAs\":[\"https:\/\/www.factorenergia.com\/es\/\",\"https:\/\/www.facebook.com\/factorenergiacom\",\"https:\/\/www.instagram.com\/factorenergia_com\/\",\"https:\/\/es.linkedin.com\/company\/factor-energia\",\"https:\/\/twitter.com\/factorenergia\",\"https:\/\/www.youtube.com\/c\/factorenergiacom\"],\"url\":\"https:\/\/www.factorenergia.com\/es\/blog\/author\/marketing\/\"}]}<\/script>\n<!-- \/ Yoast SEO plugin. -->","yoast_head_json":{"title":"Transici\u00f3n eneg\u00e9tica, hecho imparable | factorenergia","description":"Emili Rousaud y Ramez Naam nos dan las claves del futuro de la energ\u00eda en Espa\u00f1a: movilidad el\u00e9ctrica y transici\u00f3n energ\u00e9tica a un modelo sostenible.","robots":{"index":"index","follow":"follow","max-snippet":"max-snippet:-1","max-image-preview":"max-image-preview:large","max-video-preview":"max-video-preview:-1"},"canonical":"https:\/\/www.factorenergia.com\/es\/blog\/autoconsumo-electrico\/la-transicion-energetica-hecho-imparable\/","twitter_card":"summary_large_image","twitter_title":"Transici\u00f3n eneg\u00e9tica, hecho imparable | factorenergia","twitter_description":"Emili Rousaud y Ramez Naam nos dan las claves del futuro de la energ\u00eda en Espa\u00f1a: movilidad el\u00e9ctrica y transici\u00f3n energ\u00e9tica a un modelo sostenible.","twitter_creator":"@factorenergia","twitter_site":"@factorenergia","twitter_misc":{"Escrito por":"Equipo Transici\u00f3n Energ\u00e9tica Factorenergia","Tiempo de lectura":"3 minutos"},"schema":{"@context":"https:\/\/schema.org","@graph":[{"@type":"WebPage","@id":"https:\/\/www.factorenergia.com\/es\/blog\/autoconsumo-electrico\/la-transicion-energetica-hecho-imparable\/","url":"https:\/\/www.factorenergia.com\/es\/blog\/autoconsumo-electrico\/la-transicion-energetica-hecho-imparable\/","name":"Transici\u00f3n eneg\u00e9tica, hecho imparable | factorenergia","isPartOf":{"@id":"https:\/\/www.factorenergia.com\/es\/#website"},"datePublished":"2019-12-04T10:55:20+00:00","dateModified":"2023-02-14T16:45:13+00:00","author":{"@id":"https:\/\/www.factorenergia.com\/es\/#\/schema\/person\/dff9e4b6dc520720e3a37bdaaedc5841"},"description":"Emili Rousaud y Ramez Naam nos dan las claves del futuro de la energ\u00eda en Espa\u00f1a: movilidad el\u00e9ctrica y transici\u00f3n energ\u00e9tica a un modelo sostenible.","breadcrumb":{"@id":"https:\/\/www.factorenergia.com\/es\/blog\/autoconsumo-electrico\/la-transicion-energetica-hecho-imparable\/#breadcrumb"},"inLanguage":"es","potentialAction":[{"@type":"ReadAction","target":["https:\/\/www.factorenergia.com\/es\/blog\/autoconsumo-electrico\/la-transicion-energetica-hecho-imparable\/"]}]},{"@type":"BreadcrumbList","@id":"https:\/\/www.factorenergia.com\/es\/blog\/autoconsumo-electrico\/la-transicion-energetica-hecho-imparable\/#breadcrumb","itemListElement":[{"@type":"ListItem","position":1,"name":"Portada","item":"https:\/\/www.factorenergia.com\/es\/"},{"@type":"ListItem","position":2,"name":"La transici\u00f3n energ\u00e9tica es un hecho imparable"}]},{"@type":"WebSite","@id":"https:\/\/www.factorenergia.com\/es\/#website","url":"https:\/\/www.factorenergia.com\/es\/","name":"factorenergia","description":"Factor Energ\u00eda","potentialAction":[{"@type":"SearchAction","target":{"@type":"EntryPoint","urlTemplate":"https:\/\/www.factorenergia.com\/es\/?s={search_term_string}"},"query-input":"required name=search_term_string"}],"inLanguage":"es"},{"@type":"Person","@id":"https:\/\/www.factorenergia.com\/es\/#\/schema\/person\/dff9e4b6dc520720e3a37bdaaedc5841","name":"Equipo Transici\u00f3n Energ\u00e9tica Factorenergia","image":{"@type":"ImageObject","inLanguage":"es","@id":"https:\/\/www.factorenergia.com\/es\/#\/schema\/person\/image\/","url":"https:\/\/secure.gravatar.com\/avatar\/1b7c76bab80ee1c4261b06108874e24b?s=96&d=mm&r=g","contentUrl":"https:\/\/secure.gravatar.com\/avatar\/1b7c76bab80ee1c4261b06108874e24b?s=96&d=mm&r=g","caption":"Equipo Transici\u00f3n Energ\u00e9tica Factorenergia"},"description":"El equipo est\u00e1 formado por expertos en materia de Luz, Gas y Eficiencia Energ\u00e9tica, que conocen de primera mano las tendencias del mercado. Su experiencia en el sector les permite ofrecer las mejores soluciones energ\u00e9ticas y resolver las dudas planteadas por los clientes.","sameAs":["https:\/\/www.factorenergia.com\/es\/","https:\/\/www.facebook.com\/factorenergiacom","https:\/\/www.instagram.com\/factorenergia_com\/","https:\/\/es.linkedin.com\/company\/factor-energia","https:\/\/twitter.com\/factorenergia","https:\/\/www.youtube.com\/c\/factorenergiacom"],"url":"https:\/\/www.factorenergia.com\/es\/blog\/author\/marketing\/"}]}},"_links":{"self":[{"href":"https:\/\/www.factorenergia.com\/es\/wp-json\/wp\/v2\/posts\/8605"}],"collection":[{"href":"https:\/\/www.factorenergia.com\/es\/wp-json\/wp\/v2\/posts"}],"about":[{"href":"https:\/\/www.factorenergia.com\/es\/wp-json\/wp\/v2\/types\/post"}],"author":[{"embeddable":true,"href":"https:\/\/www.factorenergia.com\/es\/wp-json\/wp\/v2\/users\/17"}],"replies":[{"embeddable":true,"href":"https:\/\/www.factorenergia.com\/es\/wp-json\/wp\/v2\/comments?post=8605"}],"version-history":[{"count":2,"href":"https:\/\/www.factorenergia.com\/es\/wp-json\/wp\/v2\/posts\/8605\/revisions"}],"predecessor-version":[{"id":18617,"href":"https:\/\/www.factorenergia.com\/es\/wp-json\/wp\/v2\/posts\/8605\/revisions\/18617"}],"acf:term":[{"embeddable":true,"taxonomy":"category","href":"https:\/\/www.factorenergia.com\/es\/wp-json\/wp\/v2\/categories\/67"}],"wp:attachment":[{"href":"https:\/\/www.factorenergia.com\/es\/wp-json\/wp\/v2\/media?parent=8605"}],"wp:term":[{"taxonomy":"category","embeddable":true,"href":"https:\/\/www.factorenergia.com\/es\/wp-json\/wp\/v2\/categories?post=8605"},{"taxonomy":"post_tag","embeddable":true,"href":"https:\/\/www.factorenergia.com\/es\/wp-json\/wp\/v2\/tags?post=8605"}],"curies":[{"name":"wp","href":"https:\/\/api.w.org\/{rel}","templated":true}]}}