{"id":8466,"date":"2019-10-10T15:00:44","date_gmt":"2019-10-10T13:00:44","guid":{"rendered":"https:\/\/www.factorenergia.com\/es\/?post_type=blog&#038;p=8466"},"modified":"2023-06-12T09:12:09","modified_gmt":"2023-06-12T07:12:09","slug":"la-sostenibilidad-y-la-movilidad-electrica-claves-para-la-salud-del-planeta","status":"publish","type":"post","link":"https:\/\/www.factorenergia.com\/es\/blog\/movilidad-electrica\/la-sostenibilidad-y-la-movilidad-electrica-claves-para-la-salud-del-planeta\/","title":{"rendered":"La sostenibilidad y la movilidad el\u00e9ctrica, claves para la salud del planeta"},"content":{"rendered":"<p>La preocupaci\u00f3n por los efectos del cambio clim\u00e1tico ha hecho que cada vez seamos m\u00e1s conscientes de que debemos cambiar nuestros h\u00e1bitos para mejorar la salud medioambiental de nuestro planeta\u00a0y ser m\u00e1s sostenibles. S\u00f3lo de esta manera mantendremos la habitabilidad de nuestras ciudades y la calidad de vida de sus habitantes.<\/p>\n<p>El futuro de la energ\u00eda pasa por las energ\u00edas renovables y la eficiencia energ\u00e9tica, as\u00ed como todas aquellas formas de generarla y consumirla sin provocar contaminaci\u00f3n, como por ejemplo el <a href=\"https:\/\/www.factorenergia.com\/es\/hogares\/placas-solares\/\" target=\"_blank\" rel=\"noopener\">autoconsumo fotovoltaico<\/a> y la <a href=\"https:\/\/www.factorenergia.com\/es\/instalar-punto-recarga\/\" target=\"_blank\" rel=\"noopener noreferrer\">movilidad el\u00e9ctrica<\/a>. Hoy nos centramos en analizar los beneficios de la segunda para el planeta.<\/p>\n<h2>Movilidad el\u00e9ctrica para mejorar la salud del planeta<\/h2>\n<p>La movilidad el\u00e9ctrica permite subsanar dos de los mayores problemas medioambientales de nuestro tiempo; la <strong>contaminaci\u00f3n atmosf\u00e9rica<\/strong> y el <strong>cambio clim\u00e1tico<\/strong>. Mientras la contaminaci\u00f3n atmosf\u00e9rica afecta directamente a la salud de la poblaci\u00f3n, el cambio clim\u00e1tico aumenta la aparici\u00f3n de fen\u00f3menos naturales violentos y destruye gran parte de los ecosistemas, poniendo en riesgo la supervivencia del ser humano en el planeta Tierra.<\/p>\n<h3>Veh\u00edculos cero emisiones y gran ahorro<\/h3>\n<p>El combustible de los coches el\u00e9ctricos es la <strong>electricidad<\/strong>. En pa\u00edses como Espa\u00f1a, gran parte de ella es de origen renovable (solar, e\u00f3lica o nuclear), por lo que este tipo de veh\u00edculos permite <strong>reducir las emisiones de gases contaminantes<\/strong> que se env\u00edan a la atmosfera. Los coches el\u00e9ctricos est\u00e1n catalogados como \u201cCero Emisiones\u201d en el punto de consumo, ayudando a prevenir los episodios de alta contaminaci\u00f3n atmosf\u00e9rica, cada vez m\u00e1s frecuentes en las grandes ciudades.<\/p>\n<p>Sustituir un veh\u00edculo convencional por un veh\u00edculo el\u00e9ctrico supone, de media, un <strong>ahorro de 1.500 kgCO<sub>2<\/sub> al a\u00f1o.<\/strong><\/p>\n<h3>Ventajas del\u00a0coche el\u00e9ctrico, \u00bfvale la pena?<\/h3>\n<ul>\n<li>Con la compra de un coche el\u00e9ctrico no s\u00f3lo <strong>ahorramos hasta un 75% en combustible<\/strong>, sino tambi\u00e9n en su mantenimiento, ya que tienen un 90% menos de piezas que los de combusti\u00f3n y no son necesarios ni aceites ni filtros.<\/li>\n<li>Una de las se\u00f1as distintivas de los coches el\u00e9ctricos es que al circular no generan ning\u00fan tipo de ruido, por lo que tambi\u00e9n<strong> reducen la contaminaci\u00f3n ac\u00fastica<\/strong>.<\/li>\n<li>Adem\u00e1s, los coches el\u00e9ctricos cuentan con reducciones en los peajes de autopistas, <strong>bonificaciones<\/strong> en las tarifas de aparcamiento, gratuidad de la recarga en espacio p\u00fablico, etc.<\/li>\n<li>El gobierno espa\u00f1ol est\u00e1 apostando firmemente para impulsar el desarrollo del veh\u00edculo el\u00e9ctrico y, por ello, ha aprobado <strong>incentivos fiscales<\/strong>, <strong>ayudas econ\u00f3micas<\/strong> de hasta 5.500\u20ac para la adquisici\u00f3n de veh\u00edculos el\u00e9ctricos y <strong>subvenciones<\/strong> de hasta el 40% del coste de la instalaci\u00f3n de puntos de recarga.<\/li>\n<\/ul>\n<p>Adem\u00e1s, el gobierno ha aprobado un paquete de <strong>medidas restrictivas para los coches m\u00e1s contaminantes<\/strong>. Por ejemplo, a partir del a\u00f1o 2040 se prohibir\u00e1 la venta de coches de gasolina, di\u00e9sel, gas natural e h\u00edbridos con el objetivo que en el a\u00f1o 2050 todos los veh\u00edculos sean de zero emisiones.<\/p>\n<p>El impulso de la movilidad el\u00e9ctrica lo vemos reflejado en el <strong>aumento de las ventas de veh\u00edculos el\u00e9ctricos<\/strong>, que han pasado de 1.361 en enero del 2019 a 1.973 en marzo el 2019, es decir, un 23% m\u00e1s en solamente 3 meses. Aun as\u00ed, todav\u00eda estamos muy alejados de otros pa\u00edses como Noruega, donde m\u00e1s de la mitad de los veh\u00edculos ya son el\u00e9ctricos.<\/p>\n<h3>Cargar tu coche el\u00e9ctrico es muy sencillo<\/h3>\n<p>Para cargar tu coche el\u00e9ctrico, s\u00f3lo necesitas disponer de un <strong>punto de recarga<\/strong> en el parking de tu casa o comunidad.<\/p>\n<div class=\"text-center center blog-cta\"><p>&iexcl;Instala un punto de recarga para tu coche el&eacute;ctrico con factorenergia!<\/p><a class=\"blog-cta primary-btn text-center solicitar-estudio\" target=\"_blank\" title=\"SOLICITA TU ESTUDIO GRATUITO\" href=\"https:\/\/www.factorenergia.com\/es\/hogares\/puntos-recarga-electricos\/\">SOLICITA TU ESTUDIO GRATUITO<\/a><p><\/p><div style=\"display:none;\"><p>&iexcl;Instala un punto de recarga para tu coche el&eacute;ctrico con factorenergia!<\/p><\/div>\n\t\t\t<script type='text\/javascript'>\n\t\t\t\tjQuery('.solicitar-estudio').click(function(){\t\t\t\t\t\t\t\t\t\n\t\t\t\t\tdataLayer.push({'language': 'es'});\n\t\t\t\t\tdataLayer.push({'post_id': '8466'});\n\t\t\t\t\tdataLayer.push({'cat_type': 'ce'});\n\t\t\t\t});\n\t\t\t<\/script>\n\t\t<\/div><br\/>\n<p>Esta conexi\u00f3n la puedes realizar tanto a trav\u00e9s de un enchufe convencional como a trav\u00e9s de un punto de recarga espec\u00edfico para coches el\u00e9ctricos. \u00bfCu\u00e1l es la diferencia entre ellos? Con el enchufe convencional la carga estar\u00e1 limitada a 2,3kW mientras que con un punto de recarga espec\u00edfico podr\u00e1s cargar tu coche con hasta 50kW de potencia. Esta \u00faltima opci\u00f3n nos permite cargar nuestro coche en pocos minutos.<\/p>\n<p>Si resides en una comunidad, s\u00f3lo tendr\u00e1s que comunicar que vas a instalar un punto de recarga propio para que la electricidad consumida se te facture a ti y no a otros.<\/p>\n","protected":false},"excerpt":{"rendered":"<p>Cada vez m\u00e1s personas est\u00e1n preocupadas por el futuro del planeta. Algunas acciones para frenar o revertir el cambio clim\u00e1tico est\u00e1n en las manos de nosotros, los consumidores. Hay muchas cosas que podemos hacer para ser m\u00e1s sostenibles: hoy os hablamos de c\u00f3mo la movilidad el\u00e9ctrica es una buena opci\u00f3n para reducir emisiones y la contaminaci\u00f3n de nuestras ciudades.<\/p>\n","protected":false},"author":17,"featured_media":0,"comment_status":"open","ping_status":"closed","sticky":false,"template":"","format":"standard","meta":{"inline_featured_image":false,"footnotes":""},"categories":[62],"tags":[],"acf":{"fecha_de_la_entrada":"20191010","imagen_portada":8469,"categoria_blog":null,"tipo_de_distribuidora":null,"tiempo_lectura":"","banner_bool":false,"titulo_banner":"","texto_banner":"","texto_boton_banner":"","url_boton_banner":"","post_relacionados":""},"yoast_head":"<!-- This site is optimized with the Yoast SEO plugin v22.2 - https:\/\/yoast.com\/wordpress\/plugins\/seo\/ -->\n<title>Movilidad el\u00e9ctrica y coche el\u00e9ctrico - factorenergia<\/title>\n<meta name=\"description\" content=\"Apostar por la movilidad el\u00e9ctrica es sostenibilidad, pero tiene m\u00e1s beneficios. Te contamos las ventajas del coche el\u00e9ctrico.\" \/>\n<meta name=\"robots\" content=\"index, follow, max-snippet:-1, max-image-preview:large, max-video-preview:-1\" \/>\n<link rel=\"canonical\" href=\"https:\/\/www.factorenergia.com\/es\/blog\/movilidad-electrica\/la-sostenibilidad-y-la-movilidad-electrica-claves-para-la-salud-del-planeta\/\" \/>\n<meta name=\"twitter:card\" content=\"summary_large_image\" \/>\n<meta name=\"twitter:title\" content=\"Movilidad el\u00e9ctrica y coche el\u00e9ctrico - factorenergia\" \/>\n<meta name=\"twitter:description\" content=\"Apostar por la movilidad el\u00e9ctrica es sostenibilidad, pero tiene m\u00e1s beneficios. Te contamos las ventajas del coche el\u00e9ctrico.\" \/>\n<meta name=\"twitter:creator\" content=\"@factorenergia\" \/>\n<meta name=\"twitter:site\" content=\"@factorenergia\" \/>\n<meta name=\"twitter:label1\" content=\"Escrito por\" \/>\n\t<meta name=\"twitter:data1\" content=\"Equipo Transici\u00f3n Energ\u00e9tica Factorenergia\" \/>\n\t<meta name=\"twitter:label2\" content=\"Tiempo de lectura\" \/>\n\t<meta name=\"twitter:data2\" content=\"4 minutos\" \/>\n<script type=\"application\/ld+json\" class=\"yoast-schema-graph\">{\"@context\":\"https:\/\/schema.org\",\"@graph\":[{\"@type\":\"WebPage\",\"@id\":\"https:\/\/www.factorenergia.com\/es\/blog\/movilidad-electrica\/la-sostenibilidad-y-la-movilidad-electrica-claves-para-la-salud-del-planeta\/\",\"url\":\"https:\/\/www.factorenergia.com\/es\/blog\/movilidad-electrica\/la-sostenibilidad-y-la-movilidad-electrica-claves-para-la-salud-del-planeta\/\",\"name\":\"Movilidad el\u00e9ctrica y coche el\u00e9ctrico - factorenergia\",\"isPartOf\":{\"@id\":\"https:\/\/www.factorenergia.com\/es\/#website\"},\"datePublished\":\"2019-10-10T13:00:44+00:00\",\"dateModified\":\"2023-06-12T07:12:09+00:00\",\"author\":{\"@id\":\"https:\/\/www.factorenergia.com\/es\/#\/schema\/person\/dff9e4b6dc520720e3a37bdaaedc5841\"},\"description\":\"Apostar por la movilidad el\u00e9ctrica es sostenibilidad, pero tiene m\u00e1s beneficios. Te contamos las ventajas del coche el\u00e9ctrico.\",\"breadcrumb\":{\"@id\":\"https:\/\/www.factorenergia.com\/es\/blog\/movilidad-electrica\/la-sostenibilidad-y-la-movilidad-electrica-claves-para-la-salud-del-planeta\/#breadcrumb\"},\"inLanguage\":\"es\",\"potentialAction\":[{\"@type\":\"ReadAction\",\"target\":[\"https:\/\/www.factorenergia.com\/es\/blog\/movilidad-electrica\/la-sostenibilidad-y-la-movilidad-electrica-claves-para-la-salud-del-planeta\/\"]}]},{\"@type\":\"BreadcrumbList\",\"@id\":\"https:\/\/www.factorenergia.com\/es\/blog\/movilidad-electrica\/la-sostenibilidad-y-la-movilidad-electrica-claves-para-la-salud-del-planeta\/#breadcrumb\",\"itemListElement\":[{\"@type\":\"ListItem\",\"position\":1,\"name\":\"Portada\",\"item\":\"https:\/\/www.factorenergia.com\/es\/\"},{\"@type\":\"ListItem\",\"position\":2,\"name\":\"La sostenibilidad y la movilidad el\u00e9ctrica, claves para la salud del planeta\"}]},{\"@type\":\"WebSite\",\"@id\":\"https:\/\/www.factorenergia.com\/es\/#website\",\"url\":\"https:\/\/www.factorenergia.com\/es\/\",\"name\":\"factorenergia\",\"description\":\"Factor Energ\u00eda\",\"potentialAction\":[{\"@type\":\"SearchAction\",\"target\":{\"@type\":\"EntryPoint\",\"urlTemplate\":\"https:\/\/www.factorenergia.com\/es\/?s={search_term_string}\"},\"query-input\":\"required name=search_term_string\"}],\"inLanguage\":\"es\"},{\"@type\":\"Person\",\"@id\":\"https:\/\/www.factorenergia.com\/es\/#\/schema\/person\/dff9e4b6dc520720e3a37bdaaedc5841\",\"name\":\"Equipo Transici\u00f3n Energ\u00e9tica Factorenergia\",\"image\":{\"@type\":\"ImageObject\",\"inLanguage\":\"es\",\"@id\":\"https:\/\/www.factorenergia.com\/es\/#\/schema\/person\/image\/\",\"url\":\"https:\/\/secure.gravatar.com\/avatar\/1b7c76bab80ee1c4261b06108874e24b?s=96&d=mm&r=g\",\"contentUrl\":\"https:\/\/secure.gravatar.com\/avatar\/1b7c76bab80ee1c4261b06108874e24b?s=96&d=mm&r=g\",\"caption\":\"Equipo Transici\u00f3n Energ\u00e9tica Factorenergia\"},\"description\":\"El equipo est\u00e1 formado por expertos en materia de Luz, Gas y Eficiencia Energ\u00e9tica, que conocen de primera mano las tendencias del mercado. Su experiencia en el sector les permite ofrecer las mejores soluciones energ\u00e9ticas y resolver las dudas planteadas por los clientes.\",\"sameAs\":[\"https:\/\/www.factorenergia.com\/es\/\",\"https:\/\/www.facebook.com\/factorenergiacom\",\"https:\/\/www.instagram.com\/factorenergia_com\/\",\"https:\/\/es.linkedin.com\/company\/factor-energia\",\"https:\/\/twitter.com\/factorenergia\",\"https:\/\/www.youtube.com\/c\/factorenergiacom\"],\"url\":\"https:\/\/www.factorenergia.com\/es\/blog\/author\/marketing\/\"}]}<\/script>\n<!-- \/ Yoast SEO plugin. -->","yoast_head_json":{"title":"Movilidad el\u00e9ctrica y coche el\u00e9ctrico - factorenergia","description":"Apostar por la movilidad el\u00e9ctrica es sostenibilidad, pero tiene m\u00e1s beneficios. Te contamos las ventajas del coche el\u00e9ctrico.","robots":{"index":"index","follow":"follow","max-snippet":"max-snippet:-1","max-image-preview":"max-image-preview:large","max-video-preview":"max-video-preview:-1"},"canonical":"https:\/\/www.factorenergia.com\/es\/blog\/movilidad-electrica\/la-sostenibilidad-y-la-movilidad-electrica-claves-para-la-salud-del-planeta\/","twitter_card":"summary_large_image","twitter_title":"Movilidad el\u00e9ctrica y coche el\u00e9ctrico - factorenergia","twitter_description":"Apostar por la movilidad el\u00e9ctrica es sostenibilidad, pero tiene m\u00e1s beneficios. Te contamos las ventajas del coche el\u00e9ctrico.","twitter_creator":"@factorenergia","twitter_site":"@factorenergia","twitter_misc":{"Escrito por":"Equipo Transici\u00f3n Energ\u00e9tica Factorenergia","Tiempo de lectura":"4 minutos"},"schema":{"@context":"https:\/\/schema.org","@graph":[{"@type":"WebPage","@id":"https:\/\/www.factorenergia.com\/es\/blog\/movilidad-electrica\/la-sostenibilidad-y-la-movilidad-electrica-claves-para-la-salud-del-planeta\/","url":"https:\/\/www.factorenergia.com\/es\/blog\/movilidad-electrica\/la-sostenibilidad-y-la-movilidad-electrica-claves-para-la-salud-del-planeta\/","name":"Movilidad el\u00e9ctrica y coche el\u00e9ctrico - factorenergia","isPartOf":{"@id":"https:\/\/www.factorenergia.com\/es\/#website"},"datePublished":"2019-10-10T13:00:44+00:00","dateModified":"2023-06-12T07:12:09+00:00","author":{"@id":"https:\/\/www.factorenergia.com\/es\/#\/schema\/person\/dff9e4b6dc520720e3a37bdaaedc5841"},"description":"Apostar por la movilidad el\u00e9ctrica es sostenibilidad, pero tiene m\u00e1s beneficios. Te contamos las ventajas del coche el\u00e9ctrico.","breadcrumb":{"@id":"https:\/\/www.factorenergia.com\/es\/blog\/movilidad-electrica\/la-sostenibilidad-y-la-movilidad-electrica-claves-para-la-salud-del-planeta\/#breadcrumb"},"inLanguage":"es","potentialAction":[{"@type":"ReadAction","target":["https:\/\/www.factorenergia.com\/es\/blog\/movilidad-electrica\/la-sostenibilidad-y-la-movilidad-electrica-claves-para-la-salud-del-planeta\/"]}]},{"@type":"BreadcrumbList","@id":"https:\/\/www.factorenergia.com\/es\/blog\/movilidad-electrica\/la-sostenibilidad-y-la-movilidad-electrica-claves-para-la-salud-del-planeta\/#breadcrumb","itemListElement":[{"@type":"ListItem","position":1,"name":"Portada","item":"https:\/\/www.factorenergia.com\/es\/"},{"@type":"ListItem","position":2,"name":"La sostenibilidad y la movilidad el\u00e9ctrica, claves para la salud del planeta"}]},{"@type":"WebSite","@id":"https:\/\/www.factorenergia.com\/es\/#website","url":"https:\/\/www.factorenergia.com\/es\/","name":"factorenergia","description":"Factor Energ\u00eda","potentialAction":[{"@type":"SearchAction","target":{"@type":"EntryPoint","urlTemplate":"https:\/\/www.factorenergia.com\/es\/?s={search_term_string}"},"query-input":"required name=search_term_string"}],"inLanguage":"es"},{"@type":"Person","@id":"https:\/\/www.factorenergia.com\/es\/#\/schema\/person\/dff9e4b6dc520720e3a37bdaaedc5841","name":"Equipo Transici\u00f3n Energ\u00e9tica Factorenergia","image":{"@type":"ImageObject","inLanguage":"es","@id":"https:\/\/www.factorenergia.com\/es\/#\/schema\/person\/image\/","url":"https:\/\/secure.gravatar.com\/avatar\/1b7c76bab80ee1c4261b06108874e24b?s=96&d=mm&r=g","contentUrl":"https:\/\/secure.gravatar.com\/avatar\/1b7c76bab80ee1c4261b06108874e24b?s=96&d=mm&r=g","caption":"Equipo Transici\u00f3n Energ\u00e9tica Factorenergia"},"description":"El equipo est\u00e1 formado por expertos en materia de Luz, Gas y Eficiencia Energ\u00e9tica, que conocen de primera mano las tendencias del mercado. Su experiencia en el sector les permite ofrecer las mejores soluciones energ\u00e9ticas y resolver las dudas planteadas por los clientes.","sameAs":["https:\/\/www.factorenergia.com\/es\/","https:\/\/www.facebook.com\/factorenergiacom","https:\/\/www.instagram.com\/factorenergia_com\/","https:\/\/es.linkedin.com\/company\/factor-energia","https:\/\/twitter.com\/factorenergia","https:\/\/www.youtube.com\/c\/factorenergiacom"],"url":"https:\/\/www.factorenergia.com\/es\/blog\/author\/marketing\/"}]}},"_links":{"self":[{"href":"https:\/\/www.factorenergia.com\/es\/wp-json\/wp\/v2\/posts\/8466"}],"collection":[{"href":"https:\/\/www.factorenergia.com\/es\/wp-json\/wp\/v2\/posts"}],"about":[{"href":"https:\/\/www.factorenergia.com\/es\/wp-json\/wp\/v2\/types\/post"}],"author":[{"embeddable":true,"href":"https:\/\/www.factorenergia.com\/es\/wp-json\/wp\/v2\/users\/17"}],"replies":[{"embeddable":true,"href":"https:\/\/www.factorenergia.com\/es\/wp-json\/wp\/v2\/comments?post=8466"}],"version-history":[{"count":3,"href":"https:\/\/www.factorenergia.com\/es\/wp-json\/wp\/v2\/posts\/8466\/revisions"}],"predecessor-version":[{"id":22057,"href":"https:\/\/www.factorenergia.com\/es\/wp-json\/wp\/v2\/posts\/8466\/revisions\/22057"}],"wp:attachment":[{"href":"https:\/\/www.factorenergia.com\/es\/wp-json\/wp\/v2\/media?parent=8466"}],"wp:term":[{"taxonomy":"category","embeddable":true,"href":"https:\/\/www.factorenergia.com\/es\/wp-json\/wp\/v2\/categories?post=8466"},{"taxonomy":"post_tag","embeddable":true,"href":"https:\/\/www.factorenergia.com\/es\/wp-json\/wp\/v2\/tags?post=8466"}],"curies":[{"name":"wp","href":"https:\/\/api.w.org\/{rel}","templated":true}]}}