{"id":7872,"date":"2021-04-28T09:00:03","date_gmt":"2021-04-28T07:00:03","guid":{"rendered":"https:\/\/www.factorenergia.com\/es\/?post_type=blog&#038;p=7872"},"modified":"2025-08-06T17:36:16","modified_gmt":"2025-08-06T15:36:16","slug":"se-dueno-luz-sumate-al-autoconsumo","status":"publish","type":"post","link":"https:\/\/www.factorenergia.com\/es\/blog\/autoconsumo-electrico\/se-dueno-luz-sumate-al-autoconsumo\/","title":{"rendered":"P\u00e1sate al autoconsumo y s\u00e9 el due\u00f1o de tu propia luz"},"content":{"rendered":"<p><span>\n<script type=\"text\/javascript\" id=\"auto-index\" async defer>\n\n      function indexContent(context){\n\n      var container = document.querySelector(context);\n\n      element = document.getElementById(\"accordion-index\");\n      var titles = Array.from(container.querySelectorAll(\"h2,h3,h4\"));\n\n      for (var i = 0, l = titles.length; i < l; i++) {\n\n\t\tjQuery('#accordionIndex').show();\n\n        var tit = titles[i];\n\t\tvar newTitle = tit.textContent.toLowerCase().replace(\/[^a-zA-Z ]\/g, \"\").replace(\/\\s\/g, '-');\n\t\tvar numTag = Number(tit.tagName.replace(\/[^1-9]\/g, \"\"));\n\t\tvar tagWidth = (numTag*20);\n\n\t\tvar preText = '<span style=\"margin-left:' + tagWidth + 'px\"><\/span>';\n\n        tit.setAttribute(\"id\", newTitle);\n\t\tjQuery(tit).addClass('h-inline');\n\t\t\n\t\tvar toIndex = '<p class=\"h-inline\"><a class=\"blog-toindex\" href=\"#accordionIndex\"><span class=\"glyphicon glyphicon-chevron-up\" aria-hidden=\"true\"><\/span><\/a><\/p>';\n\n\t\tjQuery(toIndex).insertAfter(tit);\n\n        var node = document.createElement(\"LI\");                 \n        var link = document.createElement(\"A\");\n        var textnode = document.createTextNode(tit.textContent);\n\n        link.appendChild(textnode);\n        link.setAttribute(\"href\", '#' + newTitle);\n\t\t\/\/link.setAttribute(\"style\", \"margin-left:\" + tagWidth + \"px\");\n\t\tlink.setAttribute(\"class\", \"acc-h\" + numTag);\n        node.appendChild(link);\n\n        element.appendChild(node);\n\n      }\n    }\n\n    jQuery(document).ready(function(){\t\t\n\t\tindexContent(\".single-post-content\");\n\n\t\tjQuery(\".accordion-toggle\").click(function() {\n\t\t\tjQuery(this).toggleClass(\"open\");\n\t\t\tjQuery(\"#collapseIndex\").slideToggle(\"in\");\n\t\t});\n\t});\n\n\n<\/script>\n\n<style>\n\t.accordion-toggle{\n\t\tcursor:pointer;\n\t}\n\n\t#accordionIndex .panel-heading{\n\t\tmargin-bottom:0px;\n\t}\n\n\t.articulo ul, .articulo ol{\n\t\tmargin-bottom:auto;\n\t}\n\n\t.h-inline{\n\t\tdisplay: inline-flex;\n\t\tflex-wrap: wrap\n\t}\n\t#accordion-index{\n\t\tpadding-left:0px;\n\t}\n\t#accordion-index li a{\n\t\tdisplay:block;\n\t\tpadding-top:5px;\n\t}\n\n\t.acc-h2{\n\t\tmargin-left:0px;\n\t\tposition: relative;\n\t}\n\n\t.acc-h3{\n\t\tmargin-left:25px;\n\t}\n\n\t.acc-h3::before{\n\t\tcontent: \"\";\n\t\tbackground-color:var(--blue-light);\n\t\tmargin-left:-10px;\n\t\twidth: 7px;\n\t\theight: 7px;\n\t\tdisplay: inline-block;\n\t\ttext-align: center;\n\t\tborder-radius: 1000px;\n\t\tmargin-right: 10px;\n    \tmargin-bottom: 2px;\n\t}\n\n\t.acc-h4{\n\t\tmargin-left:40px;\n\t}\n\n\t.acc-h4::before{\n\t\tcontent: \"\";\n\t\tborder: 1px solid var(--blue-light);\n\t\tmargin-left:-5px;\n\t\twidth: 7px;\n\t\theight: 7px;\n\t\tdisplay: inline-block;\n\t\ttext-align: center;\n\t\tborder-radius: 100%;\n\t\tmargin-right: 10px;\n    \tmargin-bottom: 2px;\n\t}\n\n\t.acc-h3:hover::before{\n\t\tbackground-color: var(--blue-darkest);\n\t}\n\n\t.acc-h4:hover::before{\n\t\tborder-color: var(--blue-darkest);\n\t}\n\n\t@media (max-width: 992px){\n\t\t.acc-h2{\n\t\t\tmargin-left:0px;\n\t\t}\n\t\t.acc-h3{\n\t\t\tmargin-left:20px;\n\t\t}\n\t\t.acc-h4{\n\t\t\tmargin-left:40px;\n\t\t}\n\t}\n\n\t\/*\n\th2.h-inline:after,\n\th3.h-inline:after{\n\t\theight: 24px;\n\t\tcontent: \"\";\n\t\tdisplay: table-row;\n\t}*\/\n<\/style>\n\n<div id=\"table-accordion-index\">\n\t<div class=\"panel-group\" id=\"accordionIndex\">\n\t\t<div class=\"panel panel-default\">\n\t\t\t<div class=\"panel-heading\">\n\t\t\t\t<div class=\"panel-title open\"><div class=\"accordion-toggle\" data-toggle=\"collapse\" data-parent=\"#accordion\" aria-expanded=\"true\">\u00cdndice<\/div><\/div>\n\t\t\t<\/div>\n\t\t\t<div id=\"collapseIndex\" class=\"panel-collapse collapse in\" aria-expanded=\"true\">\n\t\t\t\t<div class=\"panel-body\">\n\t\t\t\t\t<ul id=\"accordion-index\">\n\t\t\t\t\t<\/ul>\n\t\t\t\t<\/div>\n\t\t\t<\/div>\n\t\t<\/div>\n\t<\/div>\n<\/div><\/span><\/p>\n<p style=\"text-align: justify;\">\u00a1La energ\u00eda fotovoltaica es legal, viable y 100% renovable!<\/p>\n<p style=\"text-align: justify;\">El autoconsumo, en realidad, es muy sencillo de ejecutar. Una vez instaladas las placas solares, estas recoger\u00e1n la energ\u00eda del sol que ser\u00e1 transformada en energ\u00eda el\u00e9ctrica lista para usar gracias al inversor.<\/p>\n<p style=\"text-align: justify;\">Adem\u00e1s, si produces m\u00e1s energ\u00eda de la que consumes, tienes la opci\u00f3n de venderla a la red y obtener un ahorro a\u00f1adido en tu factura de luz mediante la <strong>compensaci\u00f3n simplificada de excedentes (CSE)<\/strong>. Tambi\u00e9n si lo deseas puedes optar por almacenarla en una bater\u00eda para usarla m\u00e1s adelante, aunque esta soluci\u00f3n es m\u00e1s costosa.<\/p>\n<p style=\"text-align: justify;\">Para que nunca te quedes sin luz, nosotros siempre recomendamos seguir conectado a la red, con una tarifa adecuada a tu nueva situaci\u00f3n de <a href=\"https:\/\/www.factorenergia.com\/es\/hogares\/placas-solares\/\" target=\"_blank\" rel=\"noopener\">autoconsumo con placas solares<\/a> (preferiblemente una <a href=\"https:\/\/www.factorenergia.com\/es\/blog\/factura-luz\/tarifa-discriminacion-horaria\/#:~:text=%C2%BFQu%C3%A9%20es%20la%20Tarifa%20con,el%20mayor%20consumo%20de%20electricidad.\" title=\"tarifa de discriminaci\u00f3n horaria\" target=\"_blank\" rel=\"noopener noreferrer\">tarifa con discriminaci\u00f3n horaria<\/a> como la que te ofrecemos en factorenergia).<\/p>\n<h2 style=\"font-size: 20px !important; color: #777777;\"><strong>\u00bfQu\u00e9 necesitas para sumarte al autoconsumo?<\/strong><\/h2>\n<ol>\n<li style=\"text-align: justify;\">El <strong>sol<\/strong>, es indispensable para poder producir la energ\u00eda. Aunque si el d\u00eda est\u00e1 nublado, no te preocupes, esa energ\u00eda tambi\u00e9n puede ser transformada.<\/li>\n<li style=\"text-align: justify;\">Las <strong>placas solares<\/strong> que convierten la energ\u00eda del sol en electricidad.<\/li>\n<li style=\"text-align: justify;\"><strong>Conexi\u00f3n a la red<\/strong>. Al no dejar de estar conectado a la red el\u00e9ctrica, nunca te quedar\u00e1s sin luz. Para ello, buscamos y te asesoramos sobre la tarifa el\u00e9ctrica que mejor te convenga a tu nueva situaci\u00f3n de autoconsumo.<\/li>\n<\/ol>\n\r\n<script type=\"text\/javascript\" async defer>\r\n\r\n    jQuery(document).ready(function(){\t\t\r\n\t\t\r\n\t});\r\n<\/script>\r\n\r\n<style>\r\n\t.block-interested_posts{\r\n        margin-top: 10px;\r\n        padding: 20px;\r\n        border: 2px solid #92C200;\r\n    }\r\n    .block-interested_posts ul{\r\n        margin-bottom:0px;\r\n    }\r\n    .block-interested_posts ul li{\r\n        margin-bottom:5px;\r\n    }\r\n    .block-interested_posts ul li a{\r\n        \/*color: #DF981E;*\/\r\n    }\r\n\r\n<\/style>\r\n\r\n<div class=\"block-interested_posts\">\r\n    <p><strong>Post que te pueden interesar<\/strong><\/p>\r\n    <ul>\r\n                    <li><a href=\"https:\/\/www.factorenergia.com\/es\/blog\/autoconsumo-electrico\/instalacion-de-placas-solares\/\" title=\"Todo lo que tienes que saber sobre la instalaci\u00f3n de placas solares\">Todo lo que tienes que saber sobre la instalaci\u00f3n de placas solares<\/a><\/li>\r\n                    <li><a href=\"https:\/\/www.factorenergia.com\/es\/blog\/autoconsumo-electrico\/dudas-frecuentes-sobre-autoconsumo-solar\/\" title=\"Las dudas m\u00e1s frecuentes sobre el autoconsumo solar\">Las dudas m\u00e1s frecuentes sobre el autoconsumo solar<\/a><\/li>\r\n                    <li><a href=\"https:\/\/www.factorenergia.com\/es\/blog\/autoconsumo-electrico\/5-dudas-compensacion-excedentes\/\" title=\"Las 5 dudas m\u00e1s frecuentes sobre la compensaci\u00f3n de excedentes\">Las 5 dudas m\u00e1s frecuentes sobre la compensaci\u00f3n de excedentes<\/a><\/li>\r\n            <\/ul>\t\r\n<\/div>\n<h3 style=\"font-size: 20px !important; color: #777777;\"><strong>\u00bfQu\u00e9 cambios supuso el Real Decreto-Ley 244\/2019?<\/strong><\/h3>\n<p style=\"text-align: justify;\">El <strong>Real Decreto\u2013Ley 244\/2019<\/strong>, de 5 de abril, regula las condiciones administrativas, t\u00e9cnicas y econ\u00f3micas del autoconsumo de energ\u00eda el\u00e9ctrica, con ello:<\/p>\n<ul>\n<li style=\"text-align: justify;\">Se incorpora la figura del <a href=\"https:\/\/www.factorenergia.com\/es\/blog\/autoconsumo-electrico\/que-es-el-autoconsumo\/\" title=\"autoconsumo colectivo\" target=\"_blank\" rel=\"noopener\"><strong>autoconsumo colectivo<\/strong><\/a>. Con la que el productor puede decidir compartir con sus vecinos la electricidad de su tejado, que se genera gracias a las placas fotovoltaicas instaladas.<\/li>\n<li style=\"text-align: justify;\">Permite obtener al cliente un ahorro adicional con la <strong>venta de energ\u00eda excedentaria de instalaciones de autoconsumo,<\/strong> con potencia instalada igual o menor a 100 kW, mediante el mecanismo de compensaci\u00f3n simplificada.<\/li>\n<li style=\"text-align: justify;\">Se <strong>simplifican los tr\u00e1mites burocr\u00e1ticos<\/strong> para agilizar las instalaciones de autoconsumo.<\/li>\n<\/ul>\n<h3 style=\"font-size: 20px !important; color: #777777;\"><strong>\u00bfD\u00f3nde puedo instalar las placas solares?<\/strong><\/h3>\n<p style=\"text-align: justify;\">Las placas solares las puedes instalar:<\/p>\n<ul>\n<li style=\"text-align: justify;\">En tu casa, vivienda unifamiliar, modular o bungalow.<\/li>\n<li style=\"text-align: justify;\">En tu <a href=\"https:\/\/www.factorenergia.com\/es\/blog\/autoconsumo-electrico\/se-pueden-poner-placas-solares-en-un-piso\/\"><\/a><a href=\"https:\/\/www.factorenergia.com\/es\/blog\/autoconsumo-electrico\/se-pueden-poner-placas-solares-en-un-piso\/\" target=\"_blank\" rel=\"noopener\">bloque de pisos<\/a>.<\/li>\n<li style=\"text-align: justify;\">En tu negocio o empresa.<\/li>\n<\/ul>\n<p><span><div class=\"widget-form\">\r\n    \n<div class=\"wpcf7 no-js\" id=\"wpcf7-f21836-o1\" lang=\"es-ES\" dir=\"ltr\">\n<div class=\"screen-reader-response\"><p role=\"status\" aria-live=\"polite\" aria-atomic=\"true\"><\/p> <ul><\/ul><\/div>\n<form action=\"\/es\/wp-json\/wp\/v2\/posts\/7872#wpcf7-f21836-o1\" method=\"post\" class=\"wpcf7-form init\" aria-label=\"Formulario de contacto\" novalidate=\"novalidate\" data-status=\"init\">\n<div style=\"display: none;\">\n<input type=\"hidden\" name=\"_wpcf7\" value=\"21836\" \/>\n<input type=\"hidden\" name=\"_wpcf7_version\" value=\"5.9\" \/>\n<input type=\"hidden\" name=\"_wpcf7_locale\" value=\"es_ES\" \/>\n<input type=\"hidden\" name=\"_wpcf7_unit_tag\" value=\"wpcf7-f21836-o1\" \/>\n<input type=\"hidden\" name=\"_wpcf7_container_post\" value=\"0\" \/>\n<input type=\"hidden\" name=\"_wpcf7_posted_data_hash\" value=\"\" \/>\n<input type=\"hidden\" name=\"_wpcf7_recaptcha_response\" value=\"\" \/>\n<\/div>\n<div class=\"widget-simple-form-ac\">\n\t<div class=\"header-ac\">\n\t\t<p>Consigue tu estudio gratuito\n\t\t<\/p>\n\t\t<div class=\"close-form\">\n\t\t\t<p>X\n\t\t\t<\/p>\n\t\t<\/div>\n\t<\/div>\n\t<div class=\"widget-form-ac-container\">\n\t\t<p class=\"subtitle-ac-form\">Con nuestras Placas Solares + Bater\u00eda Virtual, <span class=\"blue\">reduce a 0\u20ac el consumo de tu factura de la luz.<\/span> \u00a1No te quedes sin tu estudio gratis!\n\t\t<\/p>\n\t\t<div class=\"inputs-container\">\n\t\t\t<div class=\"input\">\n\t\t\t\t<p><span class=\"wpcf7-form-control-wrap\" data-name=\"name1\"><input size=\"40\" class=\"wpcf7-form-control wpcf7-text wpcf7-validates-as-required\" id=\"name\" aria-required=\"true\" aria-invalid=\"false\" placeholder=\"Nombre\" value=\"\" type=\"text\" name=\"name1\" \/><\/span>\n\t\t\t\t<\/p>\n\t\t\t\t<div class=\"error\">\n\t\t\t\t\t<p><span role='alert' class='wpcf7-not-valid-tip'><\/span>\n\t\t\t\t\t<\/p>\n\t\t\t\t<\/div>\n\t\t\t<\/div>\n\t\t\t<div class=\"input\">\n\t\t\t\t<p><span class=\"wpcf7-form-control-wrap\" data-name=\"lastname\"><input size=\"40\" class=\"wpcf7-form-control wpcf7-text wpcf7-validates-as-required\" id=\"lastname\" aria-required=\"true\" aria-invalid=\"false\" placeholder=\"Apellido\" value=\"\" type=\"text\" name=\"lastname\" \/><\/span>\n\t\t\t\t<\/p>\n\t\t\t\t<div class=\"error\">\n\t\t\t\t\t<p><span role='alert' class='wpcf7-not-valid-tip'><\/span>\n\t\t\t\t\t<\/p>\n\t\t\t\t<\/div>\n\t\t\t<\/div>\n\t\t<\/div>\n\t\t<div class=\"inputs-container\">\n\t\t\t<div class=\"input\">\n\t\t\t\t<p><span class=\"wpcf7-form-control-wrap\" data-name=\"email\"><input size=\"40\" class=\"wpcf7-form-control wpcf7-email wpcf7-validates-as-required wpcf7-text wpcf7-validates-as-email\" aria-required=\"true\" aria-invalid=\"false\" placeholder=\"Email\" value=\"\" type=\"email\" name=\"email\" \/><\/span>\n\t\t\t\t<\/p>\n\t\t\t\t<div class=\"error\">\n\t\t\t\t\t<p><span role='alert' class='wpcf7-not-valid-tip'><\/span>\n\t\t\t\t\t<\/p>\n\t\t\t\t<\/div>\n\t\t\t<\/div>\n\t\t\t<div class=\"input\">\n\t\t\t\t<p><span class=\"wpcf7-form-control-wrap\" data-name=\"tel\"><input size=\"40\" class=\"wpcf7-form-control wpcf7-tel wpcf7-validates-as-required wpcf7-text wpcf7-validates-as-tel\" aria-required=\"true\" aria-invalid=\"false\" placeholder=\"Tel\u00e9fono\" value=\"\" type=\"tel\" name=\"tel\" \/><\/span>\n\t\t\t\t<\/p>\n\t\t\t\t<div class=\"error\">\n\t\t\t\t\t<p><span role='alert' class='wpcf7-not-valid-tip'><\/span>\n\t\t\t\t\t<\/p>\n\t\t\t\t<\/div>\n\t\t\t<\/div>\n\t\t<\/div>\n\t\t<p class=\"legal-text\">Al enviar este formulario consiente que sus datos sean tratados por FACTORENERGIA S.A., como corresponsables, para remitirle ofertas e informaci\u00f3n comercial. Puede ejercitar sus derechos conforme a lo indicado en nuestra <a href=\"\/es\/privacidad\/\">Pol\u00edtica de privacidad.<\/a>\n\t\t<\/p>\n\t\t<div class=\"inputs-container\">\n\t\t\t<div class=\"button-submit\">\n\t\t\t\t<p><input class=\"wpcf7-form-control wpcf7-submit has-spinner primary-btn green-btn btn-submit\" type=\"submit\" value=\"Pide tu estudio gratis\" \/>\n\t\t\t\t<\/p>\n\t\t\t<\/div>\n\t\t<\/div>\n\t<\/div>\n<\/div><div class=\"wpcf7-response-output\" aria-hidden=\"true\"><\/div>\n<\/form>\n<\/div>\n<\/div>\r\n\r\n<div class=\"widget-form-sended\" style=\"display: none\">\r\n    <h4><b>\u00a1Bien hecho!<\/b> Este es tu primer paso hacia la independencia energ\u00e9tica.<\/h4>\r\n    <p>En un m\u00e1ximo de 48 horas, un especialista se pondr\u00e1 en contacto contigo para estudiar tu caso, asesorarte y ofrecerte la mejor soluci\u00f3n energ\u00e9tica.<\/p>\r\n    <div class=\"inputs-container\">\r\n        <div class=\"button-submit\">\r\n            <a class=\"primary-btn center otro-estudio green-btn\">\r\n                Pedir otro estudio gratis            <\/a>\r\n        <\/div>\r\n        <div class=\"trustpilot-widget trust-widget-form-ac\" data-locale=\"es-ES\" data-template-id=\"5419b732fbfb950b10de65e5\" data-businessunit-id=\"5fd8ae6f2ead35000193bbae\" data-style-height=\"24px\" data-style-width=\"100%\" data-theme=\"light\" style=\"position: relative;\"><iframe title=\"Customer reviews powered by Trustpilot\" loading=\"auto\" src=\"https:\/\/widget.trustpilot.com\/trustboxes\/5419b732fbfb950b10de65e5\/index.html?templateId=5419b732fbfb950b10de65e5&amp;businessunitId=5fd8ae6f2ead35000193bbae#locale=es-ES&amp;styleHeight=24px&amp;styleWidth=100%25&amp;theme=light\" style=\"position: relative; height: 24px; width: 100%; border-style: none; display: block; overflow: hidden;\"><\/iframe><\/div>\r\n    <\/div>\r\n<\/div>\r\n<\/span><\/p>\n<h3 style=\"font-size: 20px !important; color: #777777;\"><strong>\u00bfQu\u00e9 podemos hacer por ti?<\/strong><\/h3>\n<p style=\"text-align: justify;\">En factorenergia llevamos desde 1990 apostando por la <strong>energ\u00eda positiva<\/strong>, que es aquella que hace la vida m\u00e1s f\u00e1cil y feliz a nuestros clientes, gracias al ahorro que obtienen a trav\u00e9s de nuestro asesoramiento personalizado.<\/p>\n<p style=\"text-align: justify;\">Por eso, si quieres apostar por el autoconsumo, nosotros nos encargamos de todo, para que t\u00fa no te preocupes de nada. Lo \u00fanico que tienes que hacer es rellenar nuestro <a href=\"\/es\/hogares\/autoconsumo\/#form-ac\" title=\"contacta con factorenergia\" target=\"_blank\" rel=\"noopener noreferrer\">formulario de contacto<\/a>, contactaremos contigo y nosotros:<\/p>\n<ul>\n<li style=\"text-align: justify;\">Realizaremos un estudio personalizado para analizar tu situaci\u00f3n seg\u00fan tus necesidades y prepararemos un proyecto detallado.<\/li>\n<li style=\"text-align: justify;\">Realizaremos el dise\u00f1o de tu presupuesto.<\/li>\n<li style=\"text-align: justify;\">Instalaremos tus placas solares.<\/li>\n<li style=\"text-align: justify;\">Haremos todas las gestiones necesarias para que no tengas que ocuparte de nada m\u00e1s y adem\u00e1s te buscaremos la tarifa m\u00e1s adecuada al mejor precio.<\/li>\n<li style=\"text-align: justify;\">Siempre con nuestra energ\u00eda verde certificada.<\/li>\n<li style=\"text-align: justify;\">Trabajaremos con los mejores materiales y con unos instaladores expertos para ofrecerte el mejor seguro.<\/li>\n<li style=\"text-align: justify;\">Estamos tan seguros de la calidad de nuestras placas fotovoltaicas, que ofrecemos 2 a\u00f1os de garant\u00eda en la instalaci\u00f3n y 10 a\u00f1os de garant\u00eda en las placas.<\/li>\n<li style=\"text-align: justify;\">Financiamos tu instalaci\u00f3n hasta 120 meses. Pagar\u00e1s las cuotas c\u00f3modamente a trav\u00e9s de tu factura el\u00e9ctrica.<\/li>\n<\/ul>\n<h3 style=\"font-size: 20px !important; color: #777777;\"><strong>\u00a1Empod\u00e9rate y s\u00famate al autoconsumo!<\/strong><\/h3>\n<p style=\"text-align: justify;\">Desde el momento en que empiezan a funcionar tus <a href=\"https:\/\/www.factorenergia.com\/es\/blog\/autoconsumo-electrico\/placas-fotovoltaicas-como-funcionan\/\" title=\"placas fotovoltaicas\" target=\"_blank\" rel=\"noopener noreferrer\">placas fotovoltaicas<\/a>, tu consumo de red disminuir\u00e1 \u00a1y con \u00e9l tus facturas!<\/p>\n<p style=\"text-align: justify;\">Recuerda que puedes ponerte en contacto con nosotros para que te asesoremos, a trav\u00e9s de nuestro formulario de la web, llamando al 93 120 51 94 o escribiendo a solar@factorenergia.com. Te enviaremos una oferta personalizada sobre <strong>cu\u00e1nto podr\u00e1s ahorrar en tu factura de la luz.<\/strong><\/p>\n<p style=\"text-align: justify;\">Y si quieres saber m\u00e1s, puedes visitar en nuestro <strong>blog<\/strong> todos los post que tenemos publicados en la categor\u00eda <a href=\"https:\/\/www.factorenergia.com\/es\/blog\/autoconsumo-electrico\/\" title=\"informaci\u00f3n sobre autoconsumo el\u00e9ctrico\" target=\"_blank\" rel=\"noopener noreferrer\">Autoconsumo<\/a>.<\/p>\n<p style=\"text-align: justify;\"><strong>\u00a1Empieza a autoproducir y consumir tu propia energ\u00eda 100% verde con factorenergia!<\/strong><\/p>\n<p>&nbsp;<\/p>\n","protected":false},"excerpt":{"rendered":"<p>El autoconsumo es m\u00e1s que un concepto, es un nuevo movimiento en el que podr\u00e1s ser el due\u00f1o de tu propia luz. Factorenergia no quiere que te quedes atr\u00e1s y en el post de hoy te explicamos qu\u00e9 necesitas para sumarte al autoconsumo. <\/p>\n","protected":false},"author":17,"featured_media":0,"comment_status":"open","ping_status":"closed","sticky":false,"template":"","format":"standard","meta":{"inline_featured_image":false,"footnotes":""},"categories":[67],"tags":[],"acf":{"fecha_de_la_entrada":"20210428","imagen_portada":7879,"categoria_blog":null,"tipo_de_distribuidora":null,"tiempo_lectura":"","banner_bool":false,"titulo_banner":"","texto_banner":"","texto_boton_banner":"","url_boton_banner":"","post_relacionados":""},"yoast_head":"<!-- This site is optimized with the Yoast SEO plugin v22.2 - https:\/\/yoast.com\/wordpress\/plugins\/seo\/ -->\n<title>Autoconsumo: s\u00e9 due\u00f1o de tu propia luz - factorenergia<\/title>\n<meta name=\"description\" content=\"El autoconsumo el\u00e9ctrico te permitir\u00e1 generar y consumir tu propia energ\u00eda el\u00e9ctrica, a partir de placas solares. \u00a1Te lo explicamos todo!\" \/>\n<meta name=\"robots\" content=\"index, follow, max-snippet:-1, max-image-preview:large, max-video-preview:-1\" \/>\n<link rel=\"canonical\" href=\"https:\/\/www.factorenergia.com\/es\/blog\/autoconsumo-electrico\/se-dueno-luz-sumate-al-autoconsumo\/\" \/>\n<meta name=\"twitter:card\" content=\"summary_large_image\" \/>\n<meta name=\"twitter:title\" content=\"Autoconsumo: s\u00e9 due\u00f1o de tu propia luz - factorenergia\" \/>\n<meta name=\"twitter:description\" content=\"El autoconsumo el\u00e9ctrico te permitir\u00e1 generar y consumir tu propia energ\u00eda el\u00e9ctrica, a partir de placas solares. \u00a1Te lo explicamos todo!\" \/>\n<meta name=\"twitter:creator\" content=\"@factorenergia\" \/>\n<meta name=\"twitter:site\" content=\"@factorenergia\" \/>\n<meta name=\"twitter:label1\" content=\"Escrito por\" \/>\n\t<meta name=\"twitter:data1\" content=\"Equipo Transici\u00f3n Energ\u00e9tica Factorenergia\" \/>\n\t<meta name=\"twitter:label2\" content=\"Tiempo de lectura\" \/>\n\t<meta name=\"twitter:data2\" content=\"3 minutos\" \/>\n<script type=\"application\/ld+json\" class=\"yoast-schema-graph\">{\"@context\":\"https:\/\/schema.org\",\"@graph\":[{\"@type\":\"WebPage\",\"@id\":\"https:\/\/www.factorenergia.com\/es\/blog\/autoconsumo-electrico\/se-dueno-luz-sumate-al-autoconsumo\/\",\"url\":\"https:\/\/www.factorenergia.com\/es\/blog\/autoconsumo-electrico\/se-dueno-luz-sumate-al-autoconsumo\/\",\"name\":\"Autoconsumo: s\u00e9 due\u00f1o de tu propia luz - factorenergia\",\"isPartOf\":{\"@id\":\"https:\/\/www.factorenergia.com\/es\/#website\"},\"datePublished\":\"2021-04-28T07:00:03+00:00\",\"dateModified\":\"2025-08-06T15:36:16+00:00\",\"author\":{\"@id\":\"https:\/\/www.factorenergia.com\/es\/#\/schema\/person\/dff9e4b6dc520720e3a37bdaaedc5841\"},\"description\":\"El autoconsumo el\u00e9ctrico te permitir\u00e1 generar y consumir tu propia energ\u00eda el\u00e9ctrica, a partir de placas solares. \u00a1Te lo explicamos todo!\",\"breadcrumb\":{\"@id\":\"https:\/\/www.factorenergia.com\/es\/blog\/autoconsumo-electrico\/se-dueno-luz-sumate-al-autoconsumo\/#breadcrumb\"},\"inLanguage\":\"es\",\"potentialAction\":[{\"@type\":\"ReadAction\",\"target\":[\"https:\/\/www.factorenergia.com\/es\/blog\/autoconsumo-electrico\/se-dueno-luz-sumate-al-autoconsumo\/\"]}]},{\"@type\":\"BreadcrumbList\",\"@id\":\"https:\/\/www.factorenergia.com\/es\/blog\/autoconsumo-electrico\/se-dueno-luz-sumate-al-autoconsumo\/#breadcrumb\",\"itemListElement\":[{\"@type\":\"ListItem\",\"position\":1,\"name\":\"Portada\",\"item\":\"https:\/\/www.factorenergia.com\/es\/\"},{\"@type\":\"ListItem\",\"position\":2,\"name\":\"P\u00e1sate al autoconsumo y s\u00e9 el due\u00f1o de tu propia luz\"}]},{\"@type\":\"WebSite\",\"@id\":\"https:\/\/www.factorenergia.com\/es\/#website\",\"url\":\"https:\/\/www.factorenergia.com\/es\/\",\"name\":\"factorenergia\",\"description\":\"Factor Energ\u00eda\",\"potentialAction\":[{\"@type\":\"SearchAction\",\"target\":{\"@type\":\"EntryPoint\",\"urlTemplate\":\"https:\/\/www.factorenergia.com\/es\/?s={search_term_string}\"},\"query-input\":\"required name=search_term_string\"}],\"inLanguage\":\"es\"},{\"@type\":\"Person\",\"@id\":\"https:\/\/www.factorenergia.com\/es\/#\/schema\/person\/dff9e4b6dc520720e3a37bdaaedc5841\",\"name\":\"Equipo Transici\u00f3n Energ\u00e9tica Factorenergia\",\"image\":{\"@type\":\"ImageObject\",\"inLanguage\":\"es\",\"@id\":\"https:\/\/www.factorenergia.com\/es\/#\/schema\/person\/image\/\",\"url\":\"https:\/\/secure.gravatar.com\/avatar\/1b7c76bab80ee1c4261b06108874e24b?s=96&d=mm&r=g\",\"contentUrl\":\"https:\/\/secure.gravatar.com\/avatar\/1b7c76bab80ee1c4261b06108874e24b?s=96&d=mm&r=g\",\"caption\":\"Equipo Transici\u00f3n Energ\u00e9tica Factorenergia\"},\"description\":\"El equipo est\u00e1 formado por expertos en materia de Luz, Gas y Eficiencia Energ\u00e9tica, que conocen de primera mano las tendencias del mercado. Su experiencia en el sector les permite ofrecer las mejores soluciones energ\u00e9ticas y resolver las dudas planteadas por los clientes.\",\"sameAs\":[\"https:\/\/www.factorenergia.com\/es\/\",\"https:\/\/www.facebook.com\/factorenergiacom\",\"https:\/\/www.instagram.com\/factorenergia_com\/\",\"https:\/\/es.linkedin.com\/company\/factor-energia\",\"https:\/\/twitter.com\/factorenergia\",\"https:\/\/www.youtube.com\/c\/factorenergiacom\"],\"url\":\"https:\/\/www.factorenergia.com\/es\/blog\/author\/marketing\/\"}]}<\/script>\n<!-- \/ Yoast SEO plugin. -->","yoast_head_json":{"title":"Autoconsumo: s\u00e9 due\u00f1o de tu propia luz - factorenergia","description":"El autoconsumo el\u00e9ctrico te permitir\u00e1 generar y consumir tu propia energ\u00eda el\u00e9ctrica, a partir de placas solares. \u00a1Te lo explicamos todo!","robots":{"index":"index","follow":"follow","max-snippet":"max-snippet:-1","max-image-preview":"max-image-preview:large","max-video-preview":"max-video-preview:-1"},"canonical":"https:\/\/www.factorenergia.com\/es\/blog\/autoconsumo-electrico\/se-dueno-luz-sumate-al-autoconsumo\/","twitter_card":"summary_large_image","twitter_title":"Autoconsumo: s\u00e9 due\u00f1o de tu propia luz - factorenergia","twitter_description":"El autoconsumo el\u00e9ctrico te permitir\u00e1 generar y consumir tu propia energ\u00eda el\u00e9ctrica, a partir de placas solares. \u00a1Te lo explicamos todo!","twitter_creator":"@factorenergia","twitter_site":"@factorenergia","twitter_misc":{"Escrito por":"Equipo Transici\u00f3n Energ\u00e9tica Factorenergia","Tiempo de lectura":"3 minutos"},"schema":{"@context":"https:\/\/schema.org","@graph":[{"@type":"WebPage","@id":"https:\/\/www.factorenergia.com\/es\/blog\/autoconsumo-electrico\/se-dueno-luz-sumate-al-autoconsumo\/","url":"https:\/\/www.factorenergia.com\/es\/blog\/autoconsumo-electrico\/se-dueno-luz-sumate-al-autoconsumo\/","name":"Autoconsumo: s\u00e9 due\u00f1o de tu propia luz - factorenergia","isPartOf":{"@id":"https:\/\/www.factorenergia.com\/es\/#website"},"datePublished":"2021-04-28T07:00:03+00:00","dateModified":"2025-08-06T15:36:16+00:00","author":{"@id":"https:\/\/www.factorenergia.com\/es\/#\/schema\/person\/dff9e4b6dc520720e3a37bdaaedc5841"},"description":"El autoconsumo el\u00e9ctrico te permitir\u00e1 generar y consumir tu propia energ\u00eda el\u00e9ctrica, a partir de placas solares. \u00a1Te lo explicamos todo!","breadcrumb":{"@id":"https:\/\/www.factorenergia.com\/es\/blog\/autoconsumo-electrico\/se-dueno-luz-sumate-al-autoconsumo\/#breadcrumb"},"inLanguage":"es","potentialAction":[{"@type":"ReadAction","target":["https:\/\/www.factorenergia.com\/es\/blog\/autoconsumo-electrico\/se-dueno-luz-sumate-al-autoconsumo\/"]}]},{"@type":"BreadcrumbList","@id":"https:\/\/www.factorenergia.com\/es\/blog\/autoconsumo-electrico\/se-dueno-luz-sumate-al-autoconsumo\/#breadcrumb","itemListElement":[{"@type":"ListItem","position":1,"name":"Portada","item":"https:\/\/www.factorenergia.com\/es\/"},{"@type":"ListItem","position":2,"name":"P\u00e1sate al autoconsumo y s\u00e9 el due\u00f1o de tu propia luz"}]},{"@type":"WebSite","@id":"https:\/\/www.factorenergia.com\/es\/#website","url":"https:\/\/www.factorenergia.com\/es\/","name":"factorenergia","description":"Factor Energ\u00eda","potentialAction":[{"@type":"SearchAction","target":{"@type":"EntryPoint","urlTemplate":"https:\/\/www.factorenergia.com\/es\/?s={search_term_string}"},"query-input":"required name=search_term_string"}],"inLanguage":"es"},{"@type":"Person","@id":"https:\/\/www.factorenergia.com\/es\/#\/schema\/person\/dff9e4b6dc520720e3a37bdaaedc5841","name":"Equipo Transici\u00f3n Energ\u00e9tica Factorenergia","image":{"@type":"ImageObject","inLanguage":"es","@id":"https:\/\/www.factorenergia.com\/es\/#\/schema\/person\/image\/","url":"https:\/\/secure.gravatar.com\/avatar\/1b7c76bab80ee1c4261b06108874e24b?s=96&d=mm&r=g","contentUrl":"https:\/\/secure.gravatar.com\/avatar\/1b7c76bab80ee1c4261b06108874e24b?s=96&d=mm&r=g","caption":"Equipo Transici\u00f3n Energ\u00e9tica Factorenergia"},"description":"El equipo est\u00e1 formado por expertos en materia de Luz, Gas y Eficiencia Energ\u00e9tica, que conocen de primera mano las tendencias del mercado. Su experiencia en el sector les permite ofrecer las mejores soluciones energ\u00e9ticas y resolver las dudas planteadas por los clientes.","sameAs":["https:\/\/www.factorenergia.com\/es\/","https:\/\/www.facebook.com\/factorenergiacom","https:\/\/www.instagram.com\/factorenergia_com\/","https:\/\/es.linkedin.com\/company\/factor-energia","https:\/\/twitter.com\/factorenergia","https:\/\/www.youtube.com\/c\/factorenergiacom"],"url":"https:\/\/www.factorenergia.com\/es\/blog\/author\/marketing\/"}]}},"_links":{"self":[{"href":"https:\/\/www.factorenergia.com\/es\/wp-json\/wp\/v2\/posts\/7872"}],"collection":[{"href":"https:\/\/www.factorenergia.com\/es\/wp-json\/wp\/v2\/posts"}],"about":[{"href":"https:\/\/www.factorenergia.com\/es\/wp-json\/wp\/v2\/types\/post"}],"author":[{"embeddable":true,"href":"https:\/\/www.factorenergia.com\/es\/wp-json\/wp\/v2\/users\/17"}],"replies":[{"embeddable":true,"href":"https:\/\/www.factorenergia.com\/es\/wp-json\/wp\/v2\/comments?post=7872"}],"version-history":[{"count":7,"href":"https:\/\/www.factorenergia.com\/es\/wp-json\/wp\/v2\/posts\/7872\/revisions"}],"predecessor-version":[{"id":29929,"href":"https:\/\/www.factorenergia.com\/es\/wp-json\/wp\/v2\/posts\/7872\/revisions\/29929"}],"wp:attachment":[{"href":"https:\/\/www.factorenergia.com\/es\/wp-json\/wp\/v2\/media?parent=7872"}],"wp:term":[{"taxonomy":"category","embeddable":true,"href":"https:\/\/www.factorenergia.com\/es\/wp-json\/wp\/v2\/categories?post=7872"},{"taxonomy":"post_tag","embeddable":true,"href":"https:\/\/www.factorenergia.com\/es\/wp-json\/wp\/v2\/tags?post=7872"}],"curies":[{"name":"wp","href":"https:\/\/api.w.org\/{rel}","templated":true}]}}