{"id":7722,"date":"2019-02-04T10:44:40","date_gmt":"2019-02-04T08:44:40","guid":{"rendered":"https:\/\/www.factorenergia.com\/es\/?post_type=blog&#038;p=7722"},"modified":"2023-02-14T18:45:26","modified_gmt":"2023-02-14T16:45:26","slug":"movilidad-electrica-mucho-mas-que-un-concepto-de-moda","status":"publish","type":"post","link":"https:\/\/www.factorenergia.com\/es\/blog\/movilidad-electrica\/movilidad-electrica-mucho-mas-que-un-concepto-de-moda\/","title":{"rendered":"\u00bfMovilidad el\u00e9ctrica? Mucho m\u00e1s que un concepto de moda"},"content":{"rendered":"<p style=\"text-align: justify;\"><span>\n<script type=\"text\/javascript\" id=\"auto-index\" async defer>\n\n      function indexContent(context){\n\n      var container = document.querySelector(context);\n\n      element = document.getElementById(\"accordion-index\");\n      var titles = Array.from(container.querySelectorAll(\"h2,h3,h4\"));\n\n      for (var i = 0, l = titles.length; i < l; i++) {\n\n\t\tjQuery('#accordionIndex').show();\n\n        var tit = titles[i];\n\t\tvar newTitle = tit.textContent.toLowerCase().replace(\/[^a-zA-Z ]\/g, \"\").replace(\/\\s\/g, '-');\n\t\tvar numTag = Number(tit.tagName.replace(\/[^1-9]\/g, \"\"));\n\t\tvar tagWidth = (numTag*20);\n\n\t\tvar preText = '<span style=\"margin-left:' + tagWidth + 'px\"><\/span>';\n\n        tit.setAttribute(\"id\", newTitle);\n\t\tjQuery(tit).addClass('h-inline');\n\t\t\n\t\tvar toIndex = '<p class=\"h-inline\"><a class=\"blog-toindex\" href=\"#accordionIndex\"><span class=\"glyphicon glyphicon-chevron-up\" aria-hidden=\"true\"><\/span><\/a><\/p>';\n\n\t\tjQuery(toIndex).insertAfter(tit);\n\n        var node = document.createElement(\"LI\");                 \n        var link = document.createElement(\"A\");\n        var textnode = document.createTextNode(tit.textContent);\n\n        link.appendChild(textnode);\n        link.setAttribute(\"href\", '#' + newTitle);\n\t\t\/\/link.setAttribute(\"style\", \"margin-left:\" + tagWidth + \"px\");\n\t\tlink.setAttribute(\"class\", \"acc-h\" + numTag);\n        node.appendChild(link);\n\n        element.appendChild(node);\n\n      }\n    }\n\n    jQuery(document).ready(function(){\t\t\n\t\tindexContent(\".single-post-content\");\n\n\t\tjQuery(\".accordion-toggle\").click(function() {\n\t\t\tjQuery(this).toggleClass(\"open\");\n\t\t\tjQuery(\"#collapseIndex\").slideToggle(\"in\");\n\t\t});\n\t});\n\n\n<\/script>\n\n<style>\n\t.accordion-toggle{\n\t\tcursor:pointer;\n\t}\n\n\t#accordionIndex .panel-heading{\n\t\tmargin-bottom:0px;\n\t}\n\n\t.articulo ul, .articulo ol{\n\t\tmargin-bottom:auto;\n\t}\n\n\t.h-inline{\n\t\tdisplay: inline-flex;\n\t\tflex-wrap: wrap\n\t}\n\t#accordion-index{\n\t\tpadding-left:0px;\n\t}\n\t#accordion-index li a{\n\t\tdisplay:block;\n\t\tpadding-top:5px;\n\t}\n\n\t.acc-h2{\n\t\tmargin-left:0px;\n\t\tposition: relative;\n\t}\n\n\t.acc-h3{\n\t\tmargin-left:25px;\n\t}\n\n\t.acc-h3::before{\n\t\tcontent: \"\";\n\t\tbackground-color:var(--blue-light);\n\t\tmargin-left:-10px;\n\t\twidth: 7px;\n\t\theight: 7px;\n\t\tdisplay: inline-block;\n\t\ttext-align: center;\n\t\tborder-radius: 1000px;\n\t\tmargin-right: 10px;\n    \tmargin-bottom: 2px;\n\t}\n\n\t.acc-h4{\n\t\tmargin-left:40px;\n\t}\n\n\t.acc-h4::before{\n\t\tcontent: \"\";\n\t\tborder: 1px solid var(--blue-light);\n\t\tmargin-left:-5px;\n\t\twidth: 7px;\n\t\theight: 7px;\n\t\tdisplay: inline-block;\n\t\ttext-align: center;\n\t\tborder-radius: 100%;\n\t\tmargin-right: 10px;\n    \tmargin-bottom: 2px;\n\t}\n\n\t.acc-h3:hover::before{\n\t\tbackground-color: var(--blue-darkest);\n\t}\n\n\t.acc-h4:hover::before{\n\t\tborder-color: var(--blue-darkest);\n\t}\n\n\t@media (max-width: 992px){\n\t\t.acc-h2{\n\t\t\tmargin-left:0px;\n\t\t}\n\t\t.acc-h3{\n\t\t\tmargin-left:20px;\n\t\t}\n\t\t.acc-h4{\n\t\t\tmargin-left:40px;\n\t\t}\n\t}\n\n\t\/*\n\th2.h-inline:after,\n\th3.h-inline:after{\n\t\theight: 24px;\n\t\tcontent: \"\";\n\t\tdisplay: table-row;\n\t}*\/\n<\/style>\n\n<div id=\"table-accordion-index\">\n\t<div class=\"panel-group\" id=\"accordionIndex\">\n\t\t<div class=\"panel panel-default\">\n\t\t\t<div class=\"panel-heading\">\n\t\t\t\t<div class=\"panel-title open\"><div class=\"accordion-toggle\" data-toggle=\"collapse\" data-parent=\"#accordion\" aria-expanded=\"true\">\u00cdndice<\/div><\/div>\n\t\t\t<\/div>\n\t\t\t<div id=\"collapseIndex\" class=\"panel-collapse collapse in\" aria-expanded=\"true\">\n\t\t\t\t<div class=\"panel-body\">\n\t\t\t\t\t<ul id=\"accordion-index\">\n\t\t\t\t\t<\/ul>\n\t\t\t\t<\/div>\n\t\t\t<\/div>\n\t\t<\/div>\n\t<\/div>\n<\/div><\/span><\/p>\n<h2>\u00bfC\u00f3mo ayuda la movilidad el\u00e9ctrica a reducir el impacto medioambiental?<\/h2>\n<p>La movilidad el\u00e9ctrica busca subsanar dos de los mayores problemas medioambientales de nuestro tiempo: el cambio clim\u00e1tico y la contaminaci\u00f3n atmosf\u00e9rica en las grandes ciudades.<\/p>\n<p>Como sabemos, el cambio clim\u00e1tico comporta consecuencias desastrosas que ponen en peligro la supervivencia del ser humano en la tierra, ya que, conlleva el aumento de la aparici\u00f3n de fen\u00f3menos meteorol\u00f3gicos violentos, la destrucci\u00f3n de los medios de subsistencia y de los recursos econ\u00f3micos. Gracias a que el \u201ccombustible\u201d de estos nuevos veh\u00edculos es la electricidad y que, en pa\u00edses como nuestro, una parte importante de ella es de origen renovable, con el uso del veh\u00edculo el\u00e9ctrico conseguimos reducir las emisiones de gases contaminantes a la atm\u00f3sfera.<\/p>\n<p>De forma aproximada, teniendo en cuenta que un veh\u00edculo puede realizar unos 15.000km\/a\u00f1o de media, la sustituci\u00f3n de este por un veh\u00edculo el\u00e9ctrico representar\u00eda un ahorro de 1.500 kg\/CO<sub>2<\/sub> al a\u00f1o.<\/p>\n<p>Adem\u00e1s, hay que resaltar que los veh\u00edculos el\u00e9ctricos est\u00e1n catalogados como \u201cZERO EMISIONES\u201d en el punto de consumo, lo que ayuda a mejorar de forma sustancial la calidad de aire en las grandes ciudades, reduciendo la contaminaci\u00f3n atmosf\u00e9rica y ayudando a prevenir los cada vez m\u00e1s frecuentes episodios de alta contaminaci\u00f3n y sus efectos adversos sobre la salud.<\/p>\n<p><span><div class=\"text-center center blog-cta\"><p>&iexcl;Instala un punto de recarga para tu coche el&eacute;ctrico con factorenergia!<\/p><a class=\"blog-cta primary-btn text-center solicitar-estudio\" target=\"_blank\" title=\"SOLICITA TU ESTUDIO GRATUITO\" href=\"https:\/\/www.factorenergia.com\/es\/hogares\/puntos-recarga-electricos\/\">SOLICITA TU ESTUDIO GRATUITO<\/a><p><\/p><div style=\"display:none;\"><p>&iexcl;Instala un punto de recarga para tu coche el&eacute;ctrico con factorenergia!<\/p><\/div>\n\t\t\t<script type='text\/javascript'>\n\t\t\t\tjQuery('.solicitar-estudio').click(function(){\t\t\t\t\t\t\t\t\t\n\t\t\t\t\tdataLayer.push({'language': 'es'});\n\t\t\t\t\tdataLayer.push({'post_id': '7722'});\n\t\t\t\t\tdataLayer.push({'cat_type': 'ce'});\n\t\t\t\t});\n\t\t\t<\/script>\n\t\t<\/div><br\/><\/span><\/p>\n<h3><strong>\u00bfVale la pena invertir en un veh\u00edculo el\u00e9ctrico?<\/strong><\/h3>\n<p>El <strong>coche el\u00e9ctrico<\/strong> es una apuesta segura, su uso supone un ahorro muy significativo con respecto a los veh\u00edculos convencionales. Con el veh\u00edculo el\u00e9ctrico no s\u00f3lo ahorramos hasta un 75% en gasto de combustible, tambi\u00e9n ahorramos en mantenimiento del veh\u00edculo, debido a que los motores el\u00e9ctricos tienen un 90% menos de piezas que los de combusti\u00f3n y no es necesario aceites ni filtros ni aceites.<\/p>\n<p>Adem\u00e1s, podr\u00e1s escuchar tu canci\u00f3n favorita sin la banda sonora de tu veh\u00edculo de fondo, ya que, al ser silenciosos, no generan ning\u00fan tipo de contaminaci\u00f3n sonora.<\/p>\n<p>Durante estos \u00faltimos a\u00f1os, el gobierno ha jugado un papel muy importante en el impulso y desarrollo del veh\u00edculo el\u00e9ctrico, gracias a la aprobaci\u00f3n de incentivos fiscales y subvenciones por la compra de este tipo de veh\u00edculos, as\u00ed como de medidas contra la contaminaci\u00f3n atmosf\u00e9rica, que suponen ciertas restricciones para los coches m\u00e1s contaminantes. Adem\u00e1s, a partir del 2040 se prohibir\u00e1 la venta de coches de gasolina, di\u00e9sel, gas natural e incluso h\u00edbridos, medida que busca conseguir que todos los veh\u00edculos sean el\u00e9ctricos en 2050.<\/p>\n<h3><strong>\u00bfQu\u00e9 necesitas para cargar el coche el\u00e9ctrico?<\/strong><\/h3>\n<p>Lo \u00fanico que necesitas para cargar el coche el\u00e9ctrico es conectarlo a la red el\u00e9ctrica. Esta conexi\u00f3n puedes realizarla tanto a trav\u00e9s de un enchufe convencional como a trav\u00e9s de un punto de carga espec\u00edfico para coches el\u00e9ctricos. Mientras que con los primeros estaremos limitados a una potencia de carga de 2,3kW los puntos de carga espec\u00edficos para veh\u00edculos nos permiten cargar a potencias de hasta 50kW, lo que nos permitir\u00e1 tener nuestro veh\u00edculo completamente cargado en tan solo unos minutos.<\/p>\n\r\n<script type=\"text\/javascript\" async defer>\r\n\r\n    jQuery(document).ready(function(){\t\t\r\n\t\t\r\n\t});\r\n<\/script>\r\n\r\n<style>\r\n\t.block-interested_posts{\r\n        margin-top: 10px;\r\n        padding: 20px;\r\n        border: 2px solid #92C200;\r\n    }\r\n    .block-interested_posts ul{\r\n        margin-bottom:0px;\r\n    }\r\n    .block-interested_posts ul li{\r\n        margin-bottom:5px;\r\n    }\r\n    .block-interested_posts ul li a{\r\n        \/*color: #DF981E;*\/\r\n    }\r\n\r\n<\/style>\r\n\r\n<div class=\"block-interested_posts\">\r\n    <p><strong>Post que te pueden interesar<\/strong><\/p>\r\n    <ul>\r\n                    <li><a href=\"https:\/\/www.factorenergia.com\/es\/blog\/movilidad-electrica\/instalacion-puntos-recarga-coches-electricos\/\" title=\"Puntos de recarga para coches el\u00e9ctricos: lo que tienes que saber\">Puntos de recarga para coches el\u00e9ctricos: lo que tienes que saber<\/a><\/li>\r\n                    <li><a href=\"https:\/\/www.factorenergia.com\/es\/blog\/movilidad-electrica\/proceso-recargar-coche-electrico-punto-carga\/\" title=\"Proceso para recargar el coche el\u00e9ctrico en el punto de carga\">Proceso para recargar el coche el\u00e9ctrico en el punto de carga<\/a><\/li>\r\n            <\/ul>\t\r\n<\/div>\n<p>Existen diferentes <a href=\"https:\/\/www.factorenergia.com\/es\/blog\/movilidad-electrica\/puntos-de-recarga-para-el-coche-electrico\/\" title=\"tipos de punto de recarga\" target=\"_blank\" rel=\"noopener noreferrer\">tipos de puntos de recarga<\/a> espec\u00edficos para veh\u00edculos el\u00e9ctricos. En funci\u00f3n de su potencia clasificarlos de la siguiente forma:<\/p>\n<ul>\n<li>Cargador de carga convencional (3,3kW-7,5kW)<\/li>\n<li>Cargador de carga semi-r\u00e1pida (7,5 kW-22kW)<\/li>\n<li>Cargador de carga r\u00e1pida (50kW)<\/li>\n<\/ul>\n<p>Gracias a esta variedad, tanto si deseas cargar tu veh\u00edculo particular en casa, una flota o los veh\u00edculos de los clientes que visiten tu negocio, existe una soluci\u00f3n para ti. Visita nuestro post sobre <a href=\"https:\/\/www.factorenergia.com\/es\/blog\/historias-positivas\/puntos-de-recarga-coche-electrico\/\" title=\"puntos de recarga para coche el\u00e9ctrico en Londres\" target=\"_blank\" rel=\"noopener noreferrer\">puntos de recarga de coche el\u00e9ctrico<\/a>\u00a0para saber m\u00e1s sobre ello.<\/p>\n<p>No obstante, nuestros especialistas en el sector, realizan un estudio personalizado de cada cliente para asesorarte en la carga. Adem\u00e1s, tenemos una tarifa espec\u00edfica para la carga de tu veh\u00edculo el\u00e9ctrico.<\/p>\n<p>En <strong>factorenergia<\/strong>, apostamos por la energ\u00eda verde, la sostenibilidad y el ahorro, por eso, hemos creado nuestro producto <a href=\"https:\/\/www.factorenergia.com\/es\/instalar-punto-recarga\/\" title=\"tarifa para coche el\u00e9ctrico\" target=\"_blank\" rel=\"noopener noreferrer\">factor ecomobility,<\/a> con el que nos encargamos desde la tramitaci\u00f3n de todos los tr\u00e1mites administrativos necesarios para la instalaci\u00f3n del punto de recarga, hasta la financiaci\u00f3n del proyecto y su posterior instalaci\u00f3n.<\/p>\n<p>\u00a1T\u00fa no te has de preocupar de nada, nosotros nos ocupamos de todo!<strong>\u00a0<\/strong><\/p>\n","protected":false},"excerpt":{"rendered":"<p>El concepto de la movilidad el\u00e9ctrica est\u00e1 cada vez m\u00e1s en boca de todos. \u00bfPero qu\u00e9 significa exactamente? Este concepto surge de la preocupaci\u00f3n de la salud medioambiental del planeta, la sostenibilidad y la habitabilidad de nuestras ciudades, cuestiones que cada vez nos preocupan m\u00e1s y que la movilidad el\u00e9ctrica puede ser una soluci\u00f3n que contribuya positivamente a las tres.<\/p>\n","protected":false},"author":17,"featured_media":0,"comment_status":"open","ping_status":"closed","sticky":false,"template":"","format":"standard","meta":{"inline_featured_image":false,"footnotes":""},"categories":[62],"tags":[],"acf":{"fecha_de_la_entrada":"20190204","imagen_portada":7742,"categoria_blog":62,"tipo_de_distribuidora":null,"tiempo_lectura":"","banner_bool":false,"titulo_banner":"","texto_banner":"","texto_boton_banner":"","url_boton_banner":"","post_relacionados":null},"yoast_head":"<!-- This site is optimized with the Yoast SEO plugin v22.2 - https:\/\/yoast.com\/wordpress\/plugins\/seo\/ -->\n<title>Movilidad el\u00e9ctrica, movilidad sostenible | factorenergia<\/title>\n<meta name=\"description\" content=\"La movilidad el\u00e9ctrica puede reducir sustancialmente la contaminaci\u00f3n en las ciudades. Te contamos c\u00f3mo sumarte a la movilidad sostenible f\u00e1cilmente.\" \/>\n<meta name=\"robots\" content=\"index, follow, max-snippet:-1, max-image-preview:large, max-video-preview:-1\" \/>\n<link rel=\"canonical\" href=\"https:\/\/www.factorenergia.com\/es\/blog\/movilidad-electrica\/movilidad-electrica-mucho-mas-que-un-concepto-de-moda\/\" \/>\n<meta name=\"twitter:card\" content=\"summary_large_image\" \/>\n<meta name=\"twitter:title\" content=\"Movilidad el\u00e9ctrica, movilidad sostenible | factorenergia\" \/>\n<meta name=\"twitter:description\" content=\"La movilidad el\u00e9ctrica puede reducir sustancialmente la contaminaci\u00f3n en las ciudades. Te contamos c\u00f3mo sumarte a la movilidad sostenible f\u00e1cilmente.\" \/>\n<meta name=\"twitter:creator\" content=\"@factorenergia\" \/>\n<meta name=\"twitter:site\" content=\"@factorenergia\" \/>\n<meta name=\"twitter:label1\" content=\"Escrito por\" \/>\n\t<meta name=\"twitter:data1\" content=\"Equipo Transici\u00f3n Energ\u00e9tica Factorenergia\" \/>\n\t<meta name=\"twitter:label2\" content=\"Tiempo de lectura\" \/>\n\t<meta name=\"twitter:data2\" content=\"4 minutos\" \/>\n<script type=\"application\/ld+json\" class=\"yoast-schema-graph\">{\"@context\":\"https:\/\/schema.org\",\"@graph\":[{\"@type\":\"WebPage\",\"@id\":\"https:\/\/www.factorenergia.com\/es\/blog\/movilidad-electrica\/movilidad-electrica-mucho-mas-que-un-concepto-de-moda\/\",\"url\":\"https:\/\/www.factorenergia.com\/es\/blog\/movilidad-electrica\/movilidad-electrica-mucho-mas-que-un-concepto-de-moda\/\",\"name\":\"Movilidad el\u00e9ctrica, movilidad sostenible | factorenergia\",\"isPartOf\":{\"@id\":\"https:\/\/www.factorenergia.com\/es\/#website\"},\"datePublished\":\"2019-02-04T08:44:40+00:00\",\"dateModified\":\"2023-02-14T16:45:26+00:00\",\"author\":{\"@id\":\"https:\/\/www.factorenergia.com\/es\/#\/schema\/person\/dff9e4b6dc520720e3a37bdaaedc5841\"},\"description\":\"La movilidad el\u00e9ctrica puede reducir sustancialmente la contaminaci\u00f3n en las ciudades. Te contamos c\u00f3mo sumarte a la movilidad sostenible f\u00e1cilmente.\",\"breadcrumb\":{\"@id\":\"https:\/\/www.factorenergia.com\/es\/blog\/movilidad-electrica\/movilidad-electrica-mucho-mas-que-un-concepto-de-moda\/#breadcrumb\"},\"inLanguage\":\"es\",\"potentialAction\":[{\"@type\":\"ReadAction\",\"target\":[\"https:\/\/www.factorenergia.com\/es\/blog\/movilidad-electrica\/movilidad-electrica-mucho-mas-que-un-concepto-de-moda\/\"]}]},{\"@type\":\"BreadcrumbList\",\"@id\":\"https:\/\/www.factorenergia.com\/es\/blog\/movilidad-electrica\/movilidad-electrica-mucho-mas-que-un-concepto-de-moda\/#breadcrumb\",\"itemListElement\":[{\"@type\":\"ListItem\",\"position\":1,\"name\":\"Portada\",\"item\":\"https:\/\/www.factorenergia.com\/es\/\"},{\"@type\":\"ListItem\",\"position\":2,\"name\":\"\u00bfMovilidad el\u00e9ctrica? Mucho m\u00e1s que un concepto de moda\"}]},{\"@type\":\"WebSite\",\"@id\":\"https:\/\/www.factorenergia.com\/es\/#website\",\"url\":\"https:\/\/www.factorenergia.com\/es\/\",\"name\":\"factorenergia\",\"description\":\"Factor Energ\u00eda\",\"potentialAction\":[{\"@type\":\"SearchAction\",\"target\":{\"@type\":\"EntryPoint\",\"urlTemplate\":\"https:\/\/www.factorenergia.com\/es\/?s={search_term_string}\"},\"query-input\":\"required name=search_term_string\"}],\"inLanguage\":\"es\"},{\"@type\":\"Person\",\"@id\":\"https:\/\/www.factorenergia.com\/es\/#\/schema\/person\/dff9e4b6dc520720e3a37bdaaedc5841\",\"name\":\"Equipo Transici\u00f3n Energ\u00e9tica Factorenergia\",\"image\":{\"@type\":\"ImageObject\",\"inLanguage\":\"es\",\"@id\":\"https:\/\/www.factorenergia.com\/es\/#\/schema\/person\/image\/\",\"url\":\"https:\/\/secure.gravatar.com\/avatar\/1b7c76bab80ee1c4261b06108874e24b?s=96&d=mm&r=g\",\"contentUrl\":\"https:\/\/secure.gravatar.com\/avatar\/1b7c76bab80ee1c4261b06108874e24b?s=96&d=mm&r=g\",\"caption\":\"Equipo Transici\u00f3n Energ\u00e9tica Factorenergia\"},\"description\":\"El equipo est\u00e1 formado por expertos en materia de Luz, Gas y Eficiencia Energ\u00e9tica, que conocen de primera mano las tendencias del mercado. Su experiencia en el sector les permite ofrecer las mejores soluciones energ\u00e9ticas y resolver las dudas planteadas por los clientes.\",\"sameAs\":[\"https:\/\/www.factorenergia.com\/es\/\",\"https:\/\/www.facebook.com\/factorenergiacom\",\"https:\/\/www.instagram.com\/factorenergia_com\/\",\"https:\/\/es.linkedin.com\/company\/factor-energia\",\"https:\/\/twitter.com\/factorenergia\",\"https:\/\/www.youtube.com\/c\/factorenergiacom\"],\"url\":\"https:\/\/www.factorenergia.com\/es\/blog\/author\/marketing\/\"}]}<\/script>\n<!-- \/ Yoast SEO plugin. -->","yoast_head_json":{"title":"Movilidad el\u00e9ctrica, movilidad sostenible | factorenergia","description":"La movilidad el\u00e9ctrica puede reducir sustancialmente la contaminaci\u00f3n en las ciudades. Te contamos c\u00f3mo sumarte a la movilidad sostenible f\u00e1cilmente.","robots":{"index":"index","follow":"follow","max-snippet":"max-snippet:-1","max-image-preview":"max-image-preview:large","max-video-preview":"max-video-preview:-1"},"canonical":"https:\/\/www.factorenergia.com\/es\/blog\/movilidad-electrica\/movilidad-electrica-mucho-mas-que-un-concepto-de-moda\/","twitter_card":"summary_large_image","twitter_title":"Movilidad el\u00e9ctrica, movilidad sostenible | factorenergia","twitter_description":"La movilidad el\u00e9ctrica puede reducir sustancialmente la contaminaci\u00f3n en las ciudades. Te contamos c\u00f3mo sumarte a la movilidad sostenible f\u00e1cilmente.","twitter_creator":"@factorenergia","twitter_site":"@factorenergia","twitter_misc":{"Escrito por":"Equipo Transici\u00f3n Energ\u00e9tica Factorenergia","Tiempo de lectura":"4 minutos"},"schema":{"@context":"https:\/\/schema.org","@graph":[{"@type":"WebPage","@id":"https:\/\/www.factorenergia.com\/es\/blog\/movilidad-electrica\/movilidad-electrica-mucho-mas-que-un-concepto-de-moda\/","url":"https:\/\/www.factorenergia.com\/es\/blog\/movilidad-electrica\/movilidad-electrica-mucho-mas-que-un-concepto-de-moda\/","name":"Movilidad el\u00e9ctrica, movilidad sostenible | factorenergia","isPartOf":{"@id":"https:\/\/www.factorenergia.com\/es\/#website"},"datePublished":"2019-02-04T08:44:40+00:00","dateModified":"2023-02-14T16:45:26+00:00","author":{"@id":"https:\/\/www.factorenergia.com\/es\/#\/schema\/person\/dff9e4b6dc520720e3a37bdaaedc5841"},"description":"La movilidad el\u00e9ctrica puede reducir sustancialmente la contaminaci\u00f3n en las ciudades. Te contamos c\u00f3mo sumarte a la movilidad sostenible f\u00e1cilmente.","breadcrumb":{"@id":"https:\/\/www.factorenergia.com\/es\/blog\/movilidad-electrica\/movilidad-electrica-mucho-mas-que-un-concepto-de-moda\/#breadcrumb"},"inLanguage":"es","potentialAction":[{"@type":"ReadAction","target":["https:\/\/www.factorenergia.com\/es\/blog\/movilidad-electrica\/movilidad-electrica-mucho-mas-que-un-concepto-de-moda\/"]}]},{"@type":"BreadcrumbList","@id":"https:\/\/www.factorenergia.com\/es\/blog\/movilidad-electrica\/movilidad-electrica-mucho-mas-que-un-concepto-de-moda\/#breadcrumb","itemListElement":[{"@type":"ListItem","position":1,"name":"Portada","item":"https:\/\/www.factorenergia.com\/es\/"},{"@type":"ListItem","position":2,"name":"\u00bfMovilidad el\u00e9ctrica? Mucho m\u00e1s que un concepto de moda"}]},{"@type":"WebSite","@id":"https:\/\/www.factorenergia.com\/es\/#website","url":"https:\/\/www.factorenergia.com\/es\/","name":"factorenergia","description":"Factor Energ\u00eda","potentialAction":[{"@type":"SearchAction","target":{"@type":"EntryPoint","urlTemplate":"https:\/\/www.factorenergia.com\/es\/?s={search_term_string}"},"query-input":"required name=search_term_string"}],"inLanguage":"es"},{"@type":"Person","@id":"https:\/\/www.factorenergia.com\/es\/#\/schema\/person\/dff9e4b6dc520720e3a37bdaaedc5841","name":"Equipo Transici\u00f3n Energ\u00e9tica Factorenergia","image":{"@type":"ImageObject","inLanguage":"es","@id":"https:\/\/www.factorenergia.com\/es\/#\/schema\/person\/image\/","url":"https:\/\/secure.gravatar.com\/avatar\/1b7c76bab80ee1c4261b06108874e24b?s=96&d=mm&r=g","contentUrl":"https:\/\/secure.gravatar.com\/avatar\/1b7c76bab80ee1c4261b06108874e24b?s=96&d=mm&r=g","caption":"Equipo Transici\u00f3n Energ\u00e9tica Factorenergia"},"description":"El equipo est\u00e1 formado por expertos en materia de Luz, Gas y Eficiencia Energ\u00e9tica, que conocen de primera mano las tendencias del mercado. Su experiencia en el sector les permite ofrecer las mejores soluciones energ\u00e9ticas y resolver las dudas planteadas por los clientes.","sameAs":["https:\/\/www.factorenergia.com\/es\/","https:\/\/www.facebook.com\/factorenergiacom","https:\/\/www.instagram.com\/factorenergia_com\/","https:\/\/es.linkedin.com\/company\/factor-energia","https:\/\/twitter.com\/factorenergia","https:\/\/www.youtube.com\/c\/factorenergiacom"],"url":"https:\/\/www.factorenergia.com\/es\/blog\/author\/marketing\/"}]}},"_links":{"self":[{"href":"https:\/\/www.factorenergia.com\/es\/wp-json\/wp\/v2\/posts\/7722"}],"collection":[{"href":"https:\/\/www.factorenergia.com\/es\/wp-json\/wp\/v2\/posts"}],"about":[{"href":"https:\/\/www.factorenergia.com\/es\/wp-json\/wp\/v2\/types\/post"}],"author":[{"embeddable":true,"href":"https:\/\/www.factorenergia.com\/es\/wp-json\/wp\/v2\/users\/17"}],"replies":[{"embeddable":true,"href":"https:\/\/www.factorenergia.com\/es\/wp-json\/wp\/v2\/comments?post=7722"}],"version-history":[{"count":3,"href":"https:\/\/www.factorenergia.com\/es\/wp-json\/wp\/v2\/posts\/7722\/revisions"}],"predecessor-version":[{"id":18640,"href":"https:\/\/www.factorenergia.com\/es\/wp-json\/wp\/v2\/posts\/7722\/revisions\/18640"}],"acf:term":[{"embeddable":true,"taxonomy":"category","href":"https:\/\/www.factorenergia.com\/es\/wp-json\/wp\/v2\/categories\/62"}],"wp:attachment":[{"href":"https:\/\/www.factorenergia.com\/es\/wp-json\/wp\/v2\/media?parent=7722"}],"wp:term":[{"taxonomy":"category","embeddable":true,"href":"https:\/\/www.factorenergia.com\/es\/wp-json\/wp\/v2\/categories?post=7722"},{"taxonomy":"post_tag","embeddable":true,"href":"https:\/\/www.factorenergia.com\/es\/wp-json\/wp\/v2\/tags?post=7722"}],"curies":[{"name":"wp","href":"https:\/\/api.w.org\/{rel}","templated":true}]}}