{"id":7605,"date":"2019-01-07T09:00:58","date_gmt":"2019-01-07T07:00:58","guid":{"rendered":"https:\/\/www.factorenergia.com\/es\/?post_type=blog&#038;p=7605"},"modified":"2023-05-18T08:56:12","modified_gmt":"2023-05-18T06:56:12","slug":"nuevo-bono-social-electrico-2019","status":"publish","type":"post","link":"https:\/\/www.factorenergia.com\/es\/blog\/ahorrar-electricidad\/nuevo-bono-social-electrico-2019\/","title":{"rendered":"\u00bfQu\u00e9 es el nuevo bono social el\u00e9ctrico de 2019?"},"content":{"rendered":"<p>En este art\u00edculo queremos hablarte del nuevo bono social el\u00e9ctrico que se ha implementado a finales del 2018 en Espa\u00f1a. Te hablaremos de los cambios que implica respecto a su hom\u00f3logo anterior y en qu\u00e9 puntos puede beneficiar a muchas familias. Como siempre, estamos comprometidos con el ahorro energ\u00e9tico: sigue leyendo para beneficiarte de \u00e9l.<\/p>\n<h2>Nuevo bono social el\u00e9ctrico 2019: \u00bfqu\u00e9 es?<\/h2>\n<p>El\u00a0nuevo bono social el\u00e9ctrico es un apoyo econ\u00f3mico para que se pueda afrontar con mayores comodidades la factura de la luz a trav\u00e9s de una serie de descuentos. Puede aplicarse a los domicilios habituales cuya potencia contratada sea inferior a los 10 kW. Hay que decir que, al mismo tiempo, es solo compatible con la <a href=\"\/es\/hogares\/tarifas\/variable\/\">tarifa PVPC<\/a> (Precio Voluntario al Peque\u00f1o Consumidor).<\/p>\n<h3>Requisitos para obtener el bono social de electricidad<\/h3>\n<p>En este nuevo bono social el\u00e9ctrico se han creado varias categor\u00edas posibles para beneficiarse de \u00e9l:<\/p>\n<ul>\n<li><strong>Consumidor vulnerable:<\/strong> son todos aquellos hogares que se beneficiar\u00e1n de un descuento de un 25% de forma fija.<br \/>\n<strong><\/strong><\/li>\n<li><strong>Consumidor vulnerable severo:<\/strong> naturalmente, el acceso a esta categor\u00eda es m\u00e1s limitado. Los descuentos que se le aplican son del 40%.<br \/>\n<strong><\/strong><\/li>\n<li><strong>Consumidores vulnerables severos en riesgo de exclusi\u00f3n:<\/strong> est\u00e1 reservado para aquellos hogares de extrema necesidad y riesgo de exclusi\u00f3n social. Los servicios sociales intervendr\u00e1n en ellos de forma auton\u00f3mica o local y suponen el pago total de la factura siendo la administraci\u00f3n quien pagar\u00e1 el 40% de la factura.<\/li>\n<\/ul>\n<p>Existen otros casos que comentaremos m\u00e1s adelante por depender exclusivamente de la renta familiar. Son los siguientes:<\/p>\n<ul>\n<li>Familias numerosas<\/li>\n<li>Familias monoparentales<\/li>\n<li>Hogares con la totalidad de sus miembros pensionistas\u00a0y que\u00a0 reciben la pensi\u00f3n m\u00ednima<\/li>\n<\/ul>\n<p>&nbsp;<\/p>\n<h3>Rentas a tener en cuenta en el nuevo bono social el\u00e9ctrico<\/h3>\n<p>Para este nuevo bono social el\u00e9ctrico se tendr\u00e1 en cuenta la renta de cada hogar como criterio fundamental. La renta que se cuenta es la de la \u00faltima declaraci\u00f3n de la renta presentada por todos los miembros de la familia si fiscalizan o por el solicitante. No se tendr\u00e1n en cuenta hijos mayores de edad, conocidos, amigos, etc. en dicho c\u00f3mputo.<\/p>\n<p>Para fijar los l\u00edmites se tiene en cuenta el Indicador P\u00fablico de Renta de Efectos M\u00faltiples (IPREM) de un total de 14 pagas. En 2018 dicho indicador estaba en los 7519,59 de renta anual. As\u00ed pues, junto con ello y las cualidades del hogar ser\u00e1n consumidores vulnerables:<\/p>\n<ul>\n<li>Hogares sin menores: una renta de 11279,38 euros<\/li>\n<li>Con un menor en la unidad familiar: 15039,19 euros<\/li>\n<li>Hogares con dos menores en la unidad familiar: 18798,98 euros<\/li>\n<\/ul>\n<p>La cuant\u00eda de los l\u00edmites se incrementa en 0,5 veces el valor del IPREM seg\u00fan los siguientes criterios para alg\u00fan miembro de la familia:<\/p>\n<ul>\n<li>Alg\u00fan miembro tiene una discapacidad reconocida superior o igual al 33%<\/li>\n<li>Alguno de los miembros es v\u00edctima de terrorismo o v\u00edctima de violencia de g\u00e9nero<\/li>\n<li>El hogar es una familia monoparental<\/li>\n<li>Alg\u00fan miembro se encuentra en situaci\u00f3n de dependencia de grado II o III<\/li>\n<\/ul>\n<p>Ahora bien, en el caso de ser familia numerosa seremos considerados dentro del grupo de consumidores vulnerables. En dicho caso no se tendr\u00e1 en cuenta el requisito de renta.<\/p>\n<h3>Diferencias del nuevo bono social el\u00e9ctrico y el anterior<\/h3>\n<p>Te hablamos, por \u00faltimo de las diferencias de este nuevo bono social el\u00e9ctrico con el anterior.<\/p>\n<h4>Se aumenta el l\u00edmite de consumo el\u00e9ctrico<\/h4>\n<p>Una de las cuestiones m\u00e1s controvertidas del anterior bono social era el l\u00edmite al consumo. Como consecuencia de los descuentos se asum\u00eda que el consumo de las familias acogidas a \u00e9l se disparar\u00eda por lo que se establecieron l\u00edmites. En el nuevo bono social el\u00e9ctrico estos l\u00edmites se aumentan un 15% respecto al anterior bono.\u00a0Adem\u00e1s, los kW no consumidos se acumulan para los siguientes 12 meses.<\/p>\n<h4>El bono t\u00e9rmico<\/h4>\n<p>Los beneficiarios del nuevo bono social el\u00e9ctrico tambi\u00e9n pueden optar a un bono t\u00e9rmico con ayuda para calefacci\u00f3n y agua caliente. La cantidad sufragada var\u00eda seg\u00fan la renta.<\/p>\n<h4>Se suprimen los cortes de luz<\/h4>\n<p>Para familias con el nuevo bono social el\u00e9ctrico con menores de 16 a\u00f1os y\/o dependientes de grado II o III o con discapacidad del 33% se suprimen los cortes de luz.<\/p>\n<h4>M\u00e1s control de las compa\u00f1\u00edas el\u00e9ctrica<\/h4>\n<p>De un lado se obliga a las compa\u00f1\u00edas a informar en la factura a sus clientes de que deben regularse por el PVPC para solicitar el bono. Adem\u00e1s, se proh\u00edbe la pr\u00e1ctica de captar clientes puerta a puerta a trav\u00e9s de comerciales.<\/p>\n","protected":false},"excerpt":{"rendered":"<p>Te explicamos los requisitos para poder solicitar el bono social de electricidad en 2019, as\u00ed como las principales mejoras que presenta respecto al anterior bono social. En Factor Energ\u00eda nos preocupamos por el bienestar de nuestros clientes, si necesitas ayuda para pagar la factura de la luz, sigue leyendo.<\/p>\n","protected":false},"author":17,"featured_media":0,"comment_status":"open","ping_status":"closed","sticky":false,"template":"","format":"standard","meta":{"inline_featured_image":false,"footnotes":""},"categories":[50],"tags":[],"acf":{"fecha_de_la_entrada":"20190107","imagen_portada":7606,"categoria_blog":50,"tipo_de_distribuidora":null,"tiempo_lectura":"","banner_bool":false,"titulo_banner":"","texto_banner":"","texto_boton_banner":"","url_boton_banner":"","post_relacionados":null},"yoast_head":"<!-- This site is optimized with the Yoast SEO plugin v22.2 - https:\/\/yoast.com\/wordpress\/plugins\/seo\/ -->\n<title>\u00bfQu\u00e9 es el nuevo bono social el\u00e9ctrico de 2019? | FactorEnerg\u00eda<\/title>\n<meta name=\"description\" content=\"Te explicamos qu\u00e9 es el bono social el\u00e9ctrico y c\u00f3mo ser\u00e1 en 2019: requisitos para el bono social de electricidad y ventajas respecto al anterior.\" \/>\n<meta name=\"robots\" content=\"index, follow, max-snippet:-1, max-image-preview:large, max-video-preview:-1\" \/>\n<link rel=\"canonical\" href=\"https:\/\/www.factorenergia.com\/es\/blog\/ahorrar-electricidad\/nuevo-bono-social-electrico-2019\/\" \/>\n<meta name=\"twitter:card\" content=\"summary_large_image\" \/>\n<meta name=\"twitter:title\" content=\"\u00bfQu\u00e9 es el nuevo bono social el\u00e9ctrico de 2019? | FactorEnerg\u00eda\" \/>\n<meta name=\"twitter:description\" content=\"Te explicamos qu\u00e9 es el bono social el\u00e9ctrico y c\u00f3mo ser\u00e1 en 2019: requisitos para el bono social de electricidad y ventajas respecto al anterior.\" \/>\n<meta name=\"twitter:creator\" content=\"@factorenergia\" \/>\n<meta name=\"twitter:site\" content=\"@factorenergia\" \/>\n<meta name=\"twitter:label1\" content=\"Escrito por\" \/>\n\t<meta name=\"twitter:data1\" content=\"Equipo Transici\u00f3n Energ\u00e9tica Factorenergia\" \/>\n\t<meta name=\"twitter:label2\" content=\"Tiempo de lectura\" \/>\n\t<meta name=\"twitter:data2\" content=\"4 minutos\" \/>\n<script type=\"application\/ld+json\" class=\"yoast-schema-graph\">{\"@context\":\"https:\/\/schema.org\",\"@graph\":[{\"@type\":\"WebPage\",\"@id\":\"https:\/\/www.factorenergia.com\/es\/blog\/ahorrar-electricidad\/nuevo-bono-social-electrico-2019\/\",\"url\":\"https:\/\/www.factorenergia.com\/es\/blog\/ahorrar-electricidad\/nuevo-bono-social-electrico-2019\/\",\"name\":\"\u00bfQu\u00e9 es el nuevo bono social el\u00e9ctrico de 2019? | FactorEnerg\u00eda\",\"isPartOf\":{\"@id\":\"https:\/\/www.factorenergia.com\/es\/#website\"},\"datePublished\":\"2019-01-07T07:00:58+00:00\",\"dateModified\":\"2023-05-18T06:56:12+00:00\",\"author\":{\"@id\":\"https:\/\/www.factorenergia.com\/es\/#\/schema\/person\/dff9e4b6dc520720e3a37bdaaedc5841\"},\"description\":\"Te explicamos qu\u00e9 es el bono social el\u00e9ctrico y c\u00f3mo ser\u00e1 en 2019: requisitos para el bono social de electricidad y ventajas respecto al anterior.\",\"breadcrumb\":{\"@id\":\"https:\/\/www.factorenergia.com\/es\/blog\/ahorrar-electricidad\/nuevo-bono-social-electrico-2019\/#breadcrumb\"},\"inLanguage\":\"es\",\"potentialAction\":[{\"@type\":\"ReadAction\",\"target\":[\"https:\/\/www.factorenergia.com\/es\/blog\/ahorrar-electricidad\/nuevo-bono-social-electrico-2019\/\"]}]},{\"@type\":\"BreadcrumbList\",\"@id\":\"https:\/\/www.factorenergia.com\/es\/blog\/ahorrar-electricidad\/nuevo-bono-social-electrico-2019\/#breadcrumb\",\"itemListElement\":[{\"@type\":\"ListItem\",\"position\":1,\"name\":\"Portada\",\"item\":\"https:\/\/www.factorenergia.com\/es\/\"},{\"@type\":\"ListItem\",\"position\":2,\"name\":\"\u00bfQu\u00e9 es el nuevo bono social el\u00e9ctrico de 2019?\"}]},{\"@type\":\"WebSite\",\"@id\":\"https:\/\/www.factorenergia.com\/es\/#website\",\"url\":\"https:\/\/www.factorenergia.com\/es\/\",\"name\":\"factorenergia\",\"description\":\"Factor Energ\u00eda\",\"potentialAction\":[{\"@type\":\"SearchAction\",\"target\":{\"@type\":\"EntryPoint\",\"urlTemplate\":\"https:\/\/www.factorenergia.com\/es\/?s={search_term_string}\"},\"query-input\":\"required name=search_term_string\"}],\"inLanguage\":\"es\"},{\"@type\":\"Person\",\"@id\":\"https:\/\/www.factorenergia.com\/es\/#\/schema\/person\/dff9e4b6dc520720e3a37bdaaedc5841\",\"name\":\"Equipo Transici\u00f3n Energ\u00e9tica Factorenergia\",\"image\":{\"@type\":\"ImageObject\",\"inLanguage\":\"es\",\"@id\":\"https:\/\/www.factorenergia.com\/es\/#\/schema\/person\/image\/\",\"url\":\"https:\/\/secure.gravatar.com\/avatar\/1b7c76bab80ee1c4261b06108874e24b?s=96&d=mm&r=g\",\"contentUrl\":\"https:\/\/secure.gravatar.com\/avatar\/1b7c76bab80ee1c4261b06108874e24b?s=96&d=mm&r=g\",\"caption\":\"Equipo Transici\u00f3n Energ\u00e9tica Factorenergia\"},\"description\":\"El equipo est\u00e1 formado por expertos en materia de Luz, Gas y Eficiencia Energ\u00e9tica, que conocen de primera mano las tendencias del mercado. Su experiencia en el sector les permite ofrecer las mejores soluciones energ\u00e9ticas y resolver las dudas planteadas por los clientes.\",\"sameAs\":[\"https:\/\/www.factorenergia.com\/es\/\",\"https:\/\/www.facebook.com\/factorenergiacom\",\"https:\/\/www.instagram.com\/factorenergia_com\/\",\"https:\/\/es.linkedin.com\/company\/factor-energia\",\"https:\/\/twitter.com\/factorenergia\",\"https:\/\/www.youtube.com\/c\/factorenergiacom\"],\"url\":\"https:\/\/www.factorenergia.com\/es\/blog\/author\/marketing\/\"}]}<\/script>\n<!-- \/ Yoast SEO plugin. -->","yoast_head_json":{"title":"\u00bfQu\u00e9 es el nuevo bono social el\u00e9ctrico de 2019? | FactorEnerg\u00eda","description":"Te explicamos qu\u00e9 es el bono social el\u00e9ctrico y c\u00f3mo ser\u00e1 en 2019: requisitos para el bono social de electricidad y ventajas respecto al anterior.","robots":{"index":"index","follow":"follow","max-snippet":"max-snippet:-1","max-image-preview":"max-image-preview:large","max-video-preview":"max-video-preview:-1"},"canonical":"https:\/\/www.factorenergia.com\/es\/blog\/ahorrar-electricidad\/nuevo-bono-social-electrico-2019\/","twitter_card":"summary_large_image","twitter_title":"\u00bfQu\u00e9 es el nuevo bono social el\u00e9ctrico de 2019? | FactorEnerg\u00eda","twitter_description":"Te explicamos qu\u00e9 es el bono social el\u00e9ctrico y c\u00f3mo ser\u00e1 en 2019: requisitos para el bono social de electricidad y ventajas respecto al anterior.","twitter_creator":"@factorenergia","twitter_site":"@factorenergia","twitter_misc":{"Escrito por":"Equipo Transici\u00f3n Energ\u00e9tica Factorenergia","Tiempo de lectura":"4 minutos"},"schema":{"@context":"https:\/\/schema.org","@graph":[{"@type":"WebPage","@id":"https:\/\/www.factorenergia.com\/es\/blog\/ahorrar-electricidad\/nuevo-bono-social-electrico-2019\/","url":"https:\/\/www.factorenergia.com\/es\/blog\/ahorrar-electricidad\/nuevo-bono-social-electrico-2019\/","name":"\u00bfQu\u00e9 es el nuevo bono social el\u00e9ctrico de 2019? | FactorEnerg\u00eda","isPartOf":{"@id":"https:\/\/www.factorenergia.com\/es\/#website"},"datePublished":"2019-01-07T07:00:58+00:00","dateModified":"2023-05-18T06:56:12+00:00","author":{"@id":"https:\/\/www.factorenergia.com\/es\/#\/schema\/person\/dff9e4b6dc520720e3a37bdaaedc5841"},"description":"Te explicamos qu\u00e9 es el bono social el\u00e9ctrico y c\u00f3mo ser\u00e1 en 2019: requisitos para el bono social de electricidad y ventajas respecto al anterior.","breadcrumb":{"@id":"https:\/\/www.factorenergia.com\/es\/blog\/ahorrar-electricidad\/nuevo-bono-social-electrico-2019\/#breadcrumb"},"inLanguage":"es","potentialAction":[{"@type":"ReadAction","target":["https:\/\/www.factorenergia.com\/es\/blog\/ahorrar-electricidad\/nuevo-bono-social-electrico-2019\/"]}]},{"@type":"BreadcrumbList","@id":"https:\/\/www.factorenergia.com\/es\/blog\/ahorrar-electricidad\/nuevo-bono-social-electrico-2019\/#breadcrumb","itemListElement":[{"@type":"ListItem","position":1,"name":"Portada","item":"https:\/\/www.factorenergia.com\/es\/"},{"@type":"ListItem","position":2,"name":"\u00bfQu\u00e9 es el nuevo bono social el\u00e9ctrico de 2019?"}]},{"@type":"WebSite","@id":"https:\/\/www.factorenergia.com\/es\/#website","url":"https:\/\/www.factorenergia.com\/es\/","name":"factorenergia","description":"Factor Energ\u00eda","potentialAction":[{"@type":"SearchAction","target":{"@type":"EntryPoint","urlTemplate":"https:\/\/www.factorenergia.com\/es\/?s={search_term_string}"},"query-input":"required name=search_term_string"}],"inLanguage":"es"},{"@type":"Person","@id":"https:\/\/www.factorenergia.com\/es\/#\/schema\/person\/dff9e4b6dc520720e3a37bdaaedc5841","name":"Equipo Transici\u00f3n Energ\u00e9tica Factorenergia","image":{"@type":"ImageObject","inLanguage":"es","@id":"https:\/\/www.factorenergia.com\/es\/#\/schema\/person\/image\/","url":"https:\/\/secure.gravatar.com\/avatar\/1b7c76bab80ee1c4261b06108874e24b?s=96&d=mm&r=g","contentUrl":"https:\/\/secure.gravatar.com\/avatar\/1b7c76bab80ee1c4261b06108874e24b?s=96&d=mm&r=g","caption":"Equipo Transici\u00f3n Energ\u00e9tica Factorenergia"},"description":"El equipo est\u00e1 formado por expertos en materia de Luz, Gas y Eficiencia Energ\u00e9tica, que conocen de primera mano las tendencias del mercado. Su experiencia en el sector les permite ofrecer las mejores soluciones energ\u00e9ticas y resolver las dudas planteadas por los clientes.","sameAs":["https:\/\/www.factorenergia.com\/es\/","https:\/\/www.facebook.com\/factorenergiacom","https:\/\/www.instagram.com\/factorenergia_com\/","https:\/\/es.linkedin.com\/company\/factor-energia","https:\/\/twitter.com\/factorenergia","https:\/\/www.youtube.com\/c\/factorenergiacom"],"url":"https:\/\/www.factorenergia.com\/es\/blog\/author\/marketing\/"}]}},"_links":{"self":[{"href":"https:\/\/www.factorenergia.com\/es\/wp-json\/wp\/v2\/posts\/7605"}],"collection":[{"href":"https:\/\/www.factorenergia.com\/es\/wp-json\/wp\/v2\/posts"}],"about":[{"href":"https:\/\/www.factorenergia.com\/es\/wp-json\/wp\/v2\/types\/post"}],"author":[{"embeddable":true,"href":"https:\/\/www.factorenergia.com\/es\/wp-json\/wp\/v2\/users\/17"}],"replies":[{"embeddable":true,"href":"https:\/\/www.factorenergia.com\/es\/wp-json\/wp\/v2\/comments?post=7605"}],"version-history":[{"count":2,"href":"https:\/\/www.factorenergia.com\/es\/wp-json\/wp\/v2\/posts\/7605\/revisions"}],"predecessor-version":[{"id":18648,"href":"https:\/\/www.factorenergia.com\/es\/wp-json\/wp\/v2\/posts\/7605\/revisions\/18648"}],"acf:term":[{"embeddable":true,"taxonomy":"category","href":"https:\/\/www.factorenergia.com\/es\/wp-json\/wp\/v2\/categories\/50"}],"wp:attachment":[{"href":"https:\/\/www.factorenergia.com\/es\/wp-json\/wp\/v2\/media?parent=7605"}],"wp:term":[{"taxonomy":"category","embeddable":true,"href":"https:\/\/www.factorenergia.com\/es\/wp-json\/wp\/v2\/categories?post=7605"},{"taxonomy":"post_tag","embeddable":true,"href":"https:\/\/www.factorenergia.com\/es\/wp-json\/wp\/v2\/tags?post=7605"}],"curies":[{"name":"wp","href":"https:\/\/api.w.org\/{rel}","templated":true}]}}