{"id":7535,"date":"2018-12-13T09:00:44","date_gmt":"2018-12-13T07:00:44","guid":{"rendered":"https:\/\/www.factorenergia.com\/es\/?post_type=blog&#038;p=7535"},"modified":"2023-05-18T08:56:17","modified_gmt":"2023-05-18T06:56:17","slug":"solicitar-al-ayuntamiento-puntos-carga-coche-electrico","status":"publish","type":"post","link":"https:\/\/www.factorenergia.com\/es\/blog\/movilidad-electrica\/solicitar-al-ayuntamiento-puntos-carga-coche-electrico\/","title":{"rendered":"Solicitar ayudas para la instalaci\u00f3n puntos de carga de coche el\u00e9ctrico"},"content":{"rendered":"<p>Hoy os hablaremos de uno de los temas m\u00e1s interesantes entre todo lo que tiene que ver con el ahorro energ\u00e9tico y un uso m\u00e1s eficiente de los recursos. Nos referimos a la <a href=\"https:\/\/www.factorenergia.com\/es\/blog\/movilidad-electrica\/instalacion-puntos-recarga-coches-electricos\/\">instalaci\u00f3n de puntos de carga para coches el\u00e9ctricos<\/a>. En concreto, te explicaremos si es posible solicitar a tu ayuntamiento o Comunidad Aut\u00f3noma alg\u00fan tipo de ayuda para la instalaci\u00f3n de estos puntos de recarga. Tambi\u00e9n te informaremos de todas las novedades que hay al respecto.<\/p>\n<h2>Subvenciones para puntos de carga para coches el\u00e9ctricos: \u00bfd\u00f3nde se pueden solicitar?<\/h2>\n<p>Para todos los que se hayan animado a <strong>comprar un coche el\u00e9ctrico<\/strong>, hay que decir que tenemos buenas noticias. Es posible solicitar <strong>ayudas para la compra de coches el\u00e9ctricos<\/strong> y tambi\u00e9n para la <strong>instalaci\u00f3n de puntos de carga<\/strong>. En estos momentos, cuentas con una ayuda de 5.500 euros para la compra de un veh\u00edculo 100% el\u00e9ctrico. Respecto a la instalaci\u00f3n de puntos de recarga, se subvenciona el 40% del coste de la misma. Queremos recordarte que, adem\u00e1s, estas ayudas son tanto para particulares como para comunidades de vecinos.<\/p>\n<p>Todas estas ayudas se encuentran recogidas en el plan MOVES, y puedes obtener m\u00e1s informaci\u00f3n dirigi\u00e9ndote a tu Comunidad Aut\u00f3noma. Encontrar\u00e1s toda la informaci\u00f3n en la p\u00e1gina web de IDAE.<\/p>\n<p>Si bien depende de la regi\u00f3n donde vivimos, en t\u00e9rminos generales podemos decir que muchas Comunidades Aut\u00f3nomas ya ofrec\u00edan ayudas y subvenciones para la instalaci\u00f3n de<strong> puntos de carga para coches el\u00e9ctricos<\/strong>. Por ejemplo, en el caso de la Comunidad de Madrid, se ofrece una subvenci\u00f3n para la preinstalaci\u00f3n el\u00e9ctrica de este tipo de instalaciones para particulares, empresas y municipios. En la Comunidad Foral de Navarra se ofrec\u00edan deducciones fiscales para la instalaci\u00f3n de puntos de recarga particulares. En Catalu\u00f1a, mediante el plan PIRVEC, se ofrece una ayuda para la instalaci\u00f3n de <strong>puntos de carga r\u00e1pida en municipios<\/strong>.<\/p>\n<p><span><div class=\"text-center center blog-cta\"><p>&iexcl;Instala un punto de recarga para tu coche el&eacute;ctrico con factorenergia!<\/p><a class=\"blog-cta primary-btn text-center solicitar-estudio\" target=\"_blank\" title=\"SOLICITA TU ESTUDIO GRATUITO\" href=\"https:\/\/www.factorenergia.com\/es\/hogares\/puntos-recarga-electricos\/\">SOLICITA TU ESTUDIO GRATUITO<\/a><p><\/p><div style=\"display:none;\"><p>&iexcl;Instala un punto de recarga para tu coche el&eacute;ctrico con factorenergia!<\/p><\/div>\n\t\t\t<script type='text\/javascript'>\n\t\t\t\tjQuery('.solicitar-estudio').click(function(){\t\t\t\t\t\t\t\t\t\n\t\t\t\t\tdataLayer.push({'language': 'es'});\n\t\t\t\t\tdataLayer.push({'post_id': '7535'});\n\t\t\t\t\tdataLayer.push({'cat_type': 'ce'});\n\t\t\t\t});\n\t\t\t<\/script>\n\t\t<\/div><br\/><\/span><\/p>\n<p>&nbsp;<\/p>\n<h3>Otras ayudas para el coche el\u00e9ctrico<\/h3>\n<p>Tambi\u00e9n pod\u00e9is dirigiros a vuestro Ayuntamiento para saber si se ofrece alg\u00fan tipo de <strong>bonificaci\u00f3n fiscal<\/strong>, como por ejemplo la reducci\u00f3n del Impuesto sobre Veh\u00edculos de Tracci\u00f3n Mec\u00e1nica (IVTM), o bien otras ayudas, como la gratuidad de los aparcamientos en las zonas de estacionamiento regulado (zona azul) o el acceso libre a los centros de las ciudades en episodios de alta contaminaci\u00f3n. Adem\u00e1s, recordad que se ofrecen bonificaciones en muchas autopistas de peaje.<\/p>\n<p>&nbsp;<\/p>\n<p>Esperamos que este art\u00edculo te haya servido de ayuda para iniciar los tr\u00e1mites encaminados a hacerte la vida m\u00e1s f\u00e1cil. Desde <strong>factorenergia<\/strong> podemos asesorarte y realizar el proyecto e instalaci\u00f3n de un punto de recarga en tu plaza de parking privado o en la de tu comunidad de vecinos. \u00a1S\u00famate a la\u00a0<a href=\"https:\/\/www.factorenergia.com\/es\/instalar-punto-recarga\/\">movilidad el\u00e9ctrica<\/a>!<\/p>\n","protected":false},"excerpt":{"rendered":"<p>Las grandes ciudades de todo el mundo est\u00e1n realizando cambios en la movilidad de los ciudadanos. La restricci\u00f3n de acceso a los centros de las grandes ciudades para los autom\u00f3viles m\u00e1s contaminantes ya es un hecho en lugares como Madrid. Pero, si quiero adquirir un coche el\u00e9ctrico, \u00bfme ofrecen alg\u00fan tipo de ayuda para la instalaci\u00f3n de un punto de carga? A continuaci\u00f3n te lo contamos.<\/p>\n","protected":false},"author":17,"featured_media":0,"comment_status":"open","ping_status":"closed","sticky":false,"template":"","format":"standard","meta":{"inline_featured_image":false,"footnotes":""},"categories":[62],"tags":[],"acf":{"fecha_de_la_entrada":"20181213","imagen_portada":7536,"categoria_blog":62,"tipo_de_distribuidora":null,"tiempo_lectura":"","banner_bool":false,"titulo_banner":"","texto_banner":"","texto_boton_banner":"","url_boton_banner":"","post_relacionados":""},"yoast_head":"<!-- This site is optimized with the Yoast SEO plugin v22.2 - https:\/\/yoast.com\/wordpress\/plugins\/seo\/ -->\n<title>Ayudas para puntos de carga de coche el\u00e9ctrico | FactorEnerg\u00eda<\/title>\n<meta name=\"description\" content=\"\u00bfSabes que hay ayuntamientos que ofrecen ayudas para la instalaci\u00f3n de puntos de carga de coche el\u00e9ctrico? S\u00famate a la movilidad el\u00e9ctrica, te ayudamos!\" \/>\n<meta name=\"robots\" content=\"index, follow, max-snippet:-1, max-image-preview:large, max-video-preview:-1\" \/>\n<link rel=\"canonical\" href=\"https:\/\/www.factorenergia.com\/es\/blog\/movilidad-electrica\/solicitar-al-ayuntamiento-puntos-carga-coche-electrico\/\" \/>\n<meta name=\"twitter:card\" content=\"summary_large_image\" \/>\n<meta name=\"twitter:title\" content=\"Ayudas para puntos de carga de coche el\u00e9ctrico | FactorEnerg\u00eda\" \/>\n<meta name=\"twitter:description\" content=\"\u00bfSabes que hay ayuntamientos que ofrecen ayudas para la instalaci\u00f3n de puntos de carga de coche el\u00e9ctrico? S\u00famate a la movilidad el\u00e9ctrica, te ayudamos!\" \/>\n<meta name=\"twitter:creator\" content=\"@factorenergia\" \/>\n<meta name=\"twitter:site\" content=\"@factorenergia\" \/>\n<meta name=\"twitter:label1\" content=\"Escrito por\" \/>\n\t<meta name=\"twitter:data1\" content=\"Equipo Transici\u00f3n Energ\u00e9tica Factorenergia\" \/>\n\t<meta name=\"twitter:label2\" content=\"Tiempo de lectura\" \/>\n\t<meta name=\"twitter:data2\" content=\"3 minutos\" \/>\n<script type=\"application\/ld+json\" class=\"yoast-schema-graph\">{\"@context\":\"https:\/\/schema.org\",\"@graph\":[{\"@type\":\"WebPage\",\"@id\":\"https:\/\/www.factorenergia.com\/es\/blog\/movilidad-electrica\/solicitar-al-ayuntamiento-puntos-carga-coche-electrico\/\",\"url\":\"https:\/\/www.factorenergia.com\/es\/blog\/movilidad-electrica\/solicitar-al-ayuntamiento-puntos-carga-coche-electrico\/\",\"name\":\"Ayudas para puntos de carga de coche el\u00e9ctrico | FactorEnerg\u00eda\",\"isPartOf\":{\"@id\":\"https:\/\/www.factorenergia.com\/es\/#website\"},\"datePublished\":\"2018-12-13T07:00:44+00:00\",\"dateModified\":\"2023-05-18T06:56:17+00:00\",\"author\":{\"@id\":\"https:\/\/www.factorenergia.com\/es\/#\/schema\/person\/dff9e4b6dc520720e3a37bdaaedc5841\"},\"description\":\"\u00bfSabes que hay ayuntamientos que ofrecen ayudas para la instalaci\u00f3n de puntos de carga de coche el\u00e9ctrico? S\u00famate a la movilidad el\u00e9ctrica, te ayudamos!\",\"breadcrumb\":{\"@id\":\"https:\/\/www.factorenergia.com\/es\/blog\/movilidad-electrica\/solicitar-al-ayuntamiento-puntos-carga-coche-electrico\/#breadcrumb\"},\"inLanguage\":\"es\",\"potentialAction\":[{\"@type\":\"ReadAction\",\"target\":[\"https:\/\/www.factorenergia.com\/es\/blog\/movilidad-electrica\/solicitar-al-ayuntamiento-puntos-carga-coche-electrico\/\"]}]},{\"@type\":\"BreadcrumbList\",\"@id\":\"https:\/\/www.factorenergia.com\/es\/blog\/movilidad-electrica\/solicitar-al-ayuntamiento-puntos-carga-coche-electrico\/#breadcrumb\",\"itemListElement\":[{\"@type\":\"ListItem\",\"position\":1,\"name\":\"Portada\",\"item\":\"https:\/\/www.factorenergia.com\/es\/\"},{\"@type\":\"ListItem\",\"position\":2,\"name\":\"Solicitar ayudas para la instalaci\u00f3n puntos de carga de coche el\u00e9ctrico\"}]},{\"@type\":\"WebSite\",\"@id\":\"https:\/\/www.factorenergia.com\/es\/#website\",\"url\":\"https:\/\/www.factorenergia.com\/es\/\",\"name\":\"factorenergia\",\"description\":\"Factor Energ\u00eda\",\"potentialAction\":[{\"@type\":\"SearchAction\",\"target\":{\"@type\":\"EntryPoint\",\"urlTemplate\":\"https:\/\/www.factorenergia.com\/es\/?s={search_term_string}\"},\"query-input\":\"required name=search_term_string\"}],\"inLanguage\":\"es\"},{\"@type\":\"Person\",\"@id\":\"https:\/\/www.factorenergia.com\/es\/#\/schema\/person\/dff9e4b6dc520720e3a37bdaaedc5841\",\"name\":\"Equipo Transici\u00f3n Energ\u00e9tica Factorenergia\",\"image\":{\"@type\":\"ImageObject\",\"inLanguage\":\"es\",\"@id\":\"https:\/\/www.factorenergia.com\/es\/#\/schema\/person\/image\/\",\"url\":\"https:\/\/secure.gravatar.com\/avatar\/1b7c76bab80ee1c4261b06108874e24b?s=96&d=mm&r=g\",\"contentUrl\":\"https:\/\/secure.gravatar.com\/avatar\/1b7c76bab80ee1c4261b06108874e24b?s=96&d=mm&r=g\",\"caption\":\"Equipo Transici\u00f3n Energ\u00e9tica Factorenergia\"},\"description\":\"El equipo est\u00e1 formado por expertos en materia de Luz, Gas y Eficiencia Energ\u00e9tica, que conocen de primera mano las tendencias del mercado. Su experiencia en el sector les permite ofrecer las mejores soluciones energ\u00e9ticas y resolver las dudas planteadas por los clientes.\",\"sameAs\":[\"https:\/\/www.factorenergia.com\/es\/\",\"https:\/\/www.facebook.com\/factorenergiacom\",\"https:\/\/www.instagram.com\/factorenergia_com\/\",\"https:\/\/es.linkedin.com\/company\/factor-energia\",\"https:\/\/twitter.com\/factorenergia\",\"https:\/\/www.youtube.com\/c\/factorenergiacom\"],\"url\":\"https:\/\/www.factorenergia.com\/es\/blog\/author\/marketing\/\"}]}<\/script>\n<!-- \/ Yoast SEO plugin. -->","yoast_head_json":{"title":"Ayudas para puntos de carga de coche el\u00e9ctrico | FactorEnerg\u00eda","description":"\u00bfSabes que hay ayuntamientos que ofrecen ayudas para la instalaci\u00f3n de puntos de carga de coche el\u00e9ctrico? S\u00famate a la movilidad el\u00e9ctrica, te ayudamos!","robots":{"index":"index","follow":"follow","max-snippet":"max-snippet:-1","max-image-preview":"max-image-preview:large","max-video-preview":"max-video-preview:-1"},"canonical":"https:\/\/www.factorenergia.com\/es\/blog\/movilidad-electrica\/solicitar-al-ayuntamiento-puntos-carga-coche-electrico\/","twitter_card":"summary_large_image","twitter_title":"Ayudas para puntos de carga de coche el\u00e9ctrico | FactorEnerg\u00eda","twitter_description":"\u00bfSabes que hay ayuntamientos que ofrecen ayudas para la instalaci\u00f3n de puntos de carga de coche el\u00e9ctrico? S\u00famate a la movilidad el\u00e9ctrica, te ayudamos!","twitter_creator":"@factorenergia","twitter_site":"@factorenergia","twitter_misc":{"Escrito por":"Equipo Transici\u00f3n Energ\u00e9tica Factorenergia","Tiempo de lectura":"3 minutos"},"schema":{"@context":"https:\/\/schema.org","@graph":[{"@type":"WebPage","@id":"https:\/\/www.factorenergia.com\/es\/blog\/movilidad-electrica\/solicitar-al-ayuntamiento-puntos-carga-coche-electrico\/","url":"https:\/\/www.factorenergia.com\/es\/blog\/movilidad-electrica\/solicitar-al-ayuntamiento-puntos-carga-coche-electrico\/","name":"Ayudas para puntos de carga de coche el\u00e9ctrico | FactorEnerg\u00eda","isPartOf":{"@id":"https:\/\/www.factorenergia.com\/es\/#website"},"datePublished":"2018-12-13T07:00:44+00:00","dateModified":"2023-05-18T06:56:17+00:00","author":{"@id":"https:\/\/www.factorenergia.com\/es\/#\/schema\/person\/dff9e4b6dc520720e3a37bdaaedc5841"},"description":"\u00bfSabes que hay ayuntamientos que ofrecen ayudas para la instalaci\u00f3n de puntos de carga de coche el\u00e9ctrico? S\u00famate a la movilidad el\u00e9ctrica, te ayudamos!","breadcrumb":{"@id":"https:\/\/www.factorenergia.com\/es\/blog\/movilidad-electrica\/solicitar-al-ayuntamiento-puntos-carga-coche-electrico\/#breadcrumb"},"inLanguage":"es","potentialAction":[{"@type":"ReadAction","target":["https:\/\/www.factorenergia.com\/es\/blog\/movilidad-electrica\/solicitar-al-ayuntamiento-puntos-carga-coche-electrico\/"]}]},{"@type":"BreadcrumbList","@id":"https:\/\/www.factorenergia.com\/es\/blog\/movilidad-electrica\/solicitar-al-ayuntamiento-puntos-carga-coche-electrico\/#breadcrumb","itemListElement":[{"@type":"ListItem","position":1,"name":"Portada","item":"https:\/\/www.factorenergia.com\/es\/"},{"@type":"ListItem","position":2,"name":"Solicitar ayudas para la instalaci\u00f3n puntos de carga de coche el\u00e9ctrico"}]},{"@type":"WebSite","@id":"https:\/\/www.factorenergia.com\/es\/#website","url":"https:\/\/www.factorenergia.com\/es\/","name":"factorenergia","description":"Factor Energ\u00eda","potentialAction":[{"@type":"SearchAction","target":{"@type":"EntryPoint","urlTemplate":"https:\/\/www.factorenergia.com\/es\/?s={search_term_string}"},"query-input":"required name=search_term_string"}],"inLanguage":"es"},{"@type":"Person","@id":"https:\/\/www.factorenergia.com\/es\/#\/schema\/person\/dff9e4b6dc520720e3a37bdaaedc5841","name":"Equipo Transici\u00f3n Energ\u00e9tica Factorenergia","image":{"@type":"ImageObject","inLanguage":"es","@id":"https:\/\/www.factorenergia.com\/es\/#\/schema\/person\/image\/","url":"https:\/\/secure.gravatar.com\/avatar\/1b7c76bab80ee1c4261b06108874e24b?s=96&d=mm&r=g","contentUrl":"https:\/\/secure.gravatar.com\/avatar\/1b7c76bab80ee1c4261b06108874e24b?s=96&d=mm&r=g","caption":"Equipo Transici\u00f3n Energ\u00e9tica Factorenergia"},"description":"El equipo est\u00e1 formado por expertos en materia de Luz, Gas y Eficiencia Energ\u00e9tica, que conocen de primera mano las tendencias del mercado. Su experiencia en el sector les permite ofrecer las mejores soluciones energ\u00e9ticas y resolver las dudas planteadas por los clientes.","sameAs":["https:\/\/www.factorenergia.com\/es\/","https:\/\/www.facebook.com\/factorenergiacom","https:\/\/www.instagram.com\/factorenergia_com\/","https:\/\/es.linkedin.com\/company\/factor-energia","https:\/\/twitter.com\/factorenergia","https:\/\/www.youtube.com\/c\/factorenergiacom"],"url":"https:\/\/www.factorenergia.com\/es\/blog\/author\/marketing\/"}]}},"_links":{"self":[{"href":"https:\/\/www.factorenergia.com\/es\/wp-json\/wp\/v2\/posts\/7535"}],"collection":[{"href":"https:\/\/www.factorenergia.com\/es\/wp-json\/wp\/v2\/posts"}],"about":[{"href":"https:\/\/www.factorenergia.com\/es\/wp-json\/wp\/v2\/types\/post"}],"author":[{"embeddable":true,"href":"https:\/\/www.factorenergia.com\/es\/wp-json\/wp\/v2\/users\/17"}],"replies":[{"embeddable":true,"href":"https:\/\/www.factorenergia.com\/es\/wp-json\/wp\/v2\/comments?post=7535"}],"version-history":[{"count":2,"href":"https:\/\/www.factorenergia.com\/es\/wp-json\/wp\/v2\/posts\/7535\/revisions"}],"predecessor-version":[{"id":18654,"href":"https:\/\/www.factorenergia.com\/es\/wp-json\/wp\/v2\/posts\/7535\/revisions\/18654"}],"acf:term":[{"embeddable":true,"taxonomy":"category","href":"https:\/\/www.factorenergia.com\/es\/wp-json\/wp\/v2\/categories\/62"}],"wp:attachment":[{"href":"https:\/\/www.factorenergia.com\/es\/wp-json\/wp\/v2\/media?parent=7535"}],"wp:term":[{"taxonomy":"category","embeddable":true,"href":"https:\/\/www.factorenergia.com\/es\/wp-json\/wp\/v2\/categories?post=7535"},{"taxonomy":"post_tag","embeddable":true,"href":"https:\/\/www.factorenergia.com\/es\/wp-json\/wp\/v2\/tags?post=7535"}],"curies":[{"name":"wp","href":"https:\/\/api.w.org\/{rel}","templated":true}]}}