{"id":7069,"date":"2018-09-06T11:30:58","date_gmt":"2018-09-06T09:30:58","guid":{"rendered":"https:\/\/www.factorenergia.com\/es\/?post_type=blog&#038;p=7069"},"modified":"2023-02-14T18:45:43","modified_gmt":"2023-02-14T16:45:43","slug":"puedo-instalar-un-punto-de-recarga-para-el-coche-electrico-en-casa","status":"publish","type":"post","link":"https:\/\/www.factorenergia.com\/es\/blog\/movilidad-electrica\/puedo-instalar-un-punto-de-recarga-para-el-coche-electrico-en-casa\/","title":{"rendered":"\u00bfPuedo instalar un punto de recarga para el coche el\u00e9ctrico en casa?"},"content":{"rendered":"<div class=\"tc-content\">\n<div id=\"task_view_description\">\n<p><span>\n<script type=\"text\/javascript\" id=\"auto-index\" async defer>\n\n      function indexContent(context){\n\n      var container = document.querySelector(context);\n\n      element = document.getElementById(\"accordion-index\");\n      var titles = Array.from(container.querySelectorAll(\"h2,h3\"));\n\n      for (var i = 0, l = titles.length; i < l; i++) {\n\n\t\tjQuery('#accordionIndex').show();\n\n        var tit = titles[i];\n\t\tvar newTitle = tit.textContent.toLowerCase().replace(\/[^a-zA-Z ]\/g, \"\").replace(\/\\s\/g, '-');\n\t\tvar numTag = Number(tit.tagName.replace(\/[^1-9]\/g, \"\"));\n\t\tvar tagWidth = (numTag*20);\n\n\t\tvar preText = '<span style=\"margin-left:' + tagWidth + 'px\"><\/span>';\n\n        tit.setAttribute(\"id\", newTitle);\n\t\tjQuery(tit).addClass('h-inline');\n\t\t\n\t\tvar toIndex = '<p class=\"h-inline\"><a class=\"blog-toindex\" href=\"#accordionIndex\"><span class=\"glyphicon glyphicon-chevron-up\" aria-hidden=\"true\"><\/span><\/a><\/p>';\n\n\t\tjQuery(toIndex).insertAfter(tit);\n\n        var node = document.createElement(\"LI\");                 \n        var link = document.createElement(\"A\");\n        var textnode = document.createTextNode(tit.textContent);\n\n        link.appendChild(textnode);\n        link.setAttribute(\"href\", '#' + newTitle);\n\t\t\/\/link.setAttribute(\"style\", \"margin-left:\" + tagWidth + \"px\");\n\t\tlink.setAttribute(\"class\", \"acc-h\" + numTag);\n        node.appendChild(link);\n\n        element.appendChild(node);\n\n      }\n    }\n\n    jQuery(document).ready(function(){\t\t\n\t\tindexContent(\".single-post-content\");\n\n\t\tjQuery(\".accordion-toggle\").click(function() {\n\t\t\tjQuery(this).toggleClass(\"open\");\n\t\t\tjQuery(\"#collapseIndex\").slideToggle(\"in\");\n\t\t});\n\t});\n\n\n<\/script>\n\n<style>\n\t.accordion-toggle{\n\t\tcursor:pointer;\n\t}\n\n\t#accordionIndex .panel-heading{\n\t\tmargin-bottom:0px;\n\t}\n\n\t.articulo ul, .articulo ol{\n\t\tmargin-bottom:auto;\n\t}\n\n\t.h-inline{\n\t\tdisplay: inline-flex;\n\t\tflex-wrap: wrap\n\t}\n\t#accordion-index{\n\t\tpadding-left:0px;\n\t}\n\t#accordion-index li a{\n\t\tdisplay:block;\n\t\tpadding-top:5px;\n\t}\n\n\t.acc-h2{\n\t\tmargin-left:0px;\n\t\tposition: relative;\n\t}\n\n\t.acc-h3{\n\t\tmargin-left:25px;\n\t}\n\n\t.acc-h3::before{\n\t\tcontent: \"\";\n\t\tbackground-color:var(--blue-light);\n\t\tmargin-left:-10px;\n\t\twidth: 7px;\n\t\theight: 7px;\n\t\tdisplay: inline-block;\n\t\ttext-align: center;\n\t\tborder-radius: 1000px;\n\t\tmargin-right: 10px;\n    \tmargin-bottom: 2px;\n\t}\n\n\t.acc-h4{\n\t\tmargin-left:40px;\n\t}\n\n\t.acc-h4::before{\n\t\tcontent: \"\";\n\t\tborder: 1px solid var(--blue-light);\n\t\tmargin-left:-5px;\n\t\twidth: 7px;\n\t\theight: 7px;\n\t\tdisplay: inline-block;\n\t\ttext-align: center;\n\t\tborder-radius: 100%;\n\t\tmargin-right: 10px;\n    \tmargin-bottom: 2px;\n\t}\n\n\t.acc-h3:hover::before{\n\t\tbackground-color: var(--blue-darkest);\n\t}\n\n\t.acc-h4:hover::before{\n\t\tborder-color: var(--blue-darkest);\n\t}\n\n\t@media (max-width: 992px){\n\t\t.acc-h2{\n\t\t\tmargin-left:0px;\n\t\t}\n\t\t.acc-h3{\n\t\t\tmargin-left:20px;\n\t\t}\n\t\t.acc-h4{\n\t\t\tmargin-left:40px;\n\t\t}\n\t}\n\n\t\/*\n\th2.h-inline:after,\n\th3.h-inline:after{\n\t\theight: 24px;\n\t\tcontent: \"\";\n\t\tdisplay: table-row;\n\t}*\/\n<\/style>\n\n<div id=\"table-accordion-index\">\n\t<div class=\"panel-group\" id=\"accordionIndex\">\n\t\t<div class=\"panel panel-default\">\n\t\t\t<div class=\"panel-heading\">\n\t\t\t\t<div class=\"panel-title open\"><div class=\"accordion-toggle\" data-toggle=\"collapse\" data-parent=\"#accordion\" aria-expanded=\"true\">\u00cdndice<\/div><\/div>\n\t\t\t<\/div>\n\t\t\t<div id=\"collapseIndex\" class=\"panel-collapse collapse in\" aria-expanded=\"true\">\n\t\t\t\t<div class=\"panel-body\">\n\t\t\t\t\t<ul id=\"accordion-index\">\n\t\t\t\t\t<\/ul>\n\t\t\t\t<\/div>\n\t\t\t<\/div>\n\t\t<\/div>\n\t<\/div>\n<\/div><\/span><\/p>\n<\/div>\n<\/div>\n<p>El auge de la venta de coches el\u00e9ctricos es una realidad, es una muestra de la concienciaci\u00f3n del ciudadano con la preservaci\u00f3n del Planeta. Hoy es incuestionable que la movilidad el\u00e9ctrica es sin\u00f3nimo de movilidad sostenible. Podemos decir que la movilidad urbana ser\u00e1 el\u00e9ctrica o no ser\u00e1.<\/p>\n<p>Entre enero y julio de 2018 se han matriculado el doble de veh\u00edculos el\u00e9ctricos e h\u00edbridos enchufables en Espa\u00f1a con respecto al a\u00f1o anterior. Han crecido las ventas de estos veh\u00edculos un 97% y 126% respectivamente.<\/p>\n<p>No obstante, nos encontramos con un peque\u00f1o inconveniente: la carencia de los puntos de recarga en los espacios p\u00fablicos. Una de las causas es que, hoy en d\u00eda, instalar puntos de recarga en lugares p\u00fablicos no es rentable para las empresas especializadas, por lo que no hacen la inversi\u00f3n. Es necesario que se incremente el parque de veh\u00edculos el\u00e9ctricos para que la iniciativa privada construya un negocio alrededor de la instalaci\u00f3n de puntos de recarga en la v\u00eda p\u00fablica.<\/p>\n<p>Hoy la mejor soluci\u00f3n es instalar un punto de recarga en el garaje de tu casa o en tu plaza del parking comunitario del edificio. Si quieres saber qu\u00e9 hacer y c\u00f3mo instalar un punto de recarga en casa, sigue leyendo.<\/p>\n<p><span><div class=\"text-center center blog-cta\"><p>&iexcl;Instala un punto de recarga para tu coche el&eacute;ctrico con factorenergia!<\/p><a class=\"blog-cta primary-btn text-center solicitar-estudio\" target=\"_blank\" title=\"SOLICITA TU ESTUDIO GRATUITO\" href=\"https:\/\/www.factorenergia.com\/es\/hogares\/puntos-recarga-electricos\/\">SOLICITA TU ESTUDIO GRATUITO<\/a><p><\/p><div style=\"display:none;\"><p>&iexcl;Instala un punto de recarga para tu coche el&eacute;ctrico con factorenergia!<\/p><\/div>\n\t\t\t<script type='text\/javascript'>\n\t\t\t\tjQuery('.solicitar-estudio').click(function(){\t\t\t\t\t\t\t\t\t\n\t\t\t\t\tdataLayer.push({'language': 'es'});\n\t\t\t\t\tdataLayer.push({'post_id': '7069'});\n\t\t\t\t\tdataLayer.push({'cat_type': 'ce'});\n\t\t\t\t});\n\t\t\t<\/script>\n\t\t<\/div><br\/><\/span><\/p>\n<h2>Instalar cargador de coche el\u00e9ctrico\u00a0en el parking comunitario<\/h2>\n<p>Lo que est\u00e1 claro es que para salir de casa tranquilo tienes que ir con la bater\u00eda cargada, y si quieres recargar tu veh\u00edculo el\u00e9ctrico en la puerta de tu casa, debes seguir los siguientes pasos:<\/p>\n<h3>Informar a la comunidad<strong> <\/strong><\/h3>\n<p>Instalar un punto de recarga en tu garaje comunitario es m\u00e1s f\u00e1cil de lo que parece. S\u00f3lo tienes que informar a la comunidad por escrito.<\/p>\n<p>Es posible que pienses que tus vecinos te pondr\u00e1n pegas. La realidad es otra, la ley\u00a0te ampara, y probablemente tu administrador ni siquiera se plantear\u00e1 preguntar a la comunidad, sino que lo que har\u00e1 ser\u00e1 informar de que vas a instalar un punto de recarga. Gracias a una modificaci\u00f3n de la\u00a0Ley de Propiedad Horizontal en el a\u00f1o 2009, actualmente\u00a0simplemente hay que informar por escrito al presidente de la comunidad\u00a0o administrador de la finca donde se va a realizar la instalaci\u00f3n.<\/p>\n<h3>Punto de recarga instalado acorde a la normativa<strong> <\/strong><\/h3>\n<p>Lo que si es necesario es que el punto de recarga est\u00e9 instalado acorde a la instrucci\u00f3n t\u00e9cnica complementaria del\u00a0Reglamento electrot\u00e9cnico de baja tensi\u00f3n\u00a0ITC-BT-52, encargada de regular la infraestructura de recarga para coches el\u00e9ctricos.<\/p>\n\r\n<script type=\"text\/javascript\" async defer>\r\n\r\n    jQuery(document).ready(function(){\t\t\r\n\t\t\r\n\t});\r\n<\/script>\r\n\r\n<style>\r\n\t.block-interested_posts{\r\n        margin-top: 10px;\r\n        padding: 20px;\r\n        border: 2px solid #92C200;\r\n    }\r\n    .block-interested_posts ul{\r\n        margin-bottom:0px;\r\n    }\r\n    .block-interested_posts ul li{\r\n        margin-bottom:5px;\r\n    }\r\n    .block-interested_posts ul li a{\r\n        \/*color: #DF981E;*\/\r\n    }\r\n\r\n<\/style>\r\n\r\n<div class=\"block-interested_posts\">\r\n    <p><strong>Post que te pueden interesar<\/strong><\/p>\r\n    <ul>\r\n                    <li><a href=\"https:\/\/www.factorenergia.com\/es\/blog\/movilidad-electrica\/instalacion-puntos-recarga-coches-electricos\/\" title=\"Puntos de recarga para coches el\u00e9ctricos: lo que tienes que saber\">Puntos de recarga para coches el\u00e9ctricos: lo que tienes que saber<\/a><\/li>\r\n                    <li><a href=\"https:\/\/www.factorenergia.com\/es\/blog\/movilidad-electrica\/proceso-recargar-coche-electrico-punto-carga\/\" title=\"Proceso para recargar el coche el\u00e9ctrico en el punto de carga\">Proceso para recargar el coche el\u00e9ctrico en el punto de carga<\/a><\/li>\r\n            <\/ul>\t\r\n<\/div>\n<h2>\u00a0\u00bfD\u00f3nde instalar el contador secundario de luz en el punto de recarga particular del coche el\u00e9ctrico?<\/h2>\n<p>Es habitual que tu plaza de parking se encuentre en el mismo edificio en el que vives, pero a veces\u00a0puede estar\u00a0en otro edificio cercano al tuyo. Lo primero que debes saber, es d\u00f3nde vas a instalarte el punto de recarga y lo siguiente es preguntarte \u00bfd\u00f3nde va a estar la toma de luz y c\u00f3mo voy a hacer que el consumo se impute a mi contador?<\/p>\n<p>Existen tres tipos de instalaci\u00f3n, dependiendo de d\u00f3nde este localizada la plaza de parking y las caracter\u00edsticas de la misma:<\/p>\n<h3>Cable desde el contador de tu casa<\/h3>\n<p>Si vives en el mismo edificio donde aparcas, puedes utilizar el mismo contador de tu casa para cargar el coche el\u00e9ctrico. Normalmente, los contadores de luz suelen estar situados en la planta baja de los edificios. Tirar cable desde tu casa hasta tu plaza de parking situada en el piso -1 o -2 no suele ser muy complicado.<\/p>\n<p>De esta forma, no necesitas un contador nuevo y puedes unificar el consumo del hogar y el del coche el\u00e9ctrico en un mismo contrato, ahorrando la necesidad de pagar dos t\u00e9rminos de potencia y tener dos facturas de luz al mismo tiempo.<\/p>\n<p>&nbsp;<\/p>\n<p><picture><source srcset=\"https:\/\/www.factorenergia.com\/wp-content\/webp-express\/webp-images\/uploads\/2018\/09\/cargador-coche-casa-1024x684.jpg.webp 1024w, https:\/\/www.factorenergia.com\/wp-content\/webp-express\/webp-images\/uploads\/2018\/09\/cargador-coche-casa-300x200.jpg.webp 300w, https:\/\/www.factorenergia.com\/wp-content\/webp-express\/webp-images\/uploads\/2018\/09\/cargador-coche-casa-768x513.jpg.webp 768w, https:\/\/www.factorenergia.com\/wp-content\/webp-express\/webp-images\/uploads\/2018\/09\/cargador-coche-casa-265x177.jpg.webp 265w, https:\/\/www.factorenergia.com\/wp-content\/webp-express\/webp-images\/uploads\/2018\/09\/cargador-coche-casa-90x60.jpg.webp 90w, https:\/\/www.factorenergia.com\/wp-content\/webp-express\/webp-images\/uploads\/2018\/09\/cargador-coche-casa-170x114.jpg.webp 170w, https:\/\/www.factorenergia.com\/wp-content\/webp-express\/webp-images\/uploads\/2018\/09\/cargador-coche-casa-539x360.jpg.webp 539w, https:\/\/www.factorenergia.com\/wp-content\/webp-express\/webp-images\/uploads\/2018\/09\/cargador-coche-casa-449x300.jpg.webp 449w, https:\/\/www.factorenergia.com\/wp-content\/webp-express\/webp-images\/uploads\/2018\/09\/cargador-coche-casa-500x334.jpg.webp 500w\" sizes=\"(max-width: 1024px) 100vw, 1024px\" type=\"image\/webp\"><img loading=\"lazy\" decoding=\"async\" src=\"https:\/\/www.factorenergia.com\/wp-content\/uploads\/2018\/09\/cargador-coche-casa-1024x684.jpg\" alt=\"cargar coche electrico en casa\" width=\"1024\" height=\"684\" class=\"alignnone wp-image-10542 size-large webpexpress-processed\" title=\"cargador de coche electrico en parking privado\" srcset=\"https:\/\/www.factorenergia.com\/wp-content\/uploads\/2018\/09\/cargador-coche-casa-1024x684.jpg 1024w, https:\/\/www.factorenergia.com\/wp-content\/uploads\/2018\/09\/cargador-coche-casa-300x200.jpg 300w, https:\/\/www.factorenergia.com\/wp-content\/uploads\/2018\/09\/cargador-coche-casa-768x513.jpg 768w, https:\/\/www.factorenergia.com\/wp-content\/uploads\/2018\/09\/cargador-coche-casa-265x177.jpg 265w, https:\/\/www.factorenergia.com\/wp-content\/uploads\/2018\/09\/cargador-coche-casa-90x60.jpg 90w, https:\/\/www.factorenergia.com\/wp-content\/uploads\/2018\/09\/cargador-coche-casa-170x114.jpg 170w, https:\/\/www.factorenergia.com\/wp-content\/uploads\/2018\/09\/cargador-coche-casa-539x360.jpg 539w, https:\/\/www.factorenergia.com\/wp-content\/uploads\/2018\/09\/cargador-coche-casa-449x300.jpg 449w, https:\/\/www.factorenergia.com\/wp-content\/uploads\/2018\/09\/cargador-coche-casa-500x334.jpg 500w\" sizes=\"(max-width: 1024px) 100vw, 1024px\"><\/picture><\/p>\n<p>&nbsp;<\/p>\n<h3>Desde el contador comunitario<\/h3>\n<p>Para los casos en los que la plaza de garaje no se encuentra en el mismo edificio donde vives, o en los que no sea posible realizar la derivaci\u00f3n desde tu propio contador, bien por motivos t\u00e9cnicos o normativos, existe la posibilidad de hacer la derivaci\u00f3n desde el contador el\u00e9ctrico del propio garaje. La instalaci\u00f3n de esta opci\u00f3n, apenas cambia, pero se hace imprescindible un contador secundario que servir\u00e1 para que la comunidad de propietarios te cobre la electricidad que consumas en tu punto de recarga.<\/p>\n<h3>Nuevo contador exclusivo para cargar el coche el\u00e9ctrico<\/h3>\n<p>Si no podemos hacer una derivaci\u00f3n desde el contador de nuestra casa porque la plaza de parking\u00a0est\u00e1 lejos o en otro edificio. Existe la segunda opci\u00f3n, que es contratar\u00a0una nueva l\u00ednea el\u00e9ctrica exclusiva para la recarga del veh\u00edculo el\u00e9ctrico. Esta opci\u00f3n es m\u00e1s cara, porque es necesario pagar un nuevo t\u00e9rmino de potencia y dos facturas de luz.<\/p>\n<h3>\u00bfCu\u00e1nto cuesta instalar un punto de recarga en un parking privado o comunitario?<\/h3>\n<p>En principio, el <a href=\"https:\/\/www.factorenergia.com\/es\/blog\/movilidad-electrica\/instalacion-puntos-recarga-coches-electricos\/\" title=\"instalaci\u00f3n punto de recarga para coche el\u00e9ctrico\" target=\"_blank\" rel=\"noopener noreferrer\">precio del punto de recarga de coche el\u00e9ctrico<\/a> es muy econ\u00f3mico. Por si no lo sab\u00edas, con un simple enchufe si tienes el cargador ocasional ya te sirve, no necesitas m\u00e1s. Lo que pasa es que normalmente los parkings comunitarios no tienen muchos enchufes y los que tienen son de la comunidad. Con lo cual, lo m\u00e1s seguro es que no te dejen utilizarlo porque si no la electricidad consumida la pagar\u00eda la misma comunidad.<\/p>\n<p>En este caso, lo m\u00e1s \u00e9tico ser\u00eda que te dejar\u00e1n instalar un enchufe propio tuyo para que cuando cargues el coche el\u00e9ctrico, la electricidad consumida se facture a ti y no a otros. Esta opci\u00f3n es bastante econ\u00f3mica y te permitir\u00e1 cargar tu coche el\u00e9ctrico en 5 horas m\u00e1s o menos. Asimismo, el \u00fanico gasto que tendr\u00edas que asumir es lo que vale instalar el nuevo contador.<\/p>\n<p>En definitiva,\u00a0ya es\u00a0una realidad la necesidad de multiplicar los puntos de recarga del veh\u00edculo el\u00e9ctrico en los sitios p\u00fablicos pero mientras eso no es posible, apostamos por instalar un punto de recarga en nuestra plaza de parking privada.<\/p>\n<p>En factorenergia ponemos a disposici\u00f3n de nuestros clientes un producto espec\u00edfico,\u00a0<a href=\"https:\/\/www.factorenergia.com\/es\/instalar-punto-recarga\/\" title=\"recarga de veh\u00edculos el\u00e9ctricos\" target=\"_blank\" rel=\"noopener noreferrer\">Factor ECOMobility<\/a>\u00a0\u00a0Creemos tambi\u00e9n que la carga privada\u00a0es otro punto importante\u00a0para el desarrollo del coche el\u00e9ctrico, por eso financiamos el proyecto y la instalaci\u00f3n del punto de recarga en la plaza privada de parking comunitario, encarg\u00e1ndonos de todos los tr\u00e1mites administrativos y obtenci\u00f3n de los permisos necesarios.<\/p>\n","protected":false},"excerpt":{"rendered":"<p>Comprar un coche el\u00e9ctrico comporta responderte a la pregunta de d\u00f3nde podr\u00e9 recargar su bater\u00eda. Hoy, los puntos de recarga p\u00fablicos son a\u00fan insuficientes. Lo m\u00e1s aconsejable es disponer de un punto de recarga de tu propiedad; ya sea en el garaje de tu casa o en el parking comunitario donde dispongas de tu plaza privada. En el siguiente post, te explicamos los pasos a seguir para instalar tu propio punto de recarga para el coche el\u00e9ctrico.<\/p>\n","protected":false},"author":17,"featured_media":0,"comment_status":"open","ping_status":"closed","sticky":false,"template":"","format":"standard","meta":{"inline_featured_image":false,"footnotes":""},"categories":[62],"tags":[],"acf":{"fecha_de_la_entrada":"20180906","imagen_portada":7070,"categoria_blog":62,"tipo_de_distribuidora":null,"tiempo_lectura":"","banner_bool":false,"titulo_banner":"","texto_banner":"","texto_boton_banner":"","url_boton_banner":"","post_relacionados":null},"yoast_head":"<!-- This site is optimized with the Yoast SEO plugin v22.2 - https:\/\/yoast.com\/wordpress\/plugins\/seo\/ -->\n<title>Instalar cargador de coche el\u00e9ctrico - factorenergia<\/title>\n<meta name=\"description\" content=\"Instalar un cargador de coche el\u00e9ctrico en el garaje de tu casa o en tu plaza del parking comunitario es sencillo. Te informamos c\u00f3mo hacerlo.\" \/>\n<meta name=\"robots\" content=\"index, follow, max-snippet:-1, max-image-preview:large, max-video-preview:-1\" \/>\n<link rel=\"canonical\" href=\"https:\/\/www.factorenergia.com\/es\/blog\/movilidad-electrica\/puedo-instalar-un-punto-de-recarga-para-el-coche-electrico-en-casa\/\" \/>\n<meta name=\"twitter:card\" content=\"summary_large_image\" \/>\n<meta name=\"twitter:title\" content=\"Instalar cargador de coche el\u00e9ctrico - factorenergia\" \/>\n<meta name=\"twitter:description\" content=\"Instalar un cargador de coche el\u00e9ctrico en el garaje de tu casa o en tu plaza del parking comunitario es sencillo. Te informamos c\u00f3mo hacerlo.\" \/>\n<meta name=\"twitter:image\" content=\"https:\/\/www.factorenergia.com\/wp-content\/uploads\/2018\/09\/cargador-coche-casa-1024x684.jpg\" \/>\n<meta name=\"twitter:creator\" content=\"@factorenergia\" \/>\n<meta name=\"twitter:site\" content=\"@factorenergia\" \/>\n<meta name=\"twitter:label1\" content=\"Escrito por\" \/>\n\t<meta name=\"twitter:data1\" content=\"Equipo Transici\u00f3n Energ\u00e9tica Factorenergia\" \/>\n\t<meta name=\"twitter:label2\" content=\"Tiempo de lectura\" \/>\n\t<meta name=\"twitter:data2\" content=\"6 minutos\" \/>\n<script type=\"application\/ld+json\" class=\"yoast-schema-graph\">{\"@context\":\"https:\/\/schema.org\",\"@graph\":[{\"@type\":\"WebPage\",\"@id\":\"https:\/\/www.factorenergia.com\/es\/blog\/movilidad-electrica\/puedo-instalar-un-punto-de-recarga-para-el-coche-electrico-en-casa\/\",\"url\":\"https:\/\/www.factorenergia.com\/es\/blog\/movilidad-electrica\/puedo-instalar-un-punto-de-recarga-para-el-coche-electrico-en-casa\/\",\"name\":\"Instalar cargador de coche el\u00e9ctrico - factorenergia\",\"isPartOf\":{\"@id\":\"https:\/\/www.factorenergia.com\/es\/#website\"},\"primaryImageOfPage\":{\"@id\":\"https:\/\/www.factorenergia.com\/es\/blog\/movilidad-electrica\/puedo-instalar-un-punto-de-recarga-para-el-coche-electrico-en-casa\/#primaryimage\"},\"image\":{\"@id\":\"https:\/\/www.factorenergia.com\/es\/blog\/movilidad-electrica\/puedo-instalar-un-punto-de-recarga-para-el-coche-electrico-en-casa\/#primaryimage\"},\"thumbnailUrl\":\"https:\/\/www.factorenergia.com\/wp-content\/uploads\/2018\/09\/cargador-coche-casa-1024x684.jpg\",\"datePublished\":\"2018-09-06T09:30:58+00:00\",\"dateModified\":\"2023-02-14T16:45:43+00:00\",\"author\":{\"@id\":\"https:\/\/www.factorenergia.com\/es\/#\/schema\/person\/dff9e4b6dc520720e3a37bdaaedc5841\"},\"description\":\"Instalar un cargador de coche el\u00e9ctrico en el garaje de tu casa o en tu plaza del parking comunitario es sencillo. Te informamos c\u00f3mo hacerlo.\",\"breadcrumb\":{\"@id\":\"https:\/\/www.factorenergia.com\/es\/blog\/movilidad-electrica\/puedo-instalar-un-punto-de-recarga-para-el-coche-electrico-en-casa\/#breadcrumb\"},\"inLanguage\":\"es\",\"potentialAction\":[{\"@type\":\"ReadAction\",\"target\":[\"https:\/\/www.factorenergia.com\/es\/blog\/movilidad-electrica\/puedo-instalar-un-punto-de-recarga-para-el-coche-electrico-en-casa\/\"]}]},{\"@type\":\"ImageObject\",\"inLanguage\":\"es\",\"@id\":\"https:\/\/www.factorenergia.com\/es\/blog\/movilidad-electrica\/puedo-instalar-un-punto-de-recarga-para-el-coche-electrico-en-casa\/#primaryimage\",\"url\":\"https:\/\/www.factorenergia.com\/wp-content\/uploads\/2018\/09\/cargador-coche-casa-1024x684.jpg\",\"contentUrl\":\"https:\/\/www.factorenergia.com\/wp-content\/uploads\/2018\/09\/cargador-coche-casa-1024x684.jpg\"},{\"@type\":\"BreadcrumbList\",\"@id\":\"https:\/\/www.factorenergia.com\/es\/blog\/movilidad-electrica\/puedo-instalar-un-punto-de-recarga-para-el-coche-electrico-en-casa\/#breadcrumb\",\"itemListElement\":[{\"@type\":\"ListItem\",\"position\":1,\"name\":\"Portada\",\"item\":\"https:\/\/www.factorenergia.com\/es\/\"},{\"@type\":\"ListItem\",\"position\":2,\"name\":\"\u00bfPuedo instalar un punto de recarga para el coche el\u00e9ctrico en casa?\"}]},{\"@type\":\"WebSite\",\"@id\":\"https:\/\/www.factorenergia.com\/es\/#website\",\"url\":\"https:\/\/www.factorenergia.com\/es\/\",\"name\":\"factorenergia\",\"description\":\"Factor Energ\u00eda\",\"potentialAction\":[{\"@type\":\"SearchAction\",\"target\":{\"@type\":\"EntryPoint\",\"urlTemplate\":\"https:\/\/www.factorenergia.com\/es\/?s={search_term_string}\"},\"query-input\":\"required name=search_term_string\"}],\"inLanguage\":\"es\"},{\"@type\":\"Person\",\"@id\":\"https:\/\/www.factorenergia.com\/es\/#\/schema\/person\/dff9e4b6dc520720e3a37bdaaedc5841\",\"name\":\"Equipo Transici\u00f3n Energ\u00e9tica Factorenergia\",\"image\":{\"@type\":\"ImageObject\",\"inLanguage\":\"es\",\"@id\":\"https:\/\/www.factorenergia.com\/es\/#\/schema\/person\/image\/\",\"url\":\"https:\/\/secure.gravatar.com\/avatar\/1b7c76bab80ee1c4261b06108874e24b?s=96&d=mm&r=g\",\"contentUrl\":\"https:\/\/secure.gravatar.com\/avatar\/1b7c76bab80ee1c4261b06108874e24b?s=96&d=mm&r=g\",\"caption\":\"Equipo Transici\u00f3n Energ\u00e9tica Factorenergia\"},\"description\":\"El equipo est\u00e1 formado por expertos en materia de Luz, Gas y Eficiencia Energ\u00e9tica, que conocen de primera mano las tendencias del mercado. Su experiencia en el sector les permite ofrecer las mejores soluciones energ\u00e9ticas y resolver las dudas planteadas por los clientes.\",\"sameAs\":[\"https:\/\/www.factorenergia.com\/es\/\",\"https:\/\/www.facebook.com\/factorenergiacom\",\"https:\/\/www.instagram.com\/factorenergia_com\/\",\"https:\/\/es.linkedin.com\/company\/factor-energia\",\"https:\/\/twitter.com\/factorenergia\",\"https:\/\/www.youtube.com\/c\/factorenergiacom\"],\"url\":\"https:\/\/www.factorenergia.com\/es\/blog\/author\/marketing\/\"}]}<\/script>\n<!-- \/ Yoast SEO plugin. -->","yoast_head_json":{"title":"Instalar cargador de coche el\u00e9ctrico - factorenergia","description":"Instalar un cargador de coche el\u00e9ctrico en el garaje de tu casa o en tu plaza del parking comunitario es sencillo. Te informamos c\u00f3mo hacerlo.","robots":{"index":"index","follow":"follow","max-snippet":"max-snippet:-1","max-image-preview":"max-image-preview:large","max-video-preview":"max-video-preview:-1"},"canonical":"https:\/\/www.factorenergia.com\/es\/blog\/movilidad-electrica\/puedo-instalar-un-punto-de-recarga-para-el-coche-electrico-en-casa\/","twitter_card":"summary_large_image","twitter_title":"Instalar cargador de coche el\u00e9ctrico - factorenergia","twitter_description":"Instalar un cargador de coche el\u00e9ctrico en el garaje de tu casa o en tu plaza del parking comunitario es sencillo. Te informamos c\u00f3mo hacerlo.","twitter_image":"https:\/\/www.factorenergia.com\/wp-content\/uploads\/2018\/09\/cargador-coche-casa-1024x684.jpg","twitter_creator":"@factorenergia","twitter_site":"@factorenergia","twitter_misc":{"Escrito por":"Equipo Transici\u00f3n Energ\u00e9tica Factorenergia","Tiempo de lectura":"6 minutos"},"schema":{"@context":"https:\/\/schema.org","@graph":[{"@type":"WebPage","@id":"https:\/\/www.factorenergia.com\/es\/blog\/movilidad-electrica\/puedo-instalar-un-punto-de-recarga-para-el-coche-electrico-en-casa\/","url":"https:\/\/www.factorenergia.com\/es\/blog\/movilidad-electrica\/puedo-instalar-un-punto-de-recarga-para-el-coche-electrico-en-casa\/","name":"Instalar cargador de coche el\u00e9ctrico - factorenergia","isPartOf":{"@id":"https:\/\/www.factorenergia.com\/es\/#website"},"primaryImageOfPage":{"@id":"https:\/\/www.factorenergia.com\/es\/blog\/movilidad-electrica\/puedo-instalar-un-punto-de-recarga-para-el-coche-electrico-en-casa\/#primaryimage"},"image":{"@id":"https:\/\/www.factorenergia.com\/es\/blog\/movilidad-electrica\/puedo-instalar-un-punto-de-recarga-para-el-coche-electrico-en-casa\/#primaryimage"},"thumbnailUrl":"https:\/\/www.factorenergia.com\/wp-content\/uploads\/2018\/09\/cargador-coche-casa-1024x684.jpg","datePublished":"2018-09-06T09:30:58+00:00","dateModified":"2023-02-14T16:45:43+00:00","author":{"@id":"https:\/\/www.factorenergia.com\/es\/#\/schema\/person\/dff9e4b6dc520720e3a37bdaaedc5841"},"description":"Instalar un cargador de coche el\u00e9ctrico en el garaje de tu casa o en tu plaza del parking comunitario es sencillo. Te informamos c\u00f3mo hacerlo.","breadcrumb":{"@id":"https:\/\/www.factorenergia.com\/es\/blog\/movilidad-electrica\/puedo-instalar-un-punto-de-recarga-para-el-coche-electrico-en-casa\/#breadcrumb"},"inLanguage":"es","potentialAction":[{"@type":"ReadAction","target":["https:\/\/www.factorenergia.com\/es\/blog\/movilidad-electrica\/puedo-instalar-un-punto-de-recarga-para-el-coche-electrico-en-casa\/"]}]},{"@type":"ImageObject","inLanguage":"es","@id":"https:\/\/www.factorenergia.com\/es\/blog\/movilidad-electrica\/puedo-instalar-un-punto-de-recarga-para-el-coche-electrico-en-casa\/#primaryimage","url":"https:\/\/www.factorenergia.com\/wp-content\/uploads\/2018\/09\/cargador-coche-casa-1024x684.jpg","contentUrl":"https:\/\/www.factorenergia.com\/wp-content\/uploads\/2018\/09\/cargador-coche-casa-1024x684.jpg"},{"@type":"BreadcrumbList","@id":"https:\/\/www.factorenergia.com\/es\/blog\/movilidad-electrica\/puedo-instalar-un-punto-de-recarga-para-el-coche-electrico-en-casa\/#breadcrumb","itemListElement":[{"@type":"ListItem","position":1,"name":"Portada","item":"https:\/\/www.factorenergia.com\/es\/"},{"@type":"ListItem","position":2,"name":"\u00bfPuedo instalar un punto de recarga para el coche el\u00e9ctrico en casa?"}]},{"@type":"WebSite","@id":"https:\/\/www.factorenergia.com\/es\/#website","url":"https:\/\/www.factorenergia.com\/es\/","name":"factorenergia","description":"Factor Energ\u00eda","potentialAction":[{"@type":"SearchAction","target":{"@type":"EntryPoint","urlTemplate":"https:\/\/www.factorenergia.com\/es\/?s={search_term_string}"},"query-input":"required name=search_term_string"}],"inLanguage":"es"},{"@type":"Person","@id":"https:\/\/www.factorenergia.com\/es\/#\/schema\/person\/dff9e4b6dc520720e3a37bdaaedc5841","name":"Equipo Transici\u00f3n Energ\u00e9tica Factorenergia","image":{"@type":"ImageObject","inLanguage":"es","@id":"https:\/\/www.factorenergia.com\/es\/#\/schema\/person\/image\/","url":"https:\/\/secure.gravatar.com\/avatar\/1b7c76bab80ee1c4261b06108874e24b?s=96&d=mm&r=g","contentUrl":"https:\/\/secure.gravatar.com\/avatar\/1b7c76bab80ee1c4261b06108874e24b?s=96&d=mm&r=g","caption":"Equipo Transici\u00f3n Energ\u00e9tica Factorenergia"},"description":"El equipo est\u00e1 formado por expertos en materia de Luz, Gas y Eficiencia Energ\u00e9tica, que conocen de primera mano las tendencias del mercado. Su experiencia en el sector les permite ofrecer las mejores soluciones energ\u00e9ticas y resolver las dudas planteadas por los clientes.","sameAs":["https:\/\/www.factorenergia.com\/es\/","https:\/\/www.facebook.com\/factorenergiacom","https:\/\/www.instagram.com\/factorenergia_com\/","https:\/\/es.linkedin.com\/company\/factor-energia","https:\/\/twitter.com\/factorenergia","https:\/\/www.youtube.com\/c\/factorenergiacom"],"url":"https:\/\/www.factorenergia.com\/es\/blog\/author\/marketing\/"}]}},"_links":{"self":[{"href":"https:\/\/www.factorenergia.com\/es\/wp-json\/wp\/v2\/posts\/7069"}],"collection":[{"href":"https:\/\/www.factorenergia.com\/es\/wp-json\/wp\/v2\/posts"}],"about":[{"href":"https:\/\/www.factorenergia.com\/es\/wp-json\/wp\/v2\/types\/post"}],"author":[{"embeddable":true,"href":"https:\/\/www.factorenergia.com\/es\/wp-json\/wp\/v2\/users\/17"}],"replies":[{"embeddable":true,"href":"https:\/\/www.factorenergia.com\/es\/wp-json\/wp\/v2\/comments?post=7069"}],"version-history":[{"count":3,"href":"https:\/\/www.factorenergia.com\/es\/wp-json\/wp\/v2\/posts\/7069\/revisions"}],"predecessor-version":[{"id":18673,"href":"https:\/\/www.factorenergia.com\/es\/wp-json\/wp\/v2\/posts\/7069\/revisions\/18673"}],"acf:term":[{"embeddable":true,"taxonomy":"category","href":"https:\/\/www.factorenergia.com\/es\/wp-json\/wp\/v2\/categories\/62"}],"wp:attachment":[{"href":"https:\/\/www.factorenergia.com\/es\/wp-json\/wp\/v2\/media?parent=7069"}],"wp:term":[{"taxonomy":"category","embeddable":true,"href":"https:\/\/www.factorenergia.com\/es\/wp-json\/wp\/v2\/categories?post=7069"},{"taxonomy":"post_tag","embeddable":true,"href":"https:\/\/www.factorenergia.com\/es\/wp-json\/wp\/v2\/tags?post=7069"}],"curies":[{"name":"wp","href":"https:\/\/api.w.org\/{rel}","templated":true}]}}