{"id":6845,"date":"2018-08-10T13:30:40","date_gmt":"2018-08-10T11:30:40","guid":{"rendered":"https:\/\/www.factorenergia.com\/es\/?post_type=blog&#038;p=6845"},"modified":"2026-04-07T17:46:07","modified_gmt":"2026-04-07T15:46:07","slug":"aire-acondicionado-ecologico-y-bioclimatizadores-factorenergia","status":"publish","type":"post","link":"https:\/\/www.factorenergia.com\/es\/blog\/ahorrar-electricidad\/aire-acondicionado-ecologico-y-bioclimatizadores-factorenergia\/","title":{"rendered":"\u00bfExiste el aire acondicionado solar o ecol\u00f3gico?"},"content":{"rendered":"<h1>\u00bfAire acondicionado solar o ecol\u00f3gico?<\/h1>\n<p>El aire acondicionado ecol\u00f3gico y los bioclimatizadores son sistemas de refrigeraci\u00f3n ecol\u00f3gicos y sostenibles. Te explicamos c\u00f3mo funcionan. Ante la ola de calor que estamos viviendo estos d\u00edas, muchas personas se preguntan si existe una alternativa al aire acondicionado convencional que gasta mucha energ\u00eda y provoca un aumento considerable en la factura de luz.<\/p>\n<p>Y s\u00ed, hay alternativa. Hoy, te presentamos el aire acondicionado que funciona con energ\u00eda solar. No incrementa el coste de tu consumo el\u00e9ctrico y es ecol\u00f3gico. Es lo que llamamos aire acondicionado ecol\u00f3gico.<\/p>\n<h2>\u00bfC\u00f3mo funciona el aire acondicionado ecol\u00f3gico con energ\u00eda solar?<\/h2>\n<p>Al igual que a la mayor\u00eda de la poblaci\u00f3n, seguro que\u00a0te cuesta entender c\u00f3mo se puede obtener fr\u00edo desde una fuente de calor. Esto es posible gracias a la t\u00e9cnica de refrigeraci\u00f3n por absorci\u00f3n. Esta t\u00e9cnica permite conseguir aire fresco a partir del calor obtenido a trav\u00e9s de colectores solares.<\/p>\n<h2>\u00bfQu\u00e9 es la t\u00e9cnica de refrigeraci\u00f3n por absorci\u00f3n?<\/h2>\n<p>Esta t\u00e9cnica funciona mediante la energ\u00eda solar captada en colectores solares t\u00e9rmicos que calienta el agua a alta temperatura (entre 80 y 150\u00ba C). Entonces la m\u00e1quina de absorci\u00f3n realiza un ciclo de compresi\u00f3n termoqu\u00edmica y produce el agua fr\u00eda necesaria para la climatizaci\u00f3n de las estancias. Y se utiliza para el intercambio de calor dos fluidos, uno refrigerante y otro absorbente. Lo m\u00e1s habitual es emplear agua como refrigerante y una sal (bromuro de litio) como absorbente.<\/p>\n<p>Concretamente, su funcionamiento consiste en que el agua calentada por el sol cede ese calor al absorbente. Se consigue as\u00ed agua fr\u00eda. El absorbente debe volver a ceder el calor (que se transfiere a otra agua que act\u00faa como refrigerante) para regenerarse y volver a hacer su funci\u00f3n.<\/p>\n<p>Utilizar la energ\u00eda solar t\u00e9rmica para generar fr\u00edo solar y para algo m\u00e1s que calefacci\u00f3n o agua caliente hace que puedas amortizar la instalaci\u00f3n al m\u00e1ximo.<\/p>\n<h2>Otro tipo de aire acondicionado ecol\u00f3gico: Bioclimatizadores<\/h2>\n<p>Estamos en pleno agosto, y necesitas aire fresco para refrescar el ambiente, pero huyes de los t\u00edpicos ventiladores o del aire acondicionado. Te presento los bioclimatizadores, es otra manera de combatir el calor de forma ecol\u00f3gica.<\/p>\n<h3>\u00bfQu\u00e9 son los bioclimatizadores?<\/h3>\n<p>Es un purificador de aire que se encarga de refrescarlo y humedecerlo. El aire de\u00a0tu habitaci\u00f3n ir\u00e1 pasando por un filtro mojado que har\u00e1 que el aire expulsado tenga cierta humedad y frescor.<\/p>\n<p>Para conseguir un mayor o menor frescor, tendr\u00e1s una c\u00e1mara que deber\u00e1 irse rellenando cada cierto tiempo; en ella contaremos con agua fr\u00eda o incluso agua con hielo. Se dice que gracias a este mecanismo puedes conseguir hasta unos diez grados menos en la temperatura de tu habitaci\u00f3n. Utilizando los bioclimatizadores es un consumo de energ\u00eda mucho m\u00e1s respetuoso con el medio ambiente que el aire acondicionado convencional.<\/p>\n<h3>\u00bfQu\u00e9 ventajas tiene usar un bioclimatizador?<\/h3>\n<ul>\n<li>El aire expulsado por un Bioclimatizador tiene cierta humedad no es seco y en consecuencia no resaca las gargantas.<\/li>\n<li>El fr\u00edo ser\u00e1 gradual y nada brusco, a diferencia de los aires acondicionados que la bajada de temperatura es m\u00e1s brusca.<\/li>\n<li>Son mucho m\u00e1s econ\u00f3micos que los aires acondicionados y gastan un 80% menos de energ\u00eda.<\/li>\n<li>No requieren de ning\u00fan tipo de instalaci\u00f3n.<\/li>\n<\/ul>\n<p>Para concluir, es importante que la gente conozca que existen alternativas al aire acondicionado y que \u00e9stas ayudan al ahorro en la factura de luz y adem\u00e1s son f\u00e1ciles de instalar. Ya no hay excusa para pasar calor este verano.<\/p>\n<p>En <strong>Factorenergia<\/strong>, nos sumamos a la apuesta por el <a href=\"https:\/\/www.factorenergia.com\/es\/hogares\/placas-solares\/\"><\/a><a href=\"https:\/\/www.factorenergia.com\/es\/hogares\/placas-solares\/\" target=\"_blank\" rel=\"noopener\">autoconsumo solar<\/a> con un nuevo producto Factor ECOsun, dise\u00f1ando el proyecto de autoconsumo con placas solares, y financiando la compra y el montaje de las placas solares.<\/p>\n<p>Tambi\u00e9n, si te interesa instalar placas solares en tu casa o empresa,\u00a0contacta gratis y sin compromiso con nuestros expertos en autoconsumo solar: estudiaremos tus posibilidades, te presentaremos un dise\u00f1o y un presupuesto y, si est\u00e1s de acuerdo, gestionaremos la <a href=\"https:\/\/www.factorenergia.com\/es\/placas-solares\/instalacion\/\">instalaci\u00f3n de tus placas solares<\/a> para dejarlas listas para funcionar m\u00e1s.<\/p>\n","protected":false},"excerpt":{"rendered":"<p>\u00bfGasta mucho tu aire acondicionado?\u00bfNecesitas una alternativa? Hoy, vamos a presentarte el aire acondicionado ecol\u00f3gico, c\u00f3mo funciona, ventajas y caracter\u00edsticas. Si no quieres pasar calor y que esto no suba tu factura de luz, sigue leyendo\u2026 <\/p>\n","protected":false},"author":17,"featured_media":0,"comment_status":"open","ping_status":"closed","sticky":false,"template":"","format":"standard","meta":{"inline_featured_image":false,"footnotes":""},"categories":[50],"tags":[261,262,263],"acf":{"fecha_de_la_entrada":"20180810","imagen_portada":6846,"categoria_blog":null,"tipo_de_distribuidora":null,"tiempo_lectura":"","banner_bool":false,"titulo_banner":"","texto_banner":"","texto_boton_banner":"","url_boton_banner":"","post_relacionados":""},"yoast_head":"<!-- This site is optimized with the Yoast SEO plugin v22.2 - https:\/\/yoast.com\/wordpress\/plugins\/seo\/ -->\n<title>Aire acondicionado ecol\u00f3gico y bioclimatizadores | factorenergia<\/title>\n<meta name=\"description\" content=\"El aire acondicionado ecol\u00f3gico y los bioclimatizadores son sistemas de refrigeraci\u00f3n ecol\u00f3gicos y sostenibles. Te explicamos c\u00f3mo funcionan.\" \/>\n<meta name=\"robots\" content=\"index, follow, max-snippet:-1, max-image-preview:large, max-video-preview:-1\" \/>\n<link rel=\"canonical\" href=\"https:\/\/www.factorenergia.com\/es\/blog\/ahorrar-electricidad\/aire-acondicionado-ecologico-y-bioclimatizadores-factorenergia\/\" \/>\n<meta name=\"twitter:card\" content=\"summary_large_image\" \/>\n<meta name=\"twitter:title\" content=\"Aire acondicionado ecol\u00f3gico y bioclimatizadores | factorenergia\" \/>\n<meta name=\"twitter:description\" content=\"El aire acondicionado ecol\u00f3gico y los bioclimatizadores son sistemas de refrigeraci\u00f3n ecol\u00f3gicos y sostenibles. Te explicamos c\u00f3mo funcionan.\" \/>\n<meta name=\"twitter:creator\" content=\"@factorenergia\" \/>\n<meta name=\"twitter:site\" content=\"@factorenergia\" \/>\n<meta name=\"twitter:label1\" content=\"Escrito por\" \/>\n\t<meta name=\"twitter:data1\" content=\"Equipo Transici\u00f3n Energ\u00e9tica Factorenergia\" \/>\n\t<meta name=\"twitter:label2\" content=\"Tiempo de lectura\" \/>\n\t<meta name=\"twitter:data2\" content=\"4 minutos\" \/>\n<script type=\"application\/ld+json\" class=\"yoast-schema-graph\">{\"@context\":\"https:\/\/schema.org\",\"@graph\":[{\"@type\":\"WebPage\",\"@id\":\"https:\/\/www.factorenergia.com\/es\/blog\/ahorrar-electricidad\/aire-acondicionado-ecologico-y-bioclimatizadores-factorenergia\/\",\"url\":\"https:\/\/www.factorenergia.com\/es\/blog\/ahorrar-electricidad\/aire-acondicionado-ecologico-y-bioclimatizadores-factorenergia\/\",\"name\":\"Aire acondicionado ecol\u00f3gico y bioclimatizadores | factorenergia\",\"isPartOf\":{\"@id\":\"https:\/\/www.factorenergia.com\/es\/#website\"},\"datePublished\":\"2018-08-10T11:30:40+00:00\",\"dateModified\":\"2026-04-07T15:46:07+00:00\",\"author\":{\"@id\":\"https:\/\/www.factorenergia.com\/es\/#\/schema\/person\/dff9e4b6dc520720e3a37bdaaedc5841\"},\"description\":\"El aire acondicionado ecol\u00f3gico y los bioclimatizadores son sistemas de refrigeraci\u00f3n ecol\u00f3gicos y sostenibles. Te explicamos c\u00f3mo funcionan.\",\"breadcrumb\":{\"@id\":\"https:\/\/www.factorenergia.com\/es\/blog\/ahorrar-electricidad\/aire-acondicionado-ecologico-y-bioclimatizadores-factorenergia\/#breadcrumb\"},\"inLanguage\":\"es\",\"potentialAction\":[{\"@type\":\"ReadAction\",\"target\":[\"https:\/\/www.factorenergia.com\/es\/blog\/ahorrar-electricidad\/aire-acondicionado-ecologico-y-bioclimatizadores-factorenergia\/\"]}]},{\"@type\":\"BreadcrumbList\",\"@id\":\"https:\/\/www.factorenergia.com\/es\/blog\/ahorrar-electricidad\/aire-acondicionado-ecologico-y-bioclimatizadores-factorenergia\/#breadcrumb\",\"itemListElement\":[{\"@type\":\"ListItem\",\"position\":1,\"name\":\"Portada\",\"item\":\"https:\/\/www.factorenergia.com\/es\/\"},{\"@type\":\"ListItem\",\"position\":2,\"name\":\"\u00bfExiste el aire acondicionado solar o ecol\u00f3gico?\"}]},{\"@type\":\"WebSite\",\"@id\":\"https:\/\/www.factorenergia.com\/es\/#website\",\"url\":\"https:\/\/www.factorenergia.com\/es\/\",\"name\":\"factorenergia\",\"description\":\"Factor Energ\u00eda\",\"potentialAction\":[{\"@type\":\"SearchAction\",\"target\":{\"@type\":\"EntryPoint\",\"urlTemplate\":\"https:\/\/www.factorenergia.com\/es\/?s={search_term_string}\"},\"query-input\":\"required name=search_term_string\"}],\"inLanguage\":\"es\"},{\"@type\":\"Person\",\"@id\":\"https:\/\/www.factorenergia.com\/es\/#\/schema\/person\/dff9e4b6dc520720e3a37bdaaedc5841\",\"name\":\"Equipo Transici\u00f3n Energ\u00e9tica Factorenergia\",\"image\":{\"@type\":\"ImageObject\",\"inLanguage\":\"es\",\"@id\":\"https:\/\/www.factorenergia.com\/es\/#\/schema\/person\/image\/\",\"url\":\"https:\/\/secure.gravatar.com\/avatar\/1b7c76bab80ee1c4261b06108874e24b?s=96&d=mm&r=g\",\"contentUrl\":\"https:\/\/secure.gravatar.com\/avatar\/1b7c76bab80ee1c4261b06108874e24b?s=96&d=mm&r=g\",\"caption\":\"Equipo Transici\u00f3n Energ\u00e9tica Factorenergia\"},\"description\":\"El equipo est\u00e1 formado por expertos en materia de Luz, Gas y Eficiencia Energ\u00e9tica, que conocen de primera mano las tendencias del mercado. Su experiencia en el sector les permite ofrecer las mejores soluciones energ\u00e9ticas y resolver las dudas planteadas por los clientes.\",\"sameAs\":[\"https:\/\/www.factorenergia.com\/es\/\",\"https:\/\/www.facebook.com\/factorenergiacom\",\"https:\/\/www.instagram.com\/factorenergia_com\/\",\"https:\/\/es.linkedin.com\/company\/factor-energia\",\"https:\/\/twitter.com\/factorenergia\",\"https:\/\/www.youtube.com\/c\/factorenergiacom\"],\"url\":\"https:\/\/www.factorenergia.com\/es\/blog\/author\/marketing\/\"}]}<\/script>\n<!-- \/ Yoast SEO plugin. -->","yoast_head_json":{"title":"Aire acondicionado ecol\u00f3gico y bioclimatizadores | factorenergia","description":"El aire acondicionado ecol\u00f3gico y los bioclimatizadores son sistemas de refrigeraci\u00f3n ecol\u00f3gicos y sostenibles. Te explicamos c\u00f3mo funcionan.","robots":{"index":"index","follow":"follow","max-snippet":"max-snippet:-1","max-image-preview":"max-image-preview:large","max-video-preview":"max-video-preview:-1"},"canonical":"https:\/\/www.factorenergia.com\/es\/blog\/ahorrar-electricidad\/aire-acondicionado-ecologico-y-bioclimatizadores-factorenergia\/","twitter_card":"summary_large_image","twitter_title":"Aire acondicionado ecol\u00f3gico y bioclimatizadores | factorenergia","twitter_description":"El aire acondicionado ecol\u00f3gico y los bioclimatizadores son sistemas de refrigeraci\u00f3n ecol\u00f3gicos y sostenibles. Te explicamos c\u00f3mo funcionan.","twitter_creator":"@factorenergia","twitter_site":"@factorenergia","twitter_misc":{"Escrito por":"Equipo Transici\u00f3n Energ\u00e9tica Factorenergia","Tiempo de lectura":"4 minutos"},"schema":{"@context":"https:\/\/schema.org","@graph":[{"@type":"WebPage","@id":"https:\/\/www.factorenergia.com\/es\/blog\/ahorrar-electricidad\/aire-acondicionado-ecologico-y-bioclimatizadores-factorenergia\/","url":"https:\/\/www.factorenergia.com\/es\/blog\/ahorrar-electricidad\/aire-acondicionado-ecologico-y-bioclimatizadores-factorenergia\/","name":"Aire acondicionado ecol\u00f3gico y bioclimatizadores | factorenergia","isPartOf":{"@id":"https:\/\/www.factorenergia.com\/es\/#website"},"datePublished":"2018-08-10T11:30:40+00:00","dateModified":"2026-04-07T15:46:07+00:00","author":{"@id":"https:\/\/www.factorenergia.com\/es\/#\/schema\/person\/dff9e4b6dc520720e3a37bdaaedc5841"},"description":"El aire acondicionado ecol\u00f3gico y los bioclimatizadores son sistemas de refrigeraci\u00f3n ecol\u00f3gicos y sostenibles. Te explicamos c\u00f3mo funcionan.","breadcrumb":{"@id":"https:\/\/www.factorenergia.com\/es\/blog\/ahorrar-electricidad\/aire-acondicionado-ecologico-y-bioclimatizadores-factorenergia\/#breadcrumb"},"inLanguage":"es","potentialAction":[{"@type":"ReadAction","target":["https:\/\/www.factorenergia.com\/es\/blog\/ahorrar-electricidad\/aire-acondicionado-ecologico-y-bioclimatizadores-factorenergia\/"]}]},{"@type":"BreadcrumbList","@id":"https:\/\/www.factorenergia.com\/es\/blog\/ahorrar-electricidad\/aire-acondicionado-ecologico-y-bioclimatizadores-factorenergia\/#breadcrumb","itemListElement":[{"@type":"ListItem","position":1,"name":"Portada","item":"https:\/\/www.factorenergia.com\/es\/"},{"@type":"ListItem","position":2,"name":"\u00bfExiste el aire acondicionado solar o ecol\u00f3gico?"}]},{"@type":"WebSite","@id":"https:\/\/www.factorenergia.com\/es\/#website","url":"https:\/\/www.factorenergia.com\/es\/","name":"factorenergia","description":"Factor Energ\u00eda","potentialAction":[{"@type":"SearchAction","target":{"@type":"EntryPoint","urlTemplate":"https:\/\/www.factorenergia.com\/es\/?s={search_term_string}"},"query-input":"required name=search_term_string"}],"inLanguage":"es"},{"@type":"Person","@id":"https:\/\/www.factorenergia.com\/es\/#\/schema\/person\/dff9e4b6dc520720e3a37bdaaedc5841","name":"Equipo Transici\u00f3n Energ\u00e9tica Factorenergia","image":{"@type":"ImageObject","inLanguage":"es","@id":"https:\/\/www.factorenergia.com\/es\/#\/schema\/person\/image\/","url":"https:\/\/secure.gravatar.com\/avatar\/1b7c76bab80ee1c4261b06108874e24b?s=96&d=mm&r=g","contentUrl":"https:\/\/secure.gravatar.com\/avatar\/1b7c76bab80ee1c4261b06108874e24b?s=96&d=mm&r=g","caption":"Equipo Transici\u00f3n Energ\u00e9tica Factorenergia"},"description":"El equipo est\u00e1 formado por expertos en materia de Luz, Gas y Eficiencia Energ\u00e9tica, que conocen de primera mano las tendencias del mercado. Su experiencia en el sector les permite ofrecer las mejores soluciones energ\u00e9ticas y resolver las dudas planteadas por los clientes.","sameAs":["https:\/\/www.factorenergia.com\/es\/","https:\/\/www.facebook.com\/factorenergiacom","https:\/\/www.instagram.com\/factorenergia_com\/","https:\/\/es.linkedin.com\/company\/factor-energia","https:\/\/twitter.com\/factorenergia","https:\/\/www.youtube.com\/c\/factorenergiacom"],"url":"https:\/\/www.factorenergia.com\/es\/blog\/author\/marketing\/"}]}},"_links":{"self":[{"href":"https:\/\/www.factorenergia.com\/es\/wp-json\/wp\/v2\/posts\/6845"}],"collection":[{"href":"https:\/\/www.factorenergia.com\/es\/wp-json\/wp\/v2\/posts"}],"about":[{"href":"https:\/\/www.factorenergia.com\/es\/wp-json\/wp\/v2\/types\/post"}],"author":[{"embeddable":true,"href":"https:\/\/www.factorenergia.com\/es\/wp-json\/wp\/v2\/users\/17"}],"replies":[{"embeddable":true,"href":"https:\/\/www.factorenergia.com\/es\/wp-json\/wp\/v2\/comments?post=6845"}],"version-history":[{"count":7,"href":"https:\/\/www.factorenergia.com\/es\/wp-json\/wp\/v2\/posts\/6845\/revisions"}],"predecessor-version":[{"id":31462,"href":"https:\/\/www.factorenergia.com\/es\/wp-json\/wp\/v2\/posts\/6845\/revisions\/31462"}],"wp:attachment":[{"href":"https:\/\/www.factorenergia.com\/es\/wp-json\/wp\/v2\/media?parent=6845"}],"wp:term":[{"taxonomy":"category","embeddable":true,"href":"https:\/\/www.factorenergia.com\/es\/wp-json\/wp\/v2\/categories?post=6845"},{"taxonomy":"post_tag","embeddable":true,"href":"https:\/\/www.factorenergia.com\/es\/wp-json\/wp\/v2\/tags?post=6845"}],"curies":[{"name":"wp","href":"https:\/\/api.w.org\/{rel}","templated":true}]}}