{"id":6693,"date":"2018-07-11T14:00:24","date_gmt":"2018-07-11T12:00:24","guid":{"rendered":"https:\/\/www.factorenergia.com\/es\/?post_type=blog&#038;p=6693"},"modified":"2023-02-14T18:45:49","modified_gmt":"2023-02-14T16:45:49","slug":"reutilizar-las-baterias-de-los-vehiculos-electricos","status":"publish","type":"post","link":"https:\/\/www.factorenergia.com\/es\/blog\/historias-positivas\/reutilizar-las-baterias-de-los-vehiculos-electricos\/","title":{"rendered":"El Johan Cruyff Arena reutiliza las bater\u00edas de los veh\u00edculos el\u00e9ctricos"},"content":{"rendered":"<p>Nunca te has preguntado donde van a parar las bater\u00edas de los veh\u00edculos el\u00e9ctricos una vez ya han sido utilizadas. El\u00a0Johan Cruyff Arena es todo un ejemplo de autoconsumo y ahorro de energ\u00eda. Te lo explicamos en este post.<\/p>\n<h2>Bater\u00edas de veh\u00edculos el\u00e9ctricos reutilizables para generar electricidad<\/h2>\n<p>\u00bfConoces el estadio Johan Cruyff Arena? Es pionero en la introducci\u00f3n de innovaciones inteligentes. Como reutilizar las bater\u00edas de los veh\u00edculos el\u00e9ctricos. Hoy este moderno estadio ha creado una instalaci\u00f3n de almacenamiento de energ\u00eda que se ha convertido en el mayor en un edificio comercial en toda Europa. <strong>\u00a0<\/strong><\/p>\n<p>En el Johan Cruyff Arena se han hecho\u00a0la siguiente pregunta: \u00bfqu\u00e9 hacer con las bater\u00edas de los coches el\u00e9ctricos al final de su vida \u00fatil? Y la respuesta ha sido poner en marcha un proyecto pionero que nos\u00a0ha dado\u00a0a conocer un nuevo uso de las bater\u00edas de los veh\u00edculos el\u00e9ctricos reutiliz\u00e1ndolas para suministrar electricidad al recinto.<\/p>\n<p>En una\u00a0de las salas internas del Arena se han instalado unas 148 bater\u00edas de las cuales 85 son nuevas y 63 usadas pero que conservan el 75% del potencial energ\u00e9tico de almacenaje. Y todas ellas producen la suficiente energ\u00eda como para beneficiarse tanto el propio estadio como los barrios colindantes.<\/p>\n<h3>\u00bfC\u00f3mo se reutilizan las bater\u00edas de los veh\u00edculos el\u00e9ctricos?<\/h3>\n<p>Con un sistema que combina las unidades de conversi\u00f3n el\u00e9ctrica y el equivalente a las 148 bater\u00edas. Mediante este sistema de almacenamiento de energ\u00eda, el estadio usa su propia energ\u00eda sostenible de forma m\u00e1s inteligente y, tambi\u00e9n comercia con la capacidad de almacenamiento disponible de las bater\u00edas.<\/p>\n<p>En \u00e9l se encuentra en funcionamiento una bater\u00eda de 3 megavatios que almacena la energ\u00eda que producen los 4.200 paneles solares situados en el techo del Arena, pudiendo usar de manera \u00f3ptima la electricidad generada para suministrar energ\u00eda a los asistentes, a miles de hogares de alrededor y a la propia red el\u00e9ctrica de los Pa\u00edses Bajos.<\/p>\n<p>Adem\u00e1s,\u00a0tambi\u00e9n\u00a0produce electricidad de emergencia, que ayuda a reducir el uso de generadores di\u00e9sel y la carga sobre la red el\u00e9ctrica; al evitar los picos de consumo producidos durante los eventos deportivos\u00a0o conciertos.<\/p>\n<h2>\u00bfPor qu\u00e9 las bater\u00edas de los veh\u00edculos el\u00e9ctricos tienen una segunda vida?<\/h2>\n<p>La bater\u00eda de un veh\u00edculo el\u00e9ctrico es la pieza clave y la m\u00e1s delicada, porque es la responsable de almacenar la energ\u00eda necesaria para que funcione el coche y poder desplazarte con \u00e9l.<\/p>\n<p>Tambi\u00e9n, es el elemento m\u00e1s caro y seg\u00fan vayas haciendo kil\u00f3metros, la bater\u00eda va perdiendo autonom\u00eda y capacidad de almacenaje. Es decir, una bater\u00eda con 300.000 kil\u00f3metros de recorrido\u00a0a sus espaldas tiene menos capacidad que una de iguales caracter\u00edsticas, pero con solo 10.000 kil\u00f3metros. Es el momento de sustituirla.<\/p>\n<p>No obstante, aunque esa bater\u00eda no puede ofrecer la autonom\u00eda inicial, sigue siendo capaz de almacenar una buena cantidad de energ\u00eda. Es en este momento, donde empieza la segunda vida o el segundo ciclo de las bater\u00edas de los coches el\u00e9ctricos. Porque, aunque la vida \u00fatil de la bater\u00eda del coche se ha acabado para lo que fue concebida, a\u00fan puede reutilizarse como almacenamiento de energ\u00eda en el hogar, en un edificio p\u00fablico o incluso en tu empresa.<\/p>\n<h3>C\u00f3mo es la segunda vida de las bater\u00edas de los veh\u00edculos el\u00e9ctricos<\/h3>\n<p>Si tu vivienda tiene una instalaci\u00f3n fotovoltaica podr\u00edas cargar las bater\u00edas en las horas centrales del d\u00eda y utilizar la electricidad cuando el sol se vaya. Otra cosa que podr\u00edas hacer es utilizar la red el\u00e9ctrica para cargar la bater\u00eda durante las horas valle, cuando la electricidad es m\u00e1s barata, para despu\u00e9s utilizarla en las horas que es m\u00e1s cara.<\/p>\n<h3>\u00bfQu\u00e9 dura una bater\u00eda de un veh\u00edculo el\u00e9ctrico?<\/h3>\n<p>Depende de muchos factores como, por ejemplo, nuestro tipo de conducci\u00f3n, la velocidad, la temperatura, entre otros factores. Tambi\u00e9n, el entorno en que utilizamos el veh\u00edculo el\u00e9ctrico influye mucho. No es lo mismo conducirlo por la ciudad que por la carretera. La duraci\u00f3n media es de unos 4 a\u00f1os si realizamos el mantenimiento adecuado y seguimos las normas del fabricante.<\/p>\n<p>En Factorenergia ya hace tiempo que apostamos por la movilidad sostenible y por los coches el\u00e9ctricos y ponemos a disposici\u00f3n de nuestros clientes un producto espec\u00edfico,<a href=\"https:\/\/www.factorenergia.com\/es\/instalar-punto-recarga\/\">\u00a0Factor ECOMobility<\/a>. Creemos que la carga privada es la clave para el desarrollo del coche el\u00e9ctrico, por eso financiamos el proyecto y la instalaci\u00f3n del punto de recarga en la plaza privada de parking comunitario, encarg\u00e1ndonos de todos los tr\u00e1mites administrativos y obtenci\u00f3n de los permisos necesarios.<strong><\/strong><\/p>\n<div class=\"text-center center blog-cta\"><p>&iexcl;Instala un punto de recarga para tu coche el&eacute;ctrico con factorenergia!<\/p><a class=\"blog-cta primary-btn text-center solicitar-estudio\" target=\"_blank\" title=\"SOLICITA TU ESTUDIO GRATUITO\" href=\"https:\/\/www.factorenergia.com\/es\/hogares\/puntos-recarga-electricos\/\">SOLICITA TU ESTUDIO GRATUITO<\/a><p><\/p><div style=\"display:none;\"><p>&iexcl;Instala un punto de recarga para tu coche el&eacute;ctrico con factorenergia!<\/p><\/div>\n\t\t\t<script type='text\/javascript'>\n\t\t\t\tjQuery('.solicitar-estudio').click(function(){\t\t\t\t\t\t\t\t\t\n\t\t\t\t\tdataLayer.push({'language': 'es'});\n\t\t\t\t\tdataLayer.push({'post_id': '6693'});\n\t\t\t\t\tdataLayer.push({'cat_type': 'ce'});\n\t\t\t\t});\n\t\t\t<\/script>\n\t\t<\/div><br\/>\n","protected":false},"excerpt":{"rendered":"<p>El estadio Johan Cruyff Arena es considerado como un laboratorio de innovaci\u00f3n tecnol\u00f3gica y uno de los estadios m\u00e1s sostenibles del mundo con sus m\u00e1s de 4.200 paneles solares y 148 bater\u00edas de tres megavatios.  En este post hablamos de \u00e9l. <\/p>\n","protected":false},"author":17,"featured_media":0,"comment_status":"open","ping_status":"closed","sticky":false,"template":"","format":"standard","meta":{"inline_featured_image":false,"footnotes":""},"categories":[53],"tags":[],"acf":{"fecha_de_la_entrada":"20180711","imagen_portada":6695,"categoria_blog":53,"tipo_de_distribuidora":null,"tiempo_lectura":"","banner_bool":false,"titulo_banner":"","texto_banner":"","texto_boton_banner":"","url_boton_banner":"","post_relacionados":null},"yoast_head":"<!-- This site is optimized with the Yoast SEO plugin v22.2 - https:\/\/yoast.com\/wordpress\/plugins\/seo\/ -->\n<title>Reutilizar las bater\u00edas de los veh\u00edculos el\u00e9ctricos - FactorEnerg\u00eda<\/title>\n<meta name=\"description\" content=\"\u00bfC\u00f3mo reutilizar las bater\u00eda de los veh\u00edculos el\u00e9ctricos? El Johan Cruyff Arena es ejemplo de autoconsumo y ahorro de energ\u00eda. Te lo explicamos!\" \/>\n<meta name=\"robots\" content=\"index, follow, max-snippet:-1, max-image-preview:large, max-video-preview:-1\" \/>\n<link rel=\"canonical\" href=\"https:\/\/www.factorenergia.com\/es\/blog\/historias-positivas\/reutilizar-las-baterias-de-los-vehiculos-electricos\/\" \/>\n<meta name=\"twitter:card\" content=\"summary_large_image\" \/>\n<meta name=\"twitter:title\" content=\"Reutilizar las bater\u00edas de los veh\u00edculos el\u00e9ctricos - FactorEnerg\u00eda\" \/>\n<meta name=\"twitter:description\" content=\"\u00bfC\u00f3mo reutilizar las bater\u00eda de los veh\u00edculos el\u00e9ctricos? El Johan Cruyff Arena es ejemplo de autoconsumo y ahorro de energ\u00eda. Te lo explicamos!\" \/>\n<meta name=\"twitter:creator\" content=\"@factorenergia\" \/>\n<meta name=\"twitter:site\" content=\"@factorenergia\" \/>\n<meta name=\"twitter:label1\" content=\"Escrito por\" \/>\n\t<meta name=\"twitter:data1\" content=\"Equipo Transici\u00f3n Energ\u00e9tica Factorenergia\" \/>\n\t<meta name=\"twitter:label2\" content=\"Tiempo de lectura\" \/>\n\t<meta name=\"twitter:data2\" content=\"4 minutos\" \/>\n<script type=\"application\/ld+json\" class=\"yoast-schema-graph\">{\"@context\":\"https:\/\/schema.org\",\"@graph\":[{\"@type\":\"WebPage\",\"@id\":\"https:\/\/www.factorenergia.com\/es\/blog\/historias-positivas\/reutilizar-las-baterias-de-los-vehiculos-electricos\/\",\"url\":\"https:\/\/www.factorenergia.com\/es\/blog\/historias-positivas\/reutilizar-las-baterias-de-los-vehiculos-electricos\/\",\"name\":\"Reutilizar las bater\u00edas de los veh\u00edculos el\u00e9ctricos - FactorEnerg\u00eda\",\"isPartOf\":{\"@id\":\"https:\/\/www.factorenergia.com\/es\/#website\"},\"datePublished\":\"2018-07-11T12:00:24+00:00\",\"dateModified\":\"2023-02-14T16:45:49+00:00\",\"author\":{\"@id\":\"https:\/\/www.factorenergia.com\/es\/#\/schema\/person\/dff9e4b6dc520720e3a37bdaaedc5841\"},\"description\":\"\u00bfC\u00f3mo reutilizar las bater\u00eda de los veh\u00edculos el\u00e9ctricos? El Johan Cruyff Arena es ejemplo de autoconsumo y ahorro de energ\u00eda. Te lo explicamos!\",\"breadcrumb\":{\"@id\":\"https:\/\/www.factorenergia.com\/es\/blog\/historias-positivas\/reutilizar-las-baterias-de-los-vehiculos-electricos\/#breadcrumb\"},\"inLanguage\":\"es\",\"potentialAction\":[{\"@type\":\"ReadAction\",\"target\":[\"https:\/\/www.factorenergia.com\/es\/blog\/historias-positivas\/reutilizar-las-baterias-de-los-vehiculos-electricos\/\"]}]},{\"@type\":\"BreadcrumbList\",\"@id\":\"https:\/\/www.factorenergia.com\/es\/blog\/historias-positivas\/reutilizar-las-baterias-de-los-vehiculos-electricos\/#breadcrumb\",\"itemListElement\":[{\"@type\":\"ListItem\",\"position\":1,\"name\":\"Portada\",\"item\":\"https:\/\/www.factorenergia.com\/es\/\"},{\"@type\":\"ListItem\",\"position\":2,\"name\":\"El Johan Cruyff Arena reutiliza las bater\u00edas de los veh\u00edculos el\u00e9ctricos\"}]},{\"@type\":\"WebSite\",\"@id\":\"https:\/\/www.factorenergia.com\/es\/#website\",\"url\":\"https:\/\/www.factorenergia.com\/es\/\",\"name\":\"factorenergia\",\"description\":\"Factor Energ\u00eda\",\"potentialAction\":[{\"@type\":\"SearchAction\",\"target\":{\"@type\":\"EntryPoint\",\"urlTemplate\":\"https:\/\/www.factorenergia.com\/es\/?s={search_term_string}\"},\"query-input\":\"required name=search_term_string\"}],\"inLanguage\":\"es\"},{\"@type\":\"Person\",\"@id\":\"https:\/\/www.factorenergia.com\/es\/#\/schema\/person\/dff9e4b6dc520720e3a37bdaaedc5841\",\"name\":\"Equipo Transici\u00f3n Energ\u00e9tica Factorenergia\",\"image\":{\"@type\":\"ImageObject\",\"inLanguage\":\"es\",\"@id\":\"https:\/\/www.factorenergia.com\/es\/#\/schema\/person\/image\/\",\"url\":\"https:\/\/secure.gravatar.com\/avatar\/1b7c76bab80ee1c4261b06108874e24b?s=96&d=mm&r=g\",\"contentUrl\":\"https:\/\/secure.gravatar.com\/avatar\/1b7c76bab80ee1c4261b06108874e24b?s=96&d=mm&r=g\",\"caption\":\"Equipo Transici\u00f3n Energ\u00e9tica Factorenergia\"},\"description\":\"El equipo est\u00e1 formado por expertos en materia de Luz, Gas y Eficiencia Energ\u00e9tica, que conocen de primera mano las tendencias del mercado. Su experiencia en el sector les permite ofrecer las mejores soluciones energ\u00e9ticas y resolver las dudas planteadas por los clientes.\",\"sameAs\":[\"https:\/\/www.factorenergia.com\/es\/\",\"https:\/\/www.facebook.com\/factorenergiacom\",\"https:\/\/www.instagram.com\/factorenergia_com\/\",\"https:\/\/es.linkedin.com\/company\/factor-energia\",\"https:\/\/twitter.com\/factorenergia\",\"https:\/\/www.youtube.com\/c\/factorenergiacom\"],\"url\":\"https:\/\/www.factorenergia.com\/es\/blog\/author\/marketing\/\"}]}<\/script>\n<!-- \/ Yoast SEO plugin. -->","yoast_head_json":{"title":"Reutilizar las bater\u00edas de los veh\u00edculos el\u00e9ctricos - FactorEnerg\u00eda","description":"\u00bfC\u00f3mo reutilizar las bater\u00eda de los veh\u00edculos el\u00e9ctricos? El Johan Cruyff Arena es ejemplo de autoconsumo y ahorro de energ\u00eda. Te lo explicamos!","robots":{"index":"index","follow":"follow","max-snippet":"max-snippet:-1","max-image-preview":"max-image-preview:large","max-video-preview":"max-video-preview:-1"},"canonical":"https:\/\/www.factorenergia.com\/es\/blog\/historias-positivas\/reutilizar-las-baterias-de-los-vehiculos-electricos\/","twitter_card":"summary_large_image","twitter_title":"Reutilizar las bater\u00edas de los veh\u00edculos el\u00e9ctricos - FactorEnerg\u00eda","twitter_description":"\u00bfC\u00f3mo reutilizar las bater\u00eda de los veh\u00edculos el\u00e9ctricos? El Johan Cruyff Arena es ejemplo de autoconsumo y ahorro de energ\u00eda. Te lo explicamos!","twitter_creator":"@factorenergia","twitter_site":"@factorenergia","twitter_misc":{"Escrito por":"Equipo Transici\u00f3n Energ\u00e9tica Factorenergia","Tiempo de lectura":"4 minutos"},"schema":{"@context":"https:\/\/schema.org","@graph":[{"@type":"WebPage","@id":"https:\/\/www.factorenergia.com\/es\/blog\/historias-positivas\/reutilizar-las-baterias-de-los-vehiculos-electricos\/","url":"https:\/\/www.factorenergia.com\/es\/blog\/historias-positivas\/reutilizar-las-baterias-de-los-vehiculos-electricos\/","name":"Reutilizar las bater\u00edas de los veh\u00edculos el\u00e9ctricos - FactorEnerg\u00eda","isPartOf":{"@id":"https:\/\/www.factorenergia.com\/es\/#website"},"datePublished":"2018-07-11T12:00:24+00:00","dateModified":"2023-02-14T16:45:49+00:00","author":{"@id":"https:\/\/www.factorenergia.com\/es\/#\/schema\/person\/dff9e4b6dc520720e3a37bdaaedc5841"},"description":"\u00bfC\u00f3mo reutilizar las bater\u00eda de los veh\u00edculos el\u00e9ctricos? El Johan Cruyff Arena es ejemplo de autoconsumo y ahorro de energ\u00eda. Te lo explicamos!","breadcrumb":{"@id":"https:\/\/www.factorenergia.com\/es\/blog\/historias-positivas\/reutilizar-las-baterias-de-los-vehiculos-electricos\/#breadcrumb"},"inLanguage":"es","potentialAction":[{"@type":"ReadAction","target":["https:\/\/www.factorenergia.com\/es\/blog\/historias-positivas\/reutilizar-las-baterias-de-los-vehiculos-electricos\/"]}]},{"@type":"BreadcrumbList","@id":"https:\/\/www.factorenergia.com\/es\/blog\/historias-positivas\/reutilizar-las-baterias-de-los-vehiculos-electricos\/#breadcrumb","itemListElement":[{"@type":"ListItem","position":1,"name":"Portada","item":"https:\/\/www.factorenergia.com\/es\/"},{"@type":"ListItem","position":2,"name":"El Johan Cruyff Arena reutiliza las bater\u00edas de los veh\u00edculos el\u00e9ctricos"}]},{"@type":"WebSite","@id":"https:\/\/www.factorenergia.com\/es\/#website","url":"https:\/\/www.factorenergia.com\/es\/","name":"factorenergia","description":"Factor Energ\u00eda","potentialAction":[{"@type":"SearchAction","target":{"@type":"EntryPoint","urlTemplate":"https:\/\/www.factorenergia.com\/es\/?s={search_term_string}"},"query-input":"required name=search_term_string"}],"inLanguage":"es"},{"@type":"Person","@id":"https:\/\/www.factorenergia.com\/es\/#\/schema\/person\/dff9e4b6dc520720e3a37bdaaedc5841","name":"Equipo Transici\u00f3n Energ\u00e9tica Factorenergia","image":{"@type":"ImageObject","inLanguage":"es","@id":"https:\/\/www.factorenergia.com\/es\/#\/schema\/person\/image\/","url":"https:\/\/secure.gravatar.com\/avatar\/1b7c76bab80ee1c4261b06108874e24b?s=96&d=mm&r=g","contentUrl":"https:\/\/secure.gravatar.com\/avatar\/1b7c76bab80ee1c4261b06108874e24b?s=96&d=mm&r=g","caption":"Equipo Transici\u00f3n Energ\u00e9tica Factorenergia"},"description":"El equipo est\u00e1 formado por expertos en materia de Luz, Gas y Eficiencia Energ\u00e9tica, que conocen de primera mano las tendencias del mercado. Su experiencia en el sector les permite ofrecer las mejores soluciones energ\u00e9ticas y resolver las dudas planteadas por los clientes.","sameAs":["https:\/\/www.factorenergia.com\/es\/","https:\/\/www.facebook.com\/factorenergiacom","https:\/\/www.instagram.com\/factorenergia_com\/","https:\/\/es.linkedin.com\/company\/factor-energia","https:\/\/twitter.com\/factorenergia","https:\/\/www.youtube.com\/c\/factorenergiacom"],"url":"https:\/\/www.factorenergia.com\/es\/blog\/author\/marketing\/"}]}},"_links":{"self":[{"href":"https:\/\/www.factorenergia.com\/es\/wp-json\/wp\/v2\/posts\/6693"}],"collection":[{"href":"https:\/\/www.factorenergia.com\/es\/wp-json\/wp\/v2\/posts"}],"about":[{"href":"https:\/\/www.factorenergia.com\/es\/wp-json\/wp\/v2\/types\/post"}],"author":[{"embeddable":true,"href":"https:\/\/www.factorenergia.com\/es\/wp-json\/wp\/v2\/users\/17"}],"replies":[{"embeddable":true,"href":"https:\/\/www.factorenergia.com\/es\/wp-json\/wp\/v2\/comments?post=6693"}],"version-history":[{"count":2,"href":"https:\/\/www.factorenergia.com\/es\/wp-json\/wp\/v2\/posts\/6693\/revisions"}],"predecessor-version":[{"id":18686,"href":"https:\/\/www.factorenergia.com\/es\/wp-json\/wp\/v2\/posts\/6693\/revisions\/18686"}],"acf:term":[{"embeddable":true,"taxonomy":"category","href":"https:\/\/www.factorenergia.com\/es\/wp-json\/wp\/v2\/categories\/53"}],"wp:attachment":[{"href":"https:\/\/www.factorenergia.com\/es\/wp-json\/wp\/v2\/media?parent=6693"}],"wp:term":[{"taxonomy":"category","embeddable":true,"href":"https:\/\/www.factorenergia.com\/es\/wp-json\/wp\/v2\/categories?post=6693"},{"taxonomy":"post_tag","embeddable":true,"href":"https:\/\/www.factorenergia.com\/es\/wp-json\/wp\/v2\/tags?post=6693"}],"curies":[{"name":"wp","href":"https:\/\/api.w.org\/{rel}","templated":true}]}}