{"id":5691,"date":"2018-03-23T09:00:04","date_gmt":"2018-03-23T07:00:04","guid":{"rendered":"https:\/\/www.factorenergia.com\/es\/?post_type=blog&#038;p=5691"},"modified":"2025-07-28T16:22:20","modified_gmt":"2025-07-28T14:22:20","slug":"que-son-potencias-normalizadas","status":"publish","type":"post","link":"https:\/\/www.factorenergia.com\/es\/blog\/factura-luz\/que-son-potencias-normalizadas\/","title":{"rendered":"\u00bfQu\u00e9 son las potencias normalizadas y qu\u00e9 tienes que hacer?"},"content":{"rendered":"<div class=\"tc-content\">\n<div id=\"task_view_description\">\n<p><span>\n<script type=\"text\/javascript\" id=\"auto-index\" async defer>\n\n      function indexContent(context){\n\n      var container = document.querySelector(context);\n\n      element = document.getElementById(\"accordion-index\");\n      var titles = Array.from(container.querySelectorAll(\"h2,h3\"));\n\n      for (var i = 0, l = titles.length; i < l; i++) {\n\n\t\tjQuery('#accordionIndex').show();\n\n        var tit = titles[i];\n\t\tvar newTitle = tit.textContent.toLowerCase().replace(\/[^a-zA-Z ]\/g, \"\").replace(\/\\s\/g, '-');\n\t\tvar numTag = Number(tit.tagName.replace(\/[^1-9]\/g, \"\"));\n\t\tvar tagWidth = (numTag*20);\n\n\t\tvar preText = '<span style=\"margin-left:' + tagWidth + 'px\"><\/span>';\n\n        tit.setAttribute(\"id\", newTitle);\n\t\tjQuery(tit).addClass('h-inline');\n\t\t\n\t\tvar toIndex = '<p class=\"h-inline\"><a class=\"blog-toindex\" href=\"#accordionIndex\"><span class=\"glyphicon glyphicon-chevron-up\" aria-hidden=\"true\"><\/span><\/a><\/p>';\n\n\t\tjQuery(toIndex).insertAfter(tit);\n\n        var node = document.createElement(\"LI\");                 \n        var link = document.createElement(\"A\");\n        var textnode = document.createTextNode(tit.textContent);\n\n        link.appendChild(textnode);\n        link.setAttribute(\"href\", '#' + newTitle);\n\t\t\/\/link.setAttribute(\"style\", \"margin-left:\" + tagWidth + \"px\");\n\t\tlink.setAttribute(\"class\", \"acc-h\" + numTag);\n        node.appendChild(link);\n\n        element.appendChild(node);\n\n      }\n    }\n\n    jQuery(document).ready(function(){\t\t\n\t\tindexContent(\".single-post-content\");\n\n\t\tjQuery(\".accordion-toggle\").click(function() {\n\t\t\tjQuery(this).toggleClass(\"open\");\n\t\t\tjQuery(\"#collapseIndex\").slideToggle(\"in\");\n\t\t});\n\t});\n\n\n<\/script>\n\n<style>\n\t.accordion-toggle{\n\t\tcursor:pointer;\n\t}\n\n\t#accordionIndex .panel-heading{\n\t\tmargin-bottom:0px;\n\t}\n\n\t.articulo ul, .articulo ol{\n\t\tmargin-bottom:auto;\n\t}\n\n\t.h-inline{\n\t\tdisplay: inline-flex;\n\t\tflex-wrap: wrap\n\t}\n\t#accordion-index{\n\t\tpadding-left:0px;\n\t}\n\t#accordion-index li a{\n\t\tdisplay:block;\n\t\tpadding-top:5px;\n\t}\n\n\t.acc-h2{\n\t\tmargin-left:0px;\n\t\tposition: relative;\n\t}\n\n\t.acc-h3{\n\t\tmargin-left:25px;\n\t}\n\n\t.acc-h3::before{\n\t\tcontent: \"\";\n\t\tbackground-color:var(--blue-light);\n\t\tmargin-left:-10px;\n\t\twidth: 7px;\n\t\theight: 7px;\n\t\tdisplay: inline-block;\n\t\ttext-align: center;\n\t\tborder-radius: 1000px;\n\t\tmargin-right: 10px;\n    \tmargin-bottom: 2px;\n\t}\n\n\t.acc-h4{\n\t\tmargin-left:40px;\n\t}\n\n\t.acc-h4::before{\n\t\tcontent: \"\";\n\t\tborder: 1px solid var(--blue-light);\n\t\tmargin-left:-5px;\n\t\twidth: 7px;\n\t\theight: 7px;\n\t\tdisplay: inline-block;\n\t\ttext-align: center;\n\t\tborder-radius: 100%;\n\t\tmargin-right: 10px;\n    \tmargin-bottom: 2px;\n\t}\n\n\t.acc-h3:hover::before{\n\t\tbackground-color: var(--blue-darkest);\n\t}\n\n\t.acc-h4:hover::before{\n\t\tborder-color: var(--blue-darkest);\n\t}\n\n\t@media (max-width: 992px){\n\t\t.acc-h2{\n\t\t\tmargin-left:0px;\n\t\t}\n\t\t.acc-h3{\n\t\t\tmargin-left:20px;\n\t\t}\n\t\t.acc-h4{\n\t\t\tmargin-left:40px;\n\t\t}\n\t}\n\n\t\/*\n\th2.h-inline:after,\n\th3.h-inline:after{\n\t\theight: 24px;\n\t\tcontent: \"\";\n\t\tdisplay: table-row;\n\t}*\/\n<\/style>\n\n<div id=\"table-accordion-index\">\n\t<div class=\"panel-group\" id=\"accordionIndex\">\n\t\t<div class=\"panel panel-default\">\n\t\t\t<div class=\"panel-heading\">\n\t\t\t\t<div class=\"panel-title open\"><div class=\"accordion-toggle\" data-toggle=\"collapse\" data-parent=\"#accordion\" aria-expanded=\"true\">\u00cdndice<\/div><\/div>\n\t\t\t<\/div>\n\t\t\t<div id=\"collapseIndex\" class=\"panel-collapse collapse in\" aria-expanded=\"true\">\n\t\t\t\t<div class=\"panel-body\">\n\t\t\t\t\t<ul id=\"accordion-index\">\n\t\t\t\t\t<\/ul>\n\t\t\t\t<\/div>\n\t\t\t<\/div>\n\t\t<\/div>\n\t<\/div>\n<\/div><\/span><\/p>\n<\/div>\n<\/div>\n<p>Para hablar de potencias normalizadas primero deberemos aclarar el concepto potencia contratada:<\/p>\n<p>La potencia contratada es la capacidad que tiene tu instalaci\u00f3n el\u00e9ctrica para soportar una cantidad u otra de aparatos enchufados. Haciendo un s\u00edmil con la telefon\u00eda, podr\u00edamos decir que es como una tarifa de datos, solo que en este caso, cuando se acaban (te pasas de potencia) te saltan los plomos.<\/p>\n<p><strong>Es muy importante tener bien ajustada la potencia<\/strong> de tu casa para evitar apagones o pagar de m\u00e1s. La potencia que tengas, adem\u00e1s, determinar\u00e1 tu tarifa y tus costes \u201cfijos\u201d mensuales reflejados en tu factura de la luz. Es decir,<strong> para potencias de hasta 10kW tenemos las tarifas de acceso 2.0A y 2.0DHA<\/strong> (tarifa con discriminaci\u00f3n horaria); <strong>de 10 a 15kW son las tarifas 2.1A y 2.1DHA<\/strong> y las potencias superiores a 15kW, normalmente asociadas a empresas, corresponden a las tarifas 3.0A y superiores.<\/p>\n<p>Dicho esto:<\/p>\n<h2>\u00bfQu\u00e9 son las potencias el\u00e9ctricas normalizadas?<\/h2>\n<p>Dependiendo de nuestras necesidades elegiremos qu\u00e9 potencia queremos contratar o a qu\u00e9 potencia queremos cambiar en base a los tramos regularizados vigentes del momento.<\/p>\n<p>Hablamos de nuevas potencias normalizadas aunque la \u00faltima normalizaci\u00f3n se efectu\u00f3 en el a\u00f1o 2006. Sin embargo,<strong> si no has realizado ning\u00fan cambio desde entonces, todav\u00eda estar\u00e1s en los tramos \u201cantiguos\u201d<\/strong>, que pertenec\u00edan al voltaje de 220V; las nuevas, en cambio, est\u00e1n adaptadas a 230V.<\/p>\n<p><picture><source srcset=\"https:\/\/www.factorenergia.com\/wp-content\/webp-express\/webp-images\/uploads\/2018\/02\/POTENCIAS_ES-832x1024.jpg.webp 832w, https:\/\/www.factorenergia.com\/wp-content\/webp-express\/webp-images\/uploads\/2018\/02\/POTENCIAS_ES-244x300.jpg.webp 244w, https:\/\/www.factorenergia.com\/wp-content\/webp-express\/webp-images\/uploads\/2018\/02\/POTENCIAS_ES-768x945.jpg.webp 768w, https:\/\/www.factorenergia.com\/wp-content\/webp-express\/webp-images\/uploads\/2018\/02\/POTENCIAS_ES-144x177.jpg.webp 144w, https:\/\/www.factorenergia.com\/wp-content\/webp-express\/webp-images\/uploads\/2018\/02\/POTENCIAS_ES-73x90.jpg.webp 73w, https:\/\/www.factorenergia.com\/wp-content\/webp-express\/webp-images\/uploads\/2018\/02\/POTENCIAS_ES-138x170.jpg.webp 138w, https:\/\/www.factorenergia.com\/wp-content\/webp-express\/webp-images\/uploads\/2018\/02\/POTENCIAS_ES-293x360.jpg.webp 293w, https:\/\/www.factorenergia.com\/wp-content\/webp-express\/webp-images\/uploads\/2018\/02\/POTENCIAS_ES.jpg.webp 1535w\" sizes=\"(max-width: 621px) 100vw, 621px\" type=\"image\/webp\"><img loading=\"lazy\" decoding=\"async\" src=\"https:\/\/www.factorenergia.com\/wp-content\/uploads\/2018\/02\/POTENCIAS_ES-832x1024.jpg\" alt=\"cuales son las potencias normalizadas\" width=\"621\" height=\"765\" class=\"aligncenter wp-image-5694 webpexpress-processed\" srcset=\"https:\/\/www.factorenergia.com\/wp-content\/uploads\/2018\/02\/POTENCIAS_ES-832x1024.jpg 832w, https:\/\/www.factorenergia.com\/wp-content\/uploads\/2018\/02\/POTENCIAS_ES-244x300.jpg 244w, https:\/\/www.factorenergia.com\/wp-content\/uploads\/2018\/02\/POTENCIAS_ES-768x945.jpg 768w, https:\/\/www.factorenergia.com\/wp-content\/uploads\/2018\/02\/POTENCIAS_ES-144x177.jpg 144w, https:\/\/www.factorenergia.com\/wp-content\/uploads\/2018\/02\/POTENCIAS_ES-73x90.jpg 73w, https:\/\/www.factorenergia.com\/wp-content\/uploads\/2018\/02\/POTENCIAS_ES-138x170.jpg 138w, https:\/\/www.factorenergia.com\/wp-content\/uploads\/2018\/02\/POTENCIAS_ES-293x360.jpg 293w, https:\/\/www.factorenergia.com\/wp-content\/uploads\/2018\/02\/POTENCIAS_ES.jpg 1535w\" sizes=\"(max-width: 621px) 100vw, 621px\"><\/picture><\/p>\n<h2>\u00bfSe debe normalizar la potencia el\u00e9ctrica?<\/h2>\n<p>Existe la posibilidad de que nunca hayas realizado un cambio en tu instalaci\u00f3n y todav\u00eda pertenezcas a los tramos de potencia antiguos, o incluso al anterior.<\/p>\n<p>A priori, no, <strong>no es necesario que normalices la potencia<\/strong>. Ahora bien, debes saber que<strong> s\u00ed ser\u00e1 obligatorio que lo hagas si quieres:<\/strong><\/p>\n<ul>\n<li>Reducir o aumentar la potencia.<\/li>\n<li>Cambiar de tarifa.<\/li>\n<li>Cambiar de compa\u00f1\u00eda el\u00e9ctrica.<\/li>\n<li>Mucho m\u00e1s improbable es el caso en que realices un cambio de titular, por ejemplo, y que Distribuidora revise tu contrato y te pida que pases al tramo de potencia adecuado.<\/li>\n<\/ul>\n<p>Normalizar la potencia al cambiar de compa\u00f1\u00eda <strong>es un tr\u00e1mite autom\u00e1tico del que no te vas a dar ni cuenta<\/strong>. Solamente vas a notar diferencia en el caso que pertenezcas al \u00faltimo tramo de potencia contratada y que, al normalizarla, pases a la siguiente tarifa de acceso, pero en la mayor\u00eda de los casos (dom\u00e9sticos como el tuyo y el m\u00edo), eso no ocurre porque se forma parte, casi siempre, de los tres primeros grupos.<\/p>\n<p>&nbsp;<\/p>\n<p>Si quieres aprovechar cualquier tr\u00e1mite para normalizar la potencia y\/o cambiar de compa\u00f1\u00eda <strong>ll\u00e1manos gratis al 900 850 000<\/strong> o <a href=\"https:\/\/www.factorenergia.com\/es\/tarifas-de-luz\/\" target=\"_blank\" rel=\"noopener noreferrer\">cambia de compa\u00f1\u00eda online<\/a> en solo 5 minutos. Siempre tendr\u00e1s nuestro chat a disposici\u00f3n para resolver dudas, o llama sin compromiso y nuestros agentes se ocupar\u00e1n de todo. Echa un vistazo a nuestras <a href=\"\/es\/hogares\/tarifas\/\" target=\"_blank\" rel=\"noopener noreferrer\">tarifas de luz<\/a> y a los <a href=\"https:\/\/www.factorenergia.com\/es\/gas\/\" target=\"_blank\" rel=\"noopener noreferrer\">precios de gas<\/a> y da el paso a <strong>factorenergia<\/strong>.<\/p>\n","protected":false},"excerpt":{"rendered":"<p>En 2006 cambiaron los tramos de potencia para adaptarlas de 220V a 230V; hablamos entonces de potencias normalizadas. Si no has realizado nunca ning\u00fan tipo de cambio en tu suministro, probablemente todav\u00eda tengas el tramo antiguo, pero no pasa nada.<\/p>\n","protected":false},"author":17,"featured_media":0,"comment_status":"open","ping_status":"closed","sticky":false,"template":"","format":"standard","meta":{"inline_featured_image":false,"footnotes":""},"categories":[52],"tags":[],"acf":{"fecha_de_la_entrada":"20180323","imagen_portada":5696,"categoria_blog":null,"tipo_de_distribuidora":null,"tiempo_lectura":"","banner_bool":false,"titulo_banner":"","texto_banner":"","texto_boton_banner":"","url_boton_banner":"","post_relacionados":""},"yoast_head":"<!-- This site is optimized with the Yoast SEO plugin v22.2 - https:\/\/yoast.com\/wordpress\/plugins\/seo\/ -->\n<title>Qu\u00e9 son las Potencias Normalizadas | factorenergia<\/title>\n<meta name=\"description\" content=\"En 2006 cambiaron los tramos de potencia para adaptarlas de 220V a 230V; hablamos entonces de potencias normalizadas. \u00bfLa tienes?\" \/>\n<meta name=\"robots\" content=\"index, follow, max-snippet:-1, max-image-preview:large, max-video-preview:-1\" \/>\n<link rel=\"canonical\" href=\"https:\/\/www.factorenergia.com\/es\/blog\/factura-luz\/que-son-potencias-normalizadas\/\" \/>\n<meta name=\"twitter:card\" content=\"summary_large_image\" \/>\n<meta name=\"twitter:title\" content=\"Qu\u00e9 son las Potencias Normalizadas | factorenergia\" \/>\n<meta name=\"twitter:description\" content=\"En 2006 cambiaron los tramos de potencia para adaptarlas de 220V a 230V; hablamos entonces de potencias normalizadas. \u00bfLa tienes?\" \/>\n<meta name=\"twitter:image\" content=\"https:\/\/www.factorenergia.com\/wp-content\/uploads\/2018\/02\/POTENCIAS_ES-832x1024.jpg\" \/>\n<meta name=\"twitter:creator\" content=\"@factorenergia\" \/>\n<meta name=\"twitter:site\" content=\"@factorenergia\" \/>\n<meta name=\"twitter:label1\" content=\"Escrito por\" \/>\n\t<meta name=\"twitter:data1\" content=\"Equipo Transici\u00f3n Energ\u00e9tica Factorenergia\" \/>\n\t<meta name=\"twitter:label2\" content=\"Tiempo de lectura\" \/>\n\t<meta name=\"twitter:data2\" content=\"3 minutos\" \/>\n<script type=\"application\/ld+json\" class=\"yoast-schema-graph\">{\"@context\":\"https:\/\/schema.org\",\"@graph\":[{\"@type\":\"WebPage\",\"@id\":\"https:\/\/www.factorenergia.com\/es\/blog\/factura-luz\/que-son-potencias-normalizadas\/\",\"url\":\"https:\/\/www.factorenergia.com\/es\/blog\/factura-luz\/que-son-potencias-normalizadas\/\",\"name\":\"Qu\u00e9 son las Potencias Normalizadas | factorenergia\",\"isPartOf\":{\"@id\":\"https:\/\/www.factorenergia.com\/es\/#website\"},\"primaryImageOfPage\":{\"@id\":\"https:\/\/www.factorenergia.com\/es\/blog\/factura-luz\/que-son-potencias-normalizadas\/#primaryimage\"},\"image\":{\"@id\":\"https:\/\/www.factorenergia.com\/es\/blog\/factura-luz\/que-son-potencias-normalizadas\/#primaryimage\"},\"thumbnailUrl\":\"https:\/\/www.factorenergia.com\/wp-content\/uploads\/2018\/02\/POTENCIAS_ES-832x1024.jpg\",\"datePublished\":\"2018-03-23T07:00:04+00:00\",\"dateModified\":\"2025-07-28T14:22:20+00:00\",\"author\":{\"@id\":\"https:\/\/www.factorenergia.com\/es\/#\/schema\/person\/dff9e4b6dc520720e3a37bdaaedc5841\"},\"description\":\"En 2006 cambiaron los tramos de potencia para adaptarlas de 220V a 230V; hablamos entonces de potencias normalizadas. \u00bfLa tienes?\",\"breadcrumb\":{\"@id\":\"https:\/\/www.factorenergia.com\/es\/blog\/factura-luz\/que-son-potencias-normalizadas\/#breadcrumb\"},\"inLanguage\":\"es\",\"potentialAction\":[{\"@type\":\"ReadAction\",\"target\":[\"https:\/\/www.factorenergia.com\/es\/blog\/factura-luz\/que-son-potencias-normalizadas\/\"]}]},{\"@type\":\"ImageObject\",\"inLanguage\":\"es\",\"@id\":\"https:\/\/www.factorenergia.com\/es\/blog\/factura-luz\/que-son-potencias-normalizadas\/#primaryimage\",\"url\":\"https:\/\/www.factorenergia.com\/wp-content\/uploads\/2018\/02\/POTENCIAS_ES-832x1024.jpg\",\"contentUrl\":\"https:\/\/www.factorenergia.com\/wp-content\/uploads\/2018\/02\/POTENCIAS_ES-832x1024.jpg\"},{\"@type\":\"BreadcrumbList\",\"@id\":\"https:\/\/www.factorenergia.com\/es\/blog\/factura-luz\/que-son-potencias-normalizadas\/#breadcrumb\",\"itemListElement\":[{\"@type\":\"ListItem\",\"position\":1,\"name\":\"Portada\",\"item\":\"https:\/\/www.factorenergia.com\/es\/\"},{\"@type\":\"ListItem\",\"position\":2,\"name\":\"\u00bfQu\u00e9 son las potencias normalizadas y qu\u00e9 tienes que hacer?\"}]},{\"@type\":\"WebSite\",\"@id\":\"https:\/\/www.factorenergia.com\/es\/#website\",\"url\":\"https:\/\/www.factorenergia.com\/es\/\",\"name\":\"factorenergia\",\"description\":\"Factor Energ\u00eda\",\"potentialAction\":[{\"@type\":\"SearchAction\",\"target\":{\"@type\":\"EntryPoint\",\"urlTemplate\":\"https:\/\/www.factorenergia.com\/es\/?s={search_term_string}\"},\"query-input\":\"required name=search_term_string\"}],\"inLanguage\":\"es\"},{\"@type\":\"Person\",\"@id\":\"https:\/\/www.factorenergia.com\/es\/#\/schema\/person\/dff9e4b6dc520720e3a37bdaaedc5841\",\"name\":\"Equipo Transici\u00f3n Energ\u00e9tica Factorenergia\",\"image\":{\"@type\":\"ImageObject\",\"inLanguage\":\"es\",\"@id\":\"https:\/\/www.factorenergia.com\/es\/#\/schema\/person\/image\/\",\"url\":\"https:\/\/secure.gravatar.com\/avatar\/1b7c76bab80ee1c4261b06108874e24b?s=96&d=mm&r=g\",\"contentUrl\":\"https:\/\/secure.gravatar.com\/avatar\/1b7c76bab80ee1c4261b06108874e24b?s=96&d=mm&r=g\",\"caption\":\"Equipo Transici\u00f3n Energ\u00e9tica Factorenergia\"},\"description\":\"El equipo est\u00e1 formado por expertos en materia de Luz, Gas y Eficiencia Energ\u00e9tica, que conocen de primera mano las tendencias del mercado. Su experiencia en el sector les permite ofrecer las mejores soluciones energ\u00e9ticas y resolver las dudas planteadas por los clientes.\",\"sameAs\":[\"https:\/\/www.factorenergia.com\/es\/\",\"https:\/\/www.facebook.com\/factorenergiacom\",\"https:\/\/www.instagram.com\/factorenergia_com\/\",\"https:\/\/es.linkedin.com\/company\/factor-energia\",\"https:\/\/twitter.com\/factorenergia\",\"https:\/\/www.youtube.com\/c\/factorenergiacom\"],\"url\":\"https:\/\/www.factorenergia.com\/es\/blog\/author\/marketing\/\"}]}<\/script>\n<!-- \/ Yoast SEO plugin. -->","yoast_head_json":{"title":"Qu\u00e9 son las Potencias Normalizadas | factorenergia","description":"En 2006 cambiaron los tramos de potencia para adaptarlas de 220V a 230V; hablamos entonces de potencias normalizadas. \u00bfLa tienes?","robots":{"index":"index","follow":"follow","max-snippet":"max-snippet:-1","max-image-preview":"max-image-preview:large","max-video-preview":"max-video-preview:-1"},"canonical":"https:\/\/www.factorenergia.com\/es\/blog\/factura-luz\/que-son-potencias-normalizadas\/","twitter_card":"summary_large_image","twitter_title":"Qu\u00e9 son las Potencias Normalizadas | factorenergia","twitter_description":"En 2006 cambiaron los tramos de potencia para adaptarlas de 220V a 230V; hablamos entonces de potencias normalizadas. \u00bfLa tienes?","twitter_image":"https:\/\/www.factorenergia.com\/wp-content\/uploads\/2018\/02\/POTENCIAS_ES-832x1024.jpg","twitter_creator":"@factorenergia","twitter_site":"@factorenergia","twitter_misc":{"Escrito por":"Equipo Transici\u00f3n Energ\u00e9tica Factorenergia","Tiempo de lectura":"3 minutos"},"schema":{"@context":"https:\/\/schema.org","@graph":[{"@type":"WebPage","@id":"https:\/\/www.factorenergia.com\/es\/blog\/factura-luz\/que-son-potencias-normalizadas\/","url":"https:\/\/www.factorenergia.com\/es\/blog\/factura-luz\/que-son-potencias-normalizadas\/","name":"Qu\u00e9 son las Potencias Normalizadas | factorenergia","isPartOf":{"@id":"https:\/\/www.factorenergia.com\/es\/#website"},"primaryImageOfPage":{"@id":"https:\/\/www.factorenergia.com\/es\/blog\/factura-luz\/que-son-potencias-normalizadas\/#primaryimage"},"image":{"@id":"https:\/\/www.factorenergia.com\/es\/blog\/factura-luz\/que-son-potencias-normalizadas\/#primaryimage"},"thumbnailUrl":"https:\/\/www.factorenergia.com\/wp-content\/uploads\/2018\/02\/POTENCIAS_ES-832x1024.jpg","datePublished":"2018-03-23T07:00:04+00:00","dateModified":"2025-07-28T14:22:20+00:00","author":{"@id":"https:\/\/www.factorenergia.com\/es\/#\/schema\/person\/dff9e4b6dc520720e3a37bdaaedc5841"},"description":"En 2006 cambiaron los tramos de potencia para adaptarlas de 220V a 230V; hablamos entonces de potencias normalizadas. \u00bfLa tienes?","breadcrumb":{"@id":"https:\/\/www.factorenergia.com\/es\/blog\/factura-luz\/que-son-potencias-normalizadas\/#breadcrumb"},"inLanguage":"es","potentialAction":[{"@type":"ReadAction","target":["https:\/\/www.factorenergia.com\/es\/blog\/factura-luz\/que-son-potencias-normalizadas\/"]}]},{"@type":"ImageObject","inLanguage":"es","@id":"https:\/\/www.factorenergia.com\/es\/blog\/factura-luz\/que-son-potencias-normalizadas\/#primaryimage","url":"https:\/\/www.factorenergia.com\/wp-content\/uploads\/2018\/02\/POTENCIAS_ES-832x1024.jpg","contentUrl":"https:\/\/www.factorenergia.com\/wp-content\/uploads\/2018\/02\/POTENCIAS_ES-832x1024.jpg"},{"@type":"BreadcrumbList","@id":"https:\/\/www.factorenergia.com\/es\/blog\/factura-luz\/que-son-potencias-normalizadas\/#breadcrumb","itemListElement":[{"@type":"ListItem","position":1,"name":"Portada","item":"https:\/\/www.factorenergia.com\/es\/"},{"@type":"ListItem","position":2,"name":"\u00bfQu\u00e9 son las potencias normalizadas y qu\u00e9 tienes que hacer?"}]},{"@type":"WebSite","@id":"https:\/\/www.factorenergia.com\/es\/#website","url":"https:\/\/www.factorenergia.com\/es\/","name":"factorenergia","description":"Factor Energ\u00eda","potentialAction":[{"@type":"SearchAction","target":{"@type":"EntryPoint","urlTemplate":"https:\/\/www.factorenergia.com\/es\/?s={search_term_string}"},"query-input":"required name=search_term_string"}],"inLanguage":"es"},{"@type":"Person","@id":"https:\/\/www.factorenergia.com\/es\/#\/schema\/person\/dff9e4b6dc520720e3a37bdaaedc5841","name":"Equipo Transici\u00f3n Energ\u00e9tica Factorenergia","image":{"@type":"ImageObject","inLanguage":"es","@id":"https:\/\/www.factorenergia.com\/es\/#\/schema\/person\/image\/","url":"https:\/\/secure.gravatar.com\/avatar\/1b7c76bab80ee1c4261b06108874e24b?s=96&d=mm&r=g","contentUrl":"https:\/\/secure.gravatar.com\/avatar\/1b7c76bab80ee1c4261b06108874e24b?s=96&d=mm&r=g","caption":"Equipo Transici\u00f3n Energ\u00e9tica Factorenergia"},"description":"El equipo est\u00e1 formado por expertos en materia de Luz, Gas y Eficiencia Energ\u00e9tica, que conocen de primera mano las tendencias del mercado. Su experiencia en el sector les permite ofrecer las mejores soluciones energ\u00e9ticas y resolver las dudas planteadas por los clientes.","sameAs":["https:\/\/www.factorenergia.com\/es\/","https:\/\/www.facebook.com\/factorenergiacom","https:\/\/www.instagram.com\/factorenergia_com\/","https:\/\/es.linkedin.com\/company\/factor-energia","https:\/\/twitter.com\/factorenergia","https:\/\/www.youtube.com\/c\/factorenergiacom"],"url":"https:\/\/www.factorenergia.com\/es\/blog\/author\/marketing\/"}]}},"_links":{"self":[{"href":"https:\/\/www.factorenergia.com\/es\/wp-json\/wp\/v2\/posts\/5691"}],"collection":[{"href":"https:\/\/www.factorenergia.com\/es\/wp-json\/wp\/v2\/posts"}],"about":[{"href":"https:\/\/www.factorenergia.com\/es\/wp-json\/wp\/v2\/types\/post"}],"author":[{"embeddable":true,"href":"https:\/\/www.factorenergia.com\/es\/wp-json\/wp\/v2\/users\/17"}],"replies":[{"embeddable":true,"href":"https:\/\/www.factorenergia.com\/es\/wp-json\/wp\/v2\/comments?post=5691"}],"version-history":[{"count":3,"href":"https:\/\/www.factorenergia.com\/es\/wp-json\/wp\/v2\/posts\/5691\/revisions"}],"predecessor-version":[{"id":28753,"href":"https:\/\/www.factorenergia.com\/es\/wp-json\/wp\/v2\/posts\/5691\/revisions\/28753"}],"wp:attachment":[{"href":"https:\/\/www.factorenergia.com\/es\/wp-json\/wp\/v2\/media?parent=5691"}],"wp:term":[{"taxonomy":"category","embeddable":true,"href":"https:\/\/www.factorenergia.com\/es\/wp-json\/wp\/v2\/categories?post=5691"},{"taxonomy":"post_tag","embeddable":true,"href":"https:\/\/www.factorenergia.com\/es\/wp-json\/wp\/v2\/tags?post=5691"}],"curies":[{"name":"wp","href":"https:\/\/api.w.org\/{rel}","templated":true}]}}