{"id":5579,"date":"2018-02-23T10:29:39","date_gmt":"2018-02-23T08:29:39","guid":{"rendered":"https:\/\/www.factorenergia.com\/es\/?post_type=blog&#038;p=5579"},"modified":"2023-06-08T15:11:55","modified_gmt":"2023-06-08T13:11:55","slug":"puntos-de-recarga-solar-coche-electrico","status":"publish","type":"post","link":"https:\/\/www.factorenergia.com\/es\/blog\/eficiencia-energetica\/puntos-de-recarga-solar-coche-electrico\/","title":{"rendered":"Energ\u00eda solar: el futuro de los puntos de recarga del coche el\u00e9ctrico"},"content":{"rendered":"<p><span style=\"color: #000000;\">El coche el\u00e9ctrico se impone paulatinamente en nuestro d\u00eda a d\u00eda. En toda Europa vamos viendo la progresi\u00f3n del veh\u00edculo h\u00edbrido y el\u00e9ctrico y poco a poco se fomenta su adquisici\u00f3n con ayudas y mejoras de infraestructura como la ampliaci\u00f3n de los puntos de recarga.<\/span><\/p>\n<p><span style=\"color: #000000;\">Poco a poco, y en especial <strong>cuando se proh\u00edba el acceso a grandes ciudades con coches de combusti\u00f3n, el coche el\u00e9ctrico se ir\u00e1 convirtiendo en el rey de la carretera.<\/strong> Eso, por otro lado, deber\u00e1 corresponderse a un aumento de la infraestructura de recarga y, por ende, todo esto nos lleva a dos posibles situaciones: un gran incremento de la demanda energ\u00e9tica por un lado, y los casos de aquellas personas que no puedan tener lo que se conoce como un punto de recarga vinculado; es decir, el que se deber\u00eda tener en casa para recargar el coche de noche.<\/span><\/p>\n<h2><span style=\"color: #000000;\">Punto de recarga vinculado<\/span><\/h2>\n<p><span style=\"color: #000000;\">Antes de avanzar con el siguiente punto, queremos aclarar: si hablamos de dificultades para tener acceso a un punto de recarga propio es porque, en algunas situaciones, y m\u00e1s a\u00fan cuando el coche el\u00e9ctrico todav\u00eda no es el modelo de transporte habitual, pueden existir complicaciones para la instalaci\u00f3n del mismo. Por ello,<strong> siempre ser\u00e1 necesario contactar con un experto para que estudie nuestra situaci\u00f3n concreta y decida si es posible o no la instalaci\u00f3n en nuestra casa o parking habitual<\/strong>.<\/span><\/p>\n<div class=\"text-center center blog-cta\"><p>&iexcl;Instala un punto de recarga para tu coche el&eacute;ctrico con factorenergia!<\/p><a class=\"blog-cta primary-btn text-center solicitar-estudio\" target=\"_blank\" title=\"SOLICITA TU ESTUDIO GRATUITO\" href=\"https:\/\/www.factorenergia.com\/es\/hogares\/puntos-recarga-electricos\/\">SOLICITA TU ESTUDIO GRATUITO<\/a><p><\/p><div style=\"display:none;\"><p>&iexcl;Instala un punto de recarga para tu coche el&eacute;ctrico con factorenergia!<\/p><\/div>\n\t\t\t<script type='text\/javascript'>\n\t\t\t\tjQuery('.solicitar-estudio').click(function(){\t\t\t\t\t\t\t\t\t\n\t\t\t\t\tdataLayer.push({'language': 'es'});\n\t\t\t\t\tdataLayer.push({'post_id': '5579'});\n\t\t\t\t\tdataLayer.push({'cat_type': 'ce'});\n\t\t\t\t});\n\t\t\t<\/script>\n\t\t<\/div><br\/>\n<h2><span style=\"color: #000000;\">Alternativas a los puntos de recarga vinculados<\/span><\/h2>\n<p><span style=\"color: #000000;\">Aquellas personas que por el motivo que sea no tengan o no puedan tener un punto de recarga vinculado, deber\u00e1n buscar alternativas a la famosa carga nocturna del coche el\u00e9ctrico.<\/span><\/p>\n<h3><span style=\"color: #000000;\"><strong>Recarga en horario laboral<\/strong><\/span><\/h3>\n<p><span style=\"color: #000000;\">La alternativa m\u00e1s evidente es tener un <strong>punto de recarga vinculado al puesto de trabajo<\/strong>, cosa que ser\u00e1 especialmente f\u00e1cil y posible en parques log\u00edsticos, pol\u00edgonos industriales, f\u00e1bricas y empresas con terreno o parking propio.<\/span><\/p>\n<h3><span style=\"color: #000000;\"><strong>Puntos de recarga r\u00e1pida<\/strong><\/span><\/h3>\n<p><span style=\"color: #000000;\">Otra opci\u00f3n v\u00e1lida es <strong>localizar puntos de carga r\u00e1pida cerca de tu casa o puesto de trabajo<\/strong>. La mayor\u00eda se pueden encontrar en centros comerciales y grandes superficies como cines o supermercados. Esta alternativa, en realidad, no dista del repostaje convencional con combustible: llegas, cargas y te vas; hasta la pr\u00f3xima vez. La \u00fanica diferencia es que deber\u00e1s esperar los 15 o 20 minutos que puede tardar en cargar el coche completamente.<\/span><\/p>\n<h2><span style=\"color: #000000;\">Oportunidad en la carga diurna<\/span><\/h2>\n<p><span style=\"color: #000000;\">Visto esto, y si nos has le\u00eddo en otras ocasiones, puede que pienses: vale, \u00bfpero entonces qu\u00e9 hay de la <a href=\"http:\/\/bit.ly\/2gVoAVe\">tarifa supervalle<\/a>? \u00bfTendr\u00e9 que pagar m\u00e1s para cargar el coche durante el d\u00eda?<\/span><\/p>\n<p><span style=\"color: #000000;\">Vale, por un lado es cierto que aparentemente es una desventaja en comparaci\u00f3n con aquellos que puedan disponer de un punto de recarga propio, sin embargo son opciones viables porque:<\/span><\/p>\n<ul>\n<li><span style=\"color: #000000;\">La mayor\u00eda de gente tiene una jornada laboral diurna; tiempo de sobra para una recarga completa.<\/span><\/li>\n<li><span style=\"color: #000000;\">Las cargas r\u00e1pidas\/ultrar\u00e1pidas se realizar\u00e1n casi siempre, por su naturaleza, durante el d\u00eda.<\/span><\/li>\n<li><span style=\"color: #000000;\">Abre la puerta a una gran oportunidad para el sector de las renovables: la carga del coche el\u00e9ctrico con energ\u00eda solar.<\/span><\/li>\n<\/ul>\n<h2><span style=\"color: #000000;\">Carga del coche el\u00e9ctrico con energ\u00eda solar<\/span><\/h2>\n<p><span style=\"color: #000000;\">El mundo va encaminado hacia la total <a href=\"http:\/\/bit.ly\/2supGfw\">descarbonizaci\u00f3n<\/a>, as\u00ed que si de verdad tenemos intenciones de reducir la contaminaci\u00f3n y combatir el cambio clim\u00e1tico no es suficiente con la impulsi\u00f3n del coche el\u00e9ctrico, sino que necesitaremos impulsar tambi\u00e9n su recarga mediante fuentes renovables: en este caso, la solar; producida durante el d\u00eda.<\/span><\/p>\n<p><span style=\"color: #000000;\">En un futuro no muy lejano, gran parte de los coches el\u00e9ctricos que circular\u00e1n por nuestras carreteras se recargar\u00e1n durante las horas de sol y, gracias a esto, <strong>reduciremos los precios de la energ\u00eda solar y podremos convertirla en protagonista de las recargas<\/strong>.<\/span><\/p>\n<h3><span style=\"color: #000000;\"><strong>Fastned lo demuestra<\/strong><\/span><\/h3>\n<p><span style=\"color: #000000;\">Si piensas que no puede ser, \u00e9chale un vistazo a lo que esta empresa holandesa tiene que decir. Se dedican a construir y operar estaciones p\u00fablicas de recarga r\u00e1pida para coches el\u00e9ctricos y, a d\u00eda de hoy, ya han cubierto casi toda Holanda.<\/span><\/p>\n<p><span style=\"color: #000000;\">Los datos de sus recargas demuestran <strong>c\u00f3mo el uso de sus estaciones de carga y la generaci\u00f3n solar coinciden<\/strong>:<\/span><\/p>\n<div id=\"attachment_5582\" style=\"width: 610px\" class=\"wp-caption aligncenter\"><picture><source srcset=\"https:\/\/www.factorenergia.com\/wp-content\/webp-express\/webp-images\/uploads\/2018\/02\/energia-solar-recarga-coches-electricos.jpg.webp 600w, https:\/\/www.factorenergia.com\/wp-content\/webp-express\/webp-images\/uploads\/2018\/02\/energia-solar-recarga-coches-electricos-300x265.jpg.webp 300w, https:\/\/www.factorenergia.com\/wp-content\/webp-express\/webp-images\/uploads\/2018\/02\/energia-solar-recarga-coches-electricos-200x177.jpg.webp 200w, https:\/\/www.factorenergia.com\/wp-content\/webp-express\/webp-images\/uploads\/2018\/02\/energia-solar-recarga-coches-electricos-90x80.jpg.webp 90w, https:\/\/www.factorenergia.com\/wp-content\/webp-express\/webp-images\/uploads\/2018\/02\/energia-solar-recarga-coches-electricos-170x150.jpg.webp 170w, https:\/\/www.factorenergia.com\/wp-content\/webp-express\/webp-images\/uploads\/2018\/02\/energia-solar-recarga-coches-electricos-408x360.jpg.webp 408w, https:\/\/www.factorenergia.com\/wp-content\/webp-express\/webp-images\/uploads\/2018\/02\/energia-solar-recarga-coches-electricos-340x300.jpg.webp 340w\" sizes=\"(max-width: 600px) 100vw, 600px\" type=\"image\/webp\"><img loading=\"lazy\" decoding=\"async\" aria-describedby=\"caption-attachment-5582\" src=\"https:\/\/www.factorenergia.com\/wp-content\/uploads\/2018\/02\/energia-solar-recarga-coches-electricos.jpg\" alt=\"Fastned\" width=\"600\" height=\"530\" class=\"wp-image-5582 size-full webpexpress-processed\" srcset=\"https:\/\/www.factorenergia.com\/wp-content\/uploads\/2018\/02\/energia-solar-recarga-coches-electricos.jpg 600w, https:\/\/www.factorenergia.com\/wp-content\/uploads\/2018\/02\/energia-solar-recarga-coches-electricos-300x265.jpg 300w, https:\/\/www.factorenergia.com\/wp-content\/uploads\/2018\/02\/energia-solar-recarga-coches-electricos-200x177.jpg 200w, https:\/\/www.factorenergia.com\/wp-content\/uploads\/2018\/02\/energia-solar-recarga-coches-electricos-90x80.jpg 90w, https:\/\/www.factorenergia.com\/wp-content\/uploads\/2018\/02\/energia-solar-recarga-coches-electricos-170x150.jpg 170w, https:\/\/www.factorenergia.com\/wp-content\/uploads\/2018\/02\/energia-solar-recarga-coches-electricos-408x360.jpg 408w, https:\/\/www.factorenergia.com\/wp-content\/uploads\/2018\/02\/energia-solar-recarga-coches-electricos-340x300.jpg 340w\" sizes=\"(max-width: 600px) 100vw, 600px\"><\/picture><p id=\"caption-attachment-5582\" class=\"wp-caption-text\">Imagen y datos de Fastned<\/p><\/div>\n<p>&nbsp;<\/p>\n<p><span style=\"color: #000000;\">Estos datos <strong>animan a ver la energ\u00eda solar como clave en la recarga de los coches el\u00e9ctricos<\/strong>: energ\u00eda barata y recarga r\u00e1pida. Es m\u00e1s, todos los puntos de recarga r\u00e1pida de Fastned cuentan con placas solares, as\u00ed que sus cargas el\u00e9ctricas son 100% renovables. \u00bfY por la noche? Se puede recargar usando los excedentes que se hayan podido almacenar durante los picos de energ\u00eda.<\/span><\/p>\n<p>&nbsp;<\/p>\n<p><span style=\"color: #000000;\">En Factorenergia, de momento, podemos ofrecerte estas dos tecnolog\u00edas, pero por separado: por un lado, aqu\u00ed tienes informaci\u00f3n sobre el <a href=\"https:\/\/www.factorenergia.com\/es\/hogares\/placas-solares\/\">autoconsumo solar<\/a>, y por otro, nuestro contacto si te interesa que estudiemos tu caso para un <a href=\"https:\/\/www.factorenergia.com\/es\/instalar-punto-recarga\/\">punto de recarga para el coche el\u00e9ctrico<\/a><\/span>.<\/p>\n<p>&nbsp;<\/p>\n","protected":false},"excerpt":{"rendered":"<p>En un futuro no muy lejano, se espera que los puntos de recarga para coche el\u00e9ctrico que pueblen nuestras ciudades y carreteras funcionen con energ\u00eda solar, m\u00e1s barata y limpia.<\/p>\n","protected":false},"author":17,"featured_media":0,"comment_status":"open","ping_status":"closed","sticky":false,"template":"","format":"standard","meta":{"inline_featured_image":false,"footnotes":""},"categories":[51],"tags":[],"acf":{"fecha_de_la_entrada":"20180223","imagen_portada":5584,"categoria_blog":null,"tipo_de_distribuidora":null,"tiempo_lectura":"","banner_bool":false,"titulo_banner":"","texto_banner":"","texto_boton_banner":"","url_boton_banner":"","post_relacionados":""},"yoast_head":"<!-- This site is optimized with the Yoast SEO plugin v22.2 - https:\/\/yoast.com\/wordpress\/plugins\/seo\/ -->\n<title>Puntos de recarga para coche el\u00e9ctrico con energ\u00eda solar | factoenergia<\/title>\n<meta name=\"description\" content=\"En un futuro no muy lejano, se espera que los puntos de recarga para coche el\u00e9ctrico que pueblen nuestras ciudades y carreteras funcionen con energ\u00eda solar.\" \/>\n<meta name=\"robots\" content=\"index, follow, max-snippet:-1, max-image-preview:large, max-video-preview:-1\" \/>\n<link rel=\"canonical\" href=\"https:\/\/www.factorenergia.com\/es\/blog\/eficiencia-energetica\/puntos-de-recarga-solar-coche-electrico\/\" \/>\n<meta name=\"twitter:card\" content=\"summary_large_image\" \/>\n<meta name=\"twitter:title\" content=\"Puntos de recarga para coche el\u00e9ctrico con energ\u00eda solar | factoenergia\" \/>\n<meta name=\"twitter:description\" content=\"En un futuro no muy lejano, se espera que los puntos de recarga para coche el\u00e9ctrico que pueblen nuestras ciudades y carreteras funcionen con energ\u00eda solar.\" \/>\n<meta name=\"twitter:image\" content=\"https:\/\/www.factorenergia.com\/wp-content\/uploads\/2018\/02\/energia-solar-recarga-coches-electricos.jpg\" \/>\n<meta name=\"twitter:creator\" content=\"@factorenergia\" \/>\n<meta name=\"twitter:site\" content=\"@factorenergia\" \/>\n<meta name=\"twitter:label1\" content=\"Escrito por\" \/>\n\t<meta name=\"twitter:data1\" content=\"Equipo Transici\u00f3n Energ\u00e9tica Factorenergia\" \/>\n\t<meta name=\"twitter:label2\" content=\"Tiempo de lectura\" \/>\n\t<meta name=\"twitter:data2\" content=\"4 minutos\" \/>\n<script type=\"application\/ld+json\" class=\"yoast-schema-graph\">{\"@context\":\"https:\/\/schema.org\",\"@graph\":[{\"@type\":\"WebPage\",\"@id\":\"https:\/\/www.factorenergia.com\/es\/blog\/eficiencia-energetica\/puntos-de-recarga-solar-coche-electrico\/\",\"url\":\"https:\/\/www.factorenergia.com\/es\/blog\/eficiencia-energetica\/puntos-de-recarga-solar-coche-electrico\/\",\"name\":\"Puntos de recarga para coche el\u00e9ctrico con energ\u00eda solar | factoenergia\",\"isPartOf\":{\"@id\":\"https:\/\/www.factorenergia.com\/es\/#website\"},\"primaryImageOfPage\":{\"@id\":\"https:\/\/www.factorenergia.com\/es\/blog\/eficiencia-energetica\/puntos-de-recarga-solar-coche-electrico\/#primaryimage\"},\"image\":{\"@id\":\"https:\/\/www.factorenergia.com\/es\/blog\/eficiencia-energetica\/puntos-de-recarga-solar-coche-electrico\/#primaryimage\"},\"thumbnailUrl\":\"https:\/\/www.factorenergia.com\/wp-content\/uploads\/2018\/02\/energia-solar-recarga-coches-electricos.jpg\",\"datePublished\":\"2018-02-23T08:29:39+00:00\",\"dateModified\":\"2023-06-08T13:11:55+00:00\",\"author\":{\"@id\":\"https:\/\/www.factorenergia.com\/es\/#\/schema\/person\/dff9e4b6dc520720e3a37bdaaedc5841\"},\"description\":\"En un futuro no muy lejano, se espera que los puntos de recarga para coche el\u00e9ctrico que pueblen nuestras ciudades y carreteras funcionen con energ\u00eda solar.\",\"breadcrumb\":{\"@id\":\"https:\/\/www.factorenergia.com\/es\/blog\/eficiencia-energetica\/puntos-de-recarga-solar-coche-electrico\/#breadcrumb\"},\"inLanguage\":\"es\",\"potentialAction\":[{\"@type\":\"ReadAction\",\"target\":[\"https:\/\/www.factorenergia.com\/es\/blog\/eficiencia-energetica\/puntos-de-recarga-solar-coche-electrico\/\"]}]},{\"@type\":\"ImageObject\",\"inLanguage\":\"es\",\"@id\":\"https:\/\/www.factorenergia.com\/es\/blog\/eficiencia-energetica\/puntos-de-recarga-solar-coche-electrico\/#primaryimage\",\"url\":\"https:\/\/www.factorenergia.com\/wp-content\/uploads\/2018\/02\/energia-solar-recarga-coches-electricos.jpg\",\"contentUrl\":\"https:\/\/www.factorenergia.com\/wp-content\/uploads\/2018\/02\/energia-solar-recarga-coches-electricos.jpg\"},{\"@type\":\"BreadcrumbList\",\"@id\":\"https:\/\/www.factorenergia.com\/es\/blog\/eficiencia-energetica\/puntos-de-recarga-solar-coche-electrico\/#breadcrumb\",\"itemListElement\":[{\"@type\":\"ListItem\",\"position\":1,\"name\":\"Portada\",\"item\":\"https:\/\/www.factorenergia.com\/es\/\"},{\"@type\":\"ListItem\",\"position\":2,\"name\":\"Energ\u00eda solar: el futuro de los puntos de recarga del coche el\u00e9ctrico\"}]},{\"@type\":\"WebSite\",\"@id\":\"https:\/\/www.factorenergia.com\/es\/#website\",\"url\":\"https:\/\/www.factorenergia.com\/es\/\",\"name\":\"factorenergia\",\"description\":\"Factor Energ\u00eda\",\"potentialAction\":[{\"@type\":\"SearchAction\",\"target\":{\"@type\":\"EntryPoint\",\"urlTemplate\":\"https:\/\/www.factorenergia.com\/es\/?s={search_term_string}\"},\"query-input\":\"required name=search_term_string\"}],\"inLanguage\":\"es\"},{\"@type\":\"Person\",\"@id\":\"https:\/\/www.factorenergia.com\/es\/#\/schema\/person\/dff9e4b6dc520720e3a37bdaaedc5841\",\"name\":\"Equipo Transici\u00f3n Energ\u00e9tica Factorenergia\",\"image\":{\"@type\":\"ImageObject\",\"inLanguage\":\"es\",\"@id\":\"https:\/\/www.factorenergia.com\/es\/#\/schema\/person\/image\/\",\"url\":\"https:\/\/secure.gravatar.com\/avatar\/1b7c76bab80ee1c4261b06108874e24b?s=96&d=mm&r=g\",\"contentUrl\":\"https:\/\/secure.gravatar.com\/avatar\/1b7c76bab80ee1c4261b06108874e24b?s=96&d=mm&r=g\",\"caption\":\"Equipo Transici\u00f3n Energ\u00e9tica Factorenergia\"},\"description\":\"El equipo est\u00e1 formado por expertos en materia de Luz, Gas y Eficiencia Energ\u00e9tica, que conocen de primera mano las tendencias del mercado. Su experiencia en el sector les permite ofrecer las mejores soluciones energ\u00e9ticas y resolver las dudas planteadas por los clientes.\",\"sameAs\":[\"https:\/\/www.factorenergia.com\/es\/\",\"https:\/\/www.facebook.com\/factorenergiacom\",\"https:\/\/www.instagram.com\/factorenergia_com\/\",\"https:\/\/es.linkedin.com\/company\/factor-energia\",\"https:\/\/twitter.com\/factorenergia\",\"https:\/\/www.youtube.com\/c\/factorenergiacom\"],\"url\":\"https:\/\/www.factorenergia.com\/es\/blog\/author\/marketing\/\"}]}<\/script>\n<!-- \/ Yoast SEO plugin. -->","yoast_head_json":{"title":"Puntos de recarga para coche el\u00e9ctrico con energ\u00eda solar | factoenergia","description":"En un futuro no muy lejano, se espera que los puntos de recarga para coche el\u00e9ctrico que pueblen nuestras ciudades y carreteras funcionen con energ\u00eda solar.","robots":{"index":"index","follow":"follow","max-snippet":"max-snippet:-1","max-image-preview":"max-image-preview:large","max-video-preview":"max-video-preview:-1"},"canonical":"https:\/\/www.factorenergia.com\/es\/blog\/eficiencia-energetica\/puntos-de-recarga-solar-coche-electrico\/","twitter_card":"summary_large_image","twitter_title":"Puntos de recarga para coche el\u00e9ctrico con energ\u00eda solar | factoenergia","twitter_description":"En un futuro no muy lejano, se espera que los puntos de recarga para coche el\u00e9ctrico que pueblen nuestras ciudades y carreteras funcionen con energ\u00eda solar.","twitter_image":"https:\/\/www.factorenergia.com\/wp-content\/uploads\/2018\/02\/energia-solar-recarga-coches-electricos.jpg","twitter_creator":"@factorenergia","twitter_site":"@factorenergia","twitter_misc":{"Escrito por":"Equipo Transici\u00f3n Energ\u00e9tica Factorenergia","Tiempo de lectura":"4 minutos"},"schema":{"@context":"https:\/\/schema.org","@graph":[{"@type":"WebPage","@id":"https:\/\/www.factorenergia.com\/es\/blog\/eficiencia-energetica\/puntos-de-recarga-solar-coche-electrico\/","url":"https:\/\/www.factorenergia.com\/es\/blog\/eficiencia-energetica\/puntos-de-recarga-solar-coche-electrico\/","name":"Puntos de recarga para coche el\u00e9ctrico con energ\u00eda solar | factoenergia","isPartOf":{"@id":"https:\/\/www.factorenergia.com\/es\/#website"},"primaryImageOfPage":{"@id":"https:\/\/www.factorenergia.com\/es\/blog\/eficiencia-energetica\/puntos-de-recarga-solar-coche-electrico\/#primaryimage"},"image":{"@id":"https:\/\/www.factorenergia.com\/es\/blog\/eficiencia-energetica\/puntos-de-recarga-solar-coche-electrico\/#primaryimage"},"thumbnailUrl":"https:\/\/www.factorenergia.com\/wp-content\/uploads\/2018\/02\/energia-solar-recarga-coches-electricos.jpg","datePublished":"2018-02-23T08:29:39+00:00","dateModified":"2023-06-08T13:11:55+00:00","author":{"@id":"https:\/\/www.factorenergia.com\/es\/#\/schema\/person\/dff9e4b6dc520720e3a37bdaaedc5841"},"description":"En un futuro no muy lejano, se espera que los puntos de recarga para coche el\u00e9ctrico que pueblen nuestras ciudades y carreteras funcionen con energ\u00eda solar.","breadcrumb":{"@id":"https:\/\/www.factorenergia.com\/es\/blog\/eficiencia-energetica\/puntos-de-recarga-solar-coche-electrico\/#breadcrumb"},"inLanguage":"es","potentialAction":[{"@type":"ReadAction","target":["https:\/\/www.factorenergia.com\/es\/blog\/eficiencia-energetica\/puntos-de-recarga-solar-coche-electrico\/"]}]},{"@type":"ImageObject","inLanguage":"es","@id":"https:\/\/www.factorenergia.com\/es\/blog\/eficiencia-energetica\/puntos-de-recarga-solar-coche-electrico\/#primaryimage","url":"https:\/\/www.factorenergia.com\/wp-content\/uploads\/2018\/02\/energia-solar-recarga-coches-electricos.jpg","contentUrl":"https:\/\/www.factorenergia.com\/wp-content\/uploads\/2018\/02\/energia-solar-recarga-coches-electricos.jpg"},{"@type":"BreadcrumbList","@id":"https:\/\/www.factorenergia.com\/es\/blog\/eficiencia-energetica\/puntos-de-recarga-solar-coche-electrico\/#breadcrumb","itemListElement":[{"@type":"ListItem","position":1,"name":"Portada","item":"https:\/\/www.factorenergia.com\/es\/"},{"@type":"ListItem","position":2,"name":"Energ\u00eda solar: el futuro de los puntos de recarga del coche el\u00e9ctrico"}]},{"@type":"WebSite","@id":"https:\/\/www.factorenergia.com\/es\/#website","url":"https:\/\/www.factorenergia.com\/es\/","name":"factorenergia","description":"Factor Energ\u00eda","potentialAction":[{"@type":"SearchAction","target":{"@type":"EntryPoint","urlTemplate":"https:\/\/www.factorenergia.com\/es\/?s={search_term_string}"},"query-input":"required name=search_term_string"}],"inLanguage":"es"},{"@type":"Person","@id":"https:\/\/www.factorenergia.com\/es\/#\/schema\/person\/dff9e4b6dc520720e3a37bdaaedc5841","name":"Equipo Transici\u00f3n Energ\u00e9tica Factorenergia","image":{"@type":"ImageObject","inLanguage":"es","@id":"https:\/\/www.factorenergia.com\/es\/#\/schema\/person\/image\/","url":"https:\/\/secure.gravatar.com\/avatar\/1b7c76bab80ee1c4261b06108874e24b?s=96&d=mm&r=g","contentUrl":"https:\/\/secure.gravatar.com\/avatar\/1b7c76bab80ee1c4261b06108874e24b?s=96&d=mm&r=g","caption":"Equipo Transici\u00f3n Energ\u00e9tica Factorenergia"},"description":"El equipo est\u00e1 formado por expertos en materia de Luz, Gas y Eficiencia Energ\u00e9tica, que conocen de primera mano las tendencias del mercado. Su experiencia en el sector les permite ofrecer las mejores soluciones energ\u00e9ticas y resolver las dudas planteadas por los clientes.","sameAs":["https:\/\/www.factorenergia.com\/es\/","https:\/\/www.facebook.com\/factorenergiacom","https:\/\/www.instagram.com\/factorenergia_com\/","https:\/\/es.linkedin.com\/company\/factor-energia","https:\/\/twitter.com\/factorenergia","https:\/\/www.youtube.com\/c\/factorenergiacom"],"url":"https:\/\/www.factorenergia.com\/es\/blog\/author\/marketing\/"}]}},"_links":{"self":[{"href":"https:\/\/www.factorenergia.com\/es\/wp-json\/wp\/v2\/posts\/5579"}],"collection":[{"href":"https:\/\/www.factorenergia.com\/es\/wp-json\/wp\/v2\/posts"}],"about":[{"href":"https:\/\/www.factorenergia.com\/es\/wp-json\/wp\/v2\/types\/post"}],"author":[{"embeddable":true,"href":"https:\/\/www.factorenergia.com\/es\/wp-json\/wp\/v2\/users\/17"}],"replies":[{"embeddable":true,"href":"https:\/\/www.factorenergia.com\/es\/wp-json\/wp\/v2\/comments?post=5579"}],"version-history":[{"count":3,"href":"https:\/\/www.factorenergia.com\/es\/wp-json\/wp\/v2\/posts\/5579\/revisions"}],"predecessor-version":[{"id":21952,"href":"https:\/\/www.factorenergia.com\/es\/wp-json\/wp\/v2\/posts\/5579\/revisions\/21952"}],"wp:attachment":[{"href":"https:\/\/www.factorenergia.com\/es\/wp-json\/wp\/v2\/media?parent=5579"}],"wp:term":[{"taxonomy":"category","embeddable":true,"href":"https:\/\/www.factorenergia.com\/es\/wp-json\/wp\/v2\/categories?post=5579"},{"taxonomy":"post_tag","embeddable":true,"href":"https:\/\/www.factorenergia.com\/es\/wp-json\/wp\/v2\/tags?post=5579"}],"curies":[{"name":"wp","href":"https:\/\/api.w.org\/{rel}","templated":true}]}}