{"id":5557,"date":"2021-04-30T10:00:56","date_gmt":"2021-04-30T08:00:56","guid":{"rendered":"https:\/\/www.factorenergia.com\/es\/?post_type=blog&#038;p=5557"},"modified":"2025-07-28T18:15:36","modified_gmt":"2025-07-28T16:15:36","slug":"como-dar-de-alta-el-gas","status":"publish","type":"post","link":"https:\/\/www.factorenergia.com\/es\/blog\/factura-luz\/como-dar-de-alta-el-gas\/","title":{"rendered":"\u00bfC\u00f3mo dar de alta el gas?"},"content":{"rendered":"<p><span>\n<script type=\"text\/javascript\" id=\"auto-index\" async defer>\n\n      function indexContent(context){\n\n      var container = document.querySelector(context);\n\n      element = document.getElementById(\"accordion-index\");\n      var titles = Array.from(container.querySelectorAll(\"h2,h3,h4\"));\n\n      for (var i = 0, l = titles.length; i < l; i++) {\n\n\t\tjQuery('#accordionIndex').show();\n\n        var tit = titles[i];\n\t\tvar newTitle = tit.textContent.toLowerCase().replace(\/[^a-zA-Z ]\/g, \"\").replace(\/\\s\/g, '-');\n\t\tvar numTag = Number(tit.tagName.replace(\/[^1-9]\/g, \"\"));\n\t\tvar tagWidth = (numTag*20);\n\n\t\tvar preText = '<span style=\"margin-left:' + tagWidth + 'px\"><\/span>';\n\n        tit.setAttribute(\"id\", newTitle);\n\t\tjQuery(tit).addClass('h-inline');\n\t\t\n\t\tvar toIndex = '<p class=\"h-inline\"><a class=\"blog-toindex\" href=\"#accordionIndex\"><span class=\"glyphicon glyphicon-chevron-up\" aria-hidden=\"true\"><\/span><\/a><\/p>';\n\n\t\tjQuery(toIndex).insertAfter(tit);\n\n        var node = document.createElement(\"LI\");                 \n        var link = document.createElement(\"A\");\n        var textnode = document.createTextNode(tit.textContent);\n\n        link.appendChild(textnode);\n        link.setAttribute(\"href\", '#' + newTitle);\n\t\t\/\/link.setAttribute(\"style\", \"margin-left:\" + tagWidth + \"px\");\n\t\tlink.setAttribute(\"class\", \"acc-h\" + numTag);\n        node.appendChild(link);\n\n        element.appendChild(node);\n\n      }\n    }\n\n    jQuery(document).ready(function(){\t\t\n\t\tindexContent(\".single-post-content\");\n\n\t\tjQuery(\".accordion-toggle\").click(function() {\n\t\t\tjQuery(this).toggleClass(\"open\");\n\t\t\tjQuery(\"#collapseIndex\").slideToggle(\"in\");\n\t\t});\n\t});\n\n\n<\/script>\n\n<style>\n\t.accordion-toggle{\n\t\tcursor:pointer;\n\t}\n\n\t#accordionIndex .panel-heading{\n\t\tmargin-bottom:0px;\n\t}\n\n\t.articulo ul, .articulo ol{\n\t\tmargin-bottom:auto;\n\t}\n\n\t.h-inline{\n\t\tdisplay: inline-flex;\n\t\tflex-wrap: wrap\n\t}\n\t#accordion-index{\n\t\tpadding-left:0px;\n\t}\n\t#accordion-index li a{\n\t\tdisplay:block;\n\t\tpadding-top:5px;\n\t}\n\n\t.acc-h2{\n\t\tmargin-left:0px;\n\t\tposition: relative;\n\t}\n\n\t.acc-h3{\n\t\tmargin-left:25px;\n\t}\n\n\t.acc-h3::before{\n\t\tcontent: \"\";\n\t\tbackground-color:var(--blue-light);\n\t\tmargin-left:-10px;\n\t\twidth: 7px;\n\t\theight: 7px;\n\t\tdisplay: inline-block;\n\t\ttext-align: center;\n\t\tborder-radius: 1000px;\n\t\tmargin-right: 10px;\n    \tmargin-bottom: 2px;\n\t}\n\n\t.acc-h4{\n\t\tmargin-left:40px;\n\t}\n\n\t.acc-h4::before{\n\t\tcontent: \"\";\n\t\tborder: 1px solid var(--blue-light);\n\t\tmargin-left:-5px;\n\t\twidth: 7px;\n\t\theight: 7px;\n\t\tdisplay: inline-block;\n\t\ttext-align: center;\n\t\tborder-radius: 100%;\n\t\tmargin-right: 10px;\n    \tmargin-bottom: 2px;\n\t}\n\n\t.acc-h3:hover::before{\n\t\tbackground-color: var(--blue-darkest);\n\t}\n\n\t.acc-h4:hover::before{\n\t\tborder-color: var(--blue-darkest);\n\t}\n\n\t@media (max-width: 992px){\n\t\t.acc-h2{\n\t\t\tmargin-left:0px;\n\t\t}\n\t\t.acc-h3{\n\t\t\tmargin-left:20px;\n\t\t}\n\t\t.acc-h4{\n\t\t\tmargin-left:40px;\n\t\t}\n\t}\n\n\t\/*\n\th2.h-inline:after,\n\th3.h-inline:after{\n\t\theight: 24px;\n\t\tcontent: \"\";\n\t\tdisplay: table-row;\n\t}*\/\n<\/style>\n\n<div id=\"table-accordion-index\">\n\t<div class=\"panel-group\" id=\"accordionIndex\">\n\t\t<div class=\"panel panel-default\">\n\t\t\t<div class=\"panel-heading\">\n\t\t\t\t<div class=\"panel-title open\"><div class=\"accordion-toggle\" data-toggle=\"collapse\" data-parent=\"#accordion\" aria-expanded=\"true\">\u00cdndice<\/div><\/div>\n\t\t\t<\/div>\n\t\t\t<div id=\"collapseIndex\" class=\"panel-collapse collapse in\" aria-expanded=\"true\">\n\t\t\t\t<div class=\"panel-body\">\n\t\t\t\t\t<ul id=\"accordion-index\">\n\t\t\t\t\t<\/ul>\n\t\t\t\t<\/div>\n\t\t\t<\/div>\n\t\t<\/div>\n\t<\/div>\n<\/div><\/span><\/p>\n<p style=\"text-align: justify;\">A menudo, se confunden los t\u00e9rminos \u201ccontratar\u201d y \u201cdar de alta\u201d; es normal. En el sector energ\u00e9tico hablamos de \u201cdar de alta\u201d cuando hay que tramitar un nuevo suministro. Es decir, que <strong>puedes dar de alta el gas cuando no tienes<\/strong>; el resto, es contratar o <a href=\"https:\/\/www.factorenergia.com\/es\/gas\/cambiar-compania-de-gas\/\" title=\"cambiar de compa\u00f1ia de gas\" target=\"_blank\" rel=\"noopener noreferrer\">cambiar de compa\u00f1\u00eda de gas<\/a>.<\/p>\n<p style=\"text-align: justify;\">Dicho esto, si est\u00e1s aqu\u00ed porque quieres cambiarte a factorenergia, puedes contratar online, en solo 3 minutos, nuestras <a href=\"https:\/\/www.factorenergia.com\/es\/gas\/\" title=\"tarifas de gas natural\" target=\"_blank\" rel=\"noopener noreferrer\">tarifas de gas<\/a>\u00a0o\u00a0<strong>llamando gratis al 900649001<\/strong>.<\/p>\n<p style=\"text-align: justify;\">Del mismo modo, cont\u00e1ctanos para conocer qu\u00e9 ayudas podr\u00edas recibir para tu suministro de gas o para saber qu\u00e9 instaladores tienes cerca de casa; resolveremos tus dudas.<\/p>\n<p><span><div class=\"text-center center blog-cta\"><p>C&aacute;mbiate a factorenergia y ahorra un 20% de tu factura del Gas ... &iexcl;Para Siempre!<\/p><a class=\"blog-cta primary-btn text-center solicitar-estudio\" target=\"_blank\" title=\"Llama Gratis o Contrata Online en 2 min\" href=\"https:\/\/www.factorenergia.com\/es\/como-cambiar-compania\/\">Llama Gratis o Contrata Online en 2 min<\/a><p><\/p><div style=\"display:none;\"><p>C&aacute;mbiate a factorenergia y ahorra un 20% de tu factura del Gas ... &iexcl;Para Siempre!<\/p><\/div>\n\t\t\t<script type='text\/javascript'>\n\t\t\t\tjQuery('.solicitar-estudio').click(function(){\t\t\t\t\t\t\t\t\t\n\t\t\t\t\tdataLayer.push({'language': 'es'});\n\t\t\t\t\tdataLayer.push({'post_id': '5557'});\n\t\t\t\t\tdataLayer.push({'cat_type': 'gas'});\n\t\t\t\t});\n\t\t\t<\/script>\n\t\t<\/div><br\/>\u00a0<\/span><\/p>\n<p style=\"text-align: justify;\">Ahora bien, si no tienes gas, y quieres darlo de alta, el proceso es diferente:<\/p>\n<h2 style=\"font-size: 20px !important; color: #777777;\"><strong>Nuevas altas de gas <\/strong><\/h2>\n<p style=\"text-align: justify;\">La mayor\u00eda de altas nuevas (nuevos puntos de suministro), tanto de luz como de gas, suelen ser por alguno de los siguientes motivos:<\/p>\n<ul>\n<li style=\"text-align: justify;\">Has comprado o alquilado una <strong>vivienda nueva<\/strong> en la que nunca ha habido suministro de gas.<\/li>\n<li style=\"text-align: justify;\">Has comprado o alquilado una vivienda cuyo <strong>anterior inquilino dio de baja el suministro de gas<\/strong> o se encuentra de forma irregular.<\/li>\n<li style=\"text-align: justify;\">Has comprado una vivienda o local que actualmente tiene <strong>gas de prueba<\/strong>, y tienes que pasar al suministro definitivo.<\/li>\n<li style=\"text-align: justify;\">En el pasado <strong>diste de baja los suministros<\/strong> de una casa o piso que no utilizabas y que ahora s\u00ed quieres habitar.<\/li>\n<\/ul>\n<p><span>\r\n<script type=\"text\/javascript\" async defer>\r\n\r\n    jQuery(document).ready(function(){\t\t\r\n\t\t\r\n\t});\r\n<\/script>\r\n\r\n<style>\r\n\t.block-interested_posts{\r\n        margin-top: 10px;\r\n        padding: 20px;\r\n        border: 2px solid #92C200;\r\n    }\r\n    .block-interested_posts ul{\r\n        margin-bottom:0px;\r\n    }\r\n    .block-interested_posts ul li{\r\n        margin-bottom:5px;\r\n    }\r\n    .block-interested_posts ul li a{\r\n        \/*color: #DF981E;*\/\r\n    }\r\n\r\n<\/style>\r\n\r\n<div class=\"block-interested_posts\">\r\n    <p><strong>Post que te pueden interesar<\/strong><\/p>\r\n    <ul>\r\n                    <li><a href=\"https:\/\/www.factorenergia.com\/es\/blog\/ahorrar-electricidad\/preguntas-frecuentes-luz-gas\/\" title=\"Preguntas frecuentes sobre luz y gas\">Preguntas frecuentes sobre luz y gas<\/a><\/li>\r\n                    <li><a href=\"https:\/\/www.factorenergia.com\/es\/blog\/autoconsumo-electrico\/alternativas-energeticas-para-el-hogar\/\" title=\"Alternativas energ\u00e9ticas para el hogar\">Alternativas energ\u00e9ticas para el hogar<\/a><\/li>\r\n            <\/ul>\t\r\n<\/div><\/span><\/p>\n<h3 style=\"font-size: 20px !important; color: #777777;\"><strong>Pasos para dar de alta un nuevo suministro de gas <\/strong><\/h3>\n<p style=\"text-align: justify;\">Cont\u00e1ctanos y nosotros nos ocuparemos de todo, pero necesitaremos la siguiente documentaci\u00f3n:<\/p>\n<ul>\n<li style=\"text-align: justify;\"><strong>Fotocopia del DNI<\/strong> (o pasaporte) de la persona que ser\u00e1 titular del suministro.<\/li>\n<li style=\"text-align: justify;\"><strong>Documento que certifique el correcto funcionamiento de la instalaci\u00f3n<\/strong> de gas natural expedido por una empresa autorizada. Si no se dispone de \u00e9l, factorenergia te dir\u00e1 d\u00f3nde puedes pedirlo cerca de casa.<\/li>\n<li style=\"text-align: justify;\"><strong>Documento que certifique la relaci\u00f3n que tiene el cliente con la vivienda<\/strong> (t\u00edtulo de propiedad o contrato de alquiler).<\/li>\n<\/ul>\n<h3 style=\"font-size: 20px !important; color: #777777;\"><strong>\u00bfHay que pagar para dar de alta el gas? <\/strong><\/h3>\n<h4 style=\"text-align: justify;\"><strong>Derechos de acometida<\/strong><\/h4>\n<p style=\"text-align: justify;\">Todos los gastos relacionados con la instalaci\u00f3n de un nuevo suministro de gas se incluyen bajo los \u201cderechos de acometida\u201d, fijados por la tarifa de acceso; un conjunto de conceptos a pagar, por parte del cliente, en concepto de las prestaciones que realiza la empresa instaladora al facilitar el suministro energ\u00e9tico.<\/p>\n<h4 style=\"text-align: justify;\"><strong>Derechos de alta<\/strong><\/h4>\n<p style=\"text-align: justify;\">Los derechos de alta son percepciones econ\u00f3micas por parte de la empresa distribuidora en concepto de prestaci\u00f3n de servicio. La distribuidora inspeccionar\u00e1 la instalaci\u00f3n, una vez recibido el bolet\u00edn del instalador autorizado y proceder\u00e1 a instalar el equipo de medida. Estos derechos se aplican a nuevos suministros y a ampliaciones, y dependen de cada Comunidad Aut\u00f3noma.<\/p>\n<h3 style=\"font-size: 20px !important; color: #777777;\"><strong> \u00bfCu\u00e1ndo dispondr\u00e1s del suministro?<\/strong><\/h3>\n<p style=\"text-align: justify;\">Una vez se ha generado la petici\u00f3n de alta, la empresa distribuidora deber\u00e1 mandar a un t\u00e9cnico instalador en un plazo\u00a0<strong>entre 5 y 7 d\u00edas h\u00e1biles.<\/strong><\/p>\n<p style=\"text-align: justify;\">Para <strong>dar de alta el gas con factorenergia<\/strong>, ponte en contacto a trav\u00e9s de <a href=\"https:\/\/www.factorenergia.com\/es\/contacto\/\" title=\"atenci\u00f3n al cliente factorenergia\" target=\"_blank\" rel=\"noopener noreferrer\">nuestro formulario<\/a> o llamando gratis al 900 649 001. Cu\u00e1nta m\u00e1s documentaci\u00f3n nos avances, mejor. De lo contrario, nosotros te ayudaremos a conseguirla y te guiaremos en el proceso para que sea lo m\u00e1s f\u00e1cil y r\u00e1pido posible.<\/p>\n<p>&nbsp;<\/p>\n","protected":false},"excerpt":{"rendered":"<p>Para dar de alta el gas necesitar\u00e1s fotocopia del DNI, certificado de instalaci\u00f3n y doc. de relaci\u00f3n con la vivienda, y llamarnos, claro. Te explicamos y guiamos sobre el proceso para que sea lo m\u00e1s f\u00e1cil y r\u00e1pido posible.<\/p>\n","protected":false},"author":17,"featured_media":0,"comment_status":"open","ping_status":"closed","sticky":false,"template":"","format":"standard","meta":{"inline_featured_image":false,"footnotes":""},"categories":[52],"tags":[],"acf":{"fecha_de_la_entrada":"20210427","imagen_portada":5574,"categoria_blog":null,"tipo_de_distribuidora":null,"tiempo_lectura":"","banner_bool":false,"titulo_banner":"","texto_banner":"","texto_boton_banner":"","url_boton_banner":"","post_relacionados":""},"yoast_head":"<!-- This site is optimized with the Yoast SEO plugin v22.2 - https:\/\/yoast.com\/wordpress\/plugins\/seo\/ -->\n<title>\u00bfC\u00f3mo dar de alta el gas? - factorenergia<\/title>\n<meta name=\"description\" content=\"\u00bfConoces el proceso para dar de alta el gas? Te explicamos qu\u00e9 documentaci\u00f3n necesitar\u00e1s y los pasos a seguir, para que sea f\u00e1cil y r\u00e1pido.\" \/>\n<meta name=\"robots\" content=\"index, follow, max-snippet:-1, max-image-preview:large, max-video-preview:-1\" \/>\n<link rel=\"canonical\" href=\"https:\/\/www.factorenergia.com\/es\/blog\/factura-luz\/como-dar-de-alta-el-gas\/\" \/>\n<meta name=\"twitter:card\" content=\"summary_large_image\" \/>\n<meta name=\"twitter:title\" content=\"\u00bfC\u00f3mo dar de alta el gas? - factorenergia\" \/>\n<meta name=\"twitter:description\" content=\"\u00bfConoces el proceso para dar de alta el gas? Te explicamos qu\u00e9 documentaci\u00f3n necesitar\u00e1s y los pasos a seguir, para que sea f\u00e1cil y r\u00e1pido.\" \/>\n<meta name=\"twitter:creator\" content=\"@factorenergia\" \/>\n<meta name=\"twitter:site\" content=\"@factorenergia\" \/>\n<meta name=\"twitter:label1\" content=\"Escrito por\" \/>\n\t<meta name=\"twitter:data1\" content=\"Equipo Transici\u00f3n Energ\u00e9tica Factorenergia\" \/>\n\t<meta name=\"twitter:label2\" content=\"Tiempo de lectura\" \/>\n\t<meta name=\"twitter:data2\" content=\"3 minutos\" \/>\n<script type=\"application\/ld+json\" class=\"yoast-schema-graph\">{\"@context\":\"https:\/\/schema.org\",\"@graph\":[{\"@type\":\"WebPage\",\"@id\":\"https:\/\/www.factorenergia.com\/es\/blog\/factura-luz\/como-dar-de-alta-el-gas\/\",\"url\":\"https:\/\/www.factorenergia.com\/es\/blog\/factura-luz\/como-dar-de-alta-el-gas\/\",\"name\":\"\u00bfC\u00f3mo dar de alta el gas? - factorenergia\",\"isPartOf\":{\"@id\":\"https:\/\/www.factorenergia.com\/es\/#website\"},\"datePublished\":\"2021-04-30T08:00:56+00:00\",\"dateModified\":\"2025-07-28T16:15:36+00:00\",\"author\":{\"@id\":\"https:\/\/www.factorenergia.com\/es\/#\/schema\/person\/dff9e4b6dc520720e3a37bdaaedc5841\"},\"description\":\"\u00bfConoces el proceso para dar de alta el gas? Te explicamos qu\u00e9 documentaci\u00f3n necesitar\u00e1s y los pasos a seguir, para que sea f\u00e1cil y r\u00e1pido.\",\"breadcrumb\":{\"@id\":\"https:\/\/www.factorenergia.com\/es\/blog\/factura-luz\/como-dar-de-alta-el-gas\/#breadcrumb\"},\"inLanguage\":\"es\",\"potentialAction\":[{\"@type\":\"ReadAction\",\"target\":[\"https:\/\/www.factorenergia.com\/es\/blog\/factura-luz\/como-dar-de-alta-el-gas\/\"]}]},{\"@type\":\"BreadcrumbList\",\"@id\":\"https:\/\/www.factorenergia.com\/es\/blog\/factura-luz\/como-dar-de-alta-el-gas\/#breadcrumb\",\"itemListElement\":[{\"@type\":\"ListItem\",\"position\":1,\"name\":\"Portada\",\"item\":\"https:\/\/www.factorenergia.com\/es\/\"},{\"@type\":\"ListItem\",\"position\":2,\"name\":\"\u00bfC\u00f3mo dar de alta el gas?\"}]},{\"@type\":\"WebSite\",\"@id\":\"https:\/\/www.factorenergia.com\/es\/#website\",\"url\":\"https:\/\/www.factorenergia.com\/es\/\",\"name\":\"factorenergia\",\"description\":\"Factor Energ\u00eda\",\"potentialAction\":[{\"@type\":\"SearchAction\",\"target\":{\"@type\":\"EntryPoint\",\"urlTemplate\":\"https:\/\/www.factorenergia.com\/es\/?s={search_term_string}\"},\"query-input\":\"required name=search_term_string\"}],\"inLanguage\":\"es\"},{\"@type\":\"Person\",\"@id\":\"https:\/\/www.factorenergia.com\/es\/#\/schema\/person\/dff9e4b6dc520720e3a37bdaaedc5841\",\"name\":\"Equipo Transici\u00f3n Energ\u00e9tica Factorenergia\",\"image\":{\"@type\":\"ImageObject\",\"inLanguage\":\"es\",\"@id\":\"https:\/\/www.factorenergia.com\/es\/#\/schema\/person\/image\/\",\"url\":\"https:\/\/secure.gravatar.com\/avatar\/1b7c76bab80ee1c4261b06108874e24b?s=96&d=mm&r=g\",\"contentUrl\":\"https:\/\/secure.gravatar.com\/avatar\/1b7c76bab80ee1c4261b06108874e24b?s=96&d=mm&r=g\",\"caption\":\"Equipo Transici\u00f3n Energ\u00e9tica Factorenergia\"},\"description\":\"El equipo est\u00e1 formado por expertos en materia de Luz, Gas y Eficiencia Energ\u00e9tica, que conocen de primera mano las tendencias del mercado. Su experiencia en el sector les permite ofrecer las mejores soluciones energ\u00e9ticas y resolver las dudas planteadas por los clientes.\",\"sameAs\":[\"https:\/\/www.factorenergia.com\/es\/\",\"https:\/\/www.facebook.com\/factorenergiacom\",\"https:\/\/www.instagram.com\/factorenergia_com\/\",\"https:\/\/es.linkedin.com\/company\/factor-energia\",\"https:\/\/twitter.com\/factorenergia\",\"https:\/\/www.youtube.com\/c\/factorenergiacom\"],\"url\":\"https:\/\/www.factorenergia.com\/es\/blog\/author\/marketing\/\"}]}<\/script>\n<!-- \/ Yoast SEO plugin. -->","yoast_head_json":{"title":"\u00bfC\u00f3mo dar de alta el gas? - factorenergia","description":"\u00bfConoces el proceso para dar de alta el gas? Te explicamos qu\u00e9 documentaci\u00f3n necesitar\u00e1s y los pasos a seguir, para que sea f\u00e1cil y r\u00e1pido.","robots":{"index":"index","follow":"follow","max-snippet":"max-snippet:-1","max-image-preview":"max-image-preview:large","max-video-preview":"max-video-preview:-1"},"canonical":"https:\/\/www.factorenergia.com\/es\/blog\/factura-luz\/como-dar-de-alta-el-gas\/","twitter_card":"summary_large_image","twitter_title":"\u00bfC\u00f3mo dar de alta el gas? - factorenergia","twitter_description":"\u00bfConoces el proceso para dar de alta el gas? Te explicamos qu\u00e9 documentaci\u00f3n necesitar\u00e1s y los pasos a seguir, para que sea f\u00e1cil y r\u00e1pido.","twitter_creator":"@factorenergia","twitter_site":"@factorenergia","twitter_misc":{"Escrito por":"Equipo Transici\u00f3n Energ\u00e9tica Factorenergia","Tiempo de lectura":"3 minutos"},"schema":{"@context":"https:\/\/schema.org","@graph":[{"@type":"WebPage","@id":"https:\/\/www.factorenergia.com\/es\/blog\/factura-luz\/como-dar-de-alta-el-gas\/","url":"https:\/\/www.factorenergia.com\/es\/blog\/factura-luz\/como-dar-de-alta-el-gas\/","name":"\u00bfC\u00f3mo dar de alta el gas? - factorenergia","isPartOf":{"@id":"https:\/\/www.factorenergia.com\/es\/#website"},"datePublished":"2021-04-30T08:00:56+00:00","dateModified":"2025-07-28T16:15:36+00:00","author":{"@id":"https:\/\/www.factorenergia.com\/es\/#\/schema\/person\/dff9e4b6dc520720e3a37bdaaedc5841"},"description":"\u00bfConoces el proceso para dar de alta el gas? Te explicamos qu\u00e9 documentaci\u00f3n necesitar\u00e1s y los pasos a seguir, para que sea f\u00e1cil y r\u00e1pido.","breadcrumb":{"@id":"https:\/\/www.factorenergia.com\/es\/blog\/factura-luz\/como-dar-de-alta-el-gas\/#breadcrumb"},"inLanguage":"es","potentialAction":[{"@type":"ReadAction","target":["https:\/\/www.factorenergia.com\/es\/blog\/factura-luz\/como-dar-de-alta-el-gas\/"]}]},{"@type":"BreadcrumbList","@id":"https:\/\/www.factorenergia.com\/es\/blog\/factura-luz\/como-dar-de-alta-el-gas\/#breadcrumb","itemListElement":[{"@type":"ListItem","position":1,"name":"Portada","item":"https:\/\/www.factorenergia.com\/es\/"},{"@type":"ListItem","position":2,"name":"\u00bfC\u00f3mo dar de alta el gas?"}]},{"@type":"WebSite","@id":"https:\/\/www.factorenergia.com\/es\/#website","url":"https:\/\/www.factorenergia.com\/es\/","name":"factorenergia","description":"Factor Energ\u00eda","potentialAction":[{"@type":"SearchAction","target":{"@type":"EntryPoint","urlTemplate":"https:\/\/www.factorenergia.com\/es\/?s={search_term_string}"},"query-input":"required name=search_term_string"}],"inLanguage":"es"},{"@type":"Person","@id":"https:\/\/www.factorenergia.com\/es\/#\/schema\/person\/dff9e4b6dc520720e3a37bdaaedc5841","name":"Equipo Transici\u00f3n Energ\u00e9tica Factorenergia","image":{"@type":"ImageObject","inLanguage":"es","@id":"https:\/\/www.factorenergia.com\/es\/#\/schema\/person\/image\/","url":"https:\/\/secure.gravatar.com\/avatar\/1b7c76bab80ee1c4261b06108874e24b?s=96&d=mm&r=g","contentUrl":"https:\/\/secure.gravatar.com\/avatar\/1b7c76bab80ee1c4261b06108874e24b?s=96&d=mm&r=g","caption":"Equipo Transici\u00f3n Energ\u00e9tica Factorenergia"},"description":"El equipo est\u00e1 formado por expertos en materia de Luz, Gas y Eficiencia Energ\u00e9tica, que conocen de primera mano las tendencias del mercado. Su experiencia en el sector les permite ofrecer las mejores soluciones energ\u00e9ticas y resolver las dudas planteadas por los clientes.","sameAs":["https:\/\/www.factorenergia.com\/es\/","https:\/\/www.facebook.com\/factorenergiacom","https:\/\/www.instagram.com\/factorenergia_com\/","https:\/\/es.linkedin.com\/company\/factor-energia","https:\/\/twitter.com\/factorenergia","https:\/\/www.youtube.com\/c\/factorenergiacom"],"url":"https:\/\/www.factorenergia.com\/es\/blog\/author\/marketing\/"}]}},"_links":{"self":[{"href":"https:\/\/www.factorenergia.com\/es\/wp-json\/wp\/v2\/posts\/5557"}],"collection":[{"href":"https:\/\/www.factorenergia.com\/es\/wp-json\/wp\/v2\/posts"}],"about":[{"href":"https:\/\/www.factorenergia.com\/es\/wp-json\/wp\/v2\/types\/post"}],"author":[{"embeddable":true,"href":"https:\/\/www.factorenergia.com\/es\/wp-json\/wp\/v2\/users\/17"}],"replies":[{"embeddable":true,"href":"https:\/\/www.factorenergia.com\/es\/wp-json\/wp\/v2\/comments?post=5557"}],"version-history":[{"count":4,"href":"https:\/\/www.factorenergia.com\/es\/wp-json\/wp\/v2\/posts\/5557\/revisions"}],"predecessor-version":[{"id":28788,"href":"https:\/\/www.factorenergia.com\/es\/wp-json\/wp\/v2\/posts\/5557\/revisions\/28788"}],"wp:attachment":[{"href":"https:\/\/www.factorenergia.com\/es\/wp-json\/wp\/v2\/media?parent=5557"}],"wp:term":[{"taxonomy":"category","embeddable":true,"href":"https:\/\/www.factorenergia.com\/es\/wp-json\/wp\/v2\/categories?post=5557"},{"taxonomy":"post_tag","embeddable":true,"href":"https:\/\/www.factorenergia.com\/es\/wp-json\/wp\/v2\/tags?post=5557"}],"curies":[{"name":"wp","href":"https:\/\/api.w.org\/{rel}","templated":true}]}}