{"id":5542,"date":"2024-10-30T08:38:57","date_gmt":"2024-10-30T06:38:57","guid":{"rendered":"https:\/\/www.factorenergia.com\/es\/?post_type=blog&#038;p=5542"},"modified":"2024-10-30T12:43:26","modified_gmt":"2024-10-30T10:43:26","slug":"cuanto-cuesta-dar-de-alta-la-luz","status":"publish","type":"post","link":"https:\/\/www.factorenergia.com\/es\/blog\/factura-luz\/cuanto-cuesta-dar-de-alta-la-luz\/","title":{"rendered":"\u00bfCu\u00e1nto cuesta dar de alta la luz?"},"content":{"rendered":"<p><span>Dar de alta la luz es un proceso necesario para contar con suministro el\u00e9ctrico en un inmueble. Este tr\u00e1mite conlleva una serie de costes que var\u00edan seg\u00fan diferentes factores, como el tipo de vivienda y la potencia contratada. Es importante conocer los derechos de alta y los diferentes conceptos que influyen en el precio final. A lo largo de este art\u00edculo, se detallar\u00e1n los aspectos b\u00e1sicos y los costes asociados al alta de luz en Espa\u00f1a.<\/span><\/p>\n<h2>Conceptos clave para dar de alta la luz<\/h2>\n<p>Dar de alta la luz implica conocer varios conceptos fundamentales que afectan tanto el proceso como los costos asociados. Esto incluye los derechos que deben pagarse y la potencia que se desea contratar.<\/p>\n<h3>Derechos de alta<\/h3>\n<p>Al dar de alta el suministro el\u00e9ctrico, es necesario abonar una serie de derechos que constituyen parte integral del tr\u00e1mite. Estos derechos var\u00edan seg\u00fan las circunstancias del inmueble y la potencia contratada.<\/p>\n<h4>Derechos de extensi\u00f3n<\/h4>\n<p>Los derechos de extensi\u00f3n son aquellos que se pagan para cubrir los gastos relacionados con el mantenimiento de la infraestructura el\u00e9ctrica. Este derecho es aplicable principalmente cuando el suministro es nuevo o ha estado dado de baja durante m\u00e1s de tres a\u00f1os. Su coste corresponde a 17,37 \u20ac por cada kW de potencia contratada, m\u00e1s impuestos. Este monto se calcula multiplicando el coste por la cantidad de kW solicitados.<\/p>\n<h4>Derechos de acceso<\/h4>\n<p>Los derechos de acceso permiten el uso de la red de transporte el\u00e9ctrico. Este derecho tiene un coste de 19,70 \u20ac por cada kW de potencia contratada, tambi\u00e9n m\u00e1s impuestos. Es importante considerar este cargo ya que se suma al total que debe abonarse al activar el suministro.<\/p>\n<h4>Derechos de enganche<\/h4>\n<p>Este derecho se refiere al coste de conectar el punto de suministro a la red el\u00e9ctrica. El importe fijo para los derechos de enganche es de 9,04 \u20ac, m\u00e1s impuestos. Este es un cargo b\u00e1sico que se abona indistintamente de otras condiciones del suministro.<\/p>\n<h3>Potencia contratada<\/h3>\n<p>La potencia contratada es el nivel de consumo el\u00e9ctrico que se establece en el contrato de suministro. Este aspecto es crucial porque influye directamente en el coste de los derechos de alta y en la facturaci\u00f3n mensual que se recibir\u00e1.<\/p>\n<h4>Kilovatios de potencia<\/h4>\n<p>La potencia se mide en kilovatios (kW) y es fundamental determinar cu\u00e1ntos kW se necesitan en funci\u00f3n del uso que se le dar\u00e1 a la propiedad. Este c\u00e1lculo debe hacerse con precisi\u00f3n para evitar pagar por m\u00e1s potencia de la necesaria, lo que incrementar\u00eda los costes de manera innecesaria.<\/p>\n<h4>Aumentar la potencia<\/h4>\n<p>Si se requiere aumentar la potencia tras un suministro de electricidad ya existente, se deben abonar derechos adicionales. El coste variar\u00e1 seg\u00fan la diferencia entre la potencia contratada previamente y la nueva potencia solicitada. Este ajuste es esencial para satisfacer las necesidades energ\u00e9ticas del inmueble y debe ser considerado cuidadosamente durante el alta.<\/p>\n<h2>Costes de dar de alta la luz<\/h2>\n<p>Los costes asociados a dar de alta la luz pueden variar significativamente seg\u00fan el tipo de vivienda y el tiempo que haya estado inactiva. A continuaci\u00f3n, se detallan los costes que se pueden presentar en diferentes situaciones.<\/p>\n<h3>En viviendas de nueva construcci\u00f3n<\/h3>\n<p>En el caso de las viviendas de nueva construcci\u00f3n, es necesario abonar todos los derechos para poder establecer el suministro el\u00e9ctrico. Esto incluye tanto los derechos de extensi\u00f3n como los de acceso y enganche, que se calculan en funci\u00f3n de la potencia a contratar.<\/p>\n<h4>Coste total sin IVA<\/h4>\n<p>El coste total de dar de alta la luz en una vivienda nueva, sin incluir el IVA, se desglosa en los siguientes conceptos:<\/p>\n<ul>\n<li>Derechos de Extensi\u00f3n: 17,37 \u20ac por cada kW de potencia contratada.<\/li>\n<li>Derechos de Acceso: 19,70 \u20ac por cada kW de potencia contratada.<\/li>\n<li>Derechos de Enganche: 9,04 \u20ac fijo.<\/li>\n<\/ul>\n<p>Por ejemplo, para una potencia contratada de 4 kW, el total ser\u00eda de 157,32 \u20ac sin IVA.<\/p>\n<h4>Coste total con IVA<\/h4>\n<p>Al a\u00f1adir los impuestos, que se elevan al 21%, el coste total con IVA de dar de alta la luz en una vivienda nueva se calculan de la siguiente manera:<\/p>\n<ul>\n<li>Coste Total sin IVA: 157,32 \u20ac<\/li>\n<li>IVA (21%): 33,04 \u20ac<\/li>\n<li>Coste Total con IVA: 190,36 \u20ac<\/li>\n<\/ul>\n<h3>En viviendas de segunda mano<\/h3>\n<p>Cuando se habla de viviendas de segunda mano, los costes pueden ser diferentes seg\u00fan el tiempo que se haya estado sin suministro. Los derechos a pagar var\u00edan considerablemente dependiendo de si el suministro ha estado inactivo menos o m\u00e1s de tres a\u00f1os.<\/p>\n<h4>Suministro de baja menos de 3 a\u00f1os<\/h4>\n<p>Si el suministro ha estado inactivo por menos de tres a\u00f1os, solo se deben abonar los derechos de acceso y de enganche. El desglose ser\u00eda el siguiente:<\/p>\n<ul>\n<li>Derechos de Acceso: 19,70 \u20ac por cada kW de potencia contratada.<\/li>\n<li>Derechos de Enganche: 9,04 \u20ac fijo.<\/li>\n<\/ul>\n<p>Para una potencia de 4 kW, el total sin IVA es de 87,84 \u20ac.<\/p>\n<h4>Suministro de baja m\u00e1s de 3 a\u00f1os<\/h4>\n<p>Cuando el suministro ha estado dado de baja por m\u00e1s de tres a\u00f1os, se deben abonar todos los derechos, como en el caso de una vivienda nueva:<\/p>\n<ul>\n<li>Derechos de extensi\u00f3n: 17,37 \u20ac por cada kW de potencia contratada.<\/li>\n<li>Derechos de acceso: 19,70 \u20ac por cada kW de potencia contratada.<\/li>\n<li>Derechos de enganche: 9,04 \u20ac fijo.<\/li>\n<\/ul>\n<p>El coste total sin IVA ser\u00eda el mismo que en una vivienda nueva, es decir, 157,32 \u20ac.<\/p>\n<p><span>A este importe hay que a\u00f1adirle lo que se llama un\u00a0<\/span><strong>dep\u00f3sito de garant\u00eda,<\/strong><span>\u00a0correspondiente a cincuenta horas de utilizaci\u00f3n te\u00f3rica de la potencia contratada. La suma de estos cuatro conceptos se reflejar\u00e1 en la primera factura que recibas.<\/span><\/p>\n<h2>\u00bfCu\u00e1ndo se considera nueva alta de luz?<\/h2>\n<p>La mayor\u00eda de altas nuevas (nuevos puntos de suministro), suelen ser por uno de los siguientes motivos:<\/p>\n<ul>\n<li>Has comprado o alquilado una vivienda nueva en la que<span>\u00a0<\/span><strong>nunca ha habido suministro<\/strong><span>\u00a0<\/span>de luz.<\/li>\n<li>Has comprado una vivienda que actualmente tiene<span>\u00a0<\/span><strong>luz de obra<\/strong>, y tienes que pasarla al suministro definitivo.<\/li>\n<li>Has comprado o alquilado una vivienda cuyo<span>\u00a0<\/span><strong>anterior inquilino dio de baja<\/strong><span>\u00a0<\/span>el suministro de luz.<\/li>\n<li>En el pasado diste de baja los suministros de una<span>\u00a0<\/span><strong>casa o piso que no utilizabas<\/strong>, y que ahora s\u00ed quieres habitar.<\/li>\n<\/ul>\n","protected":false},"excerpt":{"rendered":"<p>En el sector energ\u00e9tico hablamos de \u201cdar de alta la luz\u201d cuando hay que tramitar un nuevo suministro desde cero. Es decir, das de alta la luz cuando no tienes luz.<\/p>\n","protected":false},"author":17,"featured_media":0,"comment_status":"open","ping_status":"closed","sticky":false,"template":"","format":"standard","meta":{"inline_featured_image":false,"footnotes":""},"categories":[52],"tags":[],"acf":{"fecha_de_la_entrada":"20180202","imagen_portada":5545,"categoria_blog":null,"tipo_de_distribuidora":null,"tiempo_lectura":"","banner_bool":false,"titulo_banner":"","texto_banner":"","texto_boton_banner":"","url_boton_banner":"","post_relacionados":""},"yoast_head":"<!-- This site is optimized with the Yoast SEO plugin v22.2 - https:\/\/yoast.com\/wordpress\/plugins\/seo\/ -->\n<title>\u00bfCu\u00e1nto cuesta dar de alta la luz?<\/title>\n<meta name=\"description\" content=\"El tr\u00e1mite de dar de alta la luz conlleva una serie de costes que var\u00edan seg\u00fan diferentes factores, como el tipo de vivienda y la potencia contratada.\" \/>\n<meta name=\"robots\" content=\"index, follow, max-snippet:-1, max-image-preview:large, max-video-preview:-1\" \/>\n<link rel=\"canonical\" href=\"https:\/\/www.factorenergia.com\/es\/blog\/factura-luz\/cuanto-cuesta-dar-de-alta-la-luz\/\" \/>\n<meta name=\"twitter:card\" content=\"summary_large_image\" \/>\n<meta name=\"twitter:title\" content=\"\u00bfCu\u00e1nto cuesta dar de alta la luz?\" \/>\n<meta name=\"twitter:description\" content=\"El tr\u00e1mite de dar de alta la luz conlleva una serie de costes que var\u00edan seg\u00fan diferentes factores, como el tipo de vivienda y la potencia contratada.\" \/>\n<meta name=\"twitter:creator\" content=\"@factorenergia\" \/>\n<meta name=\"twitter:site\" content=\"@factorenergia\" \/>\n<meta name=\"twitter:label1\" content=\"Escrito por\" \/>\n\t<meta name=\"twitter:data1\" content=\"Equipo Transici\u00f3n Energ\u00e9tica Factorenergia\" \/>\n\t<meta name=\"twitter:label2\" content=\"Tiempo de lectura\" \/>\n\t<meta name=\"twitter:data2\" content=\"5 minutos\" \/>\n<script type=\"application\/ld+json\" class=\"yoast-schema-graph\">{\"@context\":\"https:\/\/schema.org\",\"@graph\":[{\"@type\":\"WebPage\",\"@id\":\"https:\/\/www.factorenergia.com\/es\/blog\/factura-luz\/cuanto-cuesta-dar-de-alta-la-luz\/\",\"url\":\"https:\/\/www.factorenergia.com\/es\/blog\/factura-luz\/cuanto-cuesta-dar-de-alta-la-luz\/\",\"name\":\"\u00bfCu\u00e1nto cuesta dar de alta la luz?\",\"isPartOf\":{\"@id\":\"https:\/\/www.factorenergia.com\/es\/#website\"},\"datePublished\":\"2024-10-30T06:38:57+00:00\",\"dateModified\":\"2024-10-30T10:43:26+00:00\",\"author\":{\"@id\":\"https:\/\/www.factorenergia.com\/es\/#\/schema\/person\/dff9e4b6dc520720e3a37bdaaedc5841\"},\"description\":\"El tr\u00e1mite de dar de alta la luz conlleva una serie de costes que var\u00edan seg\u00fan diferentes factores, como el tipo de vivienda y la potencia contratada.\",\"breadcrumb\":{\"@id\":\"https:\/\/www.factorenergia.com\/es\/blog\/factura-luz\/cuanto-cuesta-dar-de-alta-la-luz\/#breadcrumb\"},\"inLanguage\":\"es\",\"potentialAction\":[{\"@type\":\"ReadAction\",\"target\":[\"https:\/\/www.factorenergia.com\/es\/blog\/factura-luz\/cuanto-cuesta-dar-de-alta-la-luz\/\"]}]},{\"@type\":\"BreadcrumbList\",\"@id\":\"https:\/\/www.factorenergia.com\/es\/blog\/factura-luz\/cuanto-cuesta-dar-de-alta-la-luz\/#breadcrumb\",\"itemListElement\":[{\"@type\":\"ListItem\",\"position\":1,\"name\":\"Portada\",\"item\":\"https:\/\/www.factorenergia.com\/es\/\"},{\"@type\":\"ListItem\",\"position\":2,\"name\":\"\u00bfCu\u00e1nto cuesta dar de alta la luz?\"}]},{\"@type\":\"WebSite\",\"@id\":\"https:\/\/www.factorenergia.com\/es\/#website\",\"url\":\"https:\/\/www.factorenergia.com\/es\/\",\"name\":\"factorenergia\",\"description\":\"Factor Energ\u00eda\",\"potentialAction\":[{\"@type\":\"SearchAction\",\"target\":{\"@type\":\"EntryPoint\",\"urlTemplate\":\"https:\/\/www.factorenergia.com\/es\/?s={search_term_string}\"},\"query-input\":\"required name=search_term_string\"}],\"inLanguage\":\"es\"},{\"@type\":\"Person\",\"@id\":\"https:\/\/www.factorenergia.com\/es\/#\/schema\/person\/dff9e4b6dc520720e3a37bdaaedc5841\",\"name\":\"Equipo Transici\u00f3n Energ\u00e9tica Factorenergia\",\"image\":{\"@type\":\"ImageObject\",\"inLanguage\":\"es\",\"@id\":\"https:\/\/www.factorenergia.com\/es\/#\/schema\/person\/image\/\",\"url\":\"https:\/\/secure.gravatar.com\/avatar\/1b7c76bab80ee1c4261b06108874e24b?s=96&d=mm&r=g\",\"contentUrl\":\"https:\/\/secure.gravatar.com\/avatar\/1b7c76bab80ee1c4261b06108874e24b?s=96&d=mm&r=g\",\"caption\":\"Equipo Transici\u00f3n Energ\u00e9tica Factorenergia\"},\"description\":\"El equipo est\u00e1 formado por expertos en materia de Luz, Gas y Eficiencia Energ\u00e9tica, que conocen de primera mano las tendencias del mercado. Su experiencia en el sector les permite ofrecer las mejores soluciones energ\u00e9ticas y resolver las dudas planteadas por los clientes.\",\"sameAs\":[\"https:\/\/www.factorenergia.com\/es\/\",\"https:\/\/www.facebook.com\/factorenergiacom\",\"https:\/\/www.instagram.com\/factorenergia_com\/\",\"https:\/\/es.linkedin.com\/company\/factor-energia\",\"https:\/\/twitter.com\/factorenergia\",\"https:\/\/www.youtube.com\/c\/factorenergiacom\"],\"url\":\"https:\/\/www.factorenergia.com\/es\/blog\/author\/marketing\/\"}]}<\/script>\n<!-- \/ Yoast SEO plugin. -->","yoast_head_json":{"title":"\u00bfCu\u00e1nto cuesta dar de alta la luz?","description":"El tr\u00e1mite de dar de alta la luz conlleva una serie de costes que var\u00edan seg\u00fan diferentes factores, como el tipo de vivienda y la potencia contratada.","robots":{"index":"index","follow":"follow","max-snippet":"max-snippet:-1","max-image-preview":"max-image-preview:large","max-video-preview":"max-video-preview:-1"},"canonical":"https:\/\/www.factorenergia.com\/es\/blog\/factura-luz\/cuanto-cuesta-dar-de-alta-la-luz\/","twitter_card":"summary_large_image","twitter_title":"\u00bfCu\u00e1nto cuesta dar de alta la luz?","twitter_description":"El tr\u00e1mite de dar de alta la luz conlleva una serie de costes que var\u00edan seg\u00fan diferentes factores, como el tipo de vivienda y la potencia contratada.","twitter_creator":"@factorenergia","twitter_site":"@factorenergia","twitter_misc":{"Escrito por":"Equipo Transici\u00f3n Energ\u00e9tica Factorenergia","Tiempo de lectura":"5 minutos"},"schema":{"@context":"https:\/\/schema.org","@graph":[{"@type":"WebPage","@id":"https:\/\/www.factorenergia.com\/es\/blog\/factura-luz\/cuanto-cuesta-dar-de-alta-la-luz\/","url":"https:\/\/www.factorenergia.com\/es\/blog\/factura-luz\/cuanto-cuesta-dar-de-alta-la-luz\/","name":"\u00bfCu\u00e1nto cuesta dar de alta la luz?","isPartOf":{"@id":"https:\/\/www.factorenergia.com\/es\/#website"},"datePublished":"2024-10-30T06:38:57+00:00","dateModified":"2024-10-30T10:43:26+00:00","author":{"@id":"https:\/\/www.factorenergia.com\/es\/#\/schema\/person\/dff9e4b6dc520720e3a37bdaaedc5841"},"description":"El tr\u00e1mite de dar de alta la luz conlleva una serie de costes que var\u00edan seg\u00fan diferentes factores, como el tipo de vivienda y la potencia contratada.","breadcrumb":{"@id":"https:\/\/www.factorenergia.com\/es\/blog\/factura-luz\/cuanto-cuesta-dar-de-alta-la-luz\/#breadcrumb"},"inLanguage":"es","potentialAction":[{"@type":"ReadAction","target":["https:\/\/www.factorenergia.com\/es\/blog\/factura-luz\/cuanto-cuesta-dar-de-alta-la-luz\/"]}]},{"@type":"BreadcrumbList","@id":"https:\/\/www.factorenergia.com\/es\/blog\/factura-luz\/cuanto-cuesta-dar-de-alta-la-luz\/#breadcrumb","itemListElement":[{"@type":"ListItem","position":1,"name":"Portada","item":"https:\/\/www.factorenergia.com\/es\/"},{"@type":"ListItem","position":2,"name":"\u00bfCu\u00e1nto cuesta dar de alta la luz?"}]},{"@type":"WebSite","@id":"https:\/\/www.factorenergia.com\/es\/#website","url":"https:\/\/www.factorenergia.com\/es\/","name":"factorenergia","description":"Factor Energ\u00eda","potentialAction":[{"@type":"SearchAction","target":{"@type":"EntryPoint","urlTemplate":"https:\/\/www.factorenergia.com\/es\/?s={search_term_string}"},"query-input":"required name=search_term_string"}],"inLanguage":"es"},{"@type":"Person","@id":"https:\/\/www.factorenergia.com\/es\/#\/schema\/person\/dff9e4b6dc520720e3a37bdaaedc5841","name":"Equipo Transici\u00f3n Energ\u00e9tica Factorenergia","image":{"@type":"ImageObject","inLanguage":"es","@id":"https:\/\/www.factorenergia.com\/es\/#\/schema\/person\/image\/","url":"https:\/\/secure.gravatar.com\/avatar\/1b7c76bab80ee1c4261b06108874e24b?s=96&d=mm&r=g","contentUrl":"https:\/\/secure.gravatar.com\/avatar\/1b7c76bab80ee1c4261b06108874e24b?s=96&d=mm&r=g","caption":"Equipo Transici\u00f3n Energ\u00e9tica Factorenergia"},"description":"El equipo est\u00e1 formado por expertos en materia de Luz, Gas y Eficiencia Energ\u00e9tica, que conocen de primera mano las tendencias del mercado. Su experiencia en el sector les permite ofrecer las mejores soluciones energ\u00e9ticas y resolver las dudas planteadas por los clientes.","sameAs":["https:\/\/www.factorenergia.com\/es\/","https:\/\/www.facebook.com\/factorenergiacom","https:\/\/www.instagram.com\/factorenergia_com\/","https:\/\/es.linkedin.com\/company\/factor-energia","https:\/\/twitter.com\/factorenergia","https:\/\/www.youtube.com\/c\/factorenergiacom"],"url":"https:\/\/www.factorenergia.com\/es\/blog\/author\/marketing\/"}]}},"_links":{"self":[{"href":"https:\/\/www.factorenergia.com\/es\/wp-json\/wp\/v2\/posts\/5542"}],"collection":[{"href":"https:\/\/www.factorenergia.com\/es\/wp-json\/wp\/v2\/posts"}],"about":[{"href":"https:\/\/www.factorenergia.com\/es\/wp-json\/wp\/v2\/types\/post"}],"author":[{"embeddable":true,"href":"https:\/\/www.factorenergia.com\/es\/wp-json\/wp\/v2\/users\/17"}],"replies":[{"embeddable":true,"href":"https:\/\/www.factorenergia.com\/es\/wp-json\/wp\/v2\/comments?post=5542"}],"version-history":[{"count":6,"href":"https:\/\/www.factorenergia.com\/es\/wp-json\/wp\/v2\/posts\/5542\/revisions"}],"predecessor-version":[{"id":26763,"href":"https:\/\/www.factorenergia.com\/es\/wp-json\/wp\/v2\/posts\/5542\/revisions\/26763"}],"wp:attachment":[{"href":"https:\/\/www.factorenergia.com\/es\/wp-json\/wp\/v2\/media?parent=5542"}],"wp:term":[{"taxonomy":"category","embeddable":true,"href":"https:\/\/www.factorenergia.com\/es\/wp-json\/wp\/v2\/categories?post=5542"},{"taxonomy":"post_tag","embeddable":true,"href":"https:\/\/www.factorenergia.com\/es\/wp-json\/wp\/v2\/tags?post=5542"}],"curies":[{"name":"wp","href":"https:\/\/api.w.org\/{rel}","templated":true}]}}