{"id":5463,"date":"2018-01-29T10:57:14","date_gmt":"2018-01-29T08:57:14","guid":{"rendered":"https:\/\/www.factorenergia.com\/es\/?post_type=blog&#038;p=5463"},"modified":"2023-06-12T10:49:35","modified_gmt":"2023-06-12T08:49:35","slug":"avion-electrico-vuelta-mundo","status":"publish","type":"post","link":"https:\/\/www.factorenergia.com\/es\/blog\/historias-positivas\/avion-electrico-vuelta-mundo\/","title":{"rendered":"Solar Impulse 2: la vuelta al mundo en un avi\u00f3n el\u00e9ctrico"},"content":{"rendered":"<p><span style=\"color: #000000;\">Solar Impulse 2, <strong>el avi\u00f3n que dio la vuelta al mundo propulsado \u00fanicamente con energ\u00eda solar<\/strong>, concluy\u00f3 su viaje el 23 de julio de 2016 sin usar ni una gota de combustible. El futuro de la energ\u00eda pasa por el mismo camino que el futuro de la movilidad, y est\u00e1 claro que en un futuro no muy lejano tendremos la capacidad de abastecernos totalmente sin necesidad de producir emisiones de CO2, incluido el avi\u00f3n el\u00e9ctrico.<\/span><\/p>\n<h2><span style=\"color: #000000;\">Avi\u00f3n el\u00e9ctrico Solar Impulse 2<\/span><\/h2>\n<p><span style=\"color: #000000;\">Los pilotos Bertrand Piccard y Andr\u00e9 Borschberg viajaron durante 504 d\u00edas; 558 horas, 43.000 kil\u00f3metros y 17 ciudades de vuelo, aterrizando finalmente en Abu Dhabi un d\u00eda despu\u00e9s del aniversario\u00a0 de Amelia Earhart, la primera mujer en cruzar el Atl\u00e1ntico volando el a\u00f1o 1932.<\/span><\/p>\n<p><span style=\"color: #000000;\">El proyecto Solar Impulse 2 siempre tuvo <strong>m\u00e1s que ver con la energ\u00eda que con la aviaci\u00f3n<\/strong>; en el fondo, la energ\u00eda limpia \u201cnecesitaba promoci\u00f3n\u201d\u2013 en palabras de Piccard- y adem\u00e1s, al menos por ahora, los vuelos comerciales movidos con energ\u00eda verde, a la velocidad y capacidad que quisi\u00e9ramos, no son factibles.<\/span><\/p>\n<p><span style=\"color: #000000;\">Los materiales utilizados para construir el avi\u00f3n, sin embargo, s\u00ed pueden marcar la diferencia por su ligereza y porque pueden ser utilizados para otros fines relacionados con el <strong>cuidado del planeta y el autoconsumo<\/strong> o el <a href=\"https:\/\/www.factorenergia.com\/es\/instalar-punto-recarga\/\" target=\"_blank\" rel=\"noopener noreferrer\">coche el\u00e9ctrico<\/a>.<\/span><\/p>\n<h2><span style=\"color: #000000;\">El futuro de la movilidad<\/span><\/h2>\n<p><span style=\"color: #000000;\">Solar Impulse 2 demostr\u00f3 que un vuelo de 24 horas movido exclusivamente con energ\u00edas renovables es posible, y no solo eso, tambi\u00e9n <strong>rompi\u00f3 el mito relacionado con el almacenamiento de la energ\u00eda solar<\/strong> para su uso nocturno.<\/span><\/p>\n<p><span style=\"color: #000000;\">Aunque los tiempos requeridos para la vuelta al mundo no son alentadores, s\u00ed es prometedora esta haza\u00f1a que acerca la aviaci\u00f3n el\u00e9ctrica a nuestra realidad actual. No ahora, pero con el tiempo s\u00ed es posible que sea factible.<\/span><\/p>\n<p><span style=\"color: #000000;\">Si bien <strong>la movilidad el\u00e9ctrica ya es una realidad con cualquier otro tipo de veh\u00edculo<\/strong>, pues el coche el\u00e9ctrico desbancar\u00e1 en breves al de combustible, las motos y bicis el\u00e9ctricas ya circulan regularmente por nuestras calles, empiezan a hacerlo tambi\u00e9n camiones y <a href=\"https:\/\/www.factorenergia.com\/es\/blog\/noticias\/autobuses-electricos-2025\/\" target=\"_blank\" rel=\"noopener noreferrer\">autobuses el\u00e9ctricos<\/a>, y hay proyectos para trenes y barcos, \u00bfpor qu\u00e9 no empezar a pensar tambi\u00e9n en un avi\u00f3n el\u00e9ctrico?<\/span><\/p>\n<div class=\"text-center center blog-cta\"><p>&iexcl;Instala un punto de recarga para tu coche el&eacute;ctrico con factorenergia!<\/p><a class=\"blog-cta primary-btn text-center solicitar-estudio\" target=\"_blank\" title=\"SOLICITA TU ESTUDIO GRATUITO\" href=\"https:\/\/www.factorenergia.com\/es\/hogares\/puntos-recarga-electricos\/\">SOLICITA TU ESTUDIO GRATUITO<\/a><p><\/p><div style=\"display:none;\"><p>&iexcl;Instala un punto de recarga para tu coche el&eacute;ctrico con factorenergia!<\/p><\/div>\n\t\t\t<script type='text\/javascript'>\n\t\t\t\tjQuery('.solicitar-estudio').click(function(){\t\t\t\t\t\t\t\t\t\n\t\t\t\t\tdataLayer.push({'language': 'es'});\n\t\t\t\t\tdataLayer.push({'post_id': '5463'});\n\t\t\t\t\tdataLayer.push({'cat_type': 'ce'});\n\t\t\t\t});\n\t\t\t<\/script>\n\t\t<\/div><br\/>\n<p><span style=\"color: #000000;\">En Factorenergia estamos del lado de las energ\u00edas renovables, por ello queremos ayudarte con la instalaci\u00f3n de <a href=\"https:\/\/www.factorenergia.com\/es\/hogares\/placas-solares\/\" title=\"Instalaci\u00f3n de placas solares\" target=\"_blank\" rel=\"noopener\">placas solares para el autoconsumo\u00a0 <\/a>o la recarga de tu coche el\u00e9ctrico, si quieres poner tu granito de arena en favor del medio ambiente. Cont\u00e1ctanos y pregunta sin compromiso, y si lo que te interesa es contratar luz con energ\u00eda verde en casa, puedes hacerlo online en solo 5 minutos o <strong>llamando gratis al 900 850 000<\/strong>.<\/span><\/p>\n<p>&nbsp;<\/p>\n","protected":false},"excerpt":{"rendered":"<p>Solar Impulse 2, el avi\u00f3n el\u00e9ctrico que dio la vuelta al mundo propulsado \u00fanicamente con energ\u00eda solar en 2016. Un viaje de 506 d\u00edas.<\/p>\n","protected":false},"author":17,"featured_media":0,"comment_status":"open","ping_status":"closed","sticky":false,"template":"","format":"standard","meta":{"inline_featured_image":false,"footnotes":""},"categories":[53],"tags":[],"acf":{"fecha_de_la_entrada":"20180129","imagen_portada":5466,"categoria_blog":null,"tipo_de_distribuidora":null,"tiempo_lectura":"","banner_bool":false,"titulo_banner":"","texto_banner":"","texto_boton_banner":"","url_boton_banner":"","post_relacionados":""},"yoast_head":"<!-- This site is optimized with the Yoast SEO plugin v22.2 - https:\/\/yoast.com\/wordpress\/plugins\/seo\/ -->\n<title>Solar Impulse 2: la vuelta al mundo en un avi\u00f3n el\u00e9ctrico | factorenergia<\/title>\n<meta name=\"description\" content=\"Solar Impulse 2, el avi\u00f3n el\u00e9ctrico que dio la vuelta al mundo propulsado \u00fanicamente con energ\u00eda solar en 2016. Un viaje de 506 d\u00edas.\" \/>\n<meta name=\"robots\" content=\"index, follow, max-snippet:-1, max-image-preview:large, max-video-preview:-1\" \/>\n<link rel=\"canonical\" href=\"https:\/\/www.factorenergia.com\/es\/blog\/historias-positivas\/avion-electrico-vuelta-mundo\/\" \/>\n<meta name=\"twitter:card\" content=\"summary_large_image\" \/>\n<meta name=\"twitter:title\" content=\"Solar Impulse 2: la vuelta al mundo en un avi\u00f3n el\u00e9ctrico | factorenergia\" \/>\n<meta name=\"twitter:description\" content=\"Solar Impulse 2, el avi\u00f3n el\u00e9ctrico que dio la vuelta al mundo propulsado \u00fanicamente con energ\u00eda solar en 2016. Un viaje de 506 d\u00edas.\" \/>\n<meta name=\"twitter:creator\" content=\"@factorenergia\" \/>\n<meta name=\"twitter:site\" content=\"@factorenergia\" \/>\n<meta name=\"twitter:label1\" content=\"Escrito por\" \/>\n\t<meta name=\"twitter:data1\" content=\"Equipo Transici\u00f3n Energ\u00e9tica Factorenergia\" \/>\n\t<meta name=\"twitter:label2\" content=\"Tiempo de lectura\" \/>\n\t<meta name=\"twitter:data2\" content=\"2 minutos\" \/>\n<script type=\"application\/ld+json\" class=\"yoast-schema-graph\">{\"@context\":\"https:\/\/schema.org\",\"@graph\":[{\"@type\":\"WebPage\",\"@id\":\"https:\/\/www.factorenergia.com\/es\/blog\/historias-positivas\/avion-electrico-vuelta-mundo\/\",\"url\":\"https:\/\/www.factorenergia.com\/es\/blog\/historias-positivas\/avion-electrico-vuelta-mundo\/\",\"name\":\"Solar Impulse 2: la vuelta al mundo en un avi\u00f3n el\u00e9ctrico | factorenergia\",\"isPartOf\":{\"@id\":\"https:\/\/www.factorenergia.com\/es\/#website\"},\"datePublished\":\"2018-01-29T08:57:14+00:00\",\"dateModified\":\"2023-06-12T08:49:35+00:00\",\"author\":{\"@id\":\"https:\/\/www.factorenergia.com\/es\/#\/schema\/person\/dff9e4b6dc520720e3a37bdaaedc5841\"},\"description\":\"Solar Impulse 2, el avi\u00f3n el\u00e9ctrico que dio la vuelta al mundo propulsado \u00fanicamente con energ\u00eda solar en 2016. Un viaje de 506 d\u00edas.\",\"breadcrumb\":{\"@id\":\"https:\/\/www.factorenergia.com\/es\/blog\/historias-positivas\/avion-electrico-vuelta-mundo\/#breadcrumb\"},\"inLanguage\":\"es\",\"potentialAction\":[{\"@type\":\"ReadAction\",\"target\":[\"https:\/\/www.factorenergia.com\/es\/blog\/historias-positivas\/avion-electrico-vuelta-mundo\/\"]}]},{\"@type\":\"BreadcrumbList\",\"@id\":\"https:\/\/www.factorenergia.com\/es\/blog\/historias-positivas\/avion-electrico-vuelta-mundo\/#breadcrumb\",\"itemListElement\":[{\"@type\":\"ListItem\",\"position\":1,\"name\":\"Portada\",\"item\":\"https:\/\/www.factorenergia.com\/es\/\"},{\"@type\":\"ListItem\",\"position\":2,\"name\":\"Solar Impulse 2: la vuelta al mundo en un avi\u00f3n el\u00e9ctrico\"}]},{\"@type\":\"WebSite\",\"@id\":\"https:\/\/www.factorenergia.com\/es\/#website\",\"url\":\"https:\/\/www.factorenergia.com\/es\/\",\"name\":\"factorenergia\",\"description\":\"Factor Energ\u00eda\",\"potentialAction\":[{\"@type\":\"SearchAction\",\"target\":{\"@type\":\"EntryPoint\",\"urlTemplate\":\"https:\/\/www.factorenergia.com\/es\/?s={search_term_string}\"},\"query-input\":\"required name=search_term_string\"}],\"inLanguage\":\"es\"},{\"@type\":\"Person\",\"@id\":\"https:\/\/www.factorenergia.com\/es\/#\/schema\/person\/dff9e4b6dc520720e3a37bdaaedc5841\",\"name\":\"Equipo Transici\u00f3n Energ\u00e9tica Factorenergia\",\"image\":{\"@type\":\"ImageObject\",\"inLanguage\":\"es\",\"@id\":\"https:\/\/www.factorenergia.com\/es\/#\/schema\/person\/image\/\",\"url\":\"https:\/\/secure.gravatar.com\/avatar\/1b7c76bab80ee1c4261b06108874e24b?s=96&d=mm&r=g\",\"contentUrl\":\"https:\/\/secure.gravatar.com\/avatar\/1b7c76bab80ee1c4261b06108874e24b?s=96&d=mm&r=g\",\"caption\":\"Equipo Transici\u00f3n Energ\u00e9tica Factorenergia\"},\"description\":\"El equipo est\u00e1 formado por expertos en materia de Luz, Gas y Eficiencia Energ\u00e9tica, que conocen de primera mano las tendencias del mercado. Su experiencia en el sector les permite ofrecer las mejores soluciones energ\u00e9ticas y resolver las dudas planteadas por los clientes.\",\"sameAs\":[\"https:\/\/www.factorenergia.com\/es\/\",\"https:\/\/www.facebook.com\/factorenergiacom\",\"https:\/\/www.instagram.com\/factorenergia_com\/\",\"https:\/\/es.linkedin.com\/company\/factor-energia\",\"https:\/\/twitter.com\/factorenergia\",\"https:\/\/www.youtube.com\/c\/factorenergiacom\"],\"url\":\"https:\/\/www.factorenergia.com\/es\/blog\/author\/marketing\/\"}]}<\/script>\n<!-- \/ Yoast SEO plugin. -->","yoast_head_json":{"title":"Solar Impulse 2: la vuelta al mundo en un avi\u00f3n el\u00e9ctrico | factorenergia","description":"Solar Impulse 2, el avi\u00f3n el\u00e9ctrico que dio la vuelta al mundo propulsado \u00fanicamente con energ\u00eda solar en 2016. Un viaje de 506 d\u00edas.","robots":{"index":"index","follow":"follow","max-snippet":"max-snippet:-1","max-image-preview":"max-image-preview:large","max-video-preview":"max-video-preview:-1"},"canonical":"https:\/\/www.factorenergia.com\/es\/blog\/historias-positivas\/avion-electrico-vuelta-mundo\/","twitter_card":"summary_large_image","twitter_title":"Solar Impulse 2: la vuelta al mundo en un avi\u00f3n el\u00e9ctrico | factorenergia","twitter_description":"Solar Impulse 2, el avi\u00f3n el\u00e9ctrico que dio la vuelta al mundo propulsado \u00fanicamente con energ\u00eda solar en 2016. Un viaje de 506 d\u00edas.","twitter_creator":"@factorenergia","twitter_site":"@factorenergia","twitter_misc":{"Escrito por":"Equipo Transici\u00f3n Energ\u00e9tica Factorenergia","Tiempo de lectura":"2 minutos"},"schema":{"@context":"https:\/\/schema.org","@graph":[{"@type":"WebPage","@id":"https:\/\/www.factorenergia.com\/es\/blog\/historias-positivas\/avion-electrico-vuelta-mundo\/","url":"https:\/\/www.factorenergia.com\/es\/blog\/historias-positivas\/avion-electrico-vuelta-mundo\/","name":"Solar Impulse 2: la vuelta al mundo en un avi\u00f3n el\u00e9ctrico | factorenergia","isPartOf":{"@id":"https:\/\/www.factorenergia.com\/es\/#website"},"datePublished":"2018-01-29T08:57:14+00:00","dateModified":"2023-06-12T08:49:35+00:00","author":{"@id":"https:\/\/www.factorenergia.com\/es\/#\/schema\/person\/dff9e4b6dc520720e3a37bdaaedc5841"},"description":"Solar Impulse 2, el avi\u00f3n el\u00e9ctrico que dio la vuelta al mundo propulsado \u00fanicamente con energ\u00eda solar en 2016. Un viaje de 506 d\u00edas.","breadcrumb":{"@id":"https:\/\/www.factorenergia.com\/es\/blog\/historias-positivas\/avion-electrico-vuelta-mundo\/#breadcrumb"},"inLanguage":"es","potentialAction":[{"@type":"ReadAction","target":["https:\/\/www.factorenergia.com\/es\/blog\/historias-positivas\/avion-electrico-vuelta-mundo\/"]}]},{"@type":"BreadcrumbList","@id":"https:\/\/www.factorenergia.com\/es\/blog\/historias-positivas\/avion-electrico-vuelta-mundo\/#breadcrumb","itemListElement":[{"@type":"ListItem","position":1,"name":"Portada","item":"https:\/\/www.factorenergia.com\/es\/"},{"@type":"ListItem","position":2,"name":"Solar Impulse 2: la vuelta al mundo en un avi\u00f3n el\u00e9ctrico"}]},{"@type":"WebSite","@id":"https:\/\/www.factorenergia.com\/es\/#website","url":"https:\/\/www.factorenergia.com\/es\/","name":"factorenergia","description":"Factor Energ\u00eda","potentialAction":[{"@type":"SearchAction","target":{"@type":"EntryPoint","urlTemplate":"https:\/\/www.factorenergia.com\/es\/?s={search_term_string}"},"query-input":"required name=search_term_string"}],"inLanguage":"es"},{"@type":"Person","@id":"https:\/\/www.factorenergia.com\/es\/#\/schema\/person\/dff9e4b6dc520720e3a37bdaaedc5841","name":"Equipo Transici\u00f3n Energ\u00e9tica Factorenergia","image":{"@type":"ImageObject","inLanguage":"es","@id":"https:\/\/www.factorenergia.com\/es\/#\/schema\/person\/image\/","url":"https:\/\/secure.gravatar.com\/avatar\/1b7c76bab80ee1c4261b06108874e24b?s=96&d=mm&r=g","contentUrl":"https:\/\/secure.gravatar.com\/avatar\/1b7c76bab80ee1c4261b06108874e24b?s=96&d=mm&r=g","caption":"Equipo Transici\u00f3n Energ\u00e9tica Factorenergia"},"description":"El equipo est\u00e1 formado por expertos en materia de Luz, Gas y Eficiencia Energ\u00e9tica, que conocen de primera mano las tendencias del mercado. Su experiencia en el sector les permite ofrecer las mejores soluciones energ\u00e9ticas y resolver las dudas planteadas por los clientes.","sameAs":["https:\/\/www.factorenergia.com\/es\/","https:\/\/www.facebook.com\/factorenergiacom","https:\/\/www.instagram.com\/factorenergia_com\/","https:\/\/es.linkedin.com\/company\/factor-energia","https:\/\/twitter.com\/factorenergia","https:\/\/www.youtube.com\/c\/factorenergiacom"],"url":"https:\/\/www.factorenergia.com\/es\/blog\/author\/marketing\/"}]}},"_links":{"self":[{"href":"https:\/\/www.factorenergia.com\/es\/wp-json\/wp\/v2\/posts\/5463"}],"collection":[{"href":"https:\/\/www.factorenergia.com\/es\/wp-json\/wp\/v2\/posts"}],"about":[{"href":"https:\/\/www.factorenergia.com\/es\/wp-json\/wp\/v2\/types\/post"}],"author":[{"embeddable":true,"href":"https:\/\/www.factorenergia.com\/es\/wp-json\/wp\/v2\/users\/17"}],"replies":[{"embeddable":true,"href":"https:\/\/www.factorenergia.com\/es\/wp-json\/wp\/v2\/comments?post=5463"}],"version-history":[{"count":3,"href":"https:\/\/www.factorenergia.com\/es\/wp-json\/wp\/v2\/posts\/5463\/revisions"}],"predecessor-version":[{"id":22117,"href":"https:\/\/www.factorenergia.com\/es\/wp-json\/wp\/v2\/posts\/5463\/revisions\/22117"}],"wp:attachment":[{"href":"https:\/\/www.factorenergia.com\/es\/wp-json\/wp\/v2\/media?parent=5463"}],"wp:term":[{"taxonomy":"category","embeddable":true,"href":"https:\/\/www.factorenergia.com\/es\/wp-json\/wp\/v2\/categories?post=5463"},{"taxonomy":"post_tag","embeddable":true,"href":"https:\/\/www.factorenergia.com\/es\/wp-json\/wp\/v2\/tags?post=5463"}],"curies":[{"name":"wp","href":"https:\/\/api.w.org\/{rel}","templated":true}]}}