{"id":5438,"date":"2018-01-24T12:21:29","date_gmt":"2018-01-24T10:21:29","guid":{"rendered":"https:\/\/www.factorenergia.com\/es\/?post_type=blog&#038;p=5438"},"modified":"2023-02-14T18:46:39","modified_gmt":"2023-02-14T16:46:39","slug":"consejos-coche-electrico-espana","status":"publish","type":"post","link":"https:\/\/www.factorenergia.com\/es\/blog\/movilidad-electrica\/consejos-coche-electrico-espana\/","title":{"rendered":"5 consejos para conductores de coche el\u00e9ctrico"},"content":{"rendered":"<p><span style=\"color: #000000;\">El coche el\u00e9ctrico se convertir\u00e1 m\u00e1s pronto que tarde en la \u00fanica realidad de coche en muchos pa\u00edses europeos. Siendo as\u00ed, lo m\u00e1s pr\u00e1ctico es que nos vayamos acostumbrando y sac\u00e1ndole partido.<\/span><\/p>\n<p><span style=\"color: #000000;\"><strong>Si eres de los que ya se ha sumado a la movilidad el\u00e9ctrica, te damos 5 consejos<\/strong> que no vienen mal:<\/span><\/p>\n<h2><span style=\"color: #000000;\">Instalar un punto de recarga para coche el\u00e9ctrico en casa<\/span><\/h2>\n<p><span style=\"color: #000000;\">Sin lugar a dudas, el primer paso al comprarte un coche el\u00e9ctrico es <strong>pensar en el modo en que recargar\u00e1s su bater\u00eda<\/strong>. Aunque algunos optan por aprovechar los puntos de recarga situados en los parkings de algunos centros de ocio o en los que ya se encuentran en algunas calles, recomendamos hacerte con un punto de recarga en tu casa; es mucho m\u00e1s c\u00f3modo y siempre disponible.<\/span><\/p>\n<p><span><div class=\"text-center center blog-cta\"><p>&iexcl;Instala un punto de recarga para tu coche el&eacute;ctrico con factorenergia!<\/p><a class=\"blog-cta primary-btn text-center solicitar-estudio\" target=\"_blank\" title=\"SOLICITA TU ESTUDIO GRATUITO\" href=\"https:\/\/www.factorenergia.com\/es\/hogares\/puntos-recarga-electricos\/\">SOLICITA TU ESTUDIO GRATUITO<\/a><p><\/p><div style=\"display:none;\"><p>&iexcl;Instala un punto de recarga para tu coche el&eacute;ctrico con factorenergia!<\/p><\/div>\n\t\t\t<script type='text\/javascript'>\n\t\t\t\tjQuery('.solicitar-estudio').click(function(){\t\t\t\t\t\t\t\t\t\n\t\t\t\t\tdataLayer.push({'language': 'es'});\n\t\t\t\t\tdataLayer.push({'post_id': '5438'});\n\t\t\t\t\tdataLayer.push({'cat_type': 'ce'});\n\t\t\t\t});\n\t\t\t<\/script>\n\t\t<\/div><br\/><\/span><\/p>\n<h3><span style=\"color: #000000;\"><strong>Teniendo en cuenta la potencia contratada<\/strong><\/span><\/h3>\n<p><span style=\"color: #000000;\">En relaci\u00f3n con el punto anterior, deber\u00e1s tener en cuenta que si el punto de recarga est\u00e1 conectado a tu contador habitual afectar\u00e1 a tu consumo. Es decir, puede que te salten los plomos si tienes la potencia contratada muy ajustada y quieres poner a recargar tu coche el\u00e9ctrico mientras pones la lavadora, el horno y la secadora. Eso s\u00ed, no deber\u00eda pasarte nunca porque para eso est\u00e1 la tarifa supervalle, a continuaci\u00f3n:<\/span><\/p>\n<h2><span style=\"color: #000000;\">Contratar la tarifa supervalle<\/span><\/h2>\n<p><span style=\"color: #000000;\"><strong>La tarifa supervalle est\u00e1 pensada especialmente para el coche el\u00e9ctrico<\/strong>. Eso es porque act\u00faa como una discriminaci\u00f3n horaria aunque con tres periodos en vez de dos. El tercer periodo, el m\u00e1s barato, se encuentra en la franja horaria que se entiende como la \u201cnocturna\u201d, de madrugada, as\u00ed que se supone que estar\u00e1s durmiendo.<\/span><\/p>\n<p><span style=\"color: #000000;\">Para m\u00e1s seguridad, a tener en cuenta que la carga se puede programar en la mayor\u00eda de los casos, con lo que siempre podr\u00e1s estipularla a partir de una hora en la que seguro no estar\u00e1s despierto y, por lo tanto, consumiendo energ\u00eda por otro lado.<\/span><\/p>\n<h2><span style=\"color: #000000;\">Llevar un cable de carga siempre en el maletero<\/span><\/h2>\n<p><span style=\"color: #000000;\">Nunca est\u00e1 de m\u00e1s llevar un conector de carga <strong>e incluso un adaptador<\/strong> a otro modelo m\u00e1s habitual si es que el tuyo no lo es. Te ir\u00e1 bien en el caso de tener que conectarlo a un punto p\u00fablico.<\/span><\/p>\n<h2><span style=\"color: #000000;\">Buscar los puntos de recarga p\u00fablicos m\u00e1s cercanos<\/span><\/h2>\n<p><span style=\"color: #000000;\"><strong>Localiza los <a href=\"https:\/\/www.factorenergia.com\/es\/blog\/movilidad-electrica\/instalacion-puntos-recarga-coches-electricos\/\">puntos de recarga de coche el\u00e9ctrico<\/a> p\u00fablicos<\/strong> cerca de tu casa, tu trabajo y tu zona de ocio habitual, seguro que te sorprendes. Adem\u00e1s, algunos de ellos son gratuitos, de modo que te vendr\u00e1 muy bien para repostar, que nunca est\u00e1 de m\u00e1s saber d\u00f3nde puedes recargar cerca de tus sitios habituales. Para ello, ay\u00fadate de <a href=\"https:\/\/www.factorenergia.com\/es\/instalar-punto-recarga\/\" target=\"_blank\" rel=\"noopener noreferrer\">electromaps<\/a>, una app que te dir\u00e1 d\u00f3nde hay un punto de recarga en todo el mundo.<\/span><\/p>\n<p>&nbsp;<\/p>\n<p><span style=\"color: #000000;\">En Factorenergia queremos acompa\u00f1arte en tu viaje hacia la movilidad el\u00e9ctrica. Es por eso que te ofrecemos un <a href=\"https:\/\/www.factorenergia.com\/es\/instalar-punto-recarga\/\" target=\"_blank\" rel=\"noopener noreferrer\">servicio de gesti\u00f3n integral para tu coche el\u00e9ctrico<\/a>, incluida la instalaci\u00f3n de un punto de recarga y la tarifa supervalle.<\/span><\/p>\n<p>&nbsp;<\/p>\n","protected":false},"excerpt":{"rendered":"<p>El coche el\u00e9ctrico se convertir\u00e1 m\u00e1s pronto que tarde en la \u00fanica realidad de coche. Siendo as\u00ed, aqu\u00ed van 5 consejos para sus conductores.<\/p>\n","protected":false},"author":17,"featured_media":0,"comment_status":"open","ping_status":"closed","sticky":false,"template":"","format":"standard","meta":{"inline_featured_image":false,"footnotes":""},"categories":[62],"tags":[],"acf":{"fecha_de_la_entrada":"20180124","imagen_portada":5439,"categoria_blog":62,"tipo_de_distribuidora":null,"tiempo_lectura":"","banner_bool":false,"titulo_banner":"","texto_banner":"","texto_boton_banner":"","url_boton_banner":"","post_relacionados":null},"yoast_head":"<!-- This site is optimized with the Yoast SEO plugin v22.2 - https:\/\/yoast.com\/wordpress\/plugins\/seo\/ -->\n<title>5 consejos para conductores de coche el\u00e9ctrico | factorenergia<\/title>\n<meta name=\"description\" content=\"El coche el\u00e9ctrico se convertir\u00e1 m\u00e1s pronto que tarde en la \u00fanica realidad de coche. Siendo as\u00ed, aqu\u00ed van 5 consejos para sus conductores.\" \/>\n<meta name=\"robots\" content=\"index, follow, max-snippet:-1, max-image-preview:large, max-video-preview:-1\" \/>\n<link rel=\"canonical\" href=\"https:\/\/www.factorenergia.com\/es\/blog\/movilidad-electrica\/consejos-coche-electrico-espana\/\" \/>\n<meta name=\"twitter:card\" content=\"summary_large_image\" \/>\n<meta name=\"twitter:title\" content=\"5 consejos para conductores de coche el\u00e9ctrico | factorenergia\" \/>\n<meta name=\"twitter:description\" content=\"El coche el\u00e9ctrico se convertir\u00e1 m\u00e1s pronto que tarde en la \u00fanica realidad de coche. Siendo as\u00ed, aqu\u00ed van 5 consejos para sus conductores.\" \/>\n<meta name=\"twitter:creator\" content=\"@factorenergia\" \/>\n<meta name=\"twitter:site\" content=\"@factorenergia\" \/>\n<meta name=\"twitter:label1\" content=\"Escrito por\" \/>\n\t<meta name=\"twitter:data1\" content=\"Equipo Transici\u00f3n Energ\u00e9tica Factorenergia\" \/>\n\t<meta name=\"twitter:label2\" content=\"Tiempo de lectura\" \/>\n\t<meta name=\"twitter:data2\" content=\"3 minutos\" \/>\n<script type=\"application\/ld+json\" class=\"yoast-schema-graph\">{\"@context\":\"https:\/\/schema.org\",\"@graph\":[{\"@type\":\"WebPage\",\"@id\":\"https:\/\/www.factorenergia.com\/es\/blog\/movilidad-electrica\/consejos-coche-electrico-espana\/\",\"url\":\"https:\/\/www.factorenergia.com\/es\/blog\/movilidad-electrica\/consejos-coche-electrico-espana\/\",\"name\":\"5 consejos para conductores de coche el\u00e9ctrico | factorenergia\",\"isPartOf\":{\"@id\":\"https:\/\/www.factorenergia.com\/es\/#website\"},\"datePublished\":\"2018-01-24T10:21:29+00:00\",\"dateModified\":\"2023-02-14T16:46:39+00:00\",\"author\":{\"@id\":\"https:\/\/www.factorenergia.com\/es\/#\/schema\/person\/dff9e4b6dc520720e3a37bdaaedc5841\"},\"description\":\"El coche el\u00e9ctrico se convertir\u00e1 m\u00e1s pronto que tarde en la \u00fanica realidad de coche. Siendo as\u00ed, aqu\u00ed van 5 consejos para sus conductores.\",\"breadcrumb\":{\"@id\":\"https:\/\/www.factorenergia.com\/es\/blog\/movilidad-electrica\/consejos-coche-electrico-espana\/#breadcrumb\"},\"inLanguage\":\"es\",\"potentialAction\":[{\"@type\":\"ReadAction\",\"target\":[\"https:\/\/www.factorenergia.com\/es\/blog\/movilidad-electrica\/consejos-coche-electrico-espana\/\"]}]},{\"@type\":\"BreadcrumbList\",\"@id\":\"https:\/\/www.factorenergia.com\/es\/blog\/movilidad-electrica\/consejos-coche-electrico-espana\/#breadcrumb\",\"itemListElement\":[{\"@type\":\"ListItem\",\"position\":1,\"name\":\"Portada\",\"item\":\"https:\/\/www.factorenergia.com\/es\/\"},{\"@type\":\"ListItem\",\"position\":2,\"name\":\"5 consejos para conductores de coche el\u00e9ctrico\"}]},{\"@type\":\"WebSite\",\"@id\":\"https:\/\/www.factorenergia.com\/es\/#website\",\"url\":\"https:\/\/www.factorenergia.com\/es\/\",\"name\":\"factorenergia\",\"description\":\"Factor Energ\u00eda\",\"potentialAction\":[{\"@type\":\"SearchAction\",\"target\":{\"@type\":\"EntryPoint\",\"urlTemplate\":\"https:\/\/www.factorenergia.com\/es\/?s={search_term_string}\"},\"query-input\":\"required name=search_term_string\"}],\"inLanguage\":\"es\"},{\"@type\":\"Person\",\"@id\":\"https:\/\/www.factorenergia.com\/es\/#\/schema\/person\/dff9e4b6dc520720e3a37bdaaedc5841\",\"name\":\"Equipo Transici\u00f3n Energ\u00e9tica Factorenergia\",\"image\":{\"@type\":\"ImageObject\",\"inLanguage\":\"es\",\"@id\":\"https:\/\/www.factorenergia.com\/es\/#\/schema\/person\/image\/\",\"url\":\"https:\/\/secure.gravatar.com\/avatar\/1b7c76bab80ee1c4261b06108874e24b?s=96&d=mm&r=g\",\"contentUrl\":\"https:\/\/secure.gravatar.com\/avatar\/1b7c76bab80ee1c4261b06108874e24b?s=96&d=mm&r=g\",\"caption\":\"Equipo Transici\u00f3n Energ\u00e9tica Factorenergia\"},\"description\":\"El equipo est\u00e1 formado por expertos en materia de Luz, Gas y Eficiencia Energ\u00e9tica, que conocen de primera mano las tendencias del mercado. Su experiencia en el sector les permite ofrecer las mejores soluciones energ\u00e9ticas y resolver las dudas planteadas por los clientes.\",\"sameAs\":[\"https:\/\/www.factorenergia.com\/es\/\",\"https:\/\/www.facebook.com\/factorenergiacom\",\"https:\/\/www.instagram.com\/factorenergia_com\/\",\"https:\/\/es.linkedin.com\/company\/factor-energia\",\"https:\/\/twitter.com\/factorenergia\",\"https:\/\/www.youtube.com\/c\/factorenergiacom\"],\"url\":\"https:\/\/www.factorenergia.com\/es\/blog\/author\/marketing\/\"}]}<\/script>\n<!-- \/ Yoast SEO plugin. -->","yoast_head_json":{"title":"5 consejos para conductores de coche el\u00e9ctrico | factorenergia","description":"El coche el\u00e9ctrico se convertir\u00e1 m\u00e1s pronto que tarde en la \u00fanica realidad de coche. Siendo as\u00ed, aqu\u00ed van 5 consejos para sus conductores.","robots":{"index":"index","follow":"follow","max-snippet":"max-snippet:-1","max-image-preview":"max-image-preview:large","max-video-preview":"max-video-preview:-1"},"canonical":"https:\/\/www.factorenergia.com\/es\/blog\/movilidad-electrica\/consejos-coche-electrico-espana\/","twitter_card":"summary_large_image","twitter_title":"5 consejos para conductores de coche el\u00e9ctrico | factorenergia","twitter_description":"El coche el\u00e9ctrico se convertir\u00e1 m\u00e1s pronto que tarde en la \u00fanica realidad de coche. Siendo as\u00ed, aqu\u00ed van 5 consejos para sus conductores.","twitter_creator":"@factorenergia","twitter_site":"@factorenergia","twitter_misc":{"Escrito por":"Equipo Transici\u00f3n Energ\u00e9tica Factorenergia","Tiempo de lectura":"3 minutos"},"schema":{"@context":"https:\/\/schema.org","@graph":[{"@type":"WebPage","@id":"https:\/\/www.factorenergia.com\/es\/blog\/movilidad-electrica\/consejos-coche-electrico-espana\/","url":"https:\/\/www.factorenergia.com\/es\/blog\/movilidad-electrica\/consejos-coche-electrico-espana\/","name":"5 consejos para conductores de coche el\u00e9ctrico | factorenergia","isPartOf":{"@id":"https:\/\/www.factorenergia.com\/es\/#website"},"datePublished":"2018-01-24T10:21:29+00:00","dateModified":"2023-02-14T16:46:39+00:00","author":{"@id":"https:\/\/www.factorenergia.com\/es\/#\/schema\/person\/dff9e4b6dc520720e3a37bdaaedc5841"},"description":"El coche el\u00e9ctrico se convertir\u00e1 m\u00e1s pronto que tarde en la \u00fanica realidad de coche. Siendo as\u00ed, aqu\u00ed van 5 consejos para sus conductores.","breadcrumb":{"@id":"https:\/\/www.factorenergia.com\/es\/blog\/movilidad-electrica\/consejos-coche-electrico-espana\/#breadcrumb"},"inLanguage":"es","potentialAction":[{"@type":"ReadAction","target":["https:\/\/www.factorenergia.com\/es\/blog\/movilidad-electrica\/consejos-coche-electrico-espana\/"]}]},{"@type":"BreadcrumbList","@id":"https:\/\/www.factorenergia.com\/es\/blog\/movilidad-electrica\/consejos-coche-electrico-espana\/#breadcrumb","itemListElement":[{"@type":"ListItem","position":1,"name":"Portada","item":"https:\/\/www.factorenergia.com\/es\/"},{"@type":"ListItem","position":2,"name":"5 consejos para conductores de coche el\u00e9ctrico"}]},{"@type":"WebSite","@id":"https:\/\/www.factorenergia.com\/es\/#website","url":"https:\/\/www.factorenergia.com\/es\/","name":"factorenergia","description":"Factor Energ\u00eda","potentialAction":[{"@type":"SearchAction","target":{"@type":"EntryPoint","urlTemplate":"https:\/\/www.factorenergia.com\/es\/?s={search_term_string}"},"query-input":"required name=search_term_string"}],"inLanguage":"es"},{"@type":"Person","@id":"https:\/\/www.factorenergia.com\/es\/#\/schema\/person\/dff9e4b6dc520720e3a37bdaaedc5841","name":"Equipo Transici\u00f3n Energ\u00e9tica Factorenergia","image":{"@type":"ImageObject","inLanguage":"es","@id":"https:\/\/www.factorenergia.com\/es\/#\/schema\/person\/image\/","url":"https:\/\/secure.gravatar.com\/avatar\/1b7c76bab80ee1c4261b06108874e24b?s=96&d=mm&r=g","contentUrl":"https:\/\/secure.gravatar.com\/avatar\/1b7c76bab80ee1c4261b06108874e24b?s=96&d=mm&r=g","caption":"Equipo Transici\u00f3n Energ\u00e9tica Factorenergia"},"description":"El equipo est\u00e1 formado por expertos en materia de Luz, Gas y Eficiencia Energ\u00e9tica, que conocen de primera mano las tendencias del mercado. Su experiencia en el sector les permite ofrecer las mejores soluciones energ\u00e9ticas y resolver las dudas planteadas por los clientes.","sameAs":["https:\/\/www.factorenergia.com\/es\/","https:\/\/www.facebook.com\/factorenergiacom","https:\/\/www.instagram.com\/factorenergia_com\/","https:\/\/es.linkedin.com\/company\/factor-energia","https:\/\/twitter.com\/factorenergia","https:\/\/www.youtube.com\/c\/factorenergiacom"],"url":"https:\/\/www.factorenergia.com\/es\/blog\/author\/marketing\/"}]}},"_links":{"self":[{"href":"https:\/\/www.factorenergia.com\/es\/wp-json\/wp\/v2\/posts\/5438"}],"collection":[{"href":"https:\/\/www.factorenergia.com\/es\/wp-json\/wp\/v2\/posts"}],"about":[{"href":"https:\/\/www.factorenergia.com\/es\/wp-json\/wp\/v2\/types\/post"}],"author":[{"embeddable":true,"href":"https:\/\/www.factorenergia.com\/es\/wp-json\/wp\/v2\/users\/17"}],"replies":[{"embeddable":true,"href":"https:\/\/www.factorenergia.com\/es\/wp-json\/wp\/v2\/comments?post=5438"}],"version-history":[{"count":1,"href":"https:\/\/www.factorenergia.com\/es\/wp-json\/wp\/v2\/posts\/5438\/revisions"}],"predecessor-version":[{"id":18726,"href":"https:\/\/www.factorenergia.com\/es\/wp-json\/wp\/v2\/posts\/5438\/revisions\/18726"}],"acf:term":[{"embeddable":true,"taxonomy":"category","href":"https:\/\/www.factorenergia.com\/es\/wp-json\/wp\/v2\/categories\/62"}],"wp:attachment":[{"href":"https:\/\/www.factorenergia.com\/es\/wp-json\/wp\/v2\/media?parent=5438"}],"wp:term":[{"taxonomy":"category","embeddable":true,"href":"https:\/\/www.factorenergia.com\/es\/wp-json\/wp\/v2\/categories?post=5438"},{"taxonomy":"post_tag","embeddable":true,"href":"https:\/\/www.factorenergia.com\/es\/wp-json\/wp\/v2\/tags?post=5438"}],"curies":[{"name":"wp","href":"https:\/\/api.w.org\/{rel}","templated":true}]}}