{"id":4721,"date":"2017-11-15T16:32:04","date_gmt":"2017-11-15T14:32:04","guid":{"rendered":"https:\/\/www.factorenergia.com\/es\/?post_type=blog&#038;p=4721"},"modified":"2023-06-12T08:38:44","modified_gmt":"2023-06-12T06:38:44","slug":"energia-verde-torre-eiffel","status":"publish","type":"post","link":"https:\/\/www.factorenergia.com\/es\/blog\/noticias\/energia-verde-torre-eiffel\/","title":{"rendered":"La Torre Eiffel se une a la energ\u00eda verde"},"content":{"rendered":"<p><span style=\"color: #000000;\">lSi hablamos de s\u00edmbolos en el mundo, hablamos de monumentos; iconos de cada ciudad que las representan. Uno de los m\u00e1s conocidos es la Torre Eiffel y, ahora, adem\u00e1s de reconocida, incorpora energ\u00eda verde para ser responsable con el medio ambiente.<\/span><\/p>\n<h2><span style=\"color: #000000;\">Energ\u00eda verde en la Torre Eiffel<\/span><\/h2>\n<p><span style=\"color: #000000;\">Los 127 a\u00f1os de antig\u00fcedad de la torre no le impiden ponerse al d\u00eda con las energ\u00edas renovables. El emblema de Francia ha instalado<strong> dos grandes turbinas e\u00f3licas<\/strong> para reducir de forma dr\u00e1stica su consumo de energ\u00eda.<\/span><\/p>\n<p><span style=\"color: #000000;\">Ambas turbinas<strong> generan algo m\u00e1s de 10.000 kWh <\/strong>al a\u00f1o, que son suficientes para las operaciones que requiere la torre diariamente. Fue una empresa neoyorkina la que se encarg\u00f3 de dise\u00f1ar las turbinas, que reciben las corrientes de aire provengan de donde provengan y que, <strong>situadas a 122 metros de altura y pintadas de un color muy parecido al de la torre<\/strong>, pasan totalmente desapercibidas porque, adem\u00e1s, tampoco se escuchan; son pr\u00e1cticamente silenciosas.<\/span><\/p>\n<p><span style=\"color: #000000;\">A las turbinas se a\u00f1aden la\u00a0<strong>iluminaci\u00f3n LED<\/strong> que se ha instalado en la torre, adem\u00e1s de los <strong>paneles solares<\/strong>, el<strong> sistema de\u00a0recuperaci\u00f3n de las aguas de lluvia\u00a0y\u00a0las bombas de calor\u00a0de alto rendimiento<\/strong> para mejorar la sostenibilidad del monumento.<\/span><\/p>\n<div id=\"attachment_4730\" style=\"width: 646px\" class=\"wp-caption aligncenter\"><picture><source srcset=\"https:\/\/www.factorenergia.com\/wp-content\/webp-express\/webp-images\/uploads\/2017\/10\/Eiffel_tower_from_trocadero-e1428925078821-1.jpg.webp 960w, https:\/\/www.factorenergia.com\/wp-content\/webp-express\/webp-images\/uploads\/2017\/10\/Eiffel_tower_from_trocadero-e1428925078821-1-300x193.jpg.webp 300w, https:\/\/www.factorenergia.com\/wp-content\/webp-express\/webp-images\/uploads\/2017\/10\/Eiffel_tower_from_trocadero-e1428925078821-1-768x494.jpg.webp 768w, https:\/\/www.factorenergia.com\/wp-content\/webp-express\/webp-images\/uploads\/2017\/10\/Eiffel_tower_from_trocadero-e1428925078821-1-275x177.jpg.webp 275w, https:\/\/www.factorenergia.com\/wp-content\/webp-express\/webp-images\/uploads\/2017\/10\/Eiffel_tower_from_trocadero-e1428925078821-1-90x58.jpg.webp 90w, https:\/\/www.factorenergia.com\/wp-content\/webp-express\/webp-images\/uploads\/2017\/10\/Eiffel_tower_from_trocadero-e1428925078821-1-170x109.jpg.webp 170w, https:\/\/www.factorenergia.com\/wp-content\/webp-express\/webp-images\/uploads\/2017\/10\/Eiffel_tower_from_trocadero-e1428925078821-1-560x360.jpg.webp 560w, https:\/\/www.factorenergia.com\/wp-content\/webp-express\/webp-images\/uploads\/2017\/10\/Eiffel_tower_from_trocadero-e1428925078821-1-467x300.jpg.webp 467w, https:\/\/www.factorenergia.com\/wp-content\/webp-express\/webp-images\/uploads\/2017\/10\/Eiffel_tower_from_trocadero-e1428925078821-1-500x321.jpg.webp 500w\" sizes=\"(max-width: 636px) 100vw, 636px\" type=\"image\/webp\"><img loading=\"lazy\" decoding=\"async\" aria-describedby=\"caption-attachment-4730\" src=\"https:\/\/www.factorenergia.com\/wp-content\/uploads\/2017\/10\/Eiffel_tower_from_trocadero-e1428925078821-1.jpg\" alt=\"turbinas e\u00f3licas en la Torre Eiffel\" width=\"636\" height=\"409\" class=\"turbinas e\u00f3licas en la Torre Eiffel wp-image-4730 webpexpress-processed\" title=\"Energ\u00eda verde\" srcset=\"https:\/\/www.factorenergia.com\/wp-content\/uploads\/2017\/10\/Eiffel_tower_from_trocadero-e1428925078821-1.jpg 960w, https:\/\/www.factorenergia.com\/wp-content\/uploads\/2017\/10\/Eiffel_tower_from_trocadero-e1428925078821-1-300x193.jpg 300w, https:\/\/www.factorenergia.com\/wp-content\/uploads\/2017\/10\/Eiffel_tower_from_trocadero-e1428925078821-1-768x494.jpg 768w, https:\/\/www.factorenergia.com\/wp-content\/uploads\/2017\/10\/Eiffel_tower_from_trocadero-e1428925078821-1-275x177.jpg 275w, https:\/\/www.factorenergia.com\/wp-content\/uploads\/2017\/10\/Eiffel_tower_from_trocadero-e1428925078821-1-90x58.jpg 90w, https:\/\/www.factorenergia.com\/wp-content\/uploads\/2017\/10\/Eiffel_tower_from_trocadero-e1428925078821-1-170x109.jpg 170w, https:\/\/www.factorenergia.com\/wp-content\/uploads\/2017\/10\/Eiffel_tower_from_trocadero-e1428925078821-1-560x360.jpg 560w, https:\/\/www.factorenergia.com\/wp-content\/uploads\/2017\/10\/Eiffel_tower_from_trocadero-e1428925078821-1-467x300.jpg 467w, https:\/\/www.factorenergia.com\/wp-content\/uploads\/2017\/10\/Eiffel_tower_from_trocadero-e1428925078821-1-500x321.jpg 500w\" sizes=\"(max-width: 636px) 100vw, 636px\"><\/picture><p id=\"caption-attachment-4730\" class=\"wp-caption-text\">Turbinas e\u00f3licas en la Torre Eiffel<\/p><\/div>\n<h3><span style=\"color: #000000;\">Objetivo Europeo 2020 en energ\u00eda verde<\/span><\/h3>\n<p><span style=\"color: #000000;\">Esta instalaci\u00f3n <strong>corresponde a los objetivos Europeos en cuanto a energ\u00eda verde<\/strong>, que esperan haber reducido las emisiones contaminantes en un 25% para 2020. El gobierno parisino ha querido que su emblema sea una de las acciones tomadas para reducir las emisiones de CO2, adem\u00e1s de servir como un ejemplo de normalizaci\u00f3n de la energ\u00eda verde, tanto al resto de Europa como a los turistas.<\/span><\/p>\n<p><span style=\"color: #000000;\">Pero la\u00a0Torre Eiffel\u00a0no es el \u00fanico sitio emblem\u00e1tico que ha pasado al lado de la energ\u00eda verde. En el a\u00f1o 1979, Jimmy Carter agreg\u00f3 los primeros paneles solares a la\u00a0Casa Blanca, que se ampliaron en 2017 con la administraci\u00f3n de Obama. En el\u00a0Vaticano\u00a0se instalaron paneles solares en 2008. La\u00a0Torre de Londres\u00a0cambi\u00f3 su sistema de iluminaci\u00f3n por LEDs en el a\u00f1o 2012, como tambi\u00e9n lo hicieron el\u00a0Empire State\u00a0de Nueva York, en 2009 y la estatua del\u00a0Cristo Redentor de R\u00edo de Janeiro en 2011.\u00a0<\/span><\/p>\n<p><span style=\"color: #000000;\">Los grandes monumentos de la humanidad ya est\u00e1n dando sus pasos en el camino de la sostenibilidad energ\u00e9tica, como ciudadano no te quedes atr\u00e1s! Mira lo que\u00a0<strong>factorenerg\u00eda<\/strong> puede ofrecerte para que te adentres en el mundo del <a href=\"https:\/\/www.factorenergia.com\/es\/hogares\/placas-solares\/\" style=\"color: #000000;\" target=\"_blank\" rel=\"noopener\">autoconsumo solar<\/a>, ya ver\u00e1s que es f\u00e1cil!<\/span><\/p>\n<p>&nbsp;<\/p>\n","protected":false},"excerpt":{"rendered":"<p>La Torre Eiffel, uno de los monumentos m\u00e1s conocidos del mundo, incorpora ahora energ\u00eda verde para ser responsable con el medio ambiente.<\/p>\n","protected":false},"author":17,"featured_media":0,"comment_status":"open","ping_status":"closed","sticky":false,"template":"","format":"standard","meta":{"inline_featured_image":false,"footnotes":""},"categories":[60],"tags":[],"acf":{"fecha_de_la_entrada":"20171115","imagen_portada":21838,"categoria_blog":null,"tipo_de_distribuidora":null,"tiempo_lectura":"","banner_bool":false,"titulo_banner":"","texto_banner":"","texto_boton_banner":"","url_boton_banner":"","post_relacionados":""},"yoast_head":"<!-- This site is optimized with the Yoast SEO plugin v22.2 - https:\/\/yoast.com\/wordpress\/plugins\/seo\/ -->\n<title>La Torre Eiffel se une a la energ\u00eda verde | factorenergia<\/title>\n<meta name=\"description\" content=\"La Torre Eiffel, uno de los monumentos m\u00e1s conocidos del mundo, incorpora ahora energ\u00eda verde para ser responsable con el medio ambiente.\" \/>\n<meta name=\"robots\" content=\"index, follow, max-snippet:-1, max-image-preview:large, max-video-preview:-1\" \/>\n<link rel=\"canonical\" href=\"https:\/\/www.factorenergia.com\/es\/blog\/noticias\/energia-verde-torre-eiffel\/\" \/>\n<meta name=\"twitter:card\" content=\"summary_large_image\" \/>\n<meta name=\"twitter:title\" content=\"La Torre Eiffel se une a la energ\u00eda verde | factorenergia\" \/>\n<meta name=\"twitter:description\" content=\"La Torre Eiffel, uno de los monumentos m\u00e1s conocidos del mundo, incorpora ahora energ\u00eda verde para ser responsable con el medio ambiente.\" \/>\n<meta name=\"twitter:image\" content=\"https:\/\/www.factorenergia.com\/wp-content\/uploads\/2017\/10\/Eiffel_tower_from_trocadero-e1428925078821-1.jpg\" \/>\n<meta name=\"twitter:creator\" content=\"@factorenergia\" \/>\n<meta name=\"twitter:site\" content=\"@factorenergia\" \/>\n<meta name=\"twitter:label1\" content=\"Escrito por\" \/>\n\t<meta name=\"twitter:data1\" content=\"Equipo Transici\u00f3n Energ\u00e9tica Factorenergia\" \/>\n\t<meta name=\"twitter:label2\" content=\"Tiempo de lectura\" \/>\n\t<meta name=\"twitter:data2\" content=\"3 minutos\" \/>\n<script type=\"application\/ld+json\" class=\"yoast-schema-graph\">{\"@context\":\"https:\/\/schema.org\",\"@graph\":[{\"@type\":\"WebPage\",\"@id\":\"https:\/\/www.factorenergia.com\/es\/blog\/noticias\/energia-verde-torre-eiffel\/\",\"url\":\"https:\/\/www.factorenergia.com\/es\/blog\/noticias\/energia-verde-torre-eiffel\/\",\"name\":\"La Torre Eiffel se une a la energ\u00eda verde | factorenergia\",\"isPartOf\":{\"@id\":\"https:\/\/www.factorenergia.com\/es\/#website\"},\"primaryImageOfPage\":{\"@id\":\"https:\/\/www.factorenergia.com\/es\/blog\/noticias\/energia-verde-torre-eiffel\/#primaryimage\"},\"image\":{\"@id\":\"https:\/\/www.factorenergia.com\/es\/blog\/noticias\/energia-verde-torre-eiffel\/#primaryimage\"},\"thumbnailUrl\":\"https:\/\/www.factorenergia.com\/wp-content\/uploads\/2017\/10\/Eiffel_tower_from_trocadero-e1428925078821-1.jpg\",\"datePublished\":\"2017-11-15T14:32:04+00:00\",\"dateModified\":\"2023-06-12T06:38:44+00:00\",\"author\":{\"@id\":\"https:\/\/www.factorenergia.com\/es\/#\/schema\/person\/dff9e4b6dc520720e3a37bdaaedc5841\"},\"description\":\"La Torre Eiffel, uno de los monumentos m\u00e1s conocidos del mundo, incorpora ahora energ\u00eda verde para ser responsable con el medio ambiente.\",\"breadcrumb\":{\"@id\":\"https:\/\/www.factorenergia.com\/es\/blog\/noticias\/energia-verde-torre-eiffel\/#breadcrumb\"},\"inLanguage\":\"es\",\"potentialAction\":[{\"@type\":\"ReadAction\",\"target\":[\"https:\/\/www.factorenergia.com\/es\/blog\/noticias\/energia-verde-torre-eiffel\/\"]}]},{\"@type\":\"ImageObject\",\"inLanguage\":\"es\",\"@id\":\"https:\/\/www.factorenergia.com\/es\/blog\/noticias\/energia-verde-torre-eiffel\/#primaryimage\",\"url\":\"https:\/\/www.factorenergia.com\/wp-content\/uploads\/2017\/10\/Eiffel_tower_from_trocadero-e1428925078821-1.jpg\",\"contentUrl\":\"https:\/\/www.factorenergia.com\/wp-content\/uploads\/2017\/10\/Eiffel_tower_from_trocadero-e1428925078821-1.jpg\"},{\"@type\":\"BreadcrumbList\",\"@id\":\"https:\/\/www.factorenergia.com\/es\/blog\/noticias\/energia-verde-torre-eiffel\/#breadcrumb\",\"itemListElement\":[{\"@type\":\"ListItem\",\"position\":1,\"name\":\"Portada\",\"item\":\"https:\/\/www.factorenergia.com\/es\/\"},{\"@type\":\"ListItem\",\"position\":2,\"name\":\"La Torre Eiffel se une a la energ\u00eda verde\"}]},{\"@type\":\"WebSite\",\"@id\":\"https:\/\/www.factorenergia.com\/es\/#website\",\"url\":\"https:\/\/www.factorenergia.com\/es\/\",\"name\":\"factorenergia\",\"description\":\"Factor Energ\u00eda\",\"potentialAction\":[{\"@type\":\"SearchAction\",\"target\":{\"@type\":\"EntryPoint\",\"urlTemplate\":\"https:\/\/www.factorenergia.com\/es\/?s={search_term_string}\"},\"query-input\":\"required name=search_term_string\"}],\"inLanguage\":\"es\"},{\"@type\":\"Person\",\"@id\":\"https:\/\/www.factorenergia.com\/es\/#\/schema\/person\/dff9e4b6dc520720e3a37bdaaedc5841\",\"name\":\"Equipo Transici\u00f3n Energ\u00e9tica Factorenergia\",\"image\":{\"@type\":\"ImageObject\",\"inLanguage\":\"es\",\"@id\":\"https:\/\/www.factorenergia.com\/es\/#\/schema\/person\/image\/\",\"url\":\"https:\/\/secure.gravatar.com\/avatar\/1b7c76bab80ee1c4261b06108874e24b?s=96&d=mm&r=g\",\"contentUrl\":\"https:\/\/secure.gravatar.com\/avatar\/1b7c76bab80ee1c4261b06108874e24b?s=96&d=mm&r=g\",\"caption\":\"Equipo Transici\u00f3n Energ\u00e9tica Factorenergia\"},\"description\":\"El equipo est\u00e1 formado por expertos en materia de Luz, Gas y Eficiencia Energ\u00e9tica, que conocen de primera mano las tendencias del mercado. Su experiencia en el sector les permite ofrecer las mejores soluciones energ\u00e9ticas y resolver las dudas planteadas por los clientes.\",\"sameAs\":[\"https:\/\/www.factorenergia.com\/es\/\",\"https:\/\/www.facebook.com\/factorenergiacom\",\"https:\/\/www.instagram.com\/factorenergia_com\/\",\"https:\/\/es.linkedin.com\/company\/factor-energia\",\"https:\/\/twitter.com\/factorenergia\",\"https:\/\/www.youtube.com\/c\/factorenergiacom\"],\"url\":\"https:\/\/www.factorenergia.com\/es\/blog\/author\/marketing\/\"}]}<\/script>\n<!-- \/ Yoast SEO plugin. -->","yoast_head_json":{"title":"La Torre Eiffel se une a la energ\u00eda verde | factorenergia","description":"La Torre Eiffel, uno de los monumentos m\u00e1s conocidos del mundo, incorpora ahora energ\u00eda verde para ser responsable con el medio ambiente.","robots":{"index":"index","follow":"follow","max-snippet":"max-snippet:-1","max-image-preview":"max-image-preview:large","max-video-preview":"max-video-preview:-1"},"canonical":"https:\/\/www.factorenergia.com\/es\/blog\/noticias\/energia-verde-torre-eiffel\/","twitter_card":"summary_large_image","twitter_title":"La Torre Eiffel se une a la energ\u00eda verde | factorenergia","twitter_description":"La Torre Eiffel, uno de los monumentos m\u00e1s conocidos del mundo, incorpora ahora energ\u00eda verde para ser responsable con el medio ambiente.","twitter_image":"https:\/\/www.factorenergia.com\/wp-content\/uploads\/2017\/10\/Eiffel_tower_from_trocadero-e1428925078821-1.jpg","twitter_creator":"@factorenergia","twitter_site":"@factorenergia","twitter_misc":{"Escrito por":"Equipo Transici\u00f3n Energ\u00e9tica Factorenergia","Tiempo de lectura":"3 minutos"},"schema":{"@context":"https:\/\/schema.org","@graph":[{"@type":"WebPage","@id":"https:\/\/www.factorenergia.com\/es\/blog\/noticias\/energia-verde-torre-eiffel\/","url":"https:\/\/www.factorenergia.com\/es\/blog\/noticias\/energia-verde-torre-eiffel\/","name":"La Torre Eiffel se une a la energ\u00eda verde | factorenergia","isPartOf":{"@id":"https:\/\/www.factorenergia.com\/es\/#website"},"primaryImageOfPage":{"@id":"https:\/\/www.factorenergia.com\/es\/blog\/noticias\/energia-verde-torre-eiffel\/#primaryimage"},"image":{"@id":"https:\/\/www.factorenergia.com\/es\/blog\/noticias\/energia-verde-torre-eiffel\/#primaryimage"},"thumbnailUrl":"https:\/\/www.factorenergia.com\/wp-content\/uploads\/2017\/10\/Eiffel_tower_from_trocadero-e1428925078821-1.jpg","datePublished":"2017-11-15T14:32:04+00:00","dateModified":"2023-06-12T06:38:44+00:00","author":{"@id":"https:\/\/www.factorenergia.com\/es\/#\/schema\/person\/dff9e4b6dc520720e3a37bdaaedc5841"},"description":"La Torre Eiffel, uno de los monumentos m\u00e1s conocidos del mundo, incorpora ahora energ\u00eda verde para ser responsable con el medio ambiente.","breadcrumb":{"@id":"https:\/\/www.factorenergia.com\/es\/blog\/noticias\/energia-verde-torre-eiffel\/#breadcrumb"},"inLanguage":"es","potentialAction":[{"@type":"ReadAction","target":["https:\/\/www.factorenergia.com\/es\/blog\/noticias\/energia-verde-torre-eiffel\/"]}]},{"@type":"ImageObject","inLanguage":"es","@id":"https:\/\/www.factorenergia.com\/es\/blog\/noticias\/energia-verde-torre-eiffel\/#primaryimage","url":"https:\/\/www.factorenergia.com\/wp-content\/uploads\/2017\/10\/Eiffel_tower_from_trocadero-e1428925078821-1.jpg","contentUrl":"https:\/\/www.factorenergia.com\/wp-content\/uploads\/2017\/10\/Eiffel_tower_from_trocadero-e1428925078821-1.jpg"},{"@type":"BreadcrumbList","@id":"https:\/\/www.factorenergia.com\/es\/blog\/noticias\/energia-verde-torre-eiffel\/#breadcrumb","itemListElement":[{"@type":"ListItem","position":1,"name":"Portada","item":"https:\/\/www.factorenergia.com\/es\/"},{"@type":"ListItem","position":2,"name":"La Torre Eiffel se une a la energ\u00eda verde"}]},{"@type":"WebSite","@id":"https:\/\/www.factorenergia.com\/es\/#website","url":"https:\/\/www.factorenergia.com\/es\/","name":"factorenergia","description":"Factor Energ\u00eda","potentialAction":[{"@type":"SearchAction","target":{"@type":"EntryPoint","urlTemplate":"https:\/\/www.factorenergia.com\/es\/?s={search_term_string}"},"query-input":"required name=search_term_string"}],"inLanguage":"es"},{"@type":"Person","@id":"https:\/\/www.factorenergia.com\/es\/#\/schema\/person\/dff9e4b6dc520720e3a37bdaaedc5841","name":"Equipo Transici\u00f3n Energ\u00e9tica Factorenergia","image":{"@type":"ImageObject","inLanguage":"es","@id":"https:\/\/www.factorenergia.com\/es\/#\/schema\/person\/image\/","url":"https:\/\/secure.gravatar.com\/avatar\/1b7c76bab80ee1c4261b06108874e24b?s=96&d=mm&r=g","contentUrl":"https:\/\/secure.gravatar.com\/avatar\/1b7c76bab80ee1c4261b06108874e24b?s=96&d=mm&r=g","caption":"Equipo Transici\u00f3n Energ\u00e9tica Factorenergia"},"description":"El equipo est\u00e1 formado por expertos en materia de Luz, Gas y Eficiencia Energ\u00e9tica, que conocen de primera mano las tendencias del mercado. Su experiencia en el sector les permite ofrecer las mejores soluciones energ\u00e9ticas y resolver las dudas planteadas por los clientes.","sameAs":["https:\/\/www.factorenergia.com\/es\/","https:\/\/www.facebook.com\/factorenergiacom","https:\/\/www.instagram.com\/factorenergia_com\/","https:\/\/es.linkedin.com\/company\/factor-energia","https:\/\/twitter.com\/factorenergia","https:\/\/www.youtube.com\/c\/factorenergiacom"],"url":"https:\/\/www.factorenergia.com\/es\/blog\/author\/marketing\/"}]}},"_links":{"self":[{"href":"https:\/\/www.factorenergia.com\/es\/wp-json\/wp\/v2\/posts\/4721"}],"collection":[{"href":"https:\/\/www.factorenergia.com\/es\/wp-json\/wp\/v2\/posts"}],"about":[{"href":"https:\/\/www.factorenergia.com\/es\/wp-json\/wp\/v2\/types\/post"}],"author":[{"embeddable":true,"href":"https:\/\/www.factorenergia.com\/es\/wp-json\/wp\/v2\/users\/17"}],"replies":[{"embeddable":true,"href":"https:\/\/www.factorenergia.com\/es\/wp-json\/wp\/v2\/comments?post=4721"}],"version-history":[{"count":4,"href":"https:\/\/www.factorenergia.com\/es\/wp-json\/wp\/v2\/posts\/4721\/revisions"}],"predecessor-version":[{"id":22033,"href":"https:\/\/www.factorenergia.com\/es\/wp-json\/wp\/v2\/posts\/4721\/revisions\/22033"}],"wp:attachment":[{"href":"https:\/\/www.factorenergia.com\/es\/wp-json\/wp\/v2\/media?parent=4721"}],"wp:term":[{"taxonomy":"category","embeddable":true,"href":"https:\/\/www.factorenergia.com\/es\/wp-json\/wp\/v2\/categories?post=4721"},{"taxonomy":"post_tag","embeddable":true,"href":"https:\/\/www.factorenergia.com\/es\/wp-json\/wp\/v2\/tags?post=4721"}],"curies":[{"name":"wp","href":"https:\/\/api.w.org\/{rel}","templated":true}]}}