{"id":4619,"date":"2017-10-16T10:49:56","date_gmt":"2017-10-16T08:49:56","guid":{"rendered":"https:\/\/www.factorenergia.com\/es\/?post_type=blog&#038;p=4619"},"modified":"2023-06-12T12:05:24","modified_gmt":"2023-06-12T10:05:24","slug":"passivhaus-edificios-eficientes","status":"publish","type":"post","link":"https:\/\/www.factorenergia.com\/es\/blog\/eficiencia-energetica\/passivhaus-edificios-eficientes\/","title":{"rendered":"Arquitectura pasiva (Passive House o Passivhaus): Edificios eficientes"},"content":{"rendered":"<p><span>\n<script type=\"text\/javascript\" id=\"auto-index\" async defer>\n\n      function indexContent(context){\n\n      var container = document.querySelector(context);\n\n      element = document.getElementById(\"accordion-index\");\n      var titles = Array.from(container.querySelectorAll(\"h2,h3,h4\"));\n\n      for (var i = 0, l = titles.length; i < l; i++) {\n\n\t\tjQuery('#accordionIndex').show();\n\n        var tit = titles[i];\n\t\tvar newTitle = tit.textContent.toLowerCase().replace(\/[^a-zA-Z ]\/g, \"\").replace(\/\\s\/g, '-');\n\t\tvar numTag = Number(tit.tagName.replace(\/[^1-9]\/g, \"\"));\n\t\tvar tagWidth = (numTag*20);\n\n\t\tvar preText = '<span style=\"margin-left:' + tagWidth + 'px\"><\/span>';\n\n        tit.setAttribute(\"id\", newTitle);\n\t\tjQuery(tit).addClass('h-inline');\n\t\t\n\t\tvar toIndex = '<p class=\"h-inline\"><a class=\"blog-toindex\" href=\"#accordionIndex\"><span class=\"glyphicon glyphicon-chevron-up\" aria-hidden=\"true\"><\/span><\/a><\/p>';\n\n\t\tjQuery(toIndex).insertAfter(tit);\n\n        var node = document.createElement(\"LI\");                 \n        var link = document.createElement(\"A\");\n        var textnode = document.createTextNode(tit.textContent);\n\n        link.appendChild(textnode);\n        link.setAttribute(\"href\", '#' + newTitle);\n\t\t\/\/link.setAttribute(\"style\", \"margin-left:\" + tagWidth + \"px\");\n\t\tlink.setAttribute(\"class\", \"acc-h\" + numTag);\n        node.appendChild(link);\n\n        element.appendChild(node);\n\n      }\n    }\n\n    jQuery(document).ready(function(){\t\t\n\t\tindexContent(\".single-post-content\");\n\n\t\tjQuery(\".accordion-toggle\").click(function() {\n\t\t\tjQuery(this).toggleClass(\"open\");\n\t\t\tjQuery(\"#collapseIndex\").slideToggle(\"in\");\n\t\t});\n\t});\n\n\n<\/script>\n\n<style>\n\t.accordion-toggle{\n\t\tcursor:pointer;\n\t}\n\n\t#accordionIndex .panel-heading{\n\t\tmargin-bottom:0px;\n\t}\n\n\t.articulo ul, .articulo ol{\n\t\tmargin-bottom:auto;\n\t}\n\n\t.h-inline{\n\t\tdisplay: inline-flex;\n\t\tflex-wrap: wrap\n\t}\n\t#accordion-index{\n\t\tpadding-left:0px;\n\t}\n\t#accordion-index li a{\n\t\tdisplay:block;\n\t\tpadding-top:5px;\n\t}\n\n\t.acc-h2{\n\t\tmargin-left:0px;\n\t\tposition: relative;\n\t}\n\n\t.acc-h3{\n\t\tmargin-left:25px;\n\t}\n\n\t.acc-h3::before{\n\t\tcontent: \"\";\n\t\tbackground-color:var(--blue-light);\n\t\tmargin-left:-10px;\n\t\twidth: 7px;\n\t\theight: 7px;\n\t\tdisplay: inline-block;\n\t\ttext-align: center;\n\t\tborder-radius: 1000px;\n\t\tmargin-right: 10px;\n    \tmargin-bottom: 2px;\n\t}\n\n\t.acc-h4{\n\t\tmargin-left:40px;\n\t}\n\n\t.acc-h4::before{\n\t\tcontent: \"\";\n\t\tborder: 1px solid var(--blue-light);\n\t\tmargin-left:-5px;\n\t\twidth: 7px;\n\t\theight: 7px;\n\t\tdisplay: inline-block;\n\t\ttext-align: center;\n\t\tborder-radius: 100%;\n\t\tmargin-right: 10px;\n    \tmargin-bottom: 2px;\n\t}\n\n\t.acc-h3:hover::before{\n\t\tbackground-color: var(--blue-darkest);\n\t}\n\n\t.acc-h4:hover::before{\n\t\tborder-color: var(--blue-darkest);\n\t}\n\n\t@media (max-width: 992px){\n\t\t.acc-h2{\n\t\t\tmargin-left:0px;\n\t\t}\n\t\t.acc-h3{\n\t\t\tmargin-left:20px;\n\t\t}\n\t\t.acc-h4{\n\t\t\tmargin-left:40px;\n\t\t}\n\t}\n\n\t\/*\n\th2.h-inline:after,\n\th3.h-inline:after{\n\t\theight: 24px;\n\t\tcontent: \"\";\n\t\tdisplay: table-row;\n\t}*\/\n<\/style>\n\n<div id=\"table-accordion-index\">\n\t<div class=\"panel-group\" id=\"accordionIndex\">\n\t\t<div class=\"panel panel-default\">\n\t\t\t<div class=\"panel-heading\">\n\t\t\t\t<div class=\"panel-title open\"><div class=\"accordion-toggle\" data-toggle=\"collapse\" data-parent=\"#accordion\" aria-expanded=\"true\">\u00cdndice<\/div><\/div>\n\t\t\t<\/div>\n\t\t\t<div id=\"collapseIndex\" class=\"panel-collapse collapse in\" aria-expanded=\"true\">\n\t\t\t\t<div class=\"panel-body\">\n\t\t\t\t\t<ul id=\"accordion-index\">\n\t\t\t\t\t<\/ul>\n\t\t\t\t<\/div>\n\t\t\t<\/div>\n\t\t<\/div>\n\t<\/div>\n<\/div><\/span><\/p>\n<p>&nbsp;<\/p>\n<p><span style=\"color: #000000;\">Los sistemas de calefacci\u00f3n t\u00edpicos en Europa consisten normalmente en un sistema de calentamiento de agua centralizado con radiadores, tuber\u00edas y calentadores pero, \u00bfy si no tuviera que ser as\u00ed? Esa es la idea de las casas pasivas; passive house en ingl\u00e9s o passivhaus en alem\u00e1n, de donde proviene el t\u00e9rmino originalmente.<\/span><\/p>\n<h2><span style=\"color: #000000;\">Qu\u00e9 es Passivhaus<\/span><\/h2>\n<p><span style=\"color: #000000;\">El concepto de la arquitectura pasiva (Passive house) nace de la idea de que, probablemente, el gasto energ\u00e9tico y econ\u00f3mico destinado a sistemas de calefacci\u00f3n y aire acondicionado son innecesarios.<\/span><\/p>\n<p>&nbsp;<\/p>\n<p><span style=\"color: #000000;\">Se basa en la construcci\u00f3n de<strong> casas de bajo consumo energ\u00e9tico<\/strong> mediante, b\u00e1sicamente, la minimizaci\u00f3n de las p\u00e9rdidas de calor que se dan al m\u00ednimo de forma que se consiga una sensaci\u00f3n t\u00e9rmica agradable constante independientemente de la \u00e9poca del a\u00f1o.<\/span><\/p>\n<p><span><div class=\"widget-form\">\r\n    \n<div class=\"wpcf7 no-js\" id=\"wpcf7-f21836-o1\" lang=\"es-ES\" dir=\"ltr\">\n<div class=\"screen-reader-response\"><p role=\"status\" aria-live=\"polite\" aria-atomic=\"true\"><\/p> <ul><\/ul><\/div>\n<form action=\"\/es\/wp-json\/wp\/v2\/posts\/4619#wpcf7-f21836-o1\" method=\"post\" class=\"wpcf7-form init\" aria-label=\"Formulario de contacto\" novalidate=\"novalidate\" data-status=\"init\">\n<div style=\"display: none;\">\n<input type=\"hidden\" name=\"_wpcf7\" value=\"21836\" \/>\n<input type=\"hidden\" name=\"_wpcf7_version\" value=\"5.9\" \/>\n<input type=\"hidden\" name=\"_wpcf7_locale\" value=\"es_ES\" \/>\n<input type=\"hidden\" name=\"_wpcf7_unit_tag\" value=\"wpcf7-f21836-o1\" \/>\n<input type=\"hidden\" name=\"_wpcf7_container_post\" value=\"0\" \/>\n<input type=\"hidden\" name=\"_wpcf7_posted_data_hash\" value=\"\" \/>\n<input type=\"hidden\" name=\"_wpcf7_recaptcha_response\" value=\"\" \/>\n<\/div>\n<div class=\"widget-simple-form-ac\">\n\t<div class=\"header-ac\">\n\t\t<p>Consigue tu estudio gratuito\n\t\t<\/p>\n\t\t<div class=\"close-form\">\n\t\t\t<p>X\n\t\t\t<\/p>\n\t\t<\/div>\n\t<\/div>\n\t<div class=\"widget-form-ac-container\">\n\t\t<p class=\"subtitle-ac-form\">Con nuestras Placas Solares + Bater\u00eda Virtual, <span class=\"blue\">reduce a 0\u20ac el consumo de tu factura de la luz.<\/span> \u00a1No te quedes sin tu estudio gratis!\n\t\t<\/p>\n\t\t<div class=\"inputs-container\">\n\t\t\t<div class=\"input\">\n\t\t\t\t<p><span class=\"wpcf7-form-control-wrap\" data-name=\"name1\"><input size=\"40\" class=\"wpcf7-form-control wpcf7-text wpcf7-validates-as-required\" id=\"name\" aria-required=\"true\" aria-invalid=\"false\" placeholder=\"Nombre\" value=\"\" type=\"text\" name=\"name1\" \/><\/span>\n\t\t\t\t<\/p>\n\t\t\t\t<div class=\"error\">\n\t\t\t\t\t<p><span role='alert' class='wpcf7-not-valid-tip'><\/span>\n\t\t\t\t\t<\/p>\n\t\t\t\t<\/div>\n\t\t\t<\/div>\n\t\t\t<div class=\"input\">\n\t\t\t\t<p><span class=\"wpcf7-form-control-wrap\" data-name=\"lastname\"><input size=\"40\" class=\"wpcf7-form-control wpcf7-text wpcf7-validates-as-required\" id=\"lastname\" aria-required=\"true\" aria-invalid=\"false\" placeholder=\"Apellido\" value=\"\" type=\"text\" name=\"lastname\" \/><\/span>\n\t\t\t\t<\/p>\n\t\t\t\t<div class=\"error\">\n\t\t\t\t\t<p><span role='alert' class='wpcf7-not-valid-tip'><\/span>\n\t\t\t\t\t<\/p>\n\t\t\t\t<\/div>\n\t\t\t<\/div>\n\t\t<\/div>\n\t\t<div class=\"inputs-container\">\n\t\t\t<div class=\"input\">\n\t\t\t\t<p><span class=\"wpcf7-form-control-wrap\" data-name=\"email\"><input size=\"40\" class=\"wpcf7-form-control wpcf7-email wpcf7-validates-as-required wpcf7-text wpcf7-validates-as-email\" aria-required=\"true\" aria-invalid=\"false\" placeholder=\"Email\" value=\"\" type=\"email\" name=\"email\" \/><\/span>\n\t\t\t\t<\/p>\n\t\t\t\t<div class=\"error\">\n\t\t\t\t\t<p><span role='alert' class='wpcf7-not-valid-tip'><\/span>\n\t\t\t\t\t<\/p>\n\t\t\t\t<\/div>\n\t\t\t<\/div>\n\t\t\t<div class=\"input\">\n\t\t\t\t<p><span class=\"wpcf7-form-control-wrap\" data-name=\"tel\"><input size=\"40\" class=\"wpcf7-form-control wpcf7-tel wpcf7-validates-as-required wpcf7-text wpcf7-validates-as-tel\" aria-required=\"true\" aria-invalid=\"false\" placeholder=\"Tel\u00e9fono\" value=\"\" type=\"tel\" name=\"tel\" \/><\/span>\n\t\t\t\t<\/p>\n\t\t\t\t<div class=\"error\">\n\t\t\t\t\t<p><span role='alert' class='wpcf7-not-valid-tip'><\/span>\n\t\t\t\t\t<\/p>\n\t\t\t\t<\/div>\n\t\t\t<\/div>\n\t\t<\/div>\n\t\t<p class=\"legal-text\">Al enviar este formulario consiente que sus datos sean tratados por FACTORENERGIA S.A., como corresponsables, para remitirle ofertas e informaci\u00f3n comercial. Puede ejercitar sus derechos conforme a lo indicado en nuestra <a href=\"\/es\/privacidad\/\">Pol\u00edtica de privacidad.<\/a>\n\t\t<\/p>\n\t\t<div class=\"inputs-container\">\n\t\t\t<div class=\"button-submit\">\n\t\t\t\t<p><input class=\"wpcf7-form-control wpcf7-submit has-spinner primary-btn green-btn btn-submit\" type=\"submit\" value=\"Pide tu estudio gratis\" \/>\n\t\t\t\t<\/p>\n\t\t\t<\/div>\n\t\t<\/div>\n\t<\/div>\n<\/div><div class=\"wpcf7-response-output\" aria-hidden=\"true\"><\/div>\n<\/form>\n<\/div>\n<\/div>\r\n\r\n<div class=\"widget-form-sended\" style=\"display: none\">\r\n    <h4><b>\u00a1Bien hecho!<\/b> Este es tu primer paso hacia la independencia energ\u00e9tica.<\/h4>\r\n    <p>En un m\u00e1ximo de 48 horas, un especialista se pondr\u00e1 en contacto contigo para estudiar tu caso, asesorarte y ofrecerte la mejor soluci\u00f3n energ\u00e9tica.<\/p>\r\n    <div class=\"inputs-container\">\r\n        <div class=\"button-submit\">\r\n            <a class=\"primary-btn center otro-estudio green-btn\">\r\n                Pedir otro estudio gratis            <\/a>\r\n        <\/div>\r\n        <div class=\"trustpilot-widget trust-widget-form-ac\" data-locale=\"es-ES\" data-template-id=\"5419b732fbfb950b10de65e5\" data-businessunit-id=\"5fd8ae6f2ead35000193bbae\" data-style-height=\"24px\" data-style-width=\"100%\" data-theme=\"light\" style=\"position: relative;\"><iframe title=\"Customer reviews powered by Trustpilot\" loading=\"auto\" src=\"https:\/\/widget.trustpilot.com\/trustboxes\/5419b732fbfb950b10de65e5\/index.html?templateId=5419b732fbfb950b10de65e5&amp;businessunitId=5fd8ae6f2ead35000193bbae#locale=es-ES&amp;styleHeight=24px&amp;styleWidth=100%25&amp;theme=light\" style=\"position: relative; height: 24px; width: 100%; border-style: none; display: block; overflow: hidden;\"><\/iframe><\/div>\r\n    <\/div>\r\n<\/div>\r\n<\/span><\/p>\n<h2><span style=\"color: #000000;\">Caracter\u00edsticas de una Passivhaus<\/span><\/h2>\n<p><span style=\"color: #000000;\">Para que se considere Passivhaus, existen una serie de caracter\u00edsticas. Estas, son las que consiguen este <strong>confort t\u00e9rmico constante<\/strong> del que habl\u00e1bamos:<\/span><\/p>\n<h3><span style=\"color: #000000;\"><strong>Reducci\u00f3n de p\u00e9rdidas de calor<\/strong><\/span><\/h3>\n<p><span style=\"color: #000000;\">En la mayor\u00eda de las casas existen fugas de aire en puertas, ventanas, grietas\u2026 Con un <strong>buen aislamiento<\/strong> se pueden evitar estas filtraciones que conllevan p\u00e9rdidas t\u00e9rmicas continuas. <\/span><\/p>\n<p>&nbsp;<\/p>\n<p><span style=\"color: #000000;\">Una Passive House debe pasar con nota una prueba de impermeabilidad de aire. Adem\u00e1s de contar con el mejor sellado y aislamiento, este m\u00e9todo <strong>ayuda a evitar la aparici\u00f3n del moho o los hongos<\/strong>, t\u00edpicos de lugares h\u00famedos.<\/span><\/p>\n<h3><span style=\"color: #000000;\"><strong>Aislamiento t\u00e9rmico<\/strong><\/span><\/h3>\n<p><span style=\"color: #000000;\">Las fugas del punto anterior no son la \u00fanica v\u00eda de escape del calor. Adem\u00e1s, muros y suelos pueden contribuir, as\u00ed que en una casa pasiva ser\u00e1 importante un <strong>\u00f3ptimo aislamiento t\u00e9rmico<\/strong>. De acuerdo con el clima en que se construya, los materiales deber\u00e1n contar con unas caracter\u00edsticas u otras para alcanzar los est\u00e1ndares requeridos.<\/span><\/p>\n<h3><span style=\"color: #000000;\"><strong>Eliminaci\u00f3n de los puentes t\u00e9rmicos<\/strong><\/span><\/h3>\n<p><span style=\"color: #000000;\">Se considera puente t\u00e9rmico al recorrido que efect\u00faa el calor desde el punto en que se produce hasta el que se aprovecha. La eliminaci\u00f3n de estas \u201cautopistas\u201d en que el calor se escapa es fundamental y se efect\u00faa mediante, por ejemplo,<strong> muros dobles<\/strong> o el aislamiento de los cimientos.<\/span><\/p>\n<h3><span style=\"color: #000000;\"><strong>Especial atenci\u00f3n a puertas y ventanas<\/strong><\/span><\/h3>\n<p><span style=\"color: #000000;\">Ambas estructuras demandan un alto rendimiento t\u00e9rmico as\u00ed como la mejor localizaci\u00f3n. <strong>Este es probablemente el punto m\u00e1s importante y el que m\u00e1s encarece este tipo de vivienda<\/strong>, pues se habla a menudo de ventanas de triple cristal o tecnolog\u00eda de espejos reflectantes. <\/span><\/p>\n<p><span>\u00a0\r\n<script type=\"text\/javascript\" async defer>\r\n\r\n    jQuery(document).ready(function(){\t\t\r\n\t\t\r\n\t});\r\n<\/script>\r\n\r\n<style>\r\n\t.block-interested_posts{\r\n        margin-top: 10px;\r\n        padding: 20px;\r\n        border: 2px solid #92C200;\r\n    }\r\n    .block-interested_posts ul{\r\n        margin-bottom:0px;\r\n    }\r\n    .block-interested_posts ul li{\r\n        margin-bottom:5px;\r\n    }\r\n    .block-interested_posts ul li a{\r\n        \/*color: #DF981E;*\/\r\n    }\r\n\r\n<\/style>\r\n\r\n<div class=\"block-interested_posts\">\r\n    <p><strong>Post que te pueden interesar<\/strong><\/p>\r\n    <ul>\r\n                    <li><a href=\"https:\/\/www.factorenergia.com\/es\/blog\/eficiencia-energetica\/casas-autosuficientes\/\" title=\"Lo que necesitas saber de las casas autosuficientes\">Lo que necesitas saber de las casas autosuficientes<\/a><\/li>\r\n                    <li><a href=\"https:\/\/www.factorenergia.com\/es\/blog\/eficiencia-energetica\/dia-mundial-de-la-eficiencia-energetica\/\" title=\"El D\u00eda Mundial de la Eficiencia Energ\u00e9tica\">El D\u00eda Mundial de la Eficiencia Energ\u00e9tica<\/a><\/li>\r\n            <\/ul>\t\r\n<\/div><\/span><\/p>\n<p>&nbsp;<\/p>\n<p><span style=\"color: #000000;\">Tambi\u00e9n es importante estudiar bien la posici\u00f3n de su colocaci\u00f3n, idealmente orientadas al sur para que dejen pasar la luz del sol y ofrezcan sombra en verano.<\/span><\/p>\n<h3><span style=\"color: #000000;\"><strong>Ventilaci\u00f3n eficiente<\/strong><\/span><\/h3>\n<p><span style=\"color: #000000;\">Otra caracter\u00edstica de una Passive House consiste en una <strong>ventilaci\u00f3n eficiente y mec\u00e1nica<\/strong> para que los inquilinos cuenten con aire limpio y fresco continuamente. <\/span><\/p>\n<p>&nbsp;<\/p>\n<p><span style=\"color: #000000;\">Adem\u00e1s de eficiente, tambi\u00e9n deber\u00e1 ser balanceada, lo cual quiere decir que deber\u00e1 entrar y salir la misma cantidad de aire; este no deber\u00e1 mezclarse aunque el aire caliente saliente permitir\u00e1 calentar el fr\u00edo que ingrese. \u00a0\u00a0\u00a0<\/span><\/p>\n<p>&nbsp;<\/p>\n<p><span style=\"color: #000000;\">As\u00ed, una casa pasiva no deber\u00eda necesitar mecanismos de refrigeraci\u00f3n o calefacci\u00f3n convencionales\u00a0 y su demanda ser\u00eda inferior a 15 kWh\/m2 al a\u00f1o; <strong>un 90% menos que una vivienda habitual<\/strong>.<\/span><\/p>\n<p>&nbsp;<\/p>\n<p><span style=\"color: #000000;\">En Factor Energ\u00eda no podemos ofrecerte un alquiler en una casa pasiva pero s\u00ed podemos ayudarte con tu <a href=\"https:\/\/www.factorenergia.com\/es\/hogares\/placas-solares\/\"><\/a>instalaci\u00f3n de <a href=\"https:\/\/www.factorenergia.com\/es\/hogares\/placas-solares\/\"><\/a><a href=\"https:\/\/www.factorenergia.com\/es\/hogares\/placas-solares\/\" target=\"_blank\" rel=\"noopener\">placas solares de autoconsumo<\/a> o con el punto de recarga de tu coche el\u00e9ctrico. <\/span><\/p>\n<p>&nbsp;<\/p>\n<p><span style=\"color: #000000;\">Si quieres sumarte a la energ\u00eda solar o a la movilidad el\u00e9ctrica podemos gestionarlo por ti. <strong>Cont\u00e1ctanos sin compromiso y resolveremos tus dudas<\/strong>.<\/span><\/p>\n<p>&nbsp;<\/p>\n","protected":false},"excerpt":{"rendered":"<p>El concepto de la arquitectura pasiva (Passivhaus) nace de la idea de que, probablemente, el gasto energ\u00e9tico y econ\u00f3mico destinado a sistemas de calefacci\u00f3n y aire acondicionado son innecesarios.<\/p>\n","protected":false},"author":17,"featured_media":0,"comment_status":"open","ping_status":"closed","sticky":false,"template":"","format":"standard","meta":{"inline_featured_image":false,"footnotes":""},"categories":[51],"tags":[],"acf":{"fecha_de_la_entrada":"20171016","imagen_portada":4622,"categoria_blog":null,"tipo_de_distribuidora":null,"tiempo_lectura":"","banner_bool":false,"titulo_banner":"","texto_banner":"","texto_boton_banner":"","url_boton_banner":"","post_relacionados":""},"yoast_head":"<!-- This site is optimized with the Yoast SEO plugin v22.2 - https:\/\/yoast.com\/wordpress\/plugins\/seo\/ -->\n<title>Passivhaus, casas pasivas: eficiencia energ\u00e9tica y arquitectura<\/title>\n<meta name=\"description\" content=\"El concepto de la Passivhaus nace de la idea de que el gasto energ\u00e9tico y econ\u00f3mico destinado a calefacci\u00f3n y aire acondicionado son innecesarios.\" \/>\n<meta name=\"robots\" content=\"index, follow, max-snippet:-1, max-image-preview:large, max-video-preview:-1\" \/>\n<link rel=\"canonical\" href=\"https:\/\/www.factorenergia.com\/es\/blog\/eficiencia-energetica\/passivhaus-edificios-eficientes\/\" \/>\n<meta name=\"twitter:card\" content=\"summary_large_image\" \/>\n<meta name=\"twitter:title\" content=\"Passivhaus, casas pasivas: eficiencia energ\u00e9tica y arquitectura\" \/>\n<meta name=\"twitter:description\" content=\"El concepto de la Passivhaus nace de la idea de que el gasto energ\u00e9tico y econ\u00f3mico destinado a calefacci\u00f3n y aire acondicionado son innecesarios.\" \/>\n<meta name=\"twitter:creator\" content=\"@factorenergia\" \/>\n<meta name=\"twitter:site\" content=\"@factorenergia\" \/>\n<meta name=\"twitter:label1\" content=\"Escrito por\" \/>\n\t<meta name=\"twitter:data1\" content=\"Equipo Transici\u00f3n Energ\u00e9tica Factorenergia\" \/>\n\t<meta name=\"twitter:label2\" content=\"Tiempo de lectura\" \/>\n\t<meta name=\"twitter:data2\" content=\"3 minutos\" \/>\n<script type=\"application\/ld+json\" class=\"yoast-schema-graph\">{\"@context\":\"https:\/\/schema.org\",\"@graph\":[{\"@type\":\"WebPage\",\"@id\":\"https:\/\/www.factorenergia.com\/es\/blog\/eficiencia-energetica\/passivhaus-edificios-eficientes\/\",\"url\":\"https:\/\/www.factorenergia.com\/es\/blog\/eficiencia-energetica\/passivhaus-edificios-eficientes\/\",\"name\":\"Passivhaus, casas pasivas: eficiencia energ\u00e9tica y arquitectura\",\"isPartOf\":{\"@id\":\"https:\/\/www.factorenergia.com\/es\/#website\"},\"datePublished\":\"2017-10-16T08:49:56+00:00\",\"dateModified\":\"2023-06-12T10:05:24+00:00\",\"author\":{\"@id\":\"https:\/\/www.factorenergia.com\/es\/#\/schema\/person\/dff9e4b6dc520720e3a37bdaaedc5841\"},\"description\":\"El concepto de la Passivhaus nace de la idea de que el gasto energ\u00e9tico y econ\u00f3mico destinado a calefacci\u00f3n y aire acondicionado son innecesarios.\",\"breadcrumb\":{\"@id\":\"https:\/\/www.factorenergia.com\/es\/blog\/eficiencia-energetica\/passivhaus-edificios-eficientes\/#breadcrumb\"},\"inLanguage\":\"es\",\"potentialAction\":[{\"@type\":\"ReadAction\",\"target\":[\"https:\/\/www.factorenergia.com\/es\/blog\/eficiencia-energetica\/passivhaus-edificios-eficientes\/\"]}]},{\"@type\":\"BreadcrumbList\",\"@id\":\"https:\/\/www.factorenergia.com\/es\/blog\/eficiencia-energetica\/passivhaus-edificios-eficientes\/#breadcrumb\",\"itemListElement\":[{\"@type\":\"ListItem\",\"position\":1,\"name\":\"Portada\",\"item\":\"https:\/\/www.factorenergia.com\/es\/\"},{\"@type\":\"ListItem\",\"position\":2,\"name\":\"Arquitectura pasiva (Passive House o Passivhaus): Edificios eficientes\"}]},{\"@type\":\"WebSite\",\"@id\":\"https:\/\/www.factorenergia.com\/es\/#website\",\"url\":\"https:\/\/www.factorenergia.com\/es\/\",\"name\":\"factorenergia\",\"description\":\"Factor Energ\u00eda\",\"potentialAction\":[{\"@type\":\"SearchAction\",\"target\":{\"@type\":\"EntryPoint\",\"urlTemplate\":\"https:\/\/www.factorenergia.com\/es\/?s={search_term_string}\"},\"query-input\":\"required name=search_term_string\"}],\"inLanguage\":\"es\"},{\"@type\":\"Person\",\"@id\":\"https:\/\/www.factorenergia.com\/es\/#\/schema\/person\/dff9e4b6dc520720e3a37bdaaedc5841\",\"name\":\"Equipo Transici\u00f3n Energ\u00e9tica Factorenergia\",\"image\":{\"@type\":\"ImageObject\",\"inLanguage\":\"es\",\"@id\":\"https:\/\/www.factorenergia.com\/es\/#\/schema\/person\/image\/\",\"url\":\"https:\/\/secure.gravatar.com\/avatar\/1b7c76bab80ee1c4261b06108874e24b?s=96&d=mm&r=g\",\"contentUrl\":\"https:\/\/secure.gravatar.com\/avatar\/1b7c76bab80ee1c4261b06108874e24b?s=96&d=mm&r=g\",\"caption\":\"Equipo Transici\u00f3n Energ\u00e9tica Factorenergia\"},\"description\":\"El equipo est\u00e1 formado por expertos en materia de Luz, Gas y Eficiencia Energ\u00e9tica, que conocen de primera mano las tendencias del mercado. Su experiencia en el sector les permite ofrecer las mejores soluciones energ\u00e9ticas y resolver las dudas planteadas por los clientes.\",\"sameAs\":[\"https:\/\/www.factorenergia.com\/es\/\",\"https:\/\/www.facebook.com\/factorenergiacom\",\"https:\/\/www.instagram.com\/factorenergia_com\/\",\"https:\/\/es.linkedin.com\/company\/factor-energia\",\"https:\/\/twitter.com\/factorenergia\",\"https:\/\/www.youtube.com\/c\/factorenergiacom\"],\"url\":\"https:\/\/www.factorenergia.com\/es\/blog\/author\/marketing\/\"}]}<\/script>\n<!-- \/ Yoast SEO plugin. -->","yoast_head_json":{"title":"Passivhaus, casas pasivas: eficiencia energ\u00e9tica y arquitectura","description":"El concepto de la Passivhaus nace de la idea de que el gasto energ\u00e9tico y econ\u00f3mico destinado a calefacci\u00f3n y aire acondicionado son innecesarios.","robots":{"index":"index","follow":"follow","max-snippet":"max-snippet:-1","max-image-preview":"max-image-preview:large","max-video-preview":"max-video-preview:-1"},"canonical":"https:\/\/www.factorenergia.com\/es\/blog\/eficiencia-energetica\/passivhaus-edificios-eficientes\/","twitter_card":"summary_large_image","twitter_title":"Passivhaus, casas pasivas: eficiencia energ\u00e9tica y arquitectura","twitter_description":"El concepto de la Passivhaus nace de la idea de que el gasto energ\u00e9tico y econ\u00f3mico destinado a calefacci\u00f3n y aire acondicionado son innecesarios.","twitter_creator":"@factorenergia","twitter_site":"@factorenergia","twitter_misc":{"Escrito por":"Equipo Transici\u00f3n Energ\u00e9tica Factorenergia","Tiempo de lectura":"3 minutos"},"schema":{"@context":"https:\/\/schema.org","@graph":[{"@type":"WebPage","@id":"https:\/\/www.factorenergia.com\/es\/blog\/eficiencia-energetica\/passivhaus-edificios-eficientes\/","url":"https:\/\/www.factorenergia.com\/es\/blog\/eficiencia-energetica\/passivhaus-edificios-eficientes\/","name":"Passivhaus, casas pasivas: eficiencia energ\u00e9tica y arquitectura","isPartOf":{"@id":"https:\/\/www.factorenergia.com\/es\/#website"},"datePublished":"2017-10-16T08:49:56+00:00","dateModified":"2023-06-12T10:05:24+00:00","author":{"@id":"https:\/\/www.factorenergia.com\/es\/#\/schema\/person\/dff9e4b6dc520720e3a37bdaaedc5841"},"description":"El concepto de la Passivhaus nace de la idea de que el gasto energ\u00e9tico y econ\u00f3mico destinado a calefacci\u00f3n y aire acondicionado son innecesarios.","breadcrumb":{"@id":"https:\/\/www.factorenergia.com\/es\/blog\/eficiencia-energetica\/passivhaus-edificios-eficientes\/#breadcrumb"},"inLanguage":"es","potentialAction":[{"@type":"ReadAction","target":["https:\/\/www.factorenergia.com\/es\/blog\/eficiencia-energetica\/passivhaus-edificios-eficientes\/"]}]},{"@type":"BreadcrumbList","@id":"https:\/\/www.factorenergia.com\/es\/blog\/eficiencia-energetica\/passivhaus-edificios-eficientes\/#breadcrumb","itemListElement":[{"@type":"ListItem","position":1,"name":"Portada","item":"https:\/\/www.factorenergia.com\/es\/"},{"@type":"ListItem","position":2,"name":"Arquitectura pasiva (Passive House o Passivhaus): Edificios eficientes"}]},{"@type":"WebSite","@id":"https:\/\/www.factorenergia.com\/es\/#website","url":"https:\/\/www.factorenergia.com\/es\/","name":"factorenergia","description":"Factor Energ\u00eda","potentialAction":[{"@type":"SearchAction","target":{"@type":"EntryPoint","urlTemplate":"https:\/\/www.factorenergia.com\/es\/?s={search_term_string}"},"query-input":"required name=search_term_string"}],"inLanguage":"es"},{"@type":"Person","@id":"https:\/\/www.factorenergia.com\/es\/#\/schema\/person\/dff9e4b6dc520720e3a37bdaaedc5841","name":"Equipo Transici\u00f3n Energ\u00e9tica Factorenergia","image":{"@type":"ImageObject","inLanguage":"es","@id":"https:\/\/www.factorenergia.com\/es\/#\/schema\/person\/image\/","url":"https:\/\/secure.gravatar.com\/avatar\/1b7c76bab80ee1c4261b06108874e24b?s=96&d=mm&r=g","contentUrl":"https:\/\/secure.gravatar.com\/avatar\/1b7c76bab80ee1c4261b06108874e24b?s=96&d=mm&r=g","caption":"Equipo Transici\u00f3n Energ\u00e9tica Factorenergia"},"description":"El equipo est\u00e1 formado por expertos en materia de Luz, Gas y Eficiencia Energ\u00e9tica, que conocen de primera mano las tendencias del mercado. Su experiencia en el sector les permite ofrecer las mejores soluciones energ\u00e9ticas y resolver las dudas planteadas por los clientes.","sameAs":["https:\/\/www.factorenergia.com\/es\/","https:\/\/www.facebook.com\/factorenergiacom","https:\/\/www.instagram.com\/factorenergia_com\/","https:\/\/es.linkedin.com\/company\/factor-energia","https:\/\/twitter.com\/factorenergia","https:\/\/www.youtube.com\/c\/factorenergiacom"],"url":"https:\/\/www.factorenergia.com\/es\/blog\/author\/marketing\/"}]}},"_links":{"self":[{"href":"https:\/\/www.factorenergia.com\/es\/wp-json\/wp\/v2\/posts\/4619"}],"collection":[{"href":"https:\/\/www.factorenergia.com\/es\/wp-json\/wp\/v2\/posts"}],"about":[{"href":"https:\/\/www.factorenergia.com\/es\/wp-json\/wp\/v2\/types\/post"}],"author":[{"embeddable":true,"href":"https:\/\/www.factorenergia.com\/es\/wp-json\/wp\/v2\/users\/17"}],"replies":[{"embeddable":true,"href":"https:\/\/www.factorenergia.com\/es\/wp-json\/wp\/v2\/comments?post=4619"}],"version-history":[{"count":6,"href":"https:\/\/www.factorenergia.com\/es\/wp-json\/wp\/v2\/posts\/4619\/revisions"}],"predecessor-version":[{"id":22149,"href":"https:\/\/www.factorenergia.com\/es\/wp-json\/wp\/v2\/posts\/4619\/revisions\/22149"}],"wp:attachment":[{"href":"https:\/\/www.factorenergia.com\/es\/wp-json\/wp\/v2\/media?parent=4619"}],"wp:term":[{"taxonomy":"category","embeddable":true,"href":"https:\/\/www.factorenergia.com\/es\/wp-json\/wp\/v2\/categories?post=4619"},{"taxonomy":"post_tag","embeddable":true,"href":"https:\/\/www.factorenergia.com\/es\/wp-json\/wp\/v2\/tags?post=4619"}],"curies":[{"name":"wp","href":"https:\/\/api.w.org\/{rel}","templated":true}]}}