{"id":4330,"date":"2017-08-10T10:00:17","date_gmt":"2017-08-10T08:00:17","guid":{"rendered":"https:\/\/www.factorenergia.com\/es\/?post_type=blog&#038;p=4330"},"modified":"2023-02-14T18:47:01","modified_gmt":"2023-02-14T16:47:01","slug":"energia-reactiva-empresas","status":"publish","type":"post","link":"https:\/\/www.factorenergia.com\/es\/blog\/factura-luz\/energia-reactiva-empresas\/","title":{"rendered":"Para empresas: la energ\u00eda reactiva de mi factura de la luz"},"content":{"rendered":"<p><span style=\"color: #000000;\">Los negocios y empresas estar\u00e1n m\u00e1s familiarizados con este t\u00e9rmino ya que probablemente les suene de su factura de la luz. Pero tanto si formas parte de ese colectivo como si no, \u00bfsabes qu\u00e9 es la energ\u00eda reactiva y c\u00f3mo se aplica?<\/span><\/p>\n<h2><span style=\"color: #000000;\">Qu\u00e9 es la energ\u00eda reactiva<\/span><\/h2>\n<p><span style=\"color: #000000;\">La energ\u00eda reactiva se asocia con los aparatos que necesitan una bobina, motor, transformador\u2026 para funcionar.<\/span><\/p>\n<p><span style=\"color: #000000;\">En una instalaci\u00f3n el\u00e9ctrica, se consume este tipo de energ\u00eda\u00a0<strong>cuando uno de los anteriores aparatos funciona<\/strong>. Es la energ\u00eda que permite que, por ejemplo, giren los motores o se enciendan las l\u00e1mparas y que, por lo tanto, aumenta el total de energ\u00eda solicitada a la red el\u00e9ctrica. Este tipo de energ\u00eda suele obligar a tener un mayor dimensionamiento de la instalaci\u00f3n y <strong>aunque la energ\u00eda reactiva no produce ning\u00fan trabajo \u00fatil, s\u00ed se refleja en la factura de la luz <\/strong>provocando un coste adicional.<\/span><\/p>\n<h3><span style=\"color: #000000;\"><strong>Por qu\u00e9 se penaliza la energ\u00eda reactiva<\/strong><\/span><\/h3>\n<p><span style=\"color: #000000;\">Es cierto que este tipo de energ\u00eda no se consume de forma \u00fatil, pero s\u00ed se penaliza a modo de cobro en la factura de la luz. No hay que producirla, pero s\u00ed transportarla, y adem\u00e1s desencadena sobrecargas en las l\u00edneas de transformaci\u00f3n y generaci\u00f3n, haciendo que sea necesario neutralizarla o compensarla.<\/span><\/p>\n<p><span style=\"color: #000000;\">La reactiva provoca que las compa\u00f1\u00edas distribuidoras tengan que tener una capacidad de distribuci\u00f3n mayor,\u00a0 con la inversi\u00f3n a\u00f1adida que esto conlleva, y genera unos costes (p\u00e9rdidas) que se trasladan a la factura de la luz en forma de penalizaci\u00f3n por energ\u00eda reactiva.<\/span><\/p>\n<h2><span style=\"color: #000000;\">C\u00f3mo ahorrar con la energ\u00eda reactiva: compens\u00e1ndola<\/span><\/h2>\n<p><span style=\"color: #000000;\">La energ\u00eda reactiva se paga cuando se tienen tarifas contratadas como la 3.0, 3.1 o 6.x por lo que, trat\u00e1ndose de consumos relevantes, puede ser la culpable de aumentos sustanciales en la factura de la luz. No obstante, existe la posibilidad de instalar un aparato que neutralice la energ\u00eda reactiva, ahorr\u00e1ndote ese sobrecoste.<\/span><\/p>\n<p><span style=\"color: #000000;\">Mediante <strong>la instalaci\u00f3n de<\/strong> <strong>bater\u00edas de condensadores <\/strong>de potencia, se suministra la energ\u00eda reactiva a la instalaci\u00f3n, por lo que no hay que pedirla a la red el\u00e9ctrica. Adem\u00e1s, disminuye parcial o totalmente la demanda de esta energ\u00eda a la red el\u00e9ctrica.<\/span><\/p>\n<h3><span style=\"color: #000000;\"><strong>\u00bfEs rentable compensarla?<\/strong><\/span><\/h3>\n<p><span style=\"color: #000000;\">Por supuesto, es rentable y amortizable. <strong>Interesante valorarlo en los siguientes casos<\/strong>:<\/span><\/p>\n<ul>\n<li><span style=\"color: #000000;\">Cuando existen costes mensuales superiores a 45 \u20ac<\/span><\/li>\n<li><span style=\"color: #000000;\">Grandes consumos (se amortiza en menos de un a\u00f1o)<\/span><\/li>\n<\/ul>\n<p>&nbsp;<\/p>\n<p><span style=\"color: #000000;\"><strong>Una vez amortizada la bater\u00eda, hay un ahorro de por vida. <\/strong>Adem\u00e1s, tambi\u00e9n existen ventajas t\u00e9cnicas para la instalaci\u00f3n, pues se reduce la potencia total y mejora ligeramente los niveles de tensi\u00f3n.<\/span><\/p>\n<p>&nbsp;<\/p>\n<p><span style=\"color: #000000;\">En Factor Energ\u00eda te ayudamos a instalar tu bater\u00eda de condensadores. <a href=\"https:\/\/www.factorenergia.com\/es\/empresas\/contacto\/\" target=\"_blank\" rel=\"noopener\">Ponte en contacto con nosotros<\/a> a trav\u00e9s de nuestro formulario y p\u00eddenos un estudio de compensaci\u00f3n de energ\u00eda reactiva. \u00a1Ver\u00e1s c\u00f3mo ahorras en tu factura de la luz!<\/span><\/p>\n<p><span style=\"color: #000000;\"><strong>\u00a0<\/strong><\/span><\/p>\n<p>Art\u00edculos relacionados:<\/p>\n<p><a href=\"https:\/\/www.factorenergia.com\/es\/blog\/noticias\/eficiencia-energetica-empresas\/\" target=\"_blank\" rel=\"noopener\">Normativas de eficiencia para empresas<\/a><\/p>\n<p><a href=\"https:\/\/www.factorenergia.com\/es\/blog\/factura-luz\/entender-mi-factura-de-la-luz\/\" target=\"_blank\" rel=\"noopener\">C\u00f3mo es la factura de la luz de Factor Energ\u00eda<\/a><\/p>\n","protected":false},"excerpt":{"rendered":"<p>La energ\u00eda reactiva se asocia con los aparatos que necesitan una bobina, motor, transformador\u2026 para funcionar, y se refleja en tu factura de la luz a modo de gasto. Te ense\u00f1amos a compensarla para ahorrar:<\/p>\n","protected":false},"author":17,"featured_media":0,"comment_status":"open","ping_status":"closed","sticky":false,"template":"","format":"standard","meta":{"inline_featured_image":false,"footnotes":""},"categories":[52],"tags":[],"acf":{"fecha_de_la_entrada":"20170810","imagen_portada":4331,"categoria_blog":52,"tipo_de_distribuidora":null,"tiempo_lectura":"","banner_bool":false,"titulo_banner":"","texto_banner":"","texto_boton_banner":"","url_boton_banner":"","post_relacionados":null},"yoast_head":"<!-- This site is optimized with the Yoast SEO plugin v22.2 - https:\/\/yoast.com\/wordpress\/plugins\/seo\/ -->\n<title>Para empresas: la energ\u00eda reactiva de mi factura de la luz | factorenergia<\/title>\n<meta name=\"description\" content=\"La energ\u00eda reactiva se asocia con los aparatos que necesitan una bobina o motor, y se refleja en tu factura de la luz. Te ense\u00f1amos a compensarla y ahorrar:\" \/>\n<meta name=\"robots\" content=\"index, follow, max-snippet:-1, max-image-preview:large, max-video-preview:-1\" \/>\n<link rel=\"canonical\" href=\"https:\/\/www.factorenergia.com\/es\/blog\/factura-luz\/energia-reactiva-empresas\/\" \/>\n<meta name=\"twitter:card\" content=\"summary_large_image\" \/>\n<meta name=\"twitter:title\" content=\"Para empresas: la energ\u00eda reactiva de mi factura de la luz | factorenergia\" \/>\n<meta name=\"twitter:description\" content=\"La energ\u00eda reactiva se asocia con los aparatos que necesitan una bobina o motor, y se refleja en tu factura de la luz. Te ense\u00f1amos a compensarla y ahorrar:\" \/>\n<meta name=\"twitter:creator\" content=\"@factorenergia\" \/>\n<meta name=\"twitter:site\" content=\"@factorenergia\" \/>\n<meta name=\"twitter:label1\" content=\"Escrito por\" \/>\n\t<meta name=\"twitter:data1\" content=\"Equipo Transici\u00f3n Energ\u00e9tica Factorenergia\" \/>\n\t<meta name=\"twitter:label2\" content=\"Tiempo de lectura\" \/>\n\t<meta name=\"twitter:data2\" content=\"3 minutos\" \/>\n<script type=\"application\/ld+json\" class=\"yoast-schema-graph\">{\"@context\":\"https:\/\/schema.org\",\"@graph\":[{\"@type\":\"WebPage\",\"@id\":\"https:\/\/www.factorenergia.com\/es\/blog\/factura-luz\/energia-reactiva-empresas\/\",\"url\":\"https:\/\/www.factorenergia.com\/es\/blog\/factura-luz\/energia-reactiva-empresas\/\",\"name\":\"Para empresas: la energ\u00eda reactiva de mi factura de la luz | factorenergia\",\"isPartOf\":{\"@id\":\"https:\/\/www.factorenergia.com\/es\/#website\"},\"datePublished\":\"2017-08-10T08:00:17+00:00\",\"dateModified\":\"2023-02-14T16:47:01+00:00\",\"author\":{\"@id\":\"https:\/\/www.factorenergia.com\/es\/#\/schema\/person\/dff9e4b6dc520720e3a37bdaaedc5841\"},\"description\":\"La energ\u00eda reactiva se asocia con los aparatos que necesitan una bobina o motor, y se refleja en tu factura de la luz. Te ense\u00f1amos a compensarla y ahorrar:\",\"breadcrumb\":{\"@id\":\"https:\/\/www.factorenergia.com\/es\/blog\/factura-luz\/energia-reactiva-empresas\/#breadcrumb\"},\"inLanguage\":\"es\",\"potentialAction\":[{\"@type\":\"ReadAction\",\"target\":[\"https:\/\/www.factorenergia.com\/es\/blog\/factura-luz\/energia-reactiva-empresas\/\"]}]},{\"@type\":\"BreadcrumbList\",\"@id\":\"https:\/\/www.factorenergia.com\/es\/blog\/factura-luz\/energia-reactiva-empresas\/#breadcrumb\",\"itemListElement\":[{\"@type\":\"ListItem\",\"position\":1,\"name\":\"Portada\",\"item\":\"https:\/\/www.factorenergia.com\/es\/\"},{\"@type\":\"ListItem\",\"position\":2,\"name\":\"Para empresas: la energ\u00eda reactiva de mi factura de la luz\"}]},{\"@type\":\"WebSite\",\"@id\":\"https:\/\/www.factorenergia.com\/es\/#website\",\"url\":\"https:\/\/www.factorenergia.com\/es\/\",\"name\":\"factorenergia\",\"description\":\"Factor Energ\u00eda\",\"potentialAction\":[{\"@type\":\"SearchAction\",\"target\":{\"@type\":\"EntryPoint\",\"urlTemplate\":\"https:\/\/www.factorenergia.com\/es\/?s={search_term_string}\"},\"query-input\":\"required name=search_term_string\"}],\"inLanguage\":\"es\"},{\"@type\":\"Person\",\"@id\":\"https:\/\/www.factorenergia.com\/es\/#\/schema\/person\/dff9e4b6dc520720e3a37bdaaedc5841\",\"name\":\"Equipo Transici\u00f3n Energ\u00e9tica Factorenergia\",\"image\":{\"@type\":\"ImageObject\",\"inLanguage\":\"es\",\"@id\":\"https:\/\/www.factorenergia.com\/es\/#\/schema\/person\/image\/\",\"url\":\"https:\/\/secure.gravatar.com\/avatar\/1b7c76bab80ee1c4261b06108874e24b?s=96&d=mm&r=g\",\"contentUrl\":\"https:\/\/secure.gravatar.com\/avatar\/1b7c76bab80ee1c4261b06108874e24b?s=96&d=mm&r=g\",\"caption\":\"Equipo Transici\u00f3n Energ\u00e9tica Factorenergia\"},\"description\":\"El equipo est\u00e1 formado por expertos en materia de Luz, Gas y Eficiencia Energ\u00e9tica, que conocen de primera mano las tendencias del mercado. Su experiencia en el sector les permite ofrecer las mejores soluciones energ\u00e9ticas y resolver las dudas planteadas por los clientes.\",\"sameAs\":[\"https:\/\/www.factorenergia.com\/es\/\",\"https:\/\/www.facebook.com\/factorenergiacom\",\"https:\/\/www.instagram.com\/factorenergia_com\/\",\"https:\/\/es.linkedin.com\/company\/factor-energia\",\"https:\/\/twitter.com\/factorenergia\",\"https:\/\/www.youtube.com\/c\/factorenergiacom\"],\"url\":\"https:\/\/www.factorenergia.com\/es\/blog\/author\/marketing\/\"}]}<\/script>\n<!-- \/ Yoast SEO plugin. -->","yoast_head_json":{"title":"Para empresas: la energ\u00eda reactiva de mi factura de la luz | factorenergia","description":"La energ\u00eda reactiva se asocia con los aparatos que necesitan una bobina o motor, y se refleja en tu factura de la luz. Te ense\u00f1amos a compensarla y ahorrar:","robots":{"index":"index","follow":"follow","max-snippet":"max-snippet:-1","max-image-preview":"max-image-preview:large","max-video-preview":"max-video-preview:-1"},"canonical":"https:\/\/www.factorenergia.com\/es\/blog\/factura-luz\/energia-reactiva-empresas\/","twitter_card":"summary_large_image","twitter_title":"Para empresas: la energ\u00eda reactiva de mi factura de la luz | factorenergia","twitter_description":"La energ\u00eda reactiva se asocia con los aparatos que necesitan una bobina o motor, y se refleja en tu factura de la luz. Te ense\u00f1amos a compensarla y ahorrar:","twitter_creator":"@factorenergia","twitter_site":"@factorenergia","twitter_misc":{"Escrito por":"Equipo Transici\u00f3n Energ\u00e9tica Factorenergia","Tiempo de lectura":"3 minutos"},"schema":{"@context":"https:\/\/schema.org","@graph":[{"@type":"WebPage","@id":"https:\/\/www.factorenergia.com\/es\/blog\/factura-luz\/energia-reactiva-empresas\/","url":"https:\/\/www.factorenergia.com\/es\/blog\/factura-luz\/energia-reactiva-empresas\/","name":"Para empresas: la energ\u00eda reactiva de mi factura de la luz | factorenergia","isPartOf":{"@id":"https:\/\/www.factorenergia.com\/es\/#website"},"datePublished":"2017-08-10T08:00:17+00:00","dateModified":"2023-02-14T16:47:01+00:00","author":{"@id":"https:\/\/www.factorenergia.com\/es\/#\/schema\/person\/dff9e4b6dc520720e3a37bdaaedc5841"},"description":"La energ\u00eda reactiva se asocia con los aparatos que necesitan una bobina o motor, y se refleja en tu factura de la luz. Te ense\u00f1amos a compensarla y ahorrar:","breadcrumb":{"@id":"https:\/\/www.factorenergia.com\/es\/blog\/factura-luz\/energia-reactiva-empresas\/#breadcrumb"},"inLanguage":"es","potentialAction":[{"@type":"ReadAction","target":["https:\/\/www.factorenergia.com\/es\/blog\/factura-luz\/energia-reactiva-empresas\/"]}]},{"@type":"BreadcrumbList","@id":"https:\/\/www.factorenergia.com\/es\/blog\/factura-luz\/energia-reactiva-empresas\/#breadcrumb","itemListElement":[{"@type":"ListItem","position":1,"name":"Portada","item":"https:\/\/www.factorenergia.com\/es\/"},{"@type":"ListItem","position":2,"name":"Para empresas: la energ\u00eda reactiva de mi factura de la luz"}]},{"@type":"WebSite","@id":"https:\/\/www.factorenergia.com\/es\/#website","url":"https:\/\/www.factorenergia.com\/es\/","name":"factorenergia","description":"Factor Energ\u00eda","potentialAction":[{"@type":"SearchAction","target":{"@type":"EntryPoint","urlTemplate":"https:\/\/www.factorenergia.com\/es\/?s={search_term_string}"},"query-input":"required name=search_term_string"}],"inLanguage":"es"},{"@type":"Person","@id":"https:\/\/www.factorenergia.com\/es\/#\/schema\/person\/dff9e4b6dc520720e3a37bdaaedc5841","name":"Equipo Transici\u00f3n Energ\u00e9tica Factorenergia","image":{"@type":"ImageObject","inLanguage":"es","@id":"https:\/\/www.factorenergia.com\/es\/#\/schema\/person\/image\/","url":"https:\/\/secure.gravatar.com\/avatar\/1b7c76bab80ee1c4261b06108874e24b?s=96&d=mm&r=g","contentUrl":"https:\/\/secure.gravatar.com\/avatar\/1b7c76bab80ee1c4261b06108874e24b?s=96&d=mm&r=g","caption":"Equipo Transici\u00f3n Energ\u00e9tica Factorenergia"},"description":"El equipo est\u00e1 formado por expertos en materia de Luz, Gas y Eficiencia Energ\u00e9tica, que conocen de primera mano las tendencias del mercado. Su experiencia en el sector les permite ofrecer las mejores soluciones energ\u00e9ticas y resolver las dudas planteadas por los clientes.","sameAs":["https:\/\/www.factorenergia.com\/es\/","https:\/\/www.facebook.com\/factorenergiacom","https:\/\/www.instagram.com\/factorenergia_com\/","https:\/\/es.linkedin.com\/company\/factor-energia","https:\/\/twitter.com\/factorenergia","https:\/\/www.youtube.com\/c\/factorenergiacom"],"url":"https:\/\/www.factorenergia.com\/es\/blog\/author\/marketing\/"}]}},"_links":{"self":[{"href":"https:\/\/www.factorenergia.com\/es\/wp-json\/wp\/v2\/posts\/4330"}],"collection":[{"href":"https:\/\/www.factorenergia.com\/es\/wp-json\/wp\/v2\/posts"}],"about":[{"href":"https:\/\/www.factorenergia.com\/es\/wp-json\/wp\/v2\/types\/post"}],"author":[{"embeddable":true,"href":"https:\/\/www.factorenergia.com\/es\/wp-json\/wp\/v2\/users\/17"}],"replies":[{"embeddable":true,"href":"https:\/\/www.factorenergia.com\/es\/wp-json\/wp\/v2\/comments?post=4330"}],"version-history":[{"count":2,"href":"https:\/\/www.factorenergia.com\/es\/wp-json\/wp\/v2\/posts\/4330\/revisions"}],"predecessor-version":[{"id":18769,"href":"https:\/\/www.factorenergia.com\/es\/wp-json\/wp\/v2\/posts\/4330\/revisions\/18769"}],"acf:term":[{"embeddable":true,"taxonomy":"category","href":"https:\/\/www.factorenergia.com\/es\/wp-json\/wp\/v2\/categories\/52"}],"wp:attachment":[{"href":"https:\/\/www.factorenergia.com\/es\/wp-json\/wp\/v2\/media?parent=4330"}],"wp:term":[{"taxonomy":"category","embeddable":true,"href":"https:\/\/www.factorenergia.com\/es\/wp-json\/wp\/v2\/categories?post=4330"},{"taxonomy":"post_tag","embeddable":true,"href":"https:\/\/www.factorenergia.com\/es\/wp-json\/wp\/v2\/tags?post=4330"}],"curies":[{"name":"wp","href":"https:\/\/api.w.org\/{rel}","templated":true}]}}