{"id":4061,"date":"2017-07-10T09:24:36","date_gmt":"2017-07-10T07:24:36","guid":{"rendered":"https:\/\/www.factorenergia.com\/es\/?post_type=blog&#038;p=4061"},"modified":"2023-02-14T18:47:05","modified_gmt":"2023-02-14T16:47:05","slug":"comparativa-coche-electrico-y-gasolina","status":"publish","type":"post","link":"https:\/\/www.factorenergia.com\/es\/blog\/movilidad-electrica\/comparativa-coche-electrico-y-gasolina\/","title":{"rendered":"Comparativa de gastos entre coche el\u00e9ctrico y coche de gasolina"},"content":{"rendered":"<p><span style=\"color: #000000;\">El coche el\u00e9ctrico est\u00e1 poni\u00e9ndose de moda y tenemos claro que es el futuro de la movilidad, pero, \u00bfmerece la pena? Hemos hecho un c\u00e1lculo b\u00e1sico sobre lo que cuesta cada uno y nosotros creemos que s\u00ed. Juzga por ti mismo:<\/span><\/p>\n<h2><span style=\"color: #000000;\">\u00bfCu\u00e1nto dinero cuesta recorrer 1 km?<\/span><\/h2>\n<p><span style=\"color: #000000;\"><strong>La gasolina<\/strong> a d\u00eda de hoy est\u00e1 a una media de 1,21\u20ac el litro y a 1,08\u20ac\/l el di\u00e9sel. Partiendo de esa base y de que en ciudad un coche consume aproximadamente 8 litros cada 100 kil\u00f3metros, podemos estipular que m\u00e1s o menos nos cuesta <strong>0,10 \u20ac cada kil\u00f3metro<\/strong> que recorremos.<\/span><\/p>\n<p><span style=\"color: #000000;\">En cuanto al <strong>coche el\u00e9ctrico<\/strong>: pongamos que nos cuesta unas 9 horas recargar el coche completamente a un precio medio (horas valle) de 0,08225 \u20ac\/kWh. Siendo as\u00ed, cargar la bater\u00eda al completo nos cuesta una media de 2,23 \u20ac, y <strong>cada kil\u00f3metro a 0,013 \u20ac<\/strong>.<\/span><\/p>\n<p><span style=\"color: #000000;\">Ah\u00ed ya hay una diferencia sustancial de 0,087 \u20ac menos por kil\u00f3metro a favor del coche el\u00e9ctrico, pero sigamos.<\/span><\/p>\n<p><span><div class=\"text-center center blog-cta\"><p>&iexcl;Instala un punto de recarga para tu coche el&eacute;ctrico con factorenergia!<\/p><a class=\"blog-cta primary-btn text-center solicitar-estudio\" target=\"_blank\" title=\"SOLICITA TU ESTUDIO GRATUITO\" href=\"https:\/\/www.factorenergia.com\/es\/hogares\/puntos-recarga-electricos\/\">SOLICITA TU ESTUDIO GRATUITO<\/a><p><\/p><div style=\"display:none;\"><p>&iexcl;Instala un punto de recarga para tu coche el&eacute;ctrico con factorenergia!<\/p><\/div>\n\t\t\t<script type='text\/javascript'>\n\t\t\t\tjQuery('.solicitar-estudio').click(function(){\t\t\t\t\t\t\t\t\t\n\t\t\t\t\tdataLayer.push({'language': 'es'});\n\t\t\t\t\tdataLayer.push({'post_id': '4061'});\n\t\t\t\t\tdataLayer.push({'cat_type': 'ce'});\n\t\t\t\t});\n\t\t\t<\/script>\n\t\t<\/div><br\/><\/span><\/p>\n<h2><span style=\"color: #000000;\">\u00bfVale la pena el coche el\u00e9ctrico?<\/span><\/h2>\n<p><span style=\"color: #000000;\">Vamos a ver un recorrido habitual: de casa al trabajo y del trabajo a casa.<\/span><\/p>\n<p><span style=\"color: #000000;\">El trabajador medio recorre una distancia de entre 10 y 80 km al d\u00eda para este tipo de desplazamientos. Teniendo esto en cuenta:<\/span><\/p>\n<p><picture><source srcset=\"https:\/\/www.factorenergia.com\/wp-content\/webp-express\/webp-images\/uploads\/2017\/07\/vertical-695x1024.jpg.webp 695w, https:\/\/www.factorenergia.com\/wp-content\/webp-express\/webp-images\/uploads\/2017\/07\/vertical-204x300.jpg.webp 204w, https:\/\/www.factorenergia.com\/wp-content\/webp-express\/webp-images\/uploads\/2017\/07\/vertical-768x1132.jpg.webp 768w, https:\/\/www.factorenergia.com\/wp-content\/webp-express\/webp-images\/uploads\/2017\/07\/vertical-120x177.jpg.webp 120w, https:\/\/www.factorenergia.com\/wp-content\/webp-express\/webp-images\/uploads\/2017\/07\/vertical-61x90.jpg.webp 61w, https:\/\/www.factorenergia.com\/wp-content\/webp-express\/webp-images\/uploads\/2017\/07\/vertical-115x170.jpg.webp 115w, https:\/\/www.factorenergia.com\/wp-content\/webp-express\/webp-images\/uploads\/2017\/07\/vertical-244x360.jpg.webp 244w\" sizes=\"(max-width: 695px) 100vw, 695px\" type=\"image\/webp\"><img loading=\"lazy\" decoding=\"async\" src=\"https:\/\/www.factorenergia.com\/wp-content\/uploads\/2017\/07\/vertical-695x1024.jpg\" alt=\"coche el\u00e9ctrico\" class=\"aligncenter wp-image-4072 size-large webpexpress-processed\" title=\"coche el\u00e9ctrico\" width=\"695\" height=\"1024\" srcset=\"https:\/\/www.factorenergia.com\/wp-content\/uploads\/2017\/07\/vertical-695x1024.jpg 695w, https:\/\/www.factorenergia.com\/wp-content\/uploads\/2017\/07\/vertical-204x300.jpg 204w, https:\/\/www.factorenergia.com\/wp-content\/uploads\/2017\/07\/vertical-768x1132.jpg 768w, https:\/\/www.factorenergia.com\/wp-content\/uploads\/2017\/07\/vertical-120x177.jpg 120w, https:\/\/www.factorenergia.com\/wp-content\/uploads\/2017\/07\/vertical-61x90.jpg 61w, https:\/\/www.factorenergia.com\/wp-content\/uploads\/2017\/07\/vertical-115x170.jpg 115w, https:\/\/www.factorenergia.com\/wp-content\/uploads\/2017\/07\/vertical-244x360.jpg 244w\" sizes=\"(max-width: 695px) 100vw, 695px\"><\/picture><\/p>\n<p><span style=\"color: #000000;\">Podemos ver una aproximaci\u00f3n de lo que nos cuesta un recorrido habitual seg\u00fan la distancia a la que nos encontremos de nuestro puesto de trabajo (ida y vuelta). Siendo as\u00ed, y tomando de referencia un recorrido regular de 20 km al d\u00eda, podemos ahorrarnos una media de 1,74 \u20ac al d\u00eda, que se traducen en casi 35 \u20ac al mes y m\u00e1s de 400 \u20ac al a\u00f1o.<\/span><\/p>\n<h3><span style=\"color: #000000;\"><strong>\u00bfCu\u00e1ndo repostar?<\/strong><\/span><\/h3>\n<p><span style=\"color: #000000;\">Si tus trayectos diarios son cortos, recargar\u00e1s tu bater\u00eda un par de veces por semana, y tanto si son cortos como si son largos, es m\u00e1s que probable que aparques tu coche ante un <strong>punto de recarga p\u00fablico<\/strong> en tu ciudad; ahorr\u00e1ndote alguna que otra recarga en tu casa y, por lo tanto, tambi\u00e9n dinero. Si quieres m\u00e1s informaci\u00f3n sobre los puntos de recarga de coche el\u00e9ctrico y c\u00f3mo funcionan puedes visitar <a href=\"https:\/\/www.factorenergia.com\/es\/blog\/movilidad-electrica\/instalacion-puntos-recarga-coches-electricos\/\">este art\u00edculo<\/a>, donde recogemos todo lo que tienes que saber.<\/span><\/p>\n<h3><span style=\"color: #000000;\"><strong>M\u00e1s ahorro con el coche el\u00e9ctrico<\/strong><\/span><\/h3>\n<p><span style=\"color: #000000;\">Tengamos en cuenta que al precio de carga del coche el\u00e9ctrico ya le hemos incluido los impuestos el\u00e9ctricos y el IVA, pero \u00bfqu\u00e9 hay del coche convencional a combustible? Hay que sumar a ese precio, si se da el caso, peajes, aparcamiento (de pago regulado, parking\u2026) y, a la larga, alguna reparaci\u00f3n.<\/span><\/p>\n<p><span style=\"color: #000000;\">\u00bfY con el coche el\u00e9ctrico? Nada de eso. Claro que tiene reparaciones, pero al no tener un motor de combustible, se eliminan algunas de las variables que llevan a que este se estropee m\u00e1s f\u00e1cilmente y, adem\u00e1s, el tipo de reparaci\u00f3n que conlleva un veh\u00edculo el\u00e9ctrico es mucho m\u00e1s liviana y a largo plazo de las que supone un coche de gasolina.<\/span><\/p>\n<p><span style=\"color: #000000;\">En cuanto a peajes y aparcamiento, son diversas las ayudas que se ofrecen a aquellas personas que dan el paso a favor de la movilidad el\u00e9ctrica, de modo que <strong>hay much\u00edsimos descuentos y exenciones de pago <\/strong>alrededor de las autopistas de peaje y los estacionamientos de pago regulado para los usuarios de un veh\u00edculo el\u00e9ctrico.<\/span><\/p>\n<p>&nbsp;<\/p>\n<p><span style=\"color: #000000;\">Si todav\u00eda no est\u00e1s convencido o, por lo contrario, tienes clar\u00edsimo que lo tuyo es la movilidad el\u00e9ctrica, s\u00famate e inf\u00f3rmate de nuestro servicio de <a href=\"https:\/\/www.factorenergia.com\/es\/instalar-punto-recarga\/\" target=\"_blank\" rel=\"noopener noreferrer\">gesti\u00f3n para el coche el\u00e9ctrico<\/a>. Todo lo que necesites, desde el asesoramiento hasta la instalaci\u00f3n de tu propio punto de recarga.<\/span><\/p>\n<p>&nbsp;<\/p>\n","protected":false},"excerpt":{"rendered":"<p>Hemos comparado los gastos mensuales de un coche el\u00e9ctrico y los de un coche a combustible. \u00bfQuieres saber cu\u00e1nto te ahorrar\u00edas?<\/p>\n","protected":false},"author":17,"featured_media":0,"comment_status":"open","ping_status":"closed","sticky":false,"template":"","format":"standard","meta":{"inline_featured_image":false,"footnotes":""},"categories":[62],"tags":[],"acf":{"fecha_de_la_entrada":"20170710","imagen_portada":4064,"categoria_blog":62,"tipo_de_distribuidora":null,"tiempo_lectura":"","banner_bool":false,"titulo_banner":"","texto_banner":"","texto_boton_banner":"","url_boton_banner":"","post_relacionados":null},"yoast_head":"<!-- This site is optimized with the Yoast SEO plugin v22.2 - https:\/\/yoast.com\/wordpress\/plugins\/seo\/ -->\n<title>\u00bfCu\u00e1nto te ahorrar\u00edas con un coche el\u00e9ctrico? Lo calculamos<\/title>\n<meta name=\"description\" content=\"Hemos comparado los gastos mensuales de un coche el\u00e9ctrico y los de un coche a combustible. \u00bfQuieres saber cu\u00e1nto te ahorrar\u00edas?\" \/>\n<meta name=\"robots\" content=\"index, follow, max-snippet:-1, max-image-preview:large, max-video-preview:-1\" \/>\n<link rel=\"canonical\" href=\"https:\/\/www.factorenergia.com\/es\/blog\/movilidad-electrica\/comparativa-coche-electrico-y-gasolina\/\" \/>\n<meta name=\"twitter:card\" content=\"summary_large_image\" \/>\n<meta name=\"twitter:title\" content=\"\u00bfCu\u00e1nto te ahorrar\u00edas con un coche el\u00e9ctrico? Lo calculamos\" \/>\n<meta name=\"twitter:description\" content=\"Hemos comparado los gastos mensuales de un coche el\u00e9ctrico y los de un coche a combustible. \u00bfQuieres saber cu\u00e1nto te ahorrar\u00edas?\" \/>\n<meta name=\"twitter:image\" content=\"https:\/\/www.factorenergia.com\/wp-content\/uploads\/2017\/07\/vertical-695x1024.jpg\" \/>\n<meta name=\"twitter:creator\" content=\"@factorenergia\" \/>\n<meta name=\"twitter:site\" content=\"@factorenergia\" \/>\n<meta name=\"twitter:label1\" content=\"Escrito por\" \/>\n\t<meta name=\"twitter:data1\" content=\"Equipo Transici\u00f3n Energ\u00e9tica Factorenergia\" \/>\n\t<meta name=\"twitter:label2\" content=\"Tiempo de lectura\" \/>\n\t<meta name=\"twitter:data2\" content=\"3 minutos\" \/>\n<script type=\"application\/ld+json\" class=\"yoast-schema-graph\">{\"@context\":\"https:\/\/schema.org\",\"@graph\":[{\"@type\":\"WebPage\",\"@id\":\"https:\/\/www.factorenergia.com\/es\/blog\/movilidad-electrica\/comparativa-coche-electrico-y-gasolina\/\",\"url\":\"https:\/\/www.factorenergia.com\/es\/blog\/movilidad-electrica\/comparativa-coche-electrico-y-gasolina\/\",\"name\":\"\u00bfCu\u00e1nto te ahorrar\u00edas con un coche el\u00e9ctrico? Lo calculamos\",\"isPartOf\":{\"@id\":\"https:\/\/www.factorenergia.com\/es\/#website\"},\"primaryImageOfPage\":{\"@id\":\"https:\/\/www.factorenergia.com\/es\/blog\/movilidad-electrica\/comparativa-coche-electrico-y-gasolina\/#primaryimage\"},\"image\":{\"@id\":\"https:\/\/www.factorenergia.com\/es\/blog\/movilidad-electrica\/comparativa-coche-electrico-y-gasolina\/#primaryimage\"},\"thumbnailUrl\":\"https:\/\/www.factorenergia.com\/wp-content\/uploads\/2017\/07\/vertical-695x1024.jpg\",\"datePublished\":\"2017-07-10T07:24:36+00:00\",\"dateModified\":\"2023-02-14T16:47:05+00:00\",\"author\":{\"@id\":\"https:\/\/www.factorenergia.com\/es\/#\/schema\/person\/dff9e4b6dc520720e3a37bdaaedc5841\"},\"description\":\"Hemos comparado los gastos mensuales de un coche el\u00e9ctrico y los de un coche a combustible. \u00bfQuieres saber cu\u00e1nto te ahorrar\u00edas?\",\"breadcrumb\":{\"@id\":\"https:\/\/www.factorenergia.com\/es\/blog\/movilidad-electrica\/comparativa-coche-electrico-y-gasolina\/#breadcrumb\"},\"inLanguage\":\"es\",\"potentialAction\":[{\"@type\":\"ReadAction\",\"target\":[\"https:\/\/www.factorenergia.com\/es\/blog\/movilidad-electrica\/comparativa-coche-electrico-y-gasolina\/\"]}]},{\"@type\":\"ImageObject\",\"inLanguage\":\"es\",\"@id\":\"https:\/\/www.factorenergia.com\/es\/blog\/movilidad-electrica\/comparativa-coche-electrico-y-gasolina\/#primaryimage\",\"url\":\"https:\/\/www.factorenergia.com\/wp-content\/uploads\/2017\/07\/vertical-695x1024.jpg\",\"contentUrl\":\"https:\/\/www.factorenergia.com\/wp-content\/uploads\/2017\/07\/vertical-695x1024.jpg\"},{\"@type\":\"BreadcrumbList\",\"@id\":\"https:\/\/www.factorenergia.com\/es\/blog\/movilidad-electrica\/comparativa-coche-electrico-y-gasolina\/#breadcrumb\",\"itemListElement\":[{\"@type\":\"ListItem\",\"position\":1,\"name\":\"Portada\",\"item\":\"https:\/\/www.factorenergia.com\/es\/\"},{\"@type\":\"ListItem\",\"position\":2,\"name\":\"Comparativa de gastos entre coche el\u00e9ctrico y coche de gasolina\"}]},{\"@type\":\"WebSite\",\"@id\":\"https:\/\/www.factorenergia.com\/es\/#website\",\"url\":\"https:\/\/www.factorenergia.com\/es\/\",\"name\":\"factorenergia\",\"description\":\"Factor Energ\u00eda\",\"potentialAction\":[{\"@type\":\"SearchAction\",\"target\":{\"@type\":\"EntryPoint\",\"urlTemplate\":\"https:\/\/www.factorenergia.com\/es\/?s={search_term_string}\"},\"query-input\":\"required name=search_term_string\"}],\"inLanguage\":\"es\"},{\"@type\":\"Person\",\"@id\":\"https:\/\/www.factorenergia.com\/es\/#\/schema\/person\/dff9e4b6dc520720e3a37bdaaedc5841\",\"name\":\"Equipo Transici\u00f3n Energ\u00e9tica Factorenergia\",\"image\":{\"@type\":\"ImageObject\",\"inLanguage\":\"es\",\"@id\":\"https:\/\/www.factorenergia.com\/es\/#\/schema\/person\/image\/\",\"url\":\"https:\/\/secure.gravatar.com\/avatar\/1b7c76bab80ee1c4261b06108874e24b?s=96&d=mm&r=g\",\"contentUrl\":\"https:\/\/secure.gravatar.com\/avatar\/1b7c76bab80ee1c4261b06108874e24b?s=96&d=mm&r=g\",\"caption\":\"Equipo Transici\u00f3n Energ\u00e9tica Factorenergia\"},\"description\":\"El equipo est\u00e1 formado por expertos en materia de Luz, Gas y Eficiencia Energ\u00e9tica, que conocen de primera mano las tendencias del mercado. Su experiencia en el sector les permite ofrecer las mejores soluciones energ\u00e9ticas y resolver las dudas planteadas por los clientes.\",\"sameAs\":[\"https:\/\/www.factorenergia.com\/es\/\",\"https:\/\/www.facebook.com\/factorenergiacom\",\"https:\/\/www.instagram.com\/factorenergia_com\/\",\"https:\/\/es.linkedin.com\/company\/factor-energia\",\"https:\/\/twitter.com\/factorenergia\",\"https:\/\/www.youtube.com\/c\/factorenergiacom\"],\"url\":\"https:\/\/www.factorenergia.com\/es\/blog\/author\/marketing\/\"}]}<\/script>\n<!-- \/ Yoast SEO plugin. -->","yoast_head_json":{"title":"\u00bfCu\u00e1nto te ahorrar\u00edas con un coche el\u00e9ctrico? Lo calculamos","description":"Hemos comparado los gastos mensuales de un coche el\u00e9ctrico y los de un coche a combustible. \u00bfQuieres saber cu\u00e1nto te ahorrar\u00edas?","robots":{"index":"index","follow":"follow","max-snippet":"max-snippet:-1","max-image-preview":"max-image-preview:large","max-video-preview":"max-video-preview:-1"},"canonical":"https:\/\/www.factorenergia.com\/es\/blog\/movilidad-electrica\/comparativa-coche-electrico-y-gasolina\/","twitter_card":"summary_large_image","twitter_title":"\u00bfCu\u00e1nto te ahorrar\u00edas con un coche el\u00e9ctrico? Lo calculamos","twitter_description":"Hemos comparado los gastos mensuales de un coche el\u00e9ctrico y los de un coche a combustible. \u00bfQuieres saber cu\u00e1nto te ahorrar\u00edas?","twitter_image":"https:\/\/www.factorenergia.com\/wp-content\/uploads\/2017\/07\/vertical-695x1024.jpg","twitter_creator":"@factorenergia","twitter_site":"@factorenergia","twitter_misc":{"Escrito por":"Equipo Transici\u00f3n Energ\u00e9tica Factorenergia","Tiempo de lectura":"3 minutos"},"schema":{"@context":"https:\/\/schema.org","@graph":[{"@type":"WebPage","@id":"https:\/\/www.factorenergia.com\/es\/blog\/movilidad-electrica\/comparativa-coche-electrico-y-gasolina\/","url":"https:\/\/www.factorenergia.com\/es\/blog\/movilidad-electrica\/comparativa-coche-electrico-y-gasolina\/","name":"\u00bfCu\u00e1nto te ahorrar\u00edas con un coche el\u00e9ctrico? Lo calculamos","isPartOf":{"@id":"https:\/\/www.factorenergia.com\/es\/#website"},"primaryImageOfPage":{"@id":"https:\/\/www.factorenergia.com\/es\/blog\/movilidad-electrica\/comparativa-coche-electrico-y-gasolina\/#primaryimage"},"image":{"@id":"https:\/\/www.factorenergia.com\/es\/blog\/movilidad-electrica\/comparativa-coche-electrico-y-gasolina\/#primaryimage"},"thumbnailUrl":"https:\/\/www.factorenergia.com\/wp-content\/uploads\/2017\/07\/vertical-695x1024.jpg","datePublished":"2017-07-10T07:24:36+00:00","dateModified":"2023-02-14T16:47:05+00:00","author":{"@id":"https:\/\/www.factorenergia.com\/es\/#\/schema\/person\/dff9e4b6dc520720e3a37bdaaedc5841"},"description":"Hemos comparado los gastos mensuales de un coche el\u00e9ctrico y los de un coche a combustible. \u00bfQuieres saber cu\u00e1nto te ahorrar\u00edas?","breadcrumb":{"@id":"https:\/\/www.factorenergia.com\/es\/blog\/movilidad-electrica\/comparativa-coche-electrico-y-gasolina\/#breadcrumb"},"inLanguage":"es","potentialAction":[{"@type":"ReadAction","target":["https:\/\/www.factorenergia.com\/es\/blog\/movilidad-electrica\/comparativa-coche-electrico-y-gasolina\/"]}]},{"@type":"ImageObject","inLanguage":"es","@id":"https:\/\/www.factorenergia.com\/es\/blog\/movilidad-electrica\/comparativa-coche-electrico-y-gasolina\/#primaryimage","url":"https:\/\/www.factorenergia.com\/wp-content\/uploads\/2017\/07\/vertical-695x1024.jpg","contentUrl":"https:\/\/www.factorenergia.com\/wp-content\/uploads\/2017\/07\/vertical-695x1024.jpg"},{"@type":"BreadcrumbList","@id":"https:\/\/www.factorenergia.com\/es\/blog\/movilidad-electrica\/comparativa-coche-electrico-y-gasolina\/#breadcrumb","itemListElement":[{"@type":"ListItem","position":1,"name":"Portada","item":"https:\/\/www.factorenergia.com\/es\/"},{"@type":"ListItem","position":2,"name":"Comparativa de gastos entre coche el\u00e9ctrico y coche de gasolina"}]},{"@type":"WebSite","@id":"https:\/\/www.factorenergia.com\/es\/#website","url":"https:\/\/www.factorenergia.com\/es\/","name":"factorenergia","description":"Factor Energ\u00eda","potentialAction":[{"@type":"SearchAction","target":{"@type":"EntryPoint","urlTemplate":"https:\/\/www.factorenergia.com\/es\/?s={search_term_string}"},"query-input":"required name=search_term_string"}],"inLanguage":"es"},{"@type":"Person","@id":"https:\/\/www.factorenergia.com\/es\/#\/schema\/person\/dff9e4b6dc520720e3a37bdaaedc5841","name":"Equipo Transici\u00f3n Energ\u00e9tica Factorenergia","image":{"@type":"ImageObject","inLanguage":"es","@id":"https:\/\/www.factorenergia.com\/es\/#\/schema\/person\/image\/","url":"https:\/\/secure.gravatar.com\/avatar\/1b7c76bab80ee1c4261b06108874e24b?s=96&d=mm&r=g","contentUrl":"https:\/\/secure.gravatar.com\/avatar\/1b7c76bab80ee1c4261b06108874e24b?s=96&d=mm&r=g","caption":"Equipo Transici\u00f3n Energ\u00e9tica Factorenergia"},"description":"El equipo est\u00e1 formado por expertos en materia de Luz, Gas y Eficiencia Energ\u00e9tica, que conocen de primera mano las tendencias del mercado. Su experiencia en el sector les permite ofrecer las mejores soluciones energ\u00e9ticas y resolver las dudas planteadas por los clientes.","sameAs":["https:\/\/www.factorenergia.com\/es\/","https:\/\/www.facebook.com\/factorenergiacom","https:\/\/www.instagram.com\/factorenergia_com\/","https:\/\/es.linkedin.com\/company\/factor-energia","https:\/\/twitter.com\/factorenergia","https:\/\/www.youtube.com\/c\/factorenergiacom"],"url":"https:\/\/www.factorenergia.com\/es\/blog\/author\/marketing\/"}]}},"_links":{"self":[{"href":"https:\/\/www.factorenergia.com\/es\/wp-json\/wp\/v2\/posts\/4061"}],"collection":[{"href":"https:\/\/www.factorenergia.com\/es\/wp-json\/wp\/v2\/posts"}],"about":[{"href":"https:\/\/www.factorenergia.com\/es\/wp-json\/wp\/v2\/types\/post"}],"author":[{"embeddable":true,"href":"https:\/\/www.factorenergia.com\/es\/wp-json\/wp\/v2\/users\/17"}],"replies":[{"embeddable":true,"href":"https:\/\/www.factorenergia.com\/es\/wp-json\/wp\/v2\/comments?post=4061"}],"version-history":[{"count":2,"href":"https:\/\/www.factorenergia.com\/es\/wp-json\/wp\/v2\/posts\/4061\/revisions"}],"predecessor-version":[{"id":18778,"href":"https:\/\/www.factorenergia.com\/es\/wp-json\/wp\/v2\/posts\/4061\/revisions\/18778"}],"acf:term":[{"embeddable":true,"taxonomy":"category","href":"https:\/\/www.factorenergia.com\/es\/wp-json\/wp\/v2\/categories\/62"}],"wp:attachment":[{"href":"https:\/\/www.factorenergia.com\/es\/wp-json\/wp\/v2\/media?parent=4061"}],"wp:term":[{"taxonomy":"category","embeddable":true,"href":"https:\/\/www.factorenergia.com\/es\/wp-json\/wp\/v2\/categories?post=4061"},{"taxonomy":"post_tag","embeddable":true,"href":"https:\/\/www.factorenergia.com\/es\/wp-json\/wp\/v2\/tags?post=4061"}],"curies":[{"name":"wp","href":"https:\/\/api.w.org\/{rel}","templated":true}]}}