{"id":3878,"date":"2017-06-22T17:41:28","date_gmt":"2017-06-22T15:41:28","guid":{"rendered":"https:\/\/www.factorenergia.com\/es\/?post_type=blog&#038;p=3878"},"modified":"2023-07-17T10:13:43","modified_gmt":"2023-07-17T08:13:43","slug":"luces-led-ikea","status":"publish","type":"post","link":"https:\/\/www.factorenergia.com\/es\/blog\/noticias\/luces-led-ikea\/","title":{"rendered":"IKEA apuesta por los LED"},"content":{"rendered":"<p><span style=\"color: #000000;\">La empresa multinacional sueca dedicada a la fabricaci\u00f3n y venta de muebles y dem\u00e1s \u00fatiles del hogar ha dado otro salto en direcci\u00f3n a la sostenibilidad y la lucha contra el cambio clim\u00e1tico sustituyendo toda su iluminaria por bombillas LED.<\/span><\/p>\n<p><span style=\"color: #000000;\">Si bien la l\u00edder del sector ya cuenta con una gran cantidad de productos y soluciones orientadas a reducir el consumo del usuario, el reciclaje y la sostenibilidad, ahora han decidido cambiar todas sus luces por LEDs, que adem\u00e1s de ser m\u00e1s respetuosas con el medio ambiente que otro tipo de iluminaci\u00f3n, tienen diversas ventajas.<\/span><\/p>\n<h2><span style=\"color: #000000;\">Qu\u00e9 son las luces LED<\/span><\/h2>\n<p><span style=\"color: #000000;\">Del ingl\u00e9s \u201c<em>light-emitting diode<\/em>\u201d. Es un tipo de luz de bajo consumo anteriormente utilizada en se\u00f1ales de tr\u00e1fico y ampliada a hogares durante los \u00faltimos a\u00f1os. Adem\u00e1s, los LED son tan peque\u00f1os que abren un ampl\u00edsimo abanico de posibilidades en cuanto al dise\u00f1o y la adaptaci\u00f3n.<\/span><\/p>\n<h3><span style=\"color: #000000;\"><strong>Ventajas de los LED<\/strong><\/span><\/h3>\n<p><span style=\"color: #000000;\">Ya hemos hablado de la eficiencia de esta iluminaria, y es que rinden excelentemente y consumen mucho menos que otras luces. Adem\u00e1s, no tardan en encenderse ni dan calor (ni queman), tienen una esperanza de vida m\u00e1s larga, son m\u00e1s resistentes a temperaturas extremas y son de intensidad regulable. Motivos m\u00e1s que suficientes para que IKEA haya apostado por esta tecnolog\u00eda que, si bien se relaciona por ser m\u00e1s cara, producida en serie por ellos mismos les hace abaratar sus costes.<\/span><\/p>\n\r\n<script type=\"text\/javascript\" async defer>\r\n\r\n    jQuery(document).ready(function(){\t\t\r\n\t\t\r\n\t});\r\n<\/script>\r\n\r\n<style>\r\n\t.block-interested_posts{\r\n        margin-top: 10px;\r\n        padding: 20px;\r\n        border: 2px solid #92C200;\r\n    }\r\n    .block-interested_posts ul{\r\n        margin-bottom:0px;\r\n    }\r\n    .block-interested_posts ul li{\r\n        margin-bottom:5px;\r\n    }\r\n    .block-interested_posts ul li a{\r\n        \/*color: #DF981E;*\/\r\n    }\r\n\r\n<\/style>\r\n\r\n<div class=\"block-interested_posts\">\r\n    <p><strong>Post que te pueden interesar<\/strong><\/p>\r\n    <ul>\r\n                    <li><a href=\"https:\/\/www.factorenergia.com\/es\/blog\/ahorrar-electricidad\/consejos-para-ahorrar-energia-en-casa\/\" title=\"55 Consejos para ahorrar energia en casa\">55 Consejos para ahorrar energia en casa<\/a><\/li>\r\n            <\/ul>\t\r\n<\/div>\n<h2><span style=\"color: #000000;\">IKEA y la eficiencia energ\u00e9tica<\/span><\/h2>\n<p><span style=\"color: #000000;\">Los electrodom\u00e9sticos de la multinacional son eficientes energ\u00e9ticamente hablando. Ofrecen soluciones de ahorro, como reguladores de intensidad a distancia, y a\u00f1aden una ficha t\u00e9cnica a cada uno de sus productos detallando, por ejemplo, cu\u00e1nto consume en standby.<\/span><\/p>\n<p><picture><source srcset=\"https:\/\/www.factorenergia.com\/wp-content\/webp-express\/webp-images\/uploads\/2017\/06\/IKEA-ES.jpg.webp 558w, https:\/\/www.factorenergia.com\/wp-content\/webp-express\/webp-images\/uploads\/2017\/06\/IKEA-ES-300x134.jpg.webp 300w, https:\/\/www.factorenergia.com\/wp-content\/webp-express\/webp-images\/uploads\/2017\/06\/IKEA-ES-306x137.jpg.webp 306w, https:\/\/www.factorenergia.com\/wp-content\/webp-express\/webp-images\/uploads\/2017\/06\/IKEA-ES-90x40.jpg.webp 90w, https:\/\/www.factorenergia.com\/wp-content\/webp-express\/webp-images\/uploads\/2017\/06\/IKEA-ES-170x76.jpg.webp 170w, https:\/\/www.factorenergia.com\/wp-content\/webp-express\/webp-images\/uploads\/2017\/06\/IKEA-ES-500x224.jpg.webp 500w\" sizes=\"(max-width: 600px) 100vw, 600px\" type=\"image\/webp\"><img loading=\"lazy\" decoding=\"async\" src=\"https:\/\/www.factorenergia.com\/wp-content\/uploads\/2017\/06\/IKEA-ES.jpg\" alt=\"standby de ikea\" width=\"600\" height=\"269\" class=\"aligncenter wp-image-3881 webpexpress-processed\" title=\"LED\" srcset=\"https:\/\/www.factorenergia.com\/wp-content\/uploads\/2017\/06\/IKEA-ES.jpg 558w, https:\/\/www.factorenergia.com\/wp-content\/uploads\/2017\/06\/IKEA-ES-300x134.jpg 300w, https:\/\/www.factorenergia.com\/wp-content\/uploads\/2017\/06\/IKEA-ES-306x137.jpg 306w, https:\/\/www.factorenergia.com\/wp-content\/uploads\/2017\/06\/IKEA-ES-90x40.jpg 90w, https:\/\/www.factorenergia.com\/wp-content\/uploads\/2017\/06\/IKEA-ES-170x76.jpg 170w, https:\/\/www.factorenergia.com\/wp-content\/uploads\/2017\/06\/IKEA-ES-500x224.jpg 500w\" sizes=\"(max-width: 600px) 100vw, 600px\"><\/picture><\/p>\n<p>&nbsp;<\/p>\n<p><span style=\"color: #000000;\">Que una empresa tan grande haya hecho este cambio no solo empresarial sino ambiental, producto del marketing o no, contribuir\u00e1 positivamente al desarrollo del planeta en t\u00e9rminos de eficiencia, transici\u00f3n energ\u00e9tica y medio ambiente.<\/span><\/p>\n<p><span style=\"color: #000000;\">Por nuestro lado, Factor Energ\u00eda te ofrece energ\u00eda 100% renovable certificada por la CNMC. Si quieres aprovechar nuestras <a href=\"\/es\/hogares\/tarifas\/\" target=\"_blank\" rel=\"noopener\">tarifas el\u00e9ctricas<\/a> y contratar energ\u00eda verde puedes hacerlo online en solo 5 minutos o <strong>llamando gratis al 900 850 000<\/strong>.<\/span><\/p>\n<p>&nbsp;<\/p>\n","protected":false},"excerpt":{"rendered":"<p>IKEA ha dado otro salto en direcci\u00f3n a la sostenibilidad y la lucha contra el cambio clim\u00e1tico sustituyendo toda su iluminaria por bombillas LED.<\/p>\n","protected":false},"author":17,"featured_media":0,"comment_status":"open","ping_status":"closed","sticky":false,"template":"","format":"standard","meta":{"inline_featured_image":false,"footnotes":""},"categories":[60],"tags":[],"acf":{"fecha_de_la_entrada":"20170622","imagen_portada":3883,"categoria_blog":null,"tipo_de_distribuidora":null,"tiempo_lectura":"","banner_bool":false,"titulo_banner":"","texto_banner":"","texto_boton_banner":"","url_boton_banner":"","post_relacionados":""},"yoast_head":"<!-- This site is optimized with the Yoast SEO plugin v22.2 - https:\/\/yoast.com\/wordpress\/plugins\/seo\/ -->\n<title>IKEA sustituye toda su iluminaci\u00f3n por luces LED | Factor Energ\u00eda<\/title>\n<meta name=\"description\" content=\"IKEA ha dado otro salto en direcci\u00f3n a la sostenibilidad y la lucha contra el cambio clim\u00e1tico sustituyendo toda su iluminaria por bombillas LED.\" \/>\n<meta name=\"robots\" content=\"index, follow, max-snippet:-1, max-image-preview:large, max-video-preview:-1\" \/>\n<link rel=\"canonical\" href=\"https:\/\/www.factorenergia.com\/es\/blog\/noticias\/luces-led-ikea\/\" \/>\n<meta name=\"twitter:card\" content=\"summary_large_image\" \/>\n<meta name=\"twitter:title\" content=\"IKEA sustituye toda su iluminaci\u00f3n por luces LED | Factor Energ\u00eda\" \/>\n<meta name=\"twitter:description\" content=\"IKEA ha dado otro salto en direcci\u00f3n a la sostenibilidad y la lucha contra el cambio clim\u00e1tico sustituyendo toda su iluminaria por bombillas LED.\" \/>\n<meta name=\"twitter:image\" content=\"https:\/\/www.factorenergia.com\/wp-content\/uploads\/2017\/06\/IKEA-ES.jpg\" \/>\n<meta name=\"twitter:creator\" content=\"@factorenergia\" \/>\n<meta name=\"twitter:site\" content=\"@factorenergia\" \/>\n<meta name=\"twitter:label1\" content=\"Escrito por\" \/>\n\t<meta name=\"twitter:data1\" content=\"Equipo Transici\u00f3n Energ\u00e9tica Factorenergia\" \/>\n\t<meta name=\"twitter:label2\" content=\"Tiempo de lectura\" \/>\n\t<meta name=\"twitter:data2\" content=\"2 minutos\" \/>\n<script type=\"application\/ld+json\" class=\"yoast-schema-graph\">{\"@context\":\"https:\/\/schema.org\",\"@graph\":[{\"@type\":\"WebPage\",\"@id\":\"https:\/\/www.factorenergia.com\/es\/blog\/noticias\/luces-led-ikea\/\",\"url\":\"https:\/\/www.factorenergia.com\/es\/blog\/noticias\/luces-led-ikea\/\",\"name\":\"IKEA sustituye toda su iluminaci\u00f3n por luces LED | Factor Energ\u00eda\",\"isPartOf\":{\"@id\":\"https:\/\/www.factorenergia.com\/es\/#website\"},\"primaryImageOfPage\":{\"@id\":\"https:\/\/www.factorenergia.com\/es\/blog\/noticias\/luces-led-ikea\/#primaryimage\"},\"image\":{\"@id\":\"https:\/\/www.factorenergia.com\/es\/blog\/noticias\/luces-led-ikea\/#primaryimage\"},\"thumbnailUrl\":\"https:\/\/www.factorenergia.com\/wp-content\/uploads\/2017\/06\/IKEA-ES.jpg\",\"datePublished\":\"2017-06-22T15:41:28+00:00\",\"dateModified\":\"2023-07-17T08:13:43+00:00\",\"author\":{\"@id\":\"https:\/\/www.factorenergia.com\/es\/#\/schema\/person\/dff9e4b6dc520720e3a37bdaaedc5841\"},\"description\":\"IKEA ha dado otro salto en direcci\u00f3n a la sostenibilidad y la lucha contra el cambio clim\u00e1tico sustituyendo toda su iluminaria por bombillas LED.\",\"breadcrumb\":{\"@id\":\"https:\/\/www.factorenergia.com\/es\/blog\/noticias\/luces-led-ikea\/#breadcrumb\"},\"inLanguage\":\"es\",\"potentialAction\":[{\"@type\":\"ReadAction\",\"target\":[\"https:\/\/www.factorenergia.com\/es\/blog\/noticias\/luces-led-ikea\/\"]}]},{\"@type\":\"ImageObject\",\"inLanguage\":\"es\",\"@id\":\"https:\/\/www.factorenergia.com\/es\/blog\/noticias\/luces-led-ikea\/#primaryimage\",\"url\":\"https:\/\/www.factorenergia.com\/wp-content\/uploads\/2017\/06\/IKEA-ES.jpg\",\"contentUrl\":\"https:\/\/www.factorenergia.com\/wp-content\/uploads\/2017\/06\/IKEA-ES.jpg\"},{\"@type\":\"BreadcrumbList\",\"@id\":\"https:\/\/www.factorenergia.com\/es\/blog\/noticias\/luces-led-ikea\/#breadcrumb\",\"itemListElement\":[{\"@type\":\"ListItem\",\"position\":1,\"name\":\"Portada\",\"item\":\"https:\/\/www.factorenergia.com\/es\/\"},{\"@type\":\"ListItem\",\"position\":2,\"name\":\"IKEA apuesta por los LED\"}]},{\"@type\":\"WebSite\",\"@id\":\"https:\/\/www.factorenergia.com\/es\/#website\",\"url\":\"https:\/\/www.factorenergia.com\/es\/\",\"name\":\"factorenergia\",\"description\":\"Factor Energ\u00eda\",\"potentialAction\":[{\"@type\":\"SearchAction\",\"target\":{\"@type\":\"EntryPoint\",\"urlTemplate\":\"https:\/\/www.factorenergia.com\/es\/?s={search_term_string}\"},\"query-input\":\"required name=search_term_string\"}],\"inLanguage\":\"es\"},{\"@type\":\"Person\",\"@id\":\"https:\/\/www.factorenergia.com\/es\/#\/schema\/person\/dff9e4b6dc520720e3a37bdaaedc5841\",\"name\":\"Equipo Transici\u00f3n Energ\u00e9tica Factorenergia\",\"image\":{\"@type\":\"ImageObject\",\"inLanguage\":\"es\",\"@id\":\"https:\/\/www.factorenergia.com\/es\/#\/schema\/person\/image\/\",\"url\":\"https:\/\/secure.gravatar.com\/avatar\/1b7c76bab80ee1c4261b06108874e24b?s=96&d=mm&r=g\",\"contentUrl\":\"https:\/\/secure.gravatar.com\/avatar\/1b7c76bab80ee1c4261b06108874e24b?s=96&d=mm&r=g\",\"caption\":\"Equipo Transici\u00f3n Energ\u00e9tica Factorenergia\"},\"description\":\"El equipo est\u00e1 formado por expertos en materia de Luz, Gas y Eficiencia Energ\u00e9tica, que conocen de primera mano las tendencias del mercado. Su experiencia en el sector les permite ofrecer las mejores soluciones energ\u00e9ticas y resolver las dudas planteadas por los clientes.\",\"sameAs\":[\"https:\/\/www.factorenergia.com\/es\/\",\"https:\/\/www.facebook.com\/factorenergiacom\",\"https:\/\/www.instagram.com\/factorenergia_com\/\",\"https:\/\/es.linkedin.com\/company\/factor-energia\",\"https:\/\/twitter.com\/factorenergia\",\"https:\/\/www.youtube.com\/c\/factorenergiacom\"],\"url\":\"https:\/\/www.factorenergia.com\/es\/blog\/author\/marketing\/\"}]}<\/script>\n<!-- \/ Yoast SEO plugin. -->","yoast_head_json":{"title":"IKEA sustituye toda su iluminaci\u00f3n por luces LED | Factor Energ\u00eda","description":"IKEA ha dado otro salto en direcci\u00f3n a la sostenibilidad y la lucha contra el cambio clim\u00e1tico sustituyendo toda su iluminaria por bombillas LED.","robots":{"index":"index","follow":"follow","max-snippet":"max-snippet:-1","max-image-preview":"max-image-preview:large","max-video-preview":"max-video-preview:-1"},"canonical":"https:\/\/www.factorenergia.com\/es\/blog\/noticias\/luces-led-ikea\/","twitter_card":"summary_large_image","twitter_title":"IKEA sustituye toda su iluminaci\u00f3n por luces LED | Factor Energ\u00eda","twitter_description":"IKEA ha dado otro salto en direcci\u00f3n a la sostenibilidad y la lucha contra el cambio clim\u00e1tico sustituyendo toda su iluminaria por bombillas LED.","twitter_image":"https:\/\/www.factorenergia.com\/wp-content\/uploads\/2017\/06\/IKEA-ES.jpg","twitter_creator":"@factorenergia","twitter_site":"@factorenergia","twitter_misc":{"Escrito por":"Equipo Transici\u00f3n Energ\u00e9tica Factorenergia","Tiempo de lectura":"2 minutos"},"schema":{"@context":"https:\/\/schema.org","@graph":[{"@type":"WebPage","@id":"https:\/\/www.factorenergia.com\/es\/blog\/noticias\/luces-led-ikea\/","url":"https:\/\/www.factorenergia.com\/es\/blog\/noticias\/luces-led-ikea\/","name":"IKEA sustituye toda su iluminaci\u00f3n por luces LED | Factor Energ\u00eda","isPartOf":{"@id":"https:\/\/www.factorenergia.com\/es\/#website"},"primaryImageOfPage":{"@id":"https:\/\/www.factorenergia.com\/es\/blog\/noticias\/luces-led-ikea\/#primaryimage"},"image":{"@id":"https:\/\/www.factorenergia.com\/es\/blog\/noticias\/luces-led-ikea\/#primaryimage"},"thumbnailUrl":"https:\/\/www.factorenergia.com\/wp-content\/uploads\/2017\/06\/IKEA-ES.jpg","datePublished":"2017-06-22T15:41:28+00:00","dateModified":"2023-07-17T08:13:43+00:00","author":{"@id":"https:\/\/www.factorenergia.com\/es\/#\/schema\/person\/dff9e4b6dc520720e3a37bdaaedc5841"},"description":"IKEA ha dado otro salto en direcci\u00f3n a la sostenibilidad y la lucha contra el cambio clim\u00e1tico sustituyendo toda su iluminaria por bombillas LED.","breadcrumb":{"@id":"https:\/\/www.factorenergia.com\/es\/blog\/noticias\/luces-led-ikea\/#breadcrumb"},"inLanguage":"es","potentialAction":[{"@type":"ReadAction","target":["https:\/\/www.factorenergia.com\/es\/blog\/noticias\/luces-led-ikea\/"]}]},{"@type":"ImageObject","inLanguage":"es","@id":"https:\/\/www.factorenergia.com\/es\/blog\/noticias\/luces-led-ikea\/#primaryimage","url":"https:\/\/www.factorenergia.com\/wp-content\/uploads\/2017\/06\/IKEA-ES.jpg","contentUrl":"https:\/\/www.factorenergia.com\/wp-content\/uploads\/2017\/06\/IKEA-ES.jpg"},{"@type":"BreadcrumbList","@id":"https:\/\/www.factorenergia.com\/es\/blog\/noticias\/luces-led-ikea\/#breadcrumb","itemListElement":[{"@type":"ListItem","position":1,"name":"Portada","item":"https:\/\/www.factorenergia.com\/es\/"},{"@type":"ListItem","position":2,"name":"IKEA apuesta por los LED"}]},{"@type":"WebSite","@id":"https:\/\/www.factorenergia.com\/es\/#website","url":"https:\/\/www.factorenergia.com\/es\/","name":"factorenergia","description":"Factor Energ\u00eda","potentialAction":[{"@type":"SearchAction","target":{"@type":"EntryPoint","urlTemplate":"https:\/\/www.factorenergia.com\/es\/?s={search_term_string}"},"query-input":"required name=search_term_string"}],"inLanguage":"es"},{"@type":"Person","@id":"https:\/\/www.factorenergia.com\/es\/#\/schema\/person\/dff9e4b6dc520720e3a37bdaaedc5841","name":"Equipo Transici\u00f3n Energ\u00e9tica Factorenergia","image":{"@type":"ImageObject","inLanguage":"es","@id":"https:\/\/www.factorenergia.com\/es\/#\/schema\/person\/image\/","url":"https:\/\/secure.gravatar.com\/avatar\/1b7c76bab80ee1c4261b06108874e24b?s=96&d=mm&r=g","contentUrl":"https:\/\/secure.gravatar.com\/avatar\/1b7c76bab80ee1c4261b06108874e24b?s=96&d=mm&r=g","caption":"Equipo Transici\u00f3n Energ\u00e9tica Factorenergia"},"description":"El equipo est\u00e1 formado por expertos en materia de Luz, Gas y Eficiencia Energ\u00e9tica, que conocen de primera mano las tendencias del mercado. Su experiencia en el sector les permite ofrecer las mejores soluciones energ\u00e9ticas y resolver las dudas planteadas por los clientes.","sameAs":["https:\/\/www.factorenergia.com\/es\/","https:\/\/www.facebook.com\/factorenergiacom","https:\/\/www.instagram.com\/factorenergia_com\/","https:\/\/es.linkedin.com\/company\/factor-energia","https:\/\/twitter.com\/factorenergia","https:\/\/www.youtube.com\/c\/factorenergiacom"],"url":"https:\/\/www.factorenergia.com\/es\/blog\/author\/marketing\/"}]}},"_links":{"self":[{"href":"https:\/\/www.factorenergia.com\/es\/wp-json\/wp\/v2\/posts\/3878"}],"collection":[{"href":"https:\/\/www.factorenergia.com\/es\/wp-json\/wp\/v2\/posts"}],"about":[{"href":"https:\/\/www.factorenergia.com\/es\/wp-json\/wp\/v2\/types\/post"}],"author":[{"embeddable":true,"href":"https:\/\/www.factorenergia.com\/es\/wp-json\/wp\/v2\/users\/17"}],"replies":[{"embeddable":true,"href":"https:\/\/www.factorenergia.com\/es\/wp-json\/wp\/v2\/comments?post=3878"}],"version-history":[{"count":2,"href":"https:\/\/www.factorenergia.com\/es\/wp-json\/wp\/v2\/posts\/3878\/revisions"}],"predecessor-version":[{"id":22845,"href":"https:\/\/www.factorenergia.com\/es\/wp-json\/wp\/v2\/posts\/3878\/revisions\/22845"}],"wp:attachment":[{"href":"https:\/\/www.factorenergia.com\/es\/wp-json\/wp\/v2\/media?parent=3878"}],"wp:term":[{"taxonomy":"category","embeddable":true,"href":"https:\/\/www.factorenergia.com\/es\/wp-json\/wp\/v2\/categories?post=3878"},{"taxonomy":"post_tag","embeddable":true,"href":"https:\/\/www.factorenergia.com\/es\/wp-json\/wp\/v2\/tags?post=3878"}],"curies":[{"name":"wp","href":"https:\/\/api.w.org\/{rel}","templated":true}]}}