{"id":3746,"date":"2017-06-06T09:57:27","date_gmt":"2017-06-06T07:57:27","guid":{"rendered":"https:\/\/www.factorenergia.com\/es\/?post_type=blog&#038;p=3746"},"modified":"2025-07-28T13:14:22","modified_gmt":"2025-07-28T11:14:22","slug":"parque-eolico-baterias-energias-renovables","status":"publish","type":"post","link":"https:\/\/www.factorenergia.com\/es\/blog\/noticias\/parque-eolico-baterias-energias-renovables\/","title":{"rendered":"Parque e\u00f3lico con almacenamiento en bater\u00edas, pionero en Navarra"},"content":{"rendered":"<p><span style=\"color: #000000;\">En Espa\u00f1a, m\u00e1s concretamente en Navarra, se ha ubicado un parque experimental para ensayar el funcionamiento de una combinaci\u00f3n entre parque e\u00f3lico conectado a la red con almacenamiento en bater\u00edas de iones de litio y\u00a0 un software de gesti\u00f3n de energ\u00eda. Este h\u00edbrido pretende impulsar la integraci\u00f3n de las energ\u00edas renovables.<\/span><\/p>\n<h2><span style=\"color: #000000;\">Producci\u00f3n, almacenamiento y control<\/span><\/h2>\n<p><span style=\"color: #000000;\">Se trata de un ensayo con perspectivas muy prometedoras\u00a0 y un software interno de simulaci\u00f3n, que servir\u00e1 para controlar el almacenamiento en bater\u00edas en una planta h\u00edbrida desarrollada solamente para ese fin.<\/span><\/p>\n<h3><span style=\"color: #000000;\"><strong>C\u00f3mo funciona el sistema<\/strong><\/span><\/h3>\n<p><span style=\"color: #000000;\">El sistema de almacenamiento se compone de dos bater\u00edas separadas, que pueden mantener 1MW de potencia durante 20 minutos, en el caso de una, y 0,7MW durante 1 hora, en el caso de la segunda. Ambas bater\u00edas estar\u00e1n conectadas a una turbina e\u00f3lica del Parque E\u00f3lico Experimental de Barasoain y almacenar\u00e1n la energ\u00eda producida, cuando sea necesario.<\/span><\/p>\n<h2><span style=\"color: #000000;\">Objetivo: energ\u00edas renovables<\/span><\/h2>\n<p><span style=\"color: #000000;\">El objetivo principal de este ensayo es mejorar la energ\u00eda e\u00f3lica que se env\u00eda a la red y utilizar las soluciones de almacenamiento as\u00ed como poner a prueba la capacidad de estas instalaciones para prestar servicios de regulaci\u00f3n al sistema el\u00e9ctrico y ver c\u00f3mo se adapta el parque a la demanda.<\/span><\/p>\n<p><span style=\"color: #000000;\">El proyecto, aunque en fase temprana, se estima que sea una soluci\u00f3n ideal para aplicaciones dom\u00e9sticas o redes de dif\u00edcil conexi\u00f3n as\u00ed como para aplicaci\u00f3n a escala industrial. De momento, ha recibido financiaci\u00f3n del Fondo Europeo de Desarrollo Regional, y el software ha ganado el primer premio de la Asociaci\u00f3n Espa\u00f1ola de Energ\u00eda E\u00f3lica, en el campo de Investigaci\u00f3n y Desarrollo.<\/span><\/p>\n<p>&nbsp;<\/p>\n<p><span style=\"color: #000000;\">En Factor Energ\u00eda te ofrecemos un suministro 100% verde certificado por la CNMC (Comisi\u00f3n Nacional del Mercado y la Competencia). Si quieres iluminar tu casa con energ\u00edas renovables <strong>ll\u00e1manos gratis al 900 850 000<\/strong> o <a href=\"https:\/\/www.factorenergia.com\/es\/tarifas-de-luz\/\" target=\"_blank\" rel=\"noopener\">contrata la luz online<\/a> en solo 5 minutos.<\/span><\/p>\n<p>&nbsp;<\/p>\n<p><strong><span style=\"color: #000000;\">Art\u00edculos relacionados:<\/span><\/strong><\/p>\n<p><a href=\"https:\/\/www.factorenergia.com\/es\/blog\/noticias\/precio-luz-energia-eolica\/\" target=\"_blank\" rel=\"noopener\"><span style=\"color: #0088b6;\">Energ\u00eda e\u00f3lica en Espa\u00f1a<\/span><\/a><\/p>\n<p><a href=\"https:\/\/www.factorenergia.com\/es\/blog\/eficiencia-energetica\/el-futuro-energias-renovables\/\" target=\"_blank\" rel=\"noopener\"><span style=\"color: #0088b6;\">El futuro mira hacia las energ\u00edas renovables<\/span><\/a><\/p>\n","protected":false},"excerpt":{"rendered":"<p>En Navarra han apostado fuerte por las energ\u00edas renovables instalando un enorme parque solar con bater\u00edas, el primero en Espa\u00f1a en integrar un sistema de almacenamiento y la conexi\u00f3n a la red el\u00e9ctrica.<\/p>\n","protected":false},"author":17,"featured_media":0,"comment_status":"open","ping_status":"closed","sticky":false,"template":"","format":"standard","meta":{"inline_featured_image":false,"footnotes":""},"categories":[60],"tags":[],"acf":{"fecha_de_la_entrada":"20170606","imagen_portada":3749,"categoria_blog":null,"tipo_de_distribuidora":null,"tiempo_lectura":"","banner_bool":false,"titulo_banner":"","texto_banner":"","texto_boton_banner":"","url_boton_banner":"","post_relacionados":""},"yoast_head":"<!-- This site is optimized with the Yoast SEO plugin v22.2 - https:\/\/yoast.com\/wordpress\/plugins\/seo\/ -->\n<title>Parque e\u00f3lico con almacenamiento en bater\u00edas | Factor Energ\u00eda<\/title>\n<meta name=\"description\" content=\"En Navarra han apostado por las energ\u00edas renovables instalando un parque e\u00f3lico con bater\u00edas, el primero en integrar almacenamiento y conexi\u00f3n a la red.\" \/>\n<meta name=\"robots\" content=\"index, follow, max-snippet:-1, max-image-preview:large, max-video-preview:-1\" \/>\n<link rel=\"canonical\" href=\"https:\/\/www.factorenergia.com\/es\/blog\/noticias\/parque-eolico-baterias-energias-renovables\/\" \/>\n<meta name=\"twitter:card\" content=\"summary_large_image\" \/>\n<meta name=\"twitter:title\" content=\"Parque e\u00f3lico con almacenamiento en bater\u00edas | Factor Energ\u00eda\" \/>\n<meta name=\"twitter:description\" content=\"En Navarra han apostado por las energ\u00edas renovables instalando un parque e\u00f3lico con bater\u00edas, el primero en integrar almacenamiento y conexi\u00f3n a la red.\" \/>\n<meta name=\"twitter:creator\" content=\"@factorenergia\" \/>\n<meta name=\"twitter:site\" content=\"@factorenergia\" \/>\n<meta name=\"twitter:label1\" content=\"Escrito por\" \/>\n\t<meta name=\"twitter:data1\" content=\"Equipo Transici\u00f3n Energ\u00e9tica Factorenergia\" \/>\n\t<meta name=\"twitter:label2\" content=\"Tiempo de lectura\" \/>\n\t<meta name=\"twitter:data2\" content=\"2 minutos\" \/>\n<script type=\"application\/ld+json\" class=\"yoast-schema-graph\">{\"@context\":\"https:\/\/schema.org\",\"@graph\":[{\"@type\":\"WebPage\",\"@id\":\"https:\/\/www.factorenergia.com\/es\/blog\/noticias\/parque-eolico-baterias-energias-renovables\/\",\"url\":\"https:\/\/www.factorenergia.com\/es\/blog\/noticias\/parque-eolico-baterias-energias-renovables\/\",\"name\":\"Parque e\u00f3lico con almacenamiento en bater\u00edas | Factor Energ\u00eda\",\"isPartOf\":{\"@id\":\"https:\/\/www.factorenergia.com\/es\/#website\"},\"datePublished\":\"2017-06-06T07:57:27+00:00\",\"dateModified\":\"2025-07-28T11:14:22+00:00\",\"author\":{\"@id\":\"https:\/\/www.factorenergia.com\/es\/#\/schema\/person\/dff9e4b6dc520720e3a37bdaaedc5841\"},\"description\":\"En Navarra han apostado por las energ\u00edas renovables instalando un parque e\u00f3lico con bater\u00edas, el primero en integrar almacenamiento y conexi\u00f3n a la red.\",\"breadcrumb\":{\"@id\":\"https:\/\/www.factorenergia.com\/es\/blog\/noticias\/parque-eolico-baterias-energias-renovables\/#breadcrumb\"},\"inLanguage\":\"es\",\"potentialAction\":[{\"@type\":\"ReadAction\",\"target\":[\"https:\/\/www.factorenergia.com\/es\/blog\/noticias\/parque-eolico-baterias-energias-renovables\/\"]}]},{\"@type\":\"BreadcrumbList\",\"@id\":\"https:\/\/www.factorenergia.com\/es\/blog\/noticias\/parque-eolico-baterias-energias-renovables\/#breadcrumb\",\"itemListElement\":[{\"@type\":\"ListItem\",\"position\":1,\"name\":\"Portada\",\"item\":\"https:\/\/www.factorenergia.com\/es\/\"},{\"@type\":\"ListItem\",\"position\":2,\"name\":\"Parque e\u00f3lico con almacenamiento en bater\u00edas, pionero en Navarra\"}]},{\"@type\":\"WebSite\",\"@id\":\"https:\/\/www.factorenergia.com\/es\/#website\",\"url\":\"https:\/\/www.factorenergia.com\/es\/\",\"name\":\"factorenergia\",\"description\":\"Factor Energ\u00eda\",\"potentialAction\":[{\"@type\":\"SearchAction\",\"target\":{\"@type\":\"EntryPoint\",\"urlTemplate\":\"https:\/\/www.factorenergia.com\/es\/?s={search_term_string}\"},\"query-input\":\"required name=search_term_string\"}],\"inLanguage\":\"es\"},{\"@type\":\"Person\",\"@id\":\"https:\/\/www.factorenergia.com\/es\/#\/schema\/person\/dff9e4b6dc520720e3a37bdaaedc5841\",\"name\":\"Equipo Transici\u00f3n Energ\u00e9tica Factorenergia\",\"image\":{\"@type\":\"ImageObject\",\"inLanguage\":\"es\",\"@id\":\"https:\/\/www.factorenergia.com\/es\/#\/schema\/person\/image\/\",\"url\":\"https:\/\/secure.gravatar.com\/avatar\/1b7c76bab80ee1c4261b06108874e24b?s=96&d=mm&r=g\",\"contentUrl\":\"https:\/\/secure.gravatar.com\/avatar\/1b7c76bab80ee1c4261b06108874e24b?s=96&d=mm&r=g\",\"caption\":\"Equipo Transici\u00f3n Energ\u00e9tica Factorenergia\"},\"description\":\"El equipo est\u00e1 formado por expertos en materia de Luz, Gas y Eficiencia Energ\u00e9tica, que conocen de primera mano las tendencias del mercado. Su experiencia en el sector les permite ofrecer las mejores soluciones energ\u00e9ticas y resolver las dudas planteadas por los clientes.\",\"sameAs\":[\"https:\/\/www.factorenergia.com\/es\/\",\"https:\/\/www.facebook.com\/factorenergiacom\",\"https:\/\/www.instagram.com\/factorenergia_com\/\",\"https:\/\/es.linkedin.com\/company\/factor-energia\",\"https:\/\/twitter.com\/factorenergia\",\"https:\/\/www.youtube.com\/c\/factorenergiacom\"],\"url\":\"https:\/\/www.factorenergia.com\/es\/blog\/author\/marketing\/\"}]}<\/script>\n<!-- \/ Yoast SEO plugin. -->","yoast_head_json":{"title":"Parque e\u00f3lico con almacenamiento en bater\u00edas | Factor Energ\u00eda","description":"En Navarra han apostado por las energ\u00edas renovables instalando un parque e\u00f3lico con bater\u00edas, el primero en integrar almacenamiento y conexi\u00f3n a la red.","robots":{"index":"index","follow":"follow","max-snippet":"max-snippet:-1","max-image-preview":"max-image-preview:large","max-video-preview":"max-video-preview:-1"},"canonical":"https:\/\/www.factorenergia.com\/es\/blog\/noticias\/parque-eolico-baterias-energias-renovables\/","twitter_card":"summary_large_image","twitter_title":"Parque e\u00f3lico con almacenamiento en bater\u00edas | Factor Energ\u00eda","twitter_description":"En Navarra han apostado por las energ\u00edas renovables instalando un parque e\u00f3lico con bater\u00edas, el primero en integrar almacenamiento y conexi\u00f3n a la red.","twitter_creator":"@factorenergia","twitter_site":"@factorenergia","twitter_misc":{"Escrito por":"Equipo Transici\u00f3n Energ\u00e9tica Factorenergia","Tiempo de lectura":"2 minutos"},"schema":{"@context":"https:\/\/schema.org","@graph":[{"@type":"WebPage","@id":"https:\/\/www.factorenergia.com\/es\/blog\/noticias\/parque-eolico-baterias-energias-renovables\/","url":"https:\/\/www.factorenergia.com\/es\/blog\/noticias\/parque-eolico-baterias-energias-renovables\/","name":"Parque e\u00f3lico con almacenamiento en bater\u00edas | Factor Energ\u00eda","isPartOf":{"@id":"https:\/\/www.factorenergia.com\/es\/#website"},"datePublished":"2017-06-06T07:57:27+00:00","dateModified":"2025-07-28T11:14:22+00:00","author":{"@id":"https:\/\/www.factorenergia.com\/es\/#\/schema\/person\/dff9e4b6dc520720e3a37bdaaedc5841"},"description":"En Navarra han apostado por las energ\u00edas renovables instalando un parque e\u00f3lico con bater\u00edas, el primero en integrar almacenamiento y conexi\u00f3n a la red.","breadcrumb":{"@id":"https:\/\/www.factorenergia.com\/es\/blog\/noticias\/parque-eolico-baterias-energias-renovables\/#breadcrumb"},"inLanguage":"es","potentialAction":[{"@type":"ReadAction","target":["https:\/\/www.factorenergia.com\/es\/blog\/noticias\/parque-eolico-baterias-energias-renovables\/"]}]},{"@type":"BreadcrumbList","@id":"https:\/\/www.factorenergia.com\/es\/blog\/noticias\/parque-eolico-baterias-energias-renovables\/#breadcrumb","itemListElement":[{"@type":"ListItem","position":1,"name":"Portada","item":"https:\/\/www.factorenergia.com\/es\/"},{"@type":"ListItem","position":2,"name":"Parque e\u00f3lico con almacenamiento en bater\u00edas, pionero en Navarra"}]},{"@type":"WebSite","@id":"https:\/\/www.factorenergia.com\/es\/#website","url":"https:\/\/www.factorenergia.com\/es\/","name":"factorenergia","description":"Factor Energ\u00eda","potentialAction":[{"@type":"SearchAction","target":{"@type":"EntryPoint","urlTemplate":"https:\/\/www.factorenergia.com\/es\/?s={search_term_string}"},"query-input":"required name=search_term_string"}],"inLanguage":"es"},{"@type":"Person","@id":"https:\/\/www.factorenergia.com\/es\/#\/schema\/person\/dff9e4b6dc520720e3a37bdaaedc5841","name":"Equipo Transici\u00f3n Energ\u00e9tica Factorenergia","image":{"@type":"ImageObject","inLanguage":"es","@id":"https:\/\/www.factorenergia.com\/es\/#\/schema\/person\/image\/","url":"https:\/\/secure.gravatar.com\/avatar\/1b7c76bab80ee1c4261b06108874e24b?s=96&d=mm&r=g","contentUrl":"https:\/\/secure.gravatar.com\/avatar\/1b7c76bab80ee1c4261b06108874e24b?s=96&d=mm&r=g","caption":"Equipo Transici\u00f3n Energ\u00e9tica Factorenergia"},"description":"El equipo est\u00e1 formado por expertos en materia de Luz, Gas y Eficiencia Energ\u00e9tica, que conocen de primera mano las tendencias del mercado. Su experiencia en el sector les permite ofrecer las mejores soluciones energ\u00e9ticas y resolver las dudas planteadas por los clientes.","sameAs":["https:\/\/www.factorenergia.com\/es\/","https:\/\/www.facebook.com\/factorenergiacom","https:\/\/www.instagram.com\/factorenergia_com\/","https:\/\/es.linkedin.com\/company\/factor-energia","https:\/\/twitter.com\/factorenergia","https:\/\/www.youtube.com\/c\/factorenergiacom"],"url":"https:\/\/www.factorenergia.com\/es\/blog\/author\/marketing\/"}]}},"_links":{"self":[{"href":"https:\/\/www.factorenergia.com\/es\/wp-json\/wp\/v2\/posts\/3746"}],"collection":[{"href":"https:\/\/www.factorenergia.com\/es\/wp-json\/wp\/v2\/posts"}],"about":[{"href":"https:\/\/www.factorenergia.com\/es\/wp-json\/wp\/v2\/types\/post"}],"author":[{"embeddable":true,"href":"https:\/\/www.factorenergia.com\/es\/wp-json\/wp\/v2\/users\/17"}],"replies":[{"embeddable":true,"href":"https:\/\/www.factorenergia.com\/es\/wp-json\/wp\/v2\/comments?post=3746"}],"version-history":[{"count":4,"href":"https:\/\/www.factorenergia.com\/es\/wp-json\/wp\/v2\/posts\/3746\/revisions"}],"predecessor-version":[{"id":28722,"href":"https:\/\/www.factorenergia.com\/es\/wp-json\/wp\/v2\/posts\/3746\/revisions\/28722"}],"wp:attachment":[{"href":"https:\/\/www.factorenergia.com\/es\/wp-json\/wp\/v2\/media?parent=3746"}],"wp:term":[{"taxonomy":"category","embeddable":true,"href":"https:\/\/www.factorenergia.com\/es\/wp-json\/wp\/v2\/categories?post=3746"},{"taxonomy":"post_tag","embeddable":true,"href":"https:\/\/www.factorenergia.com\/es\/wp-json\/wp\/v2\/tags?post=3746"}],"curies":[{"name":"wp","href":"https:\/\/api.w.org\/{rel}","templated":true}]}}