{"id":3704,"date":"2017-05-24T10:13:53","date_gmt":"2017-05-24T08:13:53","guid":{"rendered":"https:\/\/www.factorenergia.com\/es\/?post_type=blog&#038;p=3704"},"modified":"2023-07-17T10:03:00","modified_gmt":"2023-07-17T08:03:00","slug":"como-ahorrar-luz-vacaciones-verano","status":"publish","type":"post","link":"https:\/\/www.factorenergia.com\/es\/blog\/ahorrar-electricidad\/como-ahorrar-luz-vacaciones-verano\/","title":{"rendered":"C\u00f3mo ahorrar luz seg\u00fan cu\u00e1ntas vacaciones tengas"},"content":{"rendered":"<p><span style=\"color: #000000;\"><a href=\"https:\/\/www.factorenergia.com\/es\/blog\/ahorrar-electricidad\/consejos-para-ahorrar-energia-en-casa\/\" target=\"_blank\" rel=\"noopener\">Ahorrar luz<\/a> es importante todos los d\u00edas del a\u00f1o. Sin embargo, cuando te ausentas de casa unos d\u00edas, es especialmente interesante asegurarse de que no hay un consumo extra. Eso s\u00ed, es cierto que dependiendo de cu\u00e1ntos d\u00edas te vayas de vacaciones merecer\u00e1 la pena tomar unas medidas de ahorro u otras. Entonces, \u00bfcu\u00e1ntos d\u00edas te vas?<\/span><\/p>\n<h2><span style=\"color: #000000;\">Vacaciones cortas<\/span><\/h2>\n<p><span style=\"color: #000000;\">Si te vas poco m\u00e1s de un fin de semana no vale la pena hacer grandes sacrificios para ahorrar luz. Lo que s\u00ed puedes hacer es tomar conciencia de peque\u00f1os gestos que tambi\u00e9n puedes llevar a cabo en tu d\u00eda a d\u00eda, para asegurarte de que no consumes de m\u00e1s mientras est\u00e1s fuera.<\/span><\/p>\n<h3><span style=\"color: #000000;\"><strong>Escapadas de fin de semana <\/strong><\/span><\/h3>\n<p><span style=\"color: #000000;\">Ya hemos hablado otras veces del consumo por standby, de forma que todos los aparatos que puedan ser desconectados sin repercusiones (la tele, la cafetera, equipos de v\u00eddeo y\/o sonido\u2026) idealmente deber\u00edan desenchufarse. Si te da pereza ir uno por uno, hazte con una regleta, as\u00ed solo deber\u00e1s pulsar un bot\u00f3n para desconectarlos a todos.<\/span><\/p>\n<h3><span style=\"color: #000000;\"><strong>Descansos de una semana<\/strong><\/span><\/h3>\n<p><span style=\"color: #000000;\">Cuando tus vacaciones son de una semana o alg\u00fan d\u00eda m\u00e1s, desconectar todos los electrodom\u00e9sticos peque\u00f1os y medianos, como en el punto anterior, es casi una obligaci\u00f3n. A ello, podemos a\u00f1adirle alg\u00fan gadget: la dom\u00f3tica aplicada al ahorro de luz puede ser una gran aliada.<\/span><\/p>\n<p><span style=\"color: #000000;\">Existen <strong>enchufes wifi y apps <\/strong>que vinculan tus aparatos electr\u00f3nicos y electrodom\u00e9sticos con tu tel\u00e9fono m\u00f3vil. De este modo, se acab\u00f3 la cl\u00e1sica pregunta de \u201c\u00bflo dej\u00e9 encendido?\u201d Podr\u00e1s comprobarlo t\u00fa mismo desde tu tel\u00e9fono, y si (caso raro) estaba encendido, \u00a1sin problemas! Podr\u00e1s apagarlo desde tu m\u00f3vil desde donde est\u00e9s, igual que tambi\u00e9n podr\u00e1s encenderlo para, por ejemplo, hacer que el calentador est\u00e9 listo para darte una ducha cuando vuelvas.<\/span><\/p>\n\r\n<script type=\"text\/javascript\" async defer>\r\n\r\n    jQuery(document).ready(function(){\t\t\r\n\t\t\r\n\t});\r\n<\/script>\r\n\r\n<style>\r\n\t.block-interested_posts{\r\n        margin-top: 10px;\r\n        padding: 20px;\r\n        border: 2px solid #92C200;\r\n    }\r\n    .block-interested_posts ul{\r\n        margin-bottom:0px;\r\n    }\r\n    .block-interested_posts ul li{\r\n        margin-bottom:5px;\r\n    }\r\n    .block-interested_posts ul li a{\r\n        \/*color: #DF981E;*\/\r\n    }\r\n\r\n<\/style>\r\n\r\n<div class=\"block-interested_posts\">\r\n    <p><strong>Post que te pueden interesar<\/strong><\/p>\r\n    <ul>\r\n                    <li><a href=\"https:\/\/www.factorenergia.com\/es\/blog\/ahorrar-electricidad\/consejos-para-ahorrar-energia-en-casa\/\" title=\"55 Consejos para ahorrar energia en casa\">55 Consejos para ahorrar energia en casa<\/a><\/li>\r\n                    <li><a href=\"https:\/\/www.factorenergia.com\/es\/blog\/ahorrar-electricidad\/como-ahorrar-luz-con-la-nevera\/\" title=\"C\u00f3mo ahorrar luz con la nevera de tu casa\">C\u00f3mo ahorrar luz con la nevera de tu casa<\/a><\/li>\r\n            <\/ul>\t\r\n<\/div>\n<h2><span style=\"color: #000000;\">Vacaciones de 15 d\u00edas<\/span><\/h2>\n<p><span style=\"color: #000000;\">Medio mes ya son unas vacaciones de las de desconectar, \u00a1y eso tambi\u00e9n va por tus electrodom\u00e9sticos! Para ahorrar luz cuando te vas de vacaciones 15 d\u00edas, nuevamente acumulamos los consejos anteriores y a\u00f1adimos un <em>bonus track<\/em>: el calentador.<\/span><\/p>\n<p><span style=\"color: #000000;\">Si bien en el punto anterior dej\u00e1bamos el calentador conectado para poder darnos una ducha caliente al llegar, a partir de 15 d\u00edas ese termo es un gasto innecesario. Mientras est\u00e1 operativo, <strong>el calentador funciona para que siempre tengas agua caliente a tu disposici\u00f3n<\/strong>, pero para vacaciones largas lo mejor es desconectarlo; no tiene sentido tener disponible un agua caliente que no vas a aprovechar, de modo que \u00a1un gasto menos!<\/span><\/p>\n<p><span style=\"color: #000000;\">Por otro lado, recomendamos tambi\u00e9n tomar medidas de ahorro energ\u00e9tico con la nevera. Aunque es cierto que no merece la pena (a menos que la tengas medio vac\u00eda) desconectarla, s\u00ed <strong>podr\u00e1s ahorrar luz subiendo la temperatura de tu nevera lo m\u00e1s que puedas<\/strong>; los alimentos se mantendr\u00e1n frescos, pero no hace falta que los tengas a bajas temperaturas, y mucho menos si no vas a abrirla en 15 d\u00edas.<\/span><\/p>\n<h2><span style=\"color: #000000;\">Vacaciones largas<\/span><\/h2>\n<p><span style=\"color: #000000;\">Si eres de los afortunados que disfrutar\u00e1 de m\u00e1s de 15 d\u00edas (seguidos) de vacaciones, te recomendamos tomar medidas extremas para ahorrar luz.<\/span><\/p>\n<p><span style=\"color: #000000;\">Pi\u00e9nsalo: despu\u00e9s de tal desconexi\u00f3n, tras la cual apenas recordamos c\u00f3mo escribir, \u00a1\u00bfc\u00f3mo vamos a recordar encenderlo todo uno por uno?! Definitivamente, en tu caso, lo mejor ser\u00e1 que apagues todo y desconectes el cuadro de luz. Y s\u00ed, eso <strong>incluye la nevera<\/strong>.<\/span><\/p>\n<p><span style=\"color: #000000;\"><strong>Si no hay corriente, no hay gasto<\/strong>. En cuanto a la nevera, ten un poco de previsi\u00f3n los d\u00edas anteriores al viaje: vac\u00edala, l\u00edmpiala y d\u00e9jala medio abierta para que no huela mal cuando vuelvas.<\/span><\/p>\n<p>&nbsp;<\/p>\n<p><span style=\"color: #000000;\">\u00bfLo tienes todo preparado? Termina la maleta y no te olvides de cerrar con llave al salir. Aun as\u00ed, para ahorrar luz de verdad y adem\u00e1s de todos estos pasos de ahorro, que est\u00e1n muy bien, es importante que tu tarifa el\u00e9ctrica se adapte a ti y a tu consumo. Si quieres revisar tu potencia contratada y cambiar de compa\u00f1\u00eda el\u00e9ctrica <strong>ll\u00e1manos gratis al 900 850 000<\/strong>, o cambia de el\u00e9ctrica en solo 5 minutos y online.<\/span><\/p>\n<p>&nbsp;<\/p>\n","protected":false},"excerpt":{"rendered":"<p>Ahorrar luz es importante todos los d\u00edas del a\u00f1o, pero cuando te vas de vacaciones, es interesante que no hay un consumo extra. \u00bfCu\u00e1ntos d\u00edas te vas?<\/p>\n","protected":false},"author":17,"featured_media":0,"comment_status":"open","ping_status":"closed","sticky":false,"template":"","format":"standard","meta":{"inline_featured_image":false,"footnotes":""},"categories":[50],"tags":[],"acf":{"fecha_de_la_entrada":"20170524","imagen_portada":3711,"categoria_blog":null,"tipo_de_distribuidora":null,"tiempo_lectura":"","banner_bool":false,"titulo_banner":"","texto_banner":"","texto_boton_banner":"","url_boton_banner":"","post_relacionados":""},"yoast_head":"<!-- This site is optimized with the Yoast SEO plugin v22.2 - https:\/\/yoast.com\/wordpress\/plugins\/seo\/ -->\n<title>C\u00f3mo Ahorrar Luz seg\u00fan cu\u00e1ntas Vacaciones tengas | Factor Energ\u00eda<\/title>\n<meta name=\"description\" content=\"Ahorrar luz es importante todos los d\u00edas del a\u00f1o, pero cuando te vas de vacaciones, es interesante que no hay un consumo extra. \u00bfCu\u00e1ntos d\u00edas te vas?\" \/>\n<meta name=\"robots\" content=\"index, follow, max-snippet:-1, max-image-preview:large, max-video-preview:-1\" \/>\n<link rel=\"canonical\" href=\"https:\/\/www.factorenergia.com\/es\/blog\/ahorrar-electricidad\/como-ahorrar-luz-vacaciones-verano\/\" \/>\n<meta name=\"twitter:card\" content=\"summary_large_image\" \/>\n<meta name=\"twitter:title\" content=\"C\u00f3mo Ahorrar Luz seg\u00fan cu\u00e1ntas Vacaciones tengas | Factor Energ\u00eda\" \/>\n<meta name=\"twitter:description\" content=\"Ahorrar luz es importante todos los d\u00edas del a\u00f1o, pero cuando te vas de vacaciones, es interesante que no hay un consumo extra. \u00bfCu\u00e1ntos d\u00edas te vas?\" \/>\n<meta name=\"twitter:creator\" content=\"@factorenergia\" \/>\n<meta name=\"twitter:site\" content=\"@factorenergia\" \/>\n<meta name=\"twitter:label1\" content=\"Escrito por\" \/>\n\t<meta name=\"twitter:data1\" content=\"Equipo Transici\u00f3n Energ\u00e9tica Factorenergia\" \/>\n\t<meta name=\"twitter:label2\" content=\"Tiempo de lectura\" \/>\n\t<meta name=\"twitter:data2\" content=\"4 minutos\" \/>\n<script type=\"application\/ld+json\" class=\"yoast-schema-graph\">{\"@context\":\"https:\/\/schema.org\",\"@graph\":[{\"@type\":\"WebPage\",\"@id\":\"https:\/\/www.factorenergia.com\/es\/blog\/ahorrar-electricidad\/como-ahorrar-luz-vacaciones-verano\/\",\"url\":\"https:\/\/www.factorenergia.com\/es\/blog\/ahorrar-electricidad\/como-ahorrar-luz-vacaciones-verano\/\",\"name\":\"C\u00f3mo Ahorrar Luz seg\u00fan cu\u00e1ntas Vacaciones tengas | Factor Energ\u00eda\",\"isPartOf\":{\"@id\":\"https:\/\/www.factorenergia.com\/es\/#website\"},\"datePublished\":\"2017-05-24T08:13:53+00:00\",\"dateModified\":\"2023-07-17T08:03:00+00:00\",\"author\":{\"@id\":\"https:\/\/www.factorenergia.com\/es\/#\/schema\/person\/dff9e4b6dc520720e3a37bdaaedc5841\"},\"description\":\"Ahorrar luz es importante todos los d\u00edas del a\u00f1o, pero cuando te vas de vacaciones, es interesante que no hay un consumo extra. \u00bfCu\u00e1ntos d\u00edas te vas?\",\"breadcrumb\":{\"@id\":\"https:\/\/www.factorenergia.com\/es\/blog\/ahorrar-electricidad\/como-ahorrar-luz-vacaciones-verano\/#breadcrumb\"},\"inLanguage\":\"es\",\"potentialAction\":[{\"@type\":\"ReadAction\",\"target\":[\"https:\/\/www.factorenergia.com\/es\/blog\/ahorrar-electricidad\/como-ahorrar-luz-vacaciones-verano\/\"]}]},{\"@type\":\"BreadcrumbList\",\"@id\":\"https:\/\/www.factorenergia.com\/es\/blog\/ahorrar-electricidad\/como-ahorrar-luz-vacaciones-verano\/#breadcrumb\",\"itemListElement\":[{\"@type\":\"ListItem\",\"position\":1,\"name\":\"Portada\",\"item\":\"https:\/\/www.factorenergia.com\/es\/\"},{\"@type\":\"ListItem\",\"position\":2,\"name\":\"C\u00f3mo ahorrar luz seg\u00fan cu\u00e1ntas vacaciones tengas\"}]},{\"@type\":\"WebSite\",\"@id\":\"https:\/\/www.factorenergia.com\/es\/#website\",\"url\":\"https:\/\/www.factorenergia.com\/es\/\",\"name\":\"factorenergia\",\"description\":\"Factor Energ\u00eda\",\"potentialAction\":[{\"@type\":\"SearchAction\",\"target\":{\"@type\":\"EntryPoint\",\"urlTemplate\":\"https:\/\/www.factorenergia.com\/es\/?s={search_term_string}\"},\"query-input\":\"required name=search_term_string\"}],\"inLanguage\":\"es\"},{\"@type\":\"Person\",\"@id\":\"https:\/\/www.factorenergia.com\/es\/#\/schema\/person\/dff9e4b6dc520720e3a37bdaaedc5841\",\"name\":\"Equipo Transici\u00f3n Energ\u00e9tica Factorenergia\",\"image\":{\"@type\":\"ImageObject\",\"inLanguage\":\"es\",\"@id\":\"https:\/\/www.factorenergia.com\/es\/#\/schema\/person\/image\/\",\"url\":\"https:\/\/secure.gravatar.com\/avatar\/1b7c76bab80ee1c4261b06108874e24b?s=96&d=mm&r=g\",\"contentUrl\":\"https:\/\/secure.gravatar.com\/avatar\/1b7c76bab80ee1c4261b06108874e24b?s=96&d=mm&r=g\",\"caption\":\"Equipo Transici\u00f3n Energ\u00e9tica Factorenergia\"},\"description\":\"El equipo est\u00e1 formado por expertos en materia de Luz, Gas y Eficiencia Energ\u00e9tica, que conocen de primera mano las tendencias del mercado. Su experiencia en el sector les permite ofrecer las mejores soluciones energ\u00e9ticas y resolver las dudas planteadas por los clientes.\",\"sameAs\":[\"https:\/\/www.factorenergia.com\/es\/\",\"https:\/\/www.facebook.com\/factorenergiacom\",\"https:\/\/www.instagram.com\/factorenergia_com\/\",\"https:\/\/es.linkedin.com\/company\/factor-energia\",\"https:\/\/twitter.com\/factorenergia\",\"https:\/\/www.youtube.com\/c\/factorenergiacom\"],\"url\":\"https:\/\/www.factorenergia.com\/es\/blog\/author\/marketing\/\"}]}<\/script>\n<!-- \/ Yoast SEO plugin. -->","yoast_head_json":{"title":"C\u00f3mo Ahorrar Luz seg\u00fan cu\u00e1ntas Vacaciones tengas | Factor Energ\u00eda","description":"Ahorrar luz es importante todos los d\u00edas del a\u00f1o, pero cuando te vas de vacaciones, es interesante que no hay un consumo extra. \u00bfCu\u00e1ntos d\u00edas te vas?","robots":{"index":"index","follow":"follow","max-snippet":"max-snippet:-1","max-image-preview":"max-image-preview:large","max-video-preview":"max-video-preview:-1"},"canonical":"https:\/\/www.factorenergia.com\/es\/blog\/ahorrar-electricidad\/como-ahorrar-luz-vacaciones-verano\/","twitter_card":"summary_large_image","twitter_title":"C\u00f3mo Ahorrar Luz seg\u00fan cu\u00e1ntas Vacaciones tengas | Factor Energ\u00eda","twitter_description":"Ahorrar luz es importante todos los d\u00edas del a\u00f1o, pero cuando te vas de vacaciones, es interesante que no hay un consumo extra. \u00bfCu\u00e1ntos d\u00edas te vas?","twitter_creator":"@factorenergia","twitter_site":"@factorenergia","twitter_misc":{"Escrito por":"Equipo Transici\u00f3n Energ\u00e9tica Factorenergia","Tiempo de lectura":"4 minutos"},"schema":{"@context":"https:\/\/schema.org","@graph":[{"@type":"WebPage","@id":"https:\/\/www.factorenergia.com\/es\/blog\/ahorrar-electricidad\/como-ahorrar-luz-vacaciones-verano\/","url":"https:\/\/www.factorenergia.com\/es\/blog\/ahorrar-electricidad\/como-ahorrar-luz-vacaciones-verano\/","name":"C\u00f3mo Ahorrar Luz seg\u00fan cu\u00e1ntas Vacaciones tengas | Factor Energ\u00eda","isPartOf":{"@id":"https:\/\/www.factorenergia.com\/es\/#website"},"datePublished":"2017-05-24T08:13:53+00:00","dateModified":"2023-07-17T08:03:00+00:00","author":{"@id":"https:\/\/www.factorenergia.com\/es\/#\/schema\/person\/dff9e4b6dc520720e3a37bdaaedc5841"},"description":"Ahorrar luz es importante todos los d\u00edas del a\u00f1o, pero cuando te vas de vacaciones, es interesante que no hay un consumo extra. \u00bfCu\u00e1ntos d\u00edas te vas?","breadcrumb":{"@id":"https:\/\/www.factorenergia.com\/es\/blog\/ahorrar-electricidad\/como-ahorrar-luz-vacaciones-verano\/#breadcrumb"},"inLanguage":"es","potentialAction":[{"@type":"ReadAction","target":["https:\/\/www.factorenergia.com\/es\/blog\/ahorrar-electricidad\/como-ahorrar-luz-vacaciones-verano\/"]}]},{"@type":"BreadcrumbList","@id":"https:\/\/www.factorenergia.com\/es\/blog\/ahorrar-electricidad\/como-ahorrar-luz-vacaciones-verano\/#breadcrumb","itemListElement":[{"@type":"ListItem","position":1,"name":"Portada","item":"https:\/\/www.factorenergia.com\/es\/"},{"@type":"ListItem","position":2,"name":"C\u00f3mo ahorrar luz seg\u00fan cu\u00e1ntas vacaciones tengas"}]},{"@type":"WebSite","@id":"https:\/\/www.factorenergia.com\/es\/#website","url":"https:\/\/www.factorenergia.com\/es\/","name":"factorenergia","description":"Factor Energ\u00eda","potentialAction":[{"@type":"SearchAction","target":{"@type":"EntryPoint","urlTemplate":"https:\/\/www.factorenergia.com\/es\/?s={search_term_string}"},"query-input":"required name=search_term_string"}],"inLanguage":"es"},{"@type":"Person","@id":"https:\/\/www.factorenergia.com\/es\/#\/schema\/person\/dff9e4b6dc520720e3a37bdaaedc5841","name":"Equipo Transici\u00f3n Energ\u00e9tica Factorenergia","image":{"@type":"ImageObject","inLanguage":"es","@id":"https:\/\/www.factorenergia.com\/es\/#\/schema\/person\/image\/","url":"https:\/\/secure.gravatar.com\/avatar\/1b7c76bab80ee1c4261b06108874e24b?s=96&d=mm&r=g","contentUrl":"https:\/\/secure.gravatar.com\/avatar\/1b7c76bab80ee1c4261b06108874e24b?s=96&d=mm&r=g","caption":"Equipo Transici\u00f3n Energ\u00e9tica Factorenergia"},"description":"El equipo est\u00e1 formado por expertos en materia de Luz, Gas y Eficiencia Energ\u00e9tica, que conocen de primera mano las tendencias del mercado. Su experiencia en el sector les permite ofrecer las mejores soluciones energ\u00e9ticas y resolver las dudas planteadas por los clientes.","sameAs":["https:\/\/www.factorenergia.com\/es\/","https:\/\/www.facebook.com\/factorenergiacom","https:\/\/www.instagram.com\/factorenergia_com\/","https:\/\/es.linkedin.com\/company\/factor-energia","https:\/\/twitter.com\/factorenergia","https:\/\/www.youtube.com\/c\/factorenergiacom"],"url":"https:\/\/www.factorenergia.com\/es\/blog\/author\/marketing\/"}]}},"_links":{"self":[{"href":"https:\/\/www.factorenergia.com\/es\/wp-json\/wp\/v2\/posts\/3704"}],"collection":[{"href":"https:\/\/www.factorenergia.com\/es\/wp-json\/wp\/v2\/posts"}],"about":[{"href":"https:\/\/www.factorenergia.com\/es\/wp-json\/wp\/v2\/types\/post"}],"author":[{"embeddable":true,"href":"https:\/\/www.factorenergia.com\/es\/wp-json\/wp\/v2\/users\/17"}],"replies":[{"embeddable":true,"href":"https:\/\/www.factorenergia.com\/es\/wp-json\/wp\/v2\/comments?post=3704"}],"version-history":[{"count":4,"href":"https:\/\/www.factorenergia.com\/es\/wp-json\/wp\/v2\/posts\/3704\/revisions"}],"predecessor-version":[{"id":22841,"href":"https:\/\/www.factorenergia.com\/es\/wp-json\/wp\/v2\/posts\/3704\/revisions\/22841"}],"wp:attachment":[{"href":"https:\/\/www.factorenergia.com\/es\/wp-json\/wp\/v2\/media?parent=3704"}],"wp:term":[{"taxonomy":"category","embeddable":true,"href":"https:\/\/www.factorenergia.com\/es\/wp-json\/wp\/v2\/categories?post=3704"},{"taxonomy":"post_tag","embeddable":true,"href":"https:\/\/www.factorenergia.com\/es\/wp-json\/wp\/v2\/tags?post=3704"}],"curies":[{"name":"wp","href":"https:\/\/api.w.org\/{rel}","templated":true}]}}