{"id":3453,"date":"2017-04-26T11:46:03","date_gmt":"2017-04-26T09:46:03","guid":{"rendered":"https:\/\/www.factorenergia.com\/es\/?post_type=blog&#038;p=3453"},"modified":"2024-03-05T11:00:26","modified_gmt":"2024-03-05T09:00:26","slug":"que-es-inverter-ahorrar-factura-luz","status":"publish","type":"post","link":"https:\/\/www.factorenergia.com\/es\/blog\/eficiencia-energetica\/que-es-inverter-ahorrar-factura-luz\/","title":{"rendered":"\u00a1Qu\u00e9 bien le sienta el inverter a tu aire acondicionado!"},"content":{"rendered":"<p><span>\n<script type=\"text\/javascript\" id=\"auto-index\" async defer>\n\n      function indexContent(context){\n\n      var container = document.querySelector(context);\n\n      element = document.getElementById(\"accordion-index\");\n      var titles = Array.from(container.querySelectorAll(\"h2,h3\"));\n\n      for (var i = 0, l = titles.length; i < l; i++) {\n\n\t\tjQuery('#accordionIndex').show();\n\n        var tit = titles[i];\n\t\tvar newTitle = tit.textContent.toLowerCase().replace(\/[^a-zA-Z ]\/g, \"\").replace(\/\\s\/g, '-');\n\t\tvar numTag = Number(tit.tagName.replace(\/[^1-9]\/g, \"\"));\n\t\tvar tagWidth = (numTag*20);\n\n\t\tvar preText = '<span style=\"margin-left:' + tagWidth + 'px\"><\/span>';\n\n        tit.setAttribute(\"id\", newTitle);\n\t\tjQuery(tit).addClass('h-inline');\n\t\t\n\t\tvar toIndex = '<p class=\"h-inline\"><a class=\"blog-toindex\" href=\"#accordionIndex\"><span class=\"glyphicon glyphicon-chevron-up\" aria-hidden=\"true\"><\/span><\/a><\/p>';\n\n\t\tjQuery(toIndex).insertAfter(tit);\n\n        var node = document.createElement(\"LI\");                 \n        var link = document.createElement(\"A\");\n        var textnode = document.createTextNode(tit.textContent);\n\n        link.appendChild(textnode);\n        link.setAttribute(\"href\", '#' + newTitle);\n\t\t\/\/link.setAttribute(\"style\", \"margin-left:\" + tagWidth + \"px\");\n\t\tlink.setAttribute(\"class\", \"acc-h\" + numTag);\n        node.appendChild(link);\n\n        element.appendChild(node);\n\n      }\n    }\n\n    jQuery(document).ready(function(){\t\t\n\t\tindexContent(\".single-post-content\");\n\n\t\tjQuery(\".accordion-toggle\").click(function() {\n\t\t\tjQuery(this).toggleClass(\"open\");\n\t\t\tjQuery(\"#collapseIndex\").slideToggle(\"in\");\n\t\t});\n\t});\n\n\n<\/script>\n\n<style>\n\t.accordion-toggle{\n\t\tcursor:pointer;\n\t}\n\n\t#accordionIndex .panel-heading{\n\t\tmargin-bottom:0px;\n\t}\n\n\t.articulo ul, .articulo ol{\n\t\tmargin-bottom:auto;\n\t}\n\n\t.h-inline{\n\t\tdisplay: inline-flex;\n\t\tflex-wrap: wrap\n\t}\n\t#accordion-index{\n\t\tpadding-left:0px;\n\t}\n\t#accordion-index li a{\n\t\tdisplay:block;\n\t\tpadding-top:5px;\n\t}\n\n\t.acc-h2{\n\t\tmargin-left:0px;\n\t\tposition: relative;\n\t}\n\n\t.acc-h3{\n\t\tmargin-left:25px;\n\t}\n\n\t.acc-h3::before{\n\t\tcontent: \"\";\n\t\tbackground-color:var(--blue-light);\n\t\tmargin-left:-10px;\n\t\twidth: 7px;\n\t\theight: 7px;\n\t\tdisplay: inline-block;\n\t\ttext-align: center;\n\t\tborder-radius: 1000px;\n\t\tmargin-right: 10px;\n    \tmargin-bottom: 2px;\n\t}\n\n\t.acc-h4{\n\t\tmargin-left:40px;\n\t}\n\n\t.acc-h4::before{\n\t\tcontent: \"\";\n\t\tborder: 1px solid var(--blue-light);\n\t\tmargin-left:-5px;\n\t\twidth: 7px;\n\t\theight: 7px;\n\t\tdisplay: inline-block;\n\t\ttext-align: center;\n\t\tborder-radius: 100%;\n\t\tmargin-right: 10px;\n    \tmargin-bottom: 2px;\n\t}\n\n\t.acc-h3:hover::before{\n\t\tbackground-color: var(--blue-darkest);\n\t}\n\n\t.acc-h4:hover::before{\n\t\tborder-color: var(--blue-darkest);\n\t}\n\n\t@media (max-width: 992px){\n\t\t.acc-h2{\n\t\t\tmargin-left:0px;\n\t\t}\n\t\t.acc-h3{\n\t\t\tmargin-left:20px;\n\t\t}\n\t\t.acc-h4{\n\t\t\tmargin-left:40px;\n\t\t}\n\t}\n\n\t\/*\n\th2.h-inline:after,\n\th3.h-inline:after{\n\t\theight: 24px;\n\t\tcontent: \"\";\n\t\tdisplay: table-row;\n\t}*\/\n<\/style>\n\n<div id=\"table-accordion-index\">\n\t<div class=\"panel-group\" id=\"accordionIndex\">\n\t\t<div class=\"panel panel-default\">\n\t\t\t<div class=\"panel-heading\">\n\t\t\t\t<div class=\"panel-title open\"><div class=\"accordion-toggle\" data-toggle=\"collapse\" data-parent=\"#accordion\" aria-expanded=\"true\">\u00cdndice<\/div><\/div>\n\t\t\t<\/div>\n\t\t\t<div id=\"collapseIndex\" class=\"panel-collapse collapse in\" aria-expanded=\"true\">\n\t\t\t\t<div class=\"panel-body\">\n\t\t\t\t\t<ul id=\"accordion-index\">\n\t\t\t\t\t<\/ul>\n\t\t\t\t<\/div>\n\t\t\t<\/div>\n\t\t<\/div>\n\t<\/div>\n<\/div><\/span><\/p>\n<p>Ahora que se acerca el verano vamos a empezar a mirarnos los aparatos de aire acondicionado y a darnos cuenta de todas las particularidades que estos pueden tener.<\/p>\n<p>&nbsp;<\/p>\n<p>Pero, dentro de la eficiencia del aparato que adquiramos, nos proponen hacernos con un aire acondicionado con sistema inverter, \u00a1y nos suena muy bien! \u00bfPero qu\u00e9 es? <strong>Vamos a ver c\u00f3mo\u00a0ahorrar en la factura de la luz con esta tecnolog\u00eda<\/strong>.<\/p>\n<h2>\u00bfQu\u00e9 es la tecnolog\u00eda inverter del aire acondicionado?<\/h2>\n<p>La tecnolog\u00eda inverter, f\u00e1cil de ver en los aires acondicionados, va directamente ligada con la eficiencia del electrodom\u00e9stico. Se aplica el t\u00e9rmino \u201cinverter\u201d a aquellos equipos que dependen de un compresor que, en este caso, regula la velocidad para se mantenga constante,<strong> sin picos de demanda<\/strong> y, esta velocidad, variar\u00e1 seg\u00fan la temperatura deseada.<\/p>\n<h3>En qu\u00e9 se diferencia de un equipo \u201cno inverter\u201d<\/h3>\n<p>Los compresores de, en este caso, los aires acondicionados \u201cno inverter\u201d funcionan siempre a m\u00e1xima velocidad; su rendimiento es m\u00e1ximo hasta que la estancia alcanza la temperatura marcada, y entonces se detiene. En cuanto la temperatura baja de nuevo, vuelve a ponerse a m\u00e1xima potencia.<br \/>\n\r\n<script type=\"text\/javascript\" async defer>\r\n\r\n    jQuery(document).ready(function(){\t\t\r\n\t\t\r\n\t});\r\n<\/script>\r\n\r\n<style>\r\n\t.block-interested_posts{\r\n        margin-top: 10px;\r\n        padding: 20px;\r\n        border: 2px solid #92C200;\r\n    }\r\n    .block-interested_posts ul{\r\n        margin-bottom:0px;\r\n    }\r\n    .block-interested_posts ul li{\r\n        margin-bottom:5px;\r\n    }\r\n    .block-interested_posts ul li a{\r\n        \/*color: #DF981E;*\/\r\n    }\r\n\r\n<\/style>\r\n\r\n<div class=\"block-interested_posts\">\r\n    <p><strong>Post que te pueden interesar<\/strong><\/p>\r\n    <ul>\r\n                    <li><a href=\"https:\/\/www.factorenergia.com\/es\/blog\/eficiencia-energetica\/etiqueta-de-eficiencia-energetica\/\" title=\"La etiqueta de eficiencia energ\u00e9tica\">La etiqueta de eficiencia energ\u00e9tica<\/a><\/li>\r\n                    <li><a href=\"https:\/\/www.factorenergia.com\/es\/blog\/noticias\/aumento-del-consumo-energia-verde\/\" title=\"Aumento del consumo de energ\u00eda verde en los hogares\">Aumento del consumo de energ\u00eda verde en los hogares<\/a><\/li>\r\n            <\/ul>\t\r\n<\/div><\/p>\n<h2>\u00bfCu\u00e1les son las ventajas de la tecnolog\u00eda inverter?<\/h2>\n<p>Actualmente ya es una tecnolog\u00eda muy aplicada por sus m\u00faltiples ventajas, pero las remarcaremos, empezando por su eficiencia y por decir que <strong>es una tecnolog\u00eda muy silenciosa<\/strong>:<\/p>\n<h3>Eficiencia energ\u00e9tica<\/h3>\n<p>La tecnolog\u00eda inverter te ayuda a gastar menos energ\u00eda y, por lo tanto, a ahorrar en la factura de la luz porque<strong> su funcionamiento es progresivo<\/strong>; seg\u00fan el equipo puede llegar a consumir hasta la mitad de la energ\u00eda que consumir\u00eda un equipo no inverter. Eso lleva, claro, a un ahorro econ\u00f3mico, ya que reduce el consumo.<\/p>\n<h3>Temperatura de confort<\/h3>\n<p>Con un aparato inverter podr\u00e1s ahorrar en la factura de la luz y en disgustos, ya que proporciona una temperatura estable que no conlleva cambios bruscos, lo que <strong>es bueno para tu salud y para tu bolsillo<\/strong>.<\/p>\n<h3>Cuida de tu equipo de AC<\/h3>\n<p>Al ser una tecnolog\u00eda que trabaja de forma constante, sin altos y bajos de consumo y rendimiento, <strong>alarga la vida \u00fatil de tu aire acondicionado<\/strong>.<\/p>\n<h2>\u00bfCu\u00e1les son las desventajas de la tecnolog\u00eda inverter?<\/h2>\n<p>Todo pro tiene su contra. La tecnolog\u00eda inverter no tiene contras en s\u00ed, sino que trae con ella algunas posibles malas praxis o poco entendimiento de su uso.<\/p>\n<h3>Es mejor no ser extremista<\/h3>\n<p>Si ponemos la climatizaci\u00f3n al m\u00e1ximo o al m\u00ednimo y luego lo apagamos justo al alcanzar la temperatura deseada evitaremos que entre en funcionamiento la tecnolog\u00eda inverter, de forma que <strong>se recomienda establecer una temperatura confort de 24\u00baC \u2013 26\u00baC<\/strong> ya que, en contra de lo que se piensa, no por ser extremista con las temperaturas se enfriar\u00e1 o calentar\u00e1 la estancia m\u00e1s deprisa.<\/p>\n<h3>Es m\u00e1s cara<\/h3>\n<p>Esto no tiene por qu\u00e9 ser una desventaja, aunque es cierto que a veces echa hacia atr\u00e1s. Un aparato con tecnolog\u00eda inverter suele tener un coste inicial mayor al de uno sin esta tecnolog\u00eda, pero tambi\u00e9n es verdad que <strong>se amortiza con el tiempo<\/strong> ya que, no solo es m\u00e1s eficiente, lo que te ayudar\u00e1 a ahorrar en la factura de la luz, sino que durar\u00e1 m\u00e1s tiempo.<\/p>\n<p>&nbsp;<\/p>\n<p>En Factorenergia queremos ayudarte a ahorrar en la factura de la luz, por ello, te recomendamos que seas lo m\u00e1s eficiente posible y que, adem\u00e1s, consigas las tarifas el\u00e9ctricas m\u00e1s econ\u00f3micas.<\/p>\n<p>&nbsp;<\/p>\n<p>Si quieres ahorrar hasta un 12,5% en tu factura de la luz <strong>ll\u00e1manos gratis al\u00a0 900 850 000 <\/strong>o contrata la luz online. Te esperamos \ud83d\ude42<\/p>\n<p>&nbsp;<\/p>\n","protected":false},"excerpt":{"rendered":"<p>\u00bfQu\u00e9 es eso del \u00abinverter\u00bb? Aprende como ahorrar en la factura de la luz con esta tecnolog\u00eda eficiente que gasta hasta la mitad que un AC convencional.<\/p>\n","protected":false},"author":17,"featured_media":0,"comment_status":"open","ping_status":"closed","sticky":false,"template":"","format":"standard","meta":{"inline_featured_image":false,"footnotes":""},"categories":[51],"tags":[],"acf":{"fecha_de_la_entrada":"20170426","imagen_portada":3463,"categoria_blog":null,"tipo_de_distribuidora":null,"tiempo_lectura":"","banner_bool":false,"titulo_banner":"","texto_banner":"","texto_boton_banner":"","url_boton_banner":"","post_relacionados":""},"yoast_head":"<!-- This site is optimized with the Yoast SEO plugin v22.2 - https:\/\/yoast.com\/wordpress\/plugins\/seo\/ -->\n<title>C\u00f3mo Ahorrar en la Factura de la Luz con el Inverter | Factorenergia<\/title>\n<meta name=\"description\" content=\"\u00bfQu\u00e9 es eso del &quot;inverter&quot;? Aprende como ahorrar en la factura de la luz con esta tecnolog\u00eda eficiente que gasta hasta la mitad que un AC convencional.\" \/>\n<meta name=\"robots\" content=\"index, follow, max-snippet:-1, max-image-preview:large, max-video-preview:-1\" \/>\n<link rel=\"canonical\" href=\"https:\/\/www.factorenergia.com\/es\/blog\/eficiencia-energetica\/que-es-inverter-ahorrar-factura-luz\/\" \/>\n<meta name=\"twitter:card\" content=\"summary_large_image\" \/>\n<meta name=\"twitter:title\" content=\"C\u00f3mo Ahorrar en la Factura de la Luz con el Inverter | Factorenergia\" \/>\n<meta name=\"twitter:description\" content=\"\u00bfQu\u00e9 es eso del &quot;inverter&quot;? Aprende como ahorrar en la factura de la luz con esta tecnolog\u00eda eficiente que gasta hasta la mitad que un AC convencional.\" \/>\n<meta name=\"twitter:creator\" content=\"@factorenergia\" \/>\n<meta name=\"twitter:site\" content=\"@factorenergia\" \/>\n<meta name=\"twitter:label1\" content=\"Escrito por\" \/>\n\t<meta name=\"twitter:data1\" content=\"Equipo Transici\u00f3n Energ\u00e9tica Factorenergia\" \/>\n\t<meta name=\"twitter:label2\" content=\"Tiempo de lectura\" \/>\n\t<meta name=\"twitter:data2\" content=\"3 minutos\" \/>\n<script type=\"application\/ld+json\" class=\"yoast-schema-graph\">{\"@context\":\"https:\/\/schema.org\",\"@graph\":[{\"@type\":\"WebPage\",\"@id\":\"https:\/\/www.factorenergia.com\/es\/blog\/eficiencia-energetica\/que-es-inverter-ahorrar-factura-luz\/\",\"url\":\"https:\/\/www.factorenergia.com\/es\/blog\/eficiencia-energetica\/que-es-inverter-ahorrar-factura-luz\/\",\"name\":\"C\u00f3mo Ahorrar en la Factura de la Luz con el Inverter | Factorenergia\",\"isPartOf\":{\"@id\":\"https:\/\/www.factorenergia.com\/es\/#website\"},\"datePublished\":\"2017-04-26T09:46:03+00:00\",\"dateModified\":\"2024-03-05T09:00:26+00:00\",\"author\":{\"@id\":\"https:\/\/www.factorenergia.com\/es\/#\/schema\/person\/dff9e4b6dc520720e3a37bdaaedc5841\"},\"description\":\"\u00bfQu\u00e9 es eso del \\\"inverter\\\"? Aprende como ahorrar en la factura de la luz con esta tecnolog\u00eda eficiente que gasta hasta la mitad que un AC convencional.\",\"breadcrumb\":{\"@id\":\"https:\/\/www.factorenergia.com\/es\/blog\/eficiencia-energetica\/que-es-inverter-ahorrar-factura-luz\/#breadcrumb\"},\"inLanguage\":\"es\",\"potentialAction\":[{\"@type\":\"ReadAction\",\"target\":[\"https:\/\/www.factorenergia.com\/es\/blog\/eficiencia-energetica\/que-es-inverter-ahorrar-factura-luz\/\"]}]},{\"@type\":\"BreadcrumbList\",\"@id\":\"https:\/\/www.factorenergia.com\/es\/blog\/eficiencia-energetica\/que-es-inverter-ahorrar-factura-luz\/#breadcrumb\",\"itemListElement\":[{\"@type\":\"ListItem\",\"position\":1,\"name\":\"Portada\",\"item\":\"https:\/\/www.factorenergia.com\/es\/\"},{\"@type\":\"ListItem\",\"position\":2,\"name\":\"\u00a1Qu\u00e9 bien le sienta el inverter a tu aire acondicionado!\"}]},{\"@type\":\"WebSite\",\"@id\":\"https:\/\/www.factorenergia.com\/es\/#website\",\"url\":\"https:\/\/www.factorenergia.com\/es\/\",\"name\":\"factorenergia\",\"description\":\"Factor Energ\u00eda\",\"potentialAction\":[{\"@type\":\"SearchAction\",\"target\":{\"@type\":\"EntryPoint\",\"urlTemplate\":\"https:\/\/www.factorenergia.com\/es\/?s={search_term_string}\"},\"query-input\":\"required name=search_term_string\"}],\"inLanguage\":\"es\"},{\"@type\":\"Person\",\"@id\":\"https:\/\/www.factorenergia.com\/es\/#\/schema\/person\/dff9e4b6dc520720e3a37bdaaedc5841\",\"name\":\"Equipo Transici\u00f3n Energ\u00e9tica Factorenergia\",\"image\":{\"@type\":\"ImageObject\",\"inLanguage\":\"es\",\"@id\":\"https:\/\/www.factorenergia.com\/es\/#\/schema\/person\/image\/\",\"url\":\"https:\/\/secure.gravatar.com\/avatar\/1b7c76bab80ee1c4261b06108874e24b?s=96&d=mm&r=g\",\"contentUrl\":\"https:\/\/secure.gravatar.com\/avatar\/1b7c76bab80ee1c4261b06108874e24b?s=96&d=mm&r=g\",\"caption\":\"Equipo Transici\u00f3n Energ\u00e9tica Factorenergia\"},\"description\":\"El equipo est\u00e1 formado por expertos en materia de Luz, Gas y Eficiencia Energ\u00e9tica, que conocen de primera mano las tendencias del mercado. Su experiencia en el sector les permite ofrecer las mejores soluciones energ\u00e9ticas y resolver las dudas planteadas por los clientes.\",\"sameAs\":[\"https:\/\/www.factorenergia.com\/es\/\",\"https:\/\/www.facebook.com\/factorenergiacom\",\"https:\/\/www.instagram.com\/factorenergia_com\/\",\"https:\/\/es.linkedin.com\/company\/factor-energia\",\"https:\/\/twitter.com\/factorenergia\",\"https:\/\/www.youtube.com\/c\/factorenergiacom\"],\"url\":\"https:\/\/www.factorenergia.com\/es\/blog\/author\/marketing\/\"}]}<\/script>\n<!-- \/ Yoast SEO plugin. -->","yoast_head_json":{"title":"C\u00f3mo Ahorrar en la Factura de la Luz con el Inverter | Factorenergia","description":"\u00bfQu\u00e9 es eso del \"inverter\"? Aprende como ahorrar en la factura de la luz con esta tecnolog\u00eda eficiente que gasta hasta la mitad que un AC convencional.","robots":{"index":"index","follow":"follow","max-snippet":"max-snippet:-1","max-image-preview":"max-image-preview:large","max-video-preview":"max-video-preview:-1"},"canonical":"https:\/\/www.factorenergia.com\/es\/blog\/eficiencia-energetica\/que-es-inverter-ahorrar-factura-luz\/","twitter_card":"summary_large_image","twitter_title":"C\u00f3mo Ahorrar en la Factura de la Luz con el Inverter | Factorenergia","twitter_description":"\u00bfQu\u00e9 es eso del \"inverter\"? Aprende como ahorrar en la factura de la luz con esta tecnolog\u00eda eficiente que gasta hasta la mitad que un AC convencional.","twitter_creator":"@factorenergia","twitter_site":"@factorenergia","twitter_misc":{"Escrito por":"Equipo Transici\u00f3n Energ\u00e9tica Factorenergia","Tiempo de lectura":"3 minutos"},"schema":{"@context":"https:\/\/schema.org","@graph":[{"@type":"WebPage","@id":"https:\/\/www.factorenergia.com\/es\/blog\/eficiencia-energetica\/que-es-inverter-ahorrar-factura-luz\/","url":"https:\/\/www.factorenergia.com\/es\/blog\/eficiencia-energetica\/que-es-inverter-ahorrar-factura-luz\/","name":"C\u00f3mo Ahorrar en la Factura de la Luz con el Inverter | Factorenergia","isPartOf":{"@id":"https:\/\/www.factorenergia.com\/es\/#website"},"datePublished":"2017-04-26T09:46:03+00:00","dateModified":"2024-03-05T09:00:26+00:00","author":{"@id":"https:\/\/www.factorenergia.com\/es\/#\/schema\/person\/dff9e4b6dc520720e3a37bdaaedc5841"},"description":"\u00bfQu\u00e9 es eso del \"inverter\"? Aprende como ahorrar en la factura de la luz con esta tecnolog\u00eda eficiente que gasta hasta la mitad que un AC convencional.","breadcrumb":{"@id":"https:\/\/www.factorenergia.com\/es\/blog\/eficiencia-energetica\/que-es-inverter-ahorrar-factura-luz\/#breadcrumb"},"inLanguage":"es","potentialAction":[{"@type":"ReadAction","target":["https:\/\/www.factorenergia.com\/es\/blog\/eficiencia-energetica\/que-es-inverter-ahorrar-factura-luz\/"]}]},{"@type":"BreadcrumbList","@id":"https:\/\/www.factorenergia.com\/es\/blog\/eficiencia-energetica\/que-es-inverter-ahorrar-factura-luz\/#breadcrumb","itemListElement":[{"@type":"ListItem","position":1,"name":"Portada","item":"https:\/\/www.factorenergia.com\/es\/"},{"@type":"ListItem","position":2,"name":"\u00a1Qu\u00e9 bien le sienta el inverter a tu aire acondicionado!"}]},{"@type":"WebSite","@id":"https:\/\/www.factorenergia.com\/es\/#website","url":"https:\/\/www.factorenergia.com\/es\/","name":"factorenergia","description":"Factor Energ\u00eda","potentialAction":[{"@type":"SearchAction","target":{"@type":"EntryPoint","urlTemplate":"https:\/\/www.factorenergia.com\/es\/?s={search_term_string}"},"query-input":"required name=search_term_string"}],"inLanguage":"es"},{"@type":"Person","@id":"https:\/\/www.factorenergia.com\/es\/#\/schema\/person\/dff9e4b6dc520720e3a37bdaaedc5841","name":"Equipo Transici\u00f3n Energ\u00e9tica Factorenergia","image":{"@type":"ImageObject","inLanguage":"es","@id":"https:\/\/www.factorenergia.com\/es\/#\/schema\/person\/image\/","url":"https:\/\/secure.gravatar.com\/avatar\/1b7c76bab80ee1c4261b06108874e24b?s=96&d=mm&r=g","contentUrl":"https:\/\/secure.gravatar.com\/avatar\/1b7c76bab80ee1c4261b06108874e24b?s=96&d=mm&r=g","caption":"Equipo Transici\u00f3n Energ\u00e9tica Factorenergia"},"description":"El equipo est\u00e1 formado por expertos en materia de Luz, Gas y Eficiencia Energ\u00e9tica, que conocen de primera mano las tendencias del mercado. Su experiencia en el sector les permite ofrecer las mejores soluciones energ\u00e9ticas y resolver las dudas planteadas por los clientes.","sameAs":["https:\/\/www.factorenergia.com\/es\/","https:\/\/www.facebook.com\/factorenergiacom","https:\/\/www.instagram.com\/factorenergia_com\/","https:\/\/es.linkedin.com\/company\/factor-energia","https:\/\/twitter.com\/factorenergia","https:\/\/www.youtube.com\/c\/factorenergiacom"],"url":"https:\/\/www.factorenergia.com\/es\/blog\/author\/marketing\/"}]}},"_links":{"self":[{"href":"https:\/\/www.factorenergia.com\/es\/wp-json\/wp\/v2\/posts\/3453"}],"collection":[{"href":"https:\/\/www.factorenergia.com\/es\/wp-json\/wp\/v2\/posts"}],"about":[{"href":"https:\/\/www.factorenergia.com\/es\/wp-json\/wp\/v2\/types\/post"}],"author":[{"embeddable":true,"href":"https:\/\/www.factorenergia.com\/es\/wp-json\/wp\/v2\/users\/17"}],"replies":[{"embeddable":true,"href":"https:\/\/www.factorenergia.com\/es\/wp-json\/wp\/v2\/comments?post=3453"}],"version-history":[{"count":3,"href":"https:\/\/www.factorenergia.com\/es\/wp-json\/wp\/v2\/posts\/3453\/revisions"}],"predecessor-version":[{"id":24958,"href":"https:\/\/www.factorenergia.com\/es\/wp-json\/wp\/v2\/posts\/3453\/revisions\/24958"}],"wp:attachment":[{"href":"https:\/\/www.factorenergia.com\/es\/wp-json\/wp\/v2\/media?parent=3453"}],"wp:term":[{"taxonomy":"category","embeddable":true,"href":"https:\/\/www.factorenergia.com\/es\/wp-json\/wp\/v2\/categories?post=3453"},{"taxonomy":"post_tag","embeddable":true,"href":"https:\/\/www.factorenergia.com\/es\/wp-json\/wp\/v2\/tags?post=3453"}],"curies":[{"name":"wp","href":"https:\/\/api.w.org\/{rel}","templated":true}]}}