{"id":3305,"date":"2017-04-13T14:19:51","date_gmt":"2017-04-13T12:19:51","guid":{"rendered":"https:\/\/www.factorenergia.com\/es\/?post_type=blog&#038;p=3305"},"modified":"2023-02-14T18:47:52","modified_gmt":"2023-02-14T16:47:52","slug":"nueva-etiqueta-energetica","status":"publish","type":"post","link":"https:\/\/www.factorenergia.com\/es\/blog\/noticias\/nueva-etiqueta-energetica\/","title":{"rendered":"Preparan una nueva etiqueta energ\u00e9tica m\u00e1s sencilla"},"content":{"rendered":"<p><span style=\"color: #000000;\">El pasado martes el Parlamento Europeo en consenso con el Consejo y la Comisi\u00f3n aprobaron revisar la actual etiqueta energ\u00e9tica. El sistema que se est\u00e1 usando para calificar el nivel de eficiencia de los electrodom\u00e9sticos utiliza s\u00edmbolos \u201cplus\u201d (+) para denotar si un producto es m\u00e1s o menos eficiente que otro de su misma calificaci\u00f3n. Ahora, se reemplazar\u00e1 este sistema por uno que valore la eficiencia <strong>\u00fanicamente con una escala alfab\u00e9tica de la A a la G<\/strong>.<\/span><\/p>\n<h2><span style=\"color: #000000;\">Etiqueta energ\u00e9tica renovada<\/span><\/h2>\n<p><span style=\"color: #000000;\">Ahora que ya hay acuerdo, solo queda aprobar el texto formalmente. Este cambio ayudar\u00e1 \u2013 dicen desde la Comisi\u00f3n Europea- a tomar decisiones de compra m\u00e1s informadas, y ser\u00e1 acompa\u00f1ada de una base de datos p\u00fablica que ayude a los ciudadanos a comparar la eficiencia energ\u00e9tica de los electrodom\u00e9sticos.<\/span><\/p>\n<p><span style=\"color: #000000;\">La eliminaci\u00f3n de los s\u00edmbolos \u201cplus\u201d recae en que <strong>pod\u00edan resultar enga\u00f1osos y ocultar posibles diferencias<\/strong> entre el rendimiento energ\u00e9tico de un producto y el de otro, a\u00f1aden, de manera que, como dice Maros Sefcovic, vicepresidente de la Uni\u00f3n Europea de la Energ\u00eda, \u201c<em>ha llegado el momento de poner al d\u00eda nuestra escala de etiquetado para permitir a los consumidores que tengan en cuenta la eficiencia energ\u00e9tica a la hora de elegir sus pr\u00f3ximos productos el\u00e9ctricos<\/em>\u201d.<\/span><\/p>\n<h2><span style=\"color: #000000;\">Qu\u00e9 incluye el acuerdo de renovaci\u00f3n de la etiqueta energ\u00e9tica<\/span><\/h2>\n<p><span style=\"color: #000000;\">La Uni\u00f3n Europea alcanz\u00f3 puntos de acuerdo en torno a la etiqueta energ\u00e9tica en cuanto a la revisi\u00f3n de la misma en tanto a eliminar los s\u00edmbolos \u201cplus\u201d, devolvi\u00e9ndola a una <strong>versi\u00f3n m\u00e1s sencilla y clara<\/strong> que vaya solamente en una escala de la A a la G. Acord\u00f3 tambi\u00e9n a\u00f1adir una base de datos de registro de productos que apoyen las actividades de vigilancia del mercado por parte de los Estados miembro a la vez que una base de datos p\u00fablica que sirva de herramienta comparadora al ciudadano.<\/span><\/p>\n<p>&nbsp;<\/p>\n","protected":false},"excerpt":{"rendered":"<p>El pasado martes se aprob\u00f3 revisar la actual etiqueta energ\u00e9tica. Se reemplazar\u00e1 el sistema actual por una escala alfab\u00e9tica de la A a la G sin \u00ab+\u00bb.  <\/p>\n","protected":false},"author":17,"featured_media":0,"comment_status":"closed","ping_status":"closed","sticky":false,"template":"","format":"standard","meta":{"inline_featured_image":false,"footnotes":""},"categories":[60],"tags":[],"acf":{"fecha_de_la_entrada":"20170413","imagen_portada":3306,"categoria_blog":60,"tipo_de_distribuidora":null,"tiempo_lectura":"","banner_bool":false,"titulo_banner":"","texto_banner":"","texto_boton_banner":"","url_boton_banner":"","post_relacionados":null},"yoast_head":"<!-- This site is optimized with the Yoast SEO plugin v22.2 - https:\/\/yoast.com\/wordpress\/plugins\/seo\/ -->\n<title>Preparan una nueva etiqueta energ\u00e9tica m\u00e1s sencilla | factorenergia<\/title>\n<meta name=\"description\" content=\"El pasado martes se aprob\u00f3 revisar la actual etiqueta energ\u00e9tica. Se reemplazar\u00e1 el sistema actual por una escala alfab\u00e9tica de la A a la G sin &quot;+&quot;.\" \/>\n<meta name=\"robots\" content=\"index, follow, max-snippet:-1, max-image-preview:large, max-video-preview:-1\" \/>\n<link rel=\"canonical\" href=\"https:\/\/www.factorenergia.com\/es\/blog\/noticias\/nueva-etiqueta-energetica\/\" \/>\n<meta name=\"twitter:card\" content=\"summary_large_image\" \/>\n<meta name=\"twitter:title\" content=\"Preparan una nueva etiqueta energ\u00e9tica m\u00e1s sencilla | factorenergia\" \/>\n<meta name=\"twitter:description\" content=\"El pasado martes se aprob\u00f3 revisar la actual etiqueta energ\u00e9tica. Se reemplazar\u00e1 el sistema actual por una escala alfab\u00e9tica de la A a la G sin &quot;+&quot;.\" \/>\n<meta name=\"twitter:creator\" content=\"@factorenergia\" \/>\n<meta name=\"twitter:site\" content=\"@factorenergia\" \/>\n<meta name=\"twitter:label1\" content=\"Escrito por\" \/>\n\t<meta name=\"twitter:data1\" content=\"Equipo Transici\u00f3n Energ\u00e9tica Factorenergia\" \/>\n\t<meta name=\"twitter:label2\" content=\"Tiempo de lectura\" \/>\n\t<meta name=\"twitter:data2\" content=\"2 minutos\" \/>\n<script type=\"application\/ld+json\" class=\"yoast-schema-graph\">{\"@context\":\"https:\/\/schema.org\",\"@graph\":[{\"@type\":\"WebPage\",\"@id\":\"https:\/\/www.factorenergia.com\/es\/blog\/noticias\/nueva-etiqueta-energetica\/\",\"url\":\"https:\/\/www.factorenergia.com\/es\/blog\/noticias\/nueva-etiqueta-energetica\/\",\"name\":\"Preparan una nueva etiqueta energ\u00e9tica m\u00e1s sencilla | factorenergia\",\"isPartOf\":{\"@id\":\"https:\/\/www.factorenergia.com\/es\/#website\"},\"datePublished\":\"2017-04-13T12:19:51+00:00\",\"dateModified\":\"2023-02-14T16:47:52+00:00\",\"author\":{\"@id\":\"https:\/\/www.factorenergia.com\/es\/#\/schema\/person\/dff9e4b6dc520720e3a37bdaaedc5841\"},\"description\":\"El pasado martes se aprob\u00f3 revisar la actual etiqueta energ\u00e9tica. Se reemplazar\u00e1 el sistema actual por una escala alfab\u00e9tica de la A a la G sin \\\"+\\\".\",\"breadcrumb\":{\"@id\":\"https:\/\/www.factorenergia.com\/es\/blog\/noticias\/nueva-etiqueta-energetica\/#breadcrumb\"},\"inLanguage\":\"es\",\"potentialAction\":[{\"@type\":\"ReadAction\",\"target\":[\"https:\/\/www.factorenergia.com\/es\/blog\/noticias\/nueva-etiqueta-energetica\/\"]}]},{\"@type\":\"BreadcrumbList\",\"@id\":\"https:\/\/www.factorenergia.com\/es\/blog\/noticias\/nueva-etiqueta-energetica\/#breadcrumb\",\"itemListElement\":[{\"@type\":\"ListItem\",\"position\":1,\"name\":\"Portada\",\"item\":\"https:\/\/www.factorenergia.com\/es\/\"},{\"@type\":\"ListItem\",\"position\":2,\"name\":\"Preparan una nueva etiqueta energ\u00e9tica m\u00e1s sencilla\"}]},{\"@type\":\"WebSite\",\"@id\":\"https:\/\/www.factorenergia.com\/es\/#website\",\"url\":\"https:\/\/www.factorenergia.com\/es\/\",\"name\":\"factorenergia\",\"description\":\"Factor Energ\u00eda\",\"potentialAction\":[{\"@type\":\"SearchAction\",\"target\":{\"@type\":\"EntryPoint\",\"urlTemplate\":\"https:\/\/www.factorenergia.com\/es\/?s={search_term_string}\"},\"query-input\":\"required name=search_term_string\"}],\"inLanguage\":\"es\"},{\"@type\":\"Person\",\"@id\":\"https:\/\/www.factorenergia.com\/es\/#\/schema\/person\/dff9e4b6dc520720e3a37bdaaedc5841\",\"name\":\"Equipo Transici\u00f3n Energ\u00e9tica Factorenergia\",\"image\":{\"@type\":\"ImageObject\",\"inLanguage\":\"es\",\"@id\":\"https:\/\/www.factorenergia.com\/es\/#\/schema\/person\/image\/\",\"url\":\"https:\/\/secure.gravatar.com\/avatar\/1b7c76bab80ee1c4261b06108874e24b?s=96&d=mm&r=g\",\"contentUrl\":\"https:\/\/secure.gravatar.com\/avatar\/1b7c76bab80ee1c4261b06108874e24b?s=96&d=mm&r=g\",\"caption\":\"Equipo Transici\u00f3n Energ\u00e9tica Factorenergia\"},\"description\":\"El equipo est\u00e1 formado por expertos en materia de Luz, Gas y Eficiencia Energ\u00e9tica, que conocen de primera mano las tendencias del mercado. Su experiencia en el sector les permite ofrecer las mejores soluciones energ\u00e9ticas y resolver las dudas planteadas por los clientes.\",\"sameAs\":[\"https:\/\/www.factorenergia.com\/es\/\",\"https:\/\/www.facebook.com\/factorenergiacom\",\"https:\/\/www.instagram.com\/factorenergia_com\/\",\"https:\/\/es.linkedin.com\/company\/factor-energia\",\"https:\/\/twitter.com\/factorenergia\",\"https:\/\/www.youtube.com\/c\/factorenergiacom\"],\"url\":\"https:\/\/www.factorenergia.com\/es\/blog\/author\/marketing\/\"}]}<\/script>\n<!-- \/ Yoast SEO plugin. -->","yoast_head_json":{"title":"Preparan una nueva etiqueta energ\u00e9tica m\u00e1s sencilla | factorenergia","description":"El pasado martes se aprob\u00f3 revisar la actual etiqueta energ\u00e9tica. Se reemplazar\u00e1 el sistema actual por una escala alfab\u00e9tica de la A a la G sin \"+\".","robots":{"index":"index","follow":"follow","max-snippet":"max-snippet:-1","max-image-preview":"max-image-preview:large","max-video-preview":"max-video-preview:-1"},"canonical":"https:\/\/www.factorenergia.com\/es\/blog\/noticias\/nueva-etiqueta-energetica\/","twitter_card":"summary_large_image","twitter_title":"Preparan una nueva etiqueta energ\u00e9tica m\u00e1s sencilla | factorenergia","twitter_description":"El pasado martes se aprob\u00f3 revisar la actual etiqueta energ\u00e9tica. Se reemplazar\u00e1 el sistema actual por una escala alfab\u00e9tica de la A a la G sin \"+\".","twitter_creator":"@factorenergia","twitter_site":"@factorenergia","twitter_misc":{"Escrito por":"Equipo Transici\u00f3n Energ\u00e9tica Factorenergia","Tiempo de lectura":"2 minutos"},"schema":{"@context":"https:\/\/schema.org","@graph":[{"@type":"WebPage","@id":"https:\/\/www.factorenergia.com\/es\/blog\/noticias\/nueva-etiqueta-energetica\/","url":"https:\/\/www.factorenergia.com\/es\/blog\/noticias\/nueva-etiqueta-energetica\/","name":"Preparan una nueva etiqueta energ\u00e9tica m\u00e1s sencilla | factorenergia","isPartOf":{"@id":"https:\/\/www.factorenergia.com\/es\/#website"},"datePublished":"2017-04-13T12:19:51+00:00","dateModified":"2023-02-14T16:47:52+00:00","author":{"@id":"https:\/\/www.factorenergia.com\/es\/#\/schema\/person\/dff9e4b6dc520720e3a37bdaaedc5841"},"description":"El pasado martes se aprob\u00f3 revisar la actual etiqueta energ\u00e9tica. Se reemplazar\u00e1 el sistema actual por una escala alfab\u00e9tica de la A a la G sin \"+\".","breadcrumb":{"@id":"https:\/\/www.factorenergia.com\/es\/blog\/noticias\/nueva-etiqueta-energetica\/#breadcrumb"},"inLanguage":"es","potentialAction":[{"@type":"ReadAction","target":["https:\/\/www.factorenergia.com\/es\/blog\/noticias\/nueva-etiqueta-energetica\/"]}]},{"@type":"BreadcrumbList","@id":"https:\/\/www.factorenergia.com\/es\/blog\/noticias\/nueva-etiqueta-energetica\/#breadcrumb","itemListElement":[{"@type":"ListItem","position":1,"name":"Portada","item":"https:\/\/www.factorenergia.com\/es\/"},{"@type":"ListItem","position":2,"name":"Preparan una nueva etiqueta energ\u00e9tica m\u00e1s sencilla"}]},{"@type":"WebSite","@id":"https:\/\/www.factorenergia.com\/es\/#website","url":"https:\/\/www.factorenergia.com\/es\/","name":"factorenergia","description":"Factor Energ\u00eda","potentialAction":[{"@type":"SearchAction","target":{"@type":"EntryPoint","urlTemplate":"https:\/\/www.factorenergia.com\/es\/?s={search_term_string}"},"query-input":"required name=search_term_string"}],"inLanguage":"es"},{"@type":"Person","@id":"https:\/\/www.factorenergia.com\/es\/#\/schema\/person\/dff9e4b6dc520720e3a37bdaaedc5841","name":"Equipo Transici\u00f3n Energ\u00e9tica Factorenergia","image":{"@type":"ImageObject","inLanguage":"es","@id":"https:\/\/www.factorenergia.com\/es\/#\/schema\/person\/image\/","url":"https:\/\/secure.gravatar.com\/avatar\/1b7c76bab80ee1c4261b06108874e24b?s=96&d=mm&r=g","contentUrl":"https:\/\/secure.gravatar.com\/avatar\/1b7c76bab80ee1c4261b06108874e24b?s=96&d=mm&r=g","caption":"Equipo Transici\u00f3n Energ\u00e9tica Factorenergia"},"description":"El equipo est\u00e1 formado por expertos en materia de Luz, Gas y Eficiencia Energ\u00e9tica, que conocen de primera mano las tendencias del mercado. Su experiencia en el sector les permite ofrecer las mejores soluciones energ\u00e9ticas y resolver las dudas planteadas por los clientes.","sameAs":["https:\/\/www.factorenergia.com\/es\/","https:\/\/www.facebook.com\/factorenergiacom","https:\/\/www.instagram.com\/factorenergia_com\/","https:\/\/es.linkedin.com\/company\/factor-energia","https:\/\/twitter.com\/factorenergia","https:\/\/www.youtube.com\/c\/factorenergiacom"],"url":"https:\/\/www.factorenergia.com\/es\/blog\/author\/marketing\/"}]}},"_links":{"self":[{"href":"https:\/\/www.factorenergia.com\/es\/wp-json\/wp\/v2\/posts\/3305"}],"collection":[{"href":"https:\/\/www.factorenergia.com\/es\/wp-json\/wp\/v2\/posts"}],"about":[{"href":"https:\/\/www.factorenergia.com\/es\/wp-json\/wp\/v2\/types\/post"}],"author":[{"embeddable":true,"href":"https:\/\/www.factorenergia.com\/es\/wp-json\/wp\/v2\/users\/17"}],"replies":[{"embeddable":true,"href":"https:\/\/www.factorenergia.com\/es\/wp-json\/wp\/v2\/comments?post=3305"}],"version-history":[{"count":1,"href":"https:\/\/www.factorenergia.com\/es\/wp-json\/wp\/v2\/posts\/3305\/revisions"}],"predecessor-version":[{"id":18805,"href":"https:\/\/www.factorenergia.com\/es\/wp-json\/wp\/v2\/posts\/3305\/revisions\/18805"}],"acf:term":[{"embeddable":true,"taxonomy":"category","href":"https:\/\/www.factorenergia.com\/es\/wp-json\/wp\/v2\/categories\/60"}],"wp:attachment":[{"href":"https:\/\/www.factorenergia.com\/es\/wp-json\/wp\/v2\/media?parent=3305"}],"wp:term":[{"taxonomy":"category","embeddable":true,"href":"https:\/\/www.factorenergia.com\/es\/wp-json\/wp\/v2\/categories?post=3305"},{"taxonomy":"post_tag","embeddable":true,"href":"https:\/\/www.factorenergia.com\/es\/wp-json\/wp\/v2\/tags?post=3305"}],"curies":[{"name":"wp","href":"https:\/\/api.w.org\/{rel}","templated":true}]}}