{"id":31220,"date":"2026-03-09T16:49:13","date_gmt":"2026-03-09T14:49:13","guid":{"rendered":"https:\/\/www.factorenergia.com\/es\/?p=31220"},"modified":"2026-04-17T13:46:19","modified_gmt":"2026-04-17T11:46:19","slug":"factorenergia-y-el-col%c2%b7legi-dadministradors-de-finques-de-girona-firman-un-acuerdo-para-impulsar-soluciones-energeticas-en-comunidades-de-propietarios","status":"publish","type":"post","link":"https:\/\/www.factorenergia.com\/es\/blog\/empresas\/factorenergia-y-el-col%c2%b7legi-dadministradors-de-finques-de-girona-firman-un-acuerdo-para-impulsar-soluciones-energeticas-en-comunidades-de-propietarios\/","title":{"rendered":"Factorenergia y el Col\u00b7legi d\u2019Administradors de Finques de Girona firman un acuerdo para impulsar soluciones energ\u00e9ticas en comunidades de propietarios"},"content":{"rendered":"<p data-start=\"160\" data-end=\"473\">Factorenergia, comercializadora energ\u00e9tica con una amplia trayectoria en el sector, firma un acuerdo de patrocinio y colaboraci\u00f3n con el <strong data-start=\"297\" data-end=\"355\">Col\u00b7legi d\u2019Administradors de Finques de Girona (CAFGi)<\/strong> con el objetivo de generar sinergias y aportar valor a\u00f1adido al colectivo de <strong data-start=\"433\" data-end=\"472\">administradores de fincas de Girona<\/strong>.<\/p>\n<p data-start=\"475\" data-end=\"679\">La firma del acuerdo cuenta con la participaci\u00f3n de <strong data-start=\"527\" data-end=\"551\">Francesc X. Quintana<\/strong>, presidente del CAFGi, y <strong data-start=\"577\" data-end=\"600\">Lucia Salas Cassola<\/strong>, Sales Manager del Departamento de Administradores de Fincas de Factorenergia.<\/p>\n<p data-start=\"681\" data-end=\"974\">Esta colaboraci\u00f3n refuerza el compromiso de ambas entidades por impulsar <strong data-start=\"754\" data-end=\"834\">soluciones energ\u00e9ticas eficientes para comunidades de propietarios en Girona<\/strong>, en un contexto marcado por la transici\u00f3n energ\u00e9tica, la necesidad de optimizar costes y la creciente demanda de edificios m\u00e1s sostenibles.<\/p>\n<h2 data-section-id=\"3hwbyo\" data-start=\"976\" data-end=\"1044\">Soluciones energ\u00e9ticas para comunidades de propietarios en Girona<\/h2>\n<p data-start=\"1046\" data-end=\"1340\">A trav\u00e9s de este acuerdo, las personas colegiadas del <strong data-start=\"1100\" data-end=\"1150\">Col\u00b7legi d\u2019Administradors de Finques de Girona<\/strong> acceden a los servicios del <strong data-start=\"1179\" data-end=\"1241\">Departamento de Administradores de Fincas de Factorenergia<\/strong>, que ofrece soluciones energ\u00e9ticas adaptadas a las necesidades de las comunidades de propietarios.<\/p>\n<p data-start=\"1342\" data-end=\"1561\">El objetivo es facilitar herramientas y conocimiento que permitan a los administradores mejorar la <strong data-start=\"1441\" data-end=\"1500\">gesti\u00f3n energ\u00e9tica de edificios residenciales en Girona<\/strong>, optimizando el consumo y generando oportunidades de ahorro.<\/p>\n<h3 data-section-id=\"15hnh92\" data-start=\"1563\" data-end=\"1619\">Gesti\u00f3n personalizada para administradores de fincas<\/h3>\n<p data-start=\"1621\" data-end=\"1767\">Factorenergia pone a disposici\u00f3n de los administradores de fincas un servicio especializado que facilita la gesti\u00f3n energ\u00e9tica de las comunidades:<\/p>\n<ul data-start=\"1769\" data-end=\"1997\">\n<li data-section-id=\"1i48wdg\" data-start=\"1769\" data-end=\"1825\">\n<p data-start=\"1771\" data-end=\"1825\"><strong data-start=\"1771\" data-end=\"1825\">Gestor dedicado para cada administrador de fincas.<\/strong><\/p>\n<\/li>\n<li data-section-id=\"64hv39\" data-start=\"1826\" data-end=\"1920\">\n<p data-start=\"1828\" data-end=\"1920\"><strong data-start=\"1828\" data-end=\"1877\">Soporte en todos los tr\u00e1mites administrativos<\/strong> relacionados con el suministro energ\u00e9tico.<\/p>\n<\/li>\n<li data-section-id=\"akduw7\" data-start=\"1921\" data-end=\"1997\">\n<p data-start=\"1923\" data-end=\"1997\">Servicio basado en <strong data-start=\"1942\" data-end=\"1996\">proximidad, profesionalidad y rapidez de respuesta<\/strong>.<\/p>\n<\/li>\n<\/ul>\n<p data-start=\"1999\" data-end=\"2119\">Este acompa\u00f1amiento permite mejorar la gesti\u00f3n diaria de los suministros energ\u00e9ticos de las comunidades de propietarios.<\/p>\n<h3 data-section-id=\"sodc9l\" data-start=\"2121\" data-end=\"2174\">Suministro de electricidad y gas para comunidades<\/h3>\n<p data-start=\"2176\" data-end=\"2285\">El acuerdo tambi\u00e9n permite acceder a condiciones de suministro adaptadas a las necesidades de cada comunidad:<\/p>\n<ul data-start=\"2287\" data-end=\"2509\">\n<li data-section-id=\"79u074\" data-start=\"2287\" data-end=\"2371\">\n<p data-start=\"2289\" data-end=\"2371\"><strong data-start=\"2289\" data-end=\"2371\">Ofertas personalizadas de electricidad y gas para comunidades de propietarios.<\/strong><\/p>\n<\/li>\n<li data-section-id=\"17ski52\" data-start=\"2372\" data-end=\"2448\">\n<p data-start=\"2374\" data-end=\"2448\"><strong data-start=\"2374\" data-end=\"2411\">Precios ajustados al consumo real<\/strong>, sin permanencias ni penalizaciones.<\/p>\n<\/li>\n<li data-section-id=\"a2v4li\" data-start=\"2449\" data-end=\"2509\">\n<p data-start=\"2451\" data-end=\"2509\">Posibilidad de contratar <strong data-start=\"2476\" data-end=\"2508\">energ\u00eda verde 100% renovable<\/strong>.<\/p>\n<\/li>\n<\/ul>\n<p data-start=\"2511\" data-end=\"2625\">Estas soluciones permiten a las comunidades mejorar su eficiencia energ\u00e9tica y optimizar sus costes de suministro.<\/p>\n<h3 data-section-id=\"6wn5tk\" data-start=\"2627\" data-end=\"2681\">Formaci\u00f3n en soluciones energ\u00e9ticas para edificios<\/h3>\n<p data-start=\"2683\" data-end=\"2908\">Otro de los pilares del acuerdo es la <strong data-start=\"2721\" data-end=\"2795\">formaci\u00f3n especializada dirigida a administradores de fincas de Girona<\/strong>, que les permite ampliar sus conocimientos en nuevas soluciones energ\u00e9ticas aplicadas a edificios residenciales.<\/p>\n<p data-start=\"2910\" data-end=\"2951\">Entre los contenidos formativos destacan:<\/p>\n<ul data-start=\"2953\" data-end=\"3124\">\n<li data-section-id=\"j34f2s\" data-start=\"2953\" data-end=\"3006\">\n<p data-start=\"2955\" data-end=\"3006\"><strong data-start=\"2955\" data-end=\"3006\">Autoconsumo individual y autoconsumo colectivo.<\/strong><\/p>\n<\/li>\n<li data-section-id=\"upc9pz\" data-start=\"3007\" data-end=\"3050\">\n<p data-start=\"3009\" data-end=\"3050\"><strong data-start=\"3009\" data-end=\"3050\">Bater\u00edas inteligentes para edificios.<\/strong><\/p>\n<\/li>\n<li data-section-id=\"1rjxoon\" data-start=\"3051\" data-end=\"3077\">\n<p data-start=\"3053\" data-end=\"3077\"><strong data-start=\"3053\" data-end=\"3077\">Comunidades solares.<\/strong><\/p>\n<\/li>\n<li data-section-id=\"ikjxmz\" data-start=\"3078\" data-end=\"3124\">\n<p data-start=\"3080\" data-end=\"3124\"><strong data-start=\"3080\" data-end=\"3124\">Movilidad el\u00e9ctrica y puntos de recarga.<\/strong><\/p>\n<\/li>\n<\/ul>\n<p data-start=\"3126\" data-end=\"3287\">Esta formaci\u00f3n permite a los profesionales del sector <strong data-start=\"3180\" data-end=\"3286\">asesorar a las comunidades de propietarios en estrategias de ahorro energ\u00e9tico y transici\u00f3n energ\u00e9tica<\/strong>.<\/p>\n<h3 data-section-id=\"1qaik9w\" data-start=\"3289\" data-end=\"3333\">Certificados de Ahorro Energ\u00e9tico (CAEs)<\/h3>\n<p data-start=\"3335\" data-end=\"3522\">Factorenergia tambi\u00e9n ofrece asesoramiento en la gesti\u00f3n de <strong data-start=\"3395\" data-end=\"3439\">Certificados de Ahorro Energ\u00e9tico (CAEs)<\/strong>, que acreditan la implementaci\u00f3n de medidas de eficiencia energ\u00e9tica en edificios.<\/p>\n<p data-start=\"3524\" data-end=\"3708\">Estos certificados pueden suponer <strong data-start=\"3558\" data-end=\"3620\">incentivos econ\u00f3micos para las comunidades de propietarios<\/strong>, generando nuevas oportunidades de ahorro a partir de actuaciones de mejora energ\u00e9tica.<\/p>\n<h2 data-section-id=\"1qudqd5\" data-start=\"3710\" data-end=\"3760\">Un impulso a la eficiencia energ\u00e9tica en Girona<\/h2>\n<p data-start=\"3762\" data-end=\"4008\">Con este acuerdo, el <strong data-start=\"3783\" data-end=\"3833\">Col\u00b7legi d\u2019Administradors de Finques de Girona<\/strong> refuerza su compromiso con la profesionalizaci\u00f3n del sector y con la b\u00fasqueda constante de herramientas que faciliten una gesti\u00f3n m\u00e1s eficiente y sostenible de los edificios.<\/p>\n<p data-start=\"4010\" data-end=\"4275\">Por su parte, Factorenergia contin\u00faa trabajando para acercar <strong data-start=\"4071\" data-end=\"4153\">soluciones energ\u00e9ticas innovadoras a las comunidades de propietarios de Girona<\/strong>, contribuyendo a mejorar la eficiencia energ\u00e9tica de los edificios y a avanzar hacia un modelo energ\u00e9tico m\u00e1s sostenible.<\/p>\n","protected":false},"excerpt":{"rendered":"<p>Factorenergia, comercializadora energ\u00e9tica con una amplia trayectoria en el sector, firma un acuerdo de patrocinio y colaboraci\u00f3n con el Col\u00b7legi d\u2019Administradors de Finques de Girona (CAFGi) con el objetivo de generar sinergias y aportar valor a\u00f1adido al colectivo de administradores de fincas de Girona. La firma del acuerdo cuenta con la participaci\u00f3n de Francesc X. [&hellip;]<\/p>\n","protected":false},"author":23,"featured_media":0,"comment_status":"open","ping_status":"open","sticky":false,"template":"","format":"standard","meta":{"inline_featured_image":false,"footnotes":""},"categories":[288],"tags":[],"acf":{"fecha_de_la_entrada":"20260304","imagen_portada":31221,"categoria_blog":null,"tipo_de_distribuidora":null,"tiempo_lectura":"2'","banner_bool":false,"titulo_banner":"","texto_banner":"","texto_boton_banner":"","url_boton_banner":"","post_relacionados":""},"yoast_head":"<!-- This site is optimized with the Yoast SEO plugin v22.2 - https:\/\/yoast.com\/wordpress\/plugins\/seo\/ -->\n<title>Factorenergia y el Col\u00b7legi d\u2019Administradors de Finques de Girona firman un acuerdo para impulsar soluciones energ\u00e9ticas en comunidades de propietarios | factorenergia<\/title>\n<meta name=\"description\" content=\"Factorenergia firma un acuerdo con el Col\u00b7legi d\u2019Administradors de Finques de Girona para impulsar soluciones energ\u00e9ticas y eficiencia en comunidades de propietarios.\" \/>\n<meta name=\"robots\" content=\"index, follow, max-snippet:-1, max-image-preview:large, max-video-preview:-1\" \/>\n<link rel=\"canonical\" href=\"https:\/\/www.factorenergia.com\/es\/blog\/empresas\/factorenergia-y-el-col\u00b7legi-dadministradors-de-finques-de-girona-firman-un-acuerdo-para-impulsar-soluciones-energeticas-en-comunidades-de-propietarios\/\" \/>\n<meta name=\"twitter:card\" content=\"summary_large_image\" \/>\n<meta name=\"twitter:title\" content=\"Factorenergia y el Col\u00b7legi d\u2019Administradors de Finques de Girona firman un acuerdo para impulsar soluciones energ\u00e9ticas en comunidades de propietarios | factorenergia\" \/>\n<meta name=\"twitter:description\" content=\"Factorenergia firma un acuerdo con el Col\u00b7legi d\u2019Administradors de Finques de Girona para impulsar soluciones energ\u00e9ticas y eficiencia en comunidades de propietarios.\" \/>\n<meta name=\"twitter:creator\" content=\"@factorenergia\" \/>\n<meta name=\"twitter:site\" content=\"@factorenergia\" \/>\n<meta name=\"twitter:label1\" content=\"Escrito por\" \/>\n\t<meta name=\"twitter:data1\" content=\"Equipo Transici\u00f3n Energ\u00e9tica Factorenergia\" \/>\n\t<meta name=\"twitter:label2\" content=\"Tiempo de lectura\" \/>\n\t<meta name=\"twitter:data2\" content=\"3 minutos\" \/>\n<script type=\"application\/ld+json\" class=\"yoast-schema-graph\">{\"@context\":\"https:\/\/schema.org\",\"@graph\":[{\"@type\":\"WebPage\",\"@id\":\"https:\/\/www.factorenergia.com\/es\/blog\/empresas\/factorenergia-y-el-col%c2%b7legi-dadministradors-de-finques-de-girona-firman-un-acuerdo-para-impulsar-soluciones-energeticas-en-comunidades-de-propietarios\/\",\"url\":\"https:\/\/www.factorenergia.com\/es\/blog\/empresas\/factorenergia-y-el-col%c2%b7legi-dadministradors-de-finques-de-girona-firman-un-acuerdo-para-impulsar-soluciones-energeticas-en-comunidades-de-propietarios\/\",\"name\":\"Factorenergia y el Col\u00b7legi d\u2019Administradors de Finques de Girona firman un acuerdo para impulsar soluciones energ\u00e9ticas en comunidades de propietarios | factorenergia\",\"isPartOf\":{\"@id\":\"https:\/\/www.factorenergia.com\/es\/#website\"},\"datePublished\":\"2026-03-09T14:49:13+00:00\",\"dateModified\":\"2026-04-17T11:46:19+00:00\",\"author\":{\"@id\":\"https:\/\/www.factorenergia.com\/es\/#\/schema\/person\/0393cfddedf83f56c6fa67cd7f64b4f5\"},\"description\":\"Factorenergia firma un acuerdo con el Col\u00b7legi d\u2019Administradors de Finques de Girona para impulsar soluciones energ\u00e9ticas y eficiencia en comunidades de propietarios.\",\"breadcrumb\":{\"@id\":\"https:\/\/www.factorenergia.com\/es\/blog\/empresas\/factorenergia-y-el-col%c2%b7legi-dadministradors-de-finques-de-girona-firman-un-acuerdo-para-impulsar-soluciones-energeticas-en-comunidades-de-propietarios\/#breadcrumb\"},\"inLanguage\":\"es\",\"potentialAction\":[{\"@type\":\"ReadAction\",\"target\":[\"https:\/\/www.factorenergia.com\/es\/blog\/empresas\/factorenergia-y-el-col%c2%b7legi-dadministradors-de-finques-de-girona-firman-un-acuerdo-para-impulsar-soluciones-energeticas-en-comunidades-de-propietarios\/\"]}]},{\"@type\":\"BreadcrumbList\",\"@id\":\"https:\/\/www.factorenergia.com\/es\/blog\/empresas\/factorenergia-y-el-col%c2%b7legi-dadministradors-de-finques-de-girona-firman-un-acuerdo-para-impulsar-soluciones-energeticas-en-comunidades-de-propietarios\/#breadcrumb\",\"itemListElement\":[{\"@type\":\"ListItem\",\"position\":1,\"name\":\"Portada\",\"item\":\"https:\/\/www.factorenergia.com\/es\/\"},{\"@type\":\"ListItem\",\"position\":2,\"name\":\"Factorenergia y el Col\u00b7legi d\u2019Administradors de Finques de Girona firman un acuerdo para impulsar soluciones energ\u00e9ticas en comunidades de propietarios\"}]},{\"@type\":\"WebSite\",\"@id\":\"https:\/\/www.factorenergia.com\/es\/#website\",\"url\":\"https:\/\/www.factorenergia.com\/es\/\",\"name\":\"factorenergia\",\"description\":\"Factor Energ\u00eda\",\"potentialAction\":[{\"@type\":\"SearchAction\",\"target\":{\"@type\":\"EntryPoint\",\"urlTemplate\":\"https:\/\/www.factorenergia.com\/es\/?s={search_term_string}\"},\"query-input\":\"required name=search_term_string\"}],\"inLanguage\":\"es\"},{\"@type\":\"Person\",\"@id\":\"https:\/\/www.factorenergia.com\/es\/#\/schema\/person\/0393cfddedf83f56c6fa67cd7f64b4f5\",\"name\":\"Equipo Transici\u00f3n Energ\u00e9tica Factorenergia\",\"image\":{\"@type\":\"ImageObject\",\"inLanguage\":\"es\",\"@id\":\"https:\/\/www.factorenergia.com\/es\/#\/schema\/person\/image\/\",\"url\":\"https:\/\/secure.gravatar.com\/avatar\/80959538036dc57cad8f416d2d764870?s=96&d=mm&r=g\",\"contentUrl\":\"https:\/\/secure.gravatar.com\/avatar\/80959538036dc57cad8f416d2d764870?s=96&d=mm&r=g\",\"caption\":\"Equipo Transici\u00f3n Energ\u00e9tica Factorenergia\"},\"url\":\"https:\/\/www.factorenergia.com\/es\/blog\/author\/pilar\/\"}]}<\/script>\n<!-- \/ Yoast SEO plugin. -->","yoast_head_json":{"title":"Factorenergia y el Col\u00b7legi d\u2019Administradors de Finques de Girona firman un acuerdo para impulsar soluciones energ\u00e9ticas en comunidades de propietarios | factorenergia","description":"Factorenergia firma un acuerdo con el Col\u00b7legi d\u2019Administradors de Finques de Girona para impulsar soluciones energ\u00e9ticas y eficiencia en comunidades de propietarios.","robots":{"index":"index","follow":"follow","max-snippet":"max-snippet:-1","max-image-preview":"max-image-preview:large","max-video-preview":"max-video-preview:-1"},"canonical":"https:\/\/www.factorenergia.com\/es\/blog\/empresas\/factorenergia-y-el-col\u00b7legi-dadministradors-de-finques-de-girona-firman-un-acuerdo-para-impulsar-soluciones-energeticas-en-comunidades-de-propietarios\/","twitter_card":"summary_large_image","twitter_title":"Factorenergia y el Col\u00b7legi d\u2019Administradors de Finques de Girona firman un acuerdo para impulsar soluciones energ\u00e9ticas en comunidades de propietarios | factorenergia","twitter_description":"Factorenergia firma un acuerdo con el Col\u00b7legi d\u2019Administradors de Finques de Girona para impulsar soluciones energ\u00e9ticas y eficiencia en comunidades de propietarios.","twitter_creator":"@factorenergia","twitter_site":"@factorenergia","twitter_misc":{"Escrito por":"Equipo Transici\u00f3n Energ\u00e9tica Factorenergia","Tiempo de lectura":"3 minutos"},"schema":{"@context":"https:\/\/schema.org","@graph":[{"@type":"WebPage","@id":"https:\/\/www.factorenergia.com\/es\/blog\/empresas\/factorenergia-y-el-col%c2%b7legi-dadministradors-de-finques-de-girona-firman-un-acuerdo-para-impulsar-soluciones-energeticas-en-comunidades-de-propietarios\/","url":"https:\/\/www.factorenergia.com\/es\/blog\/empresas\/factorenergia-y-el-col%c2%b7legi-dadministradors-de-finques-de-girona-firman-un-acuerdo-para-impulsar-soluciones-energeticas-en-comunidades-de-propietarios\/","name":"Factorenergia y el Col\u00b7legi d\u2019Administradors de Finques de Girona firman un acuerdo para impulsar soluciones energ\u00e9ticas en comunidades de propietarios | factorenergia","isPartOf":{"@id":"https:\/\/www.factorenergia.com\/es\/#website"},"datePublished":"2026-03-09T14:49:13+00:00","dateModified":"2026-04-17T11:46:19+00:00","author":{"@id":"https:\/\/www.factorenergia.com\/es\/#\/schema\/person\/0393cfddedf83f56c6fa67cd7f64b4f5"},"description":"Factorenergia firma un acuerdo con el Col\u00b7legi d\u2019Administradors de Finques de Girona para impulsar soluciones energ\u00e9ticas y eficiencia en comunidades de propietarios.","breadcrumb":{"@id":"https:\/\/www.factorenergia.com\/es\/blog\/empresas\/factorenergia-y-el-col%c2%b7legi-dadministradors-de-finques-de-girona-firman-un-acuerdo-para-impulsar-soluciones-energeticas-en-comunidades-de-propietarios\/#breadcrumb"},"inLanguage":"es","potentialAction":[{"@type":"ReadAction","target":["https:\/\/www.factorenergia.com\/es\/blog\/empresas\/factorenergia-y-el-col%c2%b7legi-dadministradors-de-finques-de-girona-firman-un-acuerdo-para-impulsar-soluciones-energeticas-en-comunidades-de-propietarios\/"]}]},{"@type":"BreadcrumbList","@id":"https:\/\/www.factorenergia.com\/es\/blog\/empresas\/factorenergia-y-el-col%c2%b7legi-dadministradors-de-finques-de-girona-firman-un-acuerdo-para-impulsar-soluciones-energeticas-en-comunidades-de-propietarios\/#breadcrumb","itemListElement":[{"@type":"ListItem","position":1,"name":"Portada","item":"https:\/\/www.factorenergia.com\/es\/"},{"@type":"ListItem","position":2,"name":"Factorenergia y el Col\u00b7legi d\u2019Administradors de Finques de Girona firman un acuerdo para impulsar soluciones energ\u00e9ticas en comunidades de propietarios"}]},{"@type":"WebSite","@id":"https:\/\/www.factorenergia.com\/es\/#website","url":"https:\/\/www.factorenergia.com\/es\/","name":"factorenergia","description":"Factor Energ\u00eda","potentialAction":[{"@type":"SearchAction","target":{"@type":"EntryPoint","urlTemplate":"https:\/\/www.factorenergia.com\/es\/?s={search_term_string}"},"query-input":"required name=search_term_string"}],"inLanguage":"es"},{"@type":"Person","@id":"https:\/\/www.factorenergia.com\/es\/#\/schema\/person\/0393cfddedf83f56c6fa67cd7f64b4f5","name":"Equipo Transici\u00f3n Energ\u00e9tica Factorenergia","image":{"@type":"ImageObject","inLanguage":"es","@id":"https:\/\/www.factorenergia.com\/es\/#\/schema\/person\/image\/","url":"https:\/\/secure.gravatar.com\/avatar\/80959538036dc57cad8f416d2d764870?s=96&d=mm&r=g","contentUrl":"https:\/\/secure.gravatar.com\/avatar\/80959538036dc57cad8f416d2d764870?s=96&d=mm&r=g","caption":"Equipo Transici\u00f3n Energ\u00e9tica Factorenergia"},"url":"https:\/\/www.factorenergia.com\/es\/blog\/author\/pilar\/"}]}},"_links":{"self":[{"href":"https:\/\/www.factorenergia.com\/es\/wp-json\/wp\/v2\/posts\/31220"}],"collection":[{"href":"https:\/\/www.factorenergia.com\/es\/wp-json\/wp\/v2\/posts"}],"about":[{"href":"https:\/\/www.factorenergia.com\/es\/wp-json\/wp\/v2\/types\/post"}],"author":[{"embeddable":true,"href":"https:\/\/www.factorenergia.com\/es\/wp-json\/wp\/v2\/users\/23"}],"replies":[{"embeddable":true,"href":"https:\/\/www.factorenergia.com\/es\/wp-json\/wp\/v2\/comments?post=31220"}],"version-history":[{"count":1,"href":"https:\/\/www.factorenergia.com\/es\/wp-json\/wp\/v2\/posts\/31220\/revisions"}],"predecessor-version":[{"id":31223,"href":"https:\/\/www.factorenergia.com\/es\/wp-json\/wp\/v2\/posts\/31220\/revisions\/31223"}],"wp:attachment":[{"href":"https:\/\/www.factorenergia.com\/es\/wp-json\/wp\/v2\/media?parent=31220"}],"wp:term":[{"taxonomy":"category","embeddable":true,"href":"https:\/\/www.factorenergia.com\/es\/wp-json\/wp\/v2\/categories?post=31220"},{"taxonomy":"post_tag","embeddable":true,"href":"https:\/\/www.factorenergia.com\/es\/wp-json\/wp\/v2\/tags?post=31220"}],"curies":[{"name":"wp","href":"https:\/\/api.w.org\/{rel}","templated":true}]}}