{"id":31153,"date":"2026-03-06T12:02:07","date_gmt":"2026-03-06T10:02:07","guid":{"rendered":"https:\/\/www.factorenergia.com\/es\/?p=31153"},"modified":"2026-03-06T12:02:07","modified_gmt":"2026-03-06T10:02:07","slug":"factorenergia-participa-en-el-encuentro-mercados-y-transicion-energetica-del-grup-gestors-energetics","status":"publish","type":"post","link":"https:\/\/www.factorenergia.com\/es\/blog\/eventos\/factorenergia-participa-en-el-encuentro-mercados-y-transicion-energetica-del-grup-gestors-energetics\/","title":{"rendered":"Factorenergia participa en el encuentro \u201cMercados y Transici\u00f3n Energ\u00e9tica\u201d del Grup Gestors Energ\u00e8tics"},"content":{"rendered":"<p data-start=\"254\" data-end=\"622\">La evoluci\u00f3n del mercado el\u00e9ctrico y del mercado del gas <strong data-start=\"57\" data-end=\"66\">marca<\/strong> el ritmo de la transici\u00f3n energ\u00e9tica en Espa\u00f1a. En este contexto, Factorenergia <strong data-start=\"147\" data-end=\"160\">participa<\/strong> en la jornada \u201cMercados y Transici\u00f3n Energ\u00e9tica\u201d organizada por el Grup Gestors Energ\u00e8tics (GGe), un foro anual de referencia para analizar la situaci\u00f3n actual del sector energ\u00e9tico y sus perspectivas.<\/p>\n<h2 data-start=\"624\" data-end=\"684\">An\u00e1lisis del mercado el\u00e9ctrico: transporte y distribuci\u00f3n<\/h2>\n<p data-start=\"427\" data-end=\"546\">La primera sesi\u00f3n t\u00e9cnica <strong data-start=\"453\" data-end=\"466\">se centra<\/strong> en el mercado el\u00e9ctrico, con especial atenci\u00f3n al transporte y la distribuci\u00f3n.<\/p>\n<p data-start=\"548\" data-end=\"840\">En esta mesa <strong data-start=\"561\" data-end=\"576\">intervienen<\/strong> Emili Rousaud, CEO de Factorenergia y vicepresidente del Grup Gestors Energ\u00e8tics; Trinidad Sala, delegada regional Nordeste de REDEIA; y Oriol Xalabarder, presidente de ASEME. La sesi\u00f3n <strong data-start=\"763\" data-end=\"780\">est\u00e1 moderada<\/strong> por Manel Nicol\u00e1s, presidente de honor de la junta del GGe.<\/p>\n<p data-start=\"842\" data-end=\"1056\">Durante el debate <strong data-start=\"860\" data-end=\"874\">se abordan<\/strong> la situaci\u00f3n del sistema el\u00e9ctrico, el papel de las infraestructuras de red y los principales retos que <strong data-start=\"979\" data-end=\"991\">enfrenta<\/strong> el mercado el\u00e9ctrico en un entorno de transformaci\u00f3n energ\u00e9tica.<\/p>\n<h2 data-start=\"1318\" data-end=\"1391\">Mercado del gas y cogeneraci\u00f3n en el contexto de transici\u00f3n energ\u00e9tica<\/h2>\n<p data-start=\"1122\" data-end=\"1267\">La segunda sesi\u00f3n t\u00e9cnica <strong data-start=\"1148\" data-end=\"1161\">se dedica<\/strong> al mercado del gas y a la cogeneraci\u00f3n, \u00e1mbitos estrat\u00e9gicos dentro del proceso de transici\u00f3n energ\u00e9tica.<\/p>\n<p data-start=\"1269\" data-end=\"1493\">En esta mesa <strong data-start=\"1282\" data-end=\"1295\">participa<\/strong> Alba Brull\u00e9s, directora del departamento de gas de Factorenergia, junto a Jos\u00e9 Javier Rodr\u00edguez, director general de ACOGEN, bajo la moderaci\u00f3n de Carmen Soldado, vocal del Grup Gestors Energ\u00e8tics.<\/p>\n<p data-start=\"1495\" data-end=\"1718\">El an\u00e1lisis <strong data-start=\"1507\" data-end=\"1520\">se centra<\/strong> en la situaci\u00f3n actual del mercado del gas natural y su papel dentro del equilibrio energ\u00e9tico, as\u00ed como en los desaf\u00edos que <strong data-start=\"1646\" data-end=\"1657\">afronta<\/strong> la cogeneraci\u00f3n en el actual marco regulatorio y de mercado.<\/p>\n<h2 data-start=\"1981\" data-end=\"2029\">Un foro estrat\u00e9gico para el sector energ\u00e9tico<\/h2>\n<p data-start=\"1771\" data-end=\"1998\">La jornada <strong data-start=\"1782\" data-end=\"1794\">comienza<\/strong> con la apertura institucional de Mar Aguil\u00f3, presidenta del Grup Gestors Energ\u00e8tics; David Serrano, director corporativo ESG de BSM; y Jos\u00e9 Enrique V\u00e1zquez, presidente de la comisi\u00f3n de energ\u00eda de PIMEC.<\/p>\n<p data-start=\"2000\" data-end=\"2187\">El encuentro <strong data-start=\"2013\" data-end=\"2025\">concluye<\/strong> con un debate final que <strong data-start=\"2050\" data-end=\"2061\">permite<\/strong> contrastar perspectivas sobre la evoluci\u00f3n de los mercados energ\u00e9ticos y los retos estructurales de la transici\u00f3n energ\u00e9tica.<\/p>\n<p data-start=\"2189\" data-end=\"2457\" data-is-last-node=\"\" data-is-only-node=\"\">En Factorenergia <strong data-start=\"2206\" data-end=\"2234\">continuamos participando<\/strong> activamente en espacios de an\u00e1lisis sectorial que <strong data-start=\"2285\" data-end=\"2300\">contribuyen<\/strong> a definir el futuro del mercado el\u00e9ctrico y del mercado del gas, reforzando nuestro compromiso con un modelo energ\u00e9tico eficiente, competitivo y sostenible.<\/p>\n","protected":false},"excerpt":{"rendered":"<p>La evoluci\u00f3n del mercado el\u00e9ctrico y del mercado del gas marca el ritmo de la transici\u00f3n energ\u00e9tica en Espa\u00f1a. En este contexto, Factorenergia participa en la jornada \u201cMercados y Transici\u00f3n Energ\u00e9tica\u201d organizada por el Grup Gestors Energ\u00e8tics (GGe), un foro anual de referencia para analizar la situaci\u00f3n actual del sector energ\u00e9tico y sus perspectivas. An\u00e1lisis [&hellip;]<\/p>\n","protected":false},"author":23,"featured_media":0,"comment_status":"open","ping_status":"open","sticky":false,"template":"","format":"standard","meta":{"inline_featured_image":false,"footnotes":""},"categories":[179],"tags":[243,240,241],"acf":{"fecha_de_la_entrada":"20260306","imagen_portada":31214,"categoria_blog":null,"tipo_de_distribuidora":null,"tiempo_lectura":"2'","banner_bool":false,"titulo_banner":"","texto_banner":"","texto_boton_banner":"","url_boton_banner":"","post_relacionados":""},"yoast_head":"<!-- This site is optimized with the Yoast SEO plugin v22.2 - https:\/\/yoast.com\/wordpress\/plugins\/seo\/ -->\n<title>Factorenergia participa en el encuentro \u201cMercados y Transici\u00f3n Energ\u00e9tica\u201d del Grup Gestors Energ\u00e8tics | factorenergia Factorenergia participa en la jornada \u201cMercados y Transici\u00f3n Energ\u00e9tica\u201d del GGe<\/title>\n<meta name=\"description\" content=\"Factorenergia participa en la jornada \u201cMercados y Transici\u00f3n Energ\u00e9tica\u201d del GGe, analizando el mercado el\u00e9ctrico, del gas y la cogeneraci\u00f3n.\" \/>\n<meta name=\"robots\" content=\"index, follow, max-snippet:-1, max-image-preview:large, max-video-preview:-1\" \/>\n<link rel=\"canonical\" href=\"https:\/\/www.factorenergia.com\/es\/blog\/eventos\/factorenergia-participa-en-el-encuentro-mercados-y-transicion-energetica-del-grup-gestors-energetics\/\" \/>\n<meta name=\"twitter:card\" content=\"summary_large_image\" \/>\n<meta name=\"twitter:title\" content=\"Factorenergia participa en el encuentro \u201cMercados y Transici\u00f3n Energ\u00e9tica\u201d del Grup Gestors Energ\u00e8tics | factorenergia Factorenergia participa en la jornada \u201cMercados y Transici\u00f3n Energ\u00e9tica\u201d del GGe\" \/>\n<meta name=\"twitter:description\" content=\"Factorenergia participa en la jornada \u201cMercados y Transici\u00f3n Energ\u00e9tica\u201d del GGe, analizando el mercado el\u00e9ctrico, del gas y la cogeneraci\u00f3n.\" \/>\n<meta name=\"twitter:creator\" content=\"@factorenergia\" \/>\n<meta name=\"twitter:site\" content=\"@factorenergia\" \/>\n<meta name=\"twitter:label1\" content=\"Escrito por\" \/>\n\t<meta name=\"twitter:data1\" content=\"Equipo Transici\u00f3n Energ\u00e9tica Factorenergia\" \/>\n\t<meta name=\"twitter:label2\" content=\"Tiempo de lectura\" \/>\n\t<meta name=\"twitter:data2\" content=\"2 minutos\" \/>\n<script type=\"application\/ld+json\" class=\"yoast-schema-graph\">{\"@context\":\"https:\/\/schema.org\",\"@graph\":[{\"@type\":\"WebPage\",\"@id\":\"https:\/\/www.factorenergia.com\/es\/blog\/eventos\/factorenergia-participa-en-el-encuentro-mercados-y-transicion-energetica-del-grup-gestors-energetics\/\",\"url\":\"https:\/\/www.factorenergia.com\/es\/blog\/eventos\/factorenergia-participa-en-el-encuentro-mercados-y-transicion-energetica-del-grup-gestors-energetics\/\",\"name\":\"Factorenergia participa en el encuentro \u201cMercados y Transici\u00f3n Energ\u00e9tica\u201d del Grup Gestors Energ\u00e8tics | factorenergia Factorenergia participa en la jornada \u201cMercados y Transici\u00f3n Energ\u00e9tica\u201d del GGe\",\"isPartOf\":{\"@id\":\"https:\/\/www.factorenergia.com\/es\/#website\"},\"datePublished\":\"2026-03-06T10:02:07+00:00\",\"dateModified\":\"2026-03-06T10:02:07+00:00\",\"author\":{\"@id\":\"https:\/\/www.factorenergia.com\/es\/#\/schema\/person\/0393cfddedf83f56c6fa67cd7f64b4f5\"},\"description\":\"Factorenergia participa en la jornada \u201cMercados y Transici\u00f3n Energ\u00e9tica\u201d del GGe, analizando el mercado el\u00e9ctrico, del gas y la cogeneraci\u00f3n.\",\"breadcrumb\":{\"@id\":\"https:\/\/www.factorenergia.com\/es\/blog\/eventos\/factorenergia-participa-en-el-encuentro-mercados-y-transicion-energetica-del-grup-gestors-energetics\/#breadcrumb\"},\"inLanguage\":\"es\",\"potentialAction\":[{\"@type\":\"ReadAction\",\"target\":[\"https:\/\/www.factorenergia.com\/es\/blog\/eventos\/factorenergia-participa-en-el-encuentro-mercados-y-transicion-energetica-del-grup-gestors-energetics\/\"]}]},{\"@type\":\"BreadcrumbList\",\"@id\":\"https:\/\/www.factorenergia.com\/es\/blog\/eventos\/factorenergia-participa-en-el-encuentro-mercados-y-transicion-energetica-del-grup-gestors-energetics\/#breadcrumb\",\"itemListElement\":[{\"@type\":\"ListItem\",\"position\":1,\"name\":\"Portada\",\"item\":\"https:\/\/www.factorenergia.com\/es\/\"},{\"@type\":\"ListItem\",\"position\":2,\"name\":\"Factorenergia participa en el encuentro \u201cMercados y Transici\u00f3n Energ\u00e9tica\u201d del Grup Gestors Energ\u00e8tics\"}]},{\"@type\":\"WebSite\",\"@id\":\"https:\/\/www.factorenergia.com\/es\/#website\",\"url\":\"https:\/\/www.factorenergia.com\/es\/\",\"name\":\"factorenergia\",\"description\":\"Factor Energ\u00eda\",\"potentialAction\":[{\"@type\":\"SearchAction\",\"target\":{\"@type\":\"EntryPoint\",\"urlTemplate\":\"https:\/\/www.factorenergia.com\/es\/?s={search_term_string}\"},\"query-input\":\"required name=search_term_string\"}],\"inLanguage\":\"es\"},{\"@type\":\"Person\",\"@id\":\"https:\/\/www.factorenergia.com\/es\/#\/schema\/person\/0393cfddedf83f56c6fa67cd7f64b4f5\",\"name\":\"Equipo Transici\u00f3n Energ\u00e9tica Factorenergia\",\"image\":{\"@type\":\"ImageObject\",\"inLanguage\":\"es\",\"@id\":\"https:\/\/www.factorenergia.com\/es\/#\/schema\/person\/image\/\",\"url\":\"https:\/\/secure.gravatar.com\/avatar\/80959538036dc57cad8f416d2d764870?s=96&d=mm&r=g\",\"contentUrl\":\"https:\/\/secure.gravatar.com\/avatar\/80959538036dc57cad8f416d2d764870?s=96&d=mm&r=g\",\"caption\":\"Equipo Transici\u00f3n Energ\u00e9tica Factorenergia\"},\"url\":\"https:\/\/www.factorenergia.com\/es\/blog\/author\/pilar\/\"}]}<\/script>\n<!-- \/ Yoast SEO plugin. -->","yoast_head_json":{"title":"Factorenergia participa en el encuentro \u201cMercados y Transici\u00f3n Energ\u00e9tica\u201d del Grup Gestors Energ\u00e8tics | factorenergia Factorenergia participa en la jornada \u201cMercados y Transici\u00f3n Energ\u00e9tica\u201d del GGe","description":"Factorenergia participa en la jornada \u201cMercados y Transici\u00f3n Energ\u00e9tica\u201d del GGe, analizando el mercado el\u00e9ctrico, del gas y la cogeneraci\u00f3n.","robots":{"index":"index","follow":"follow","max-snippet":"max-snippet:-1","max-image-preview":"max-image-preview:large","max-video-preview":"max-video-preview:-1"},"canonical":"https:\/\/www.factorenergia.com\/es\/blog\/eventos\/factorenergia-participa-en-el-encuentro-mercados-y-transicion-energetica-del-grup-gestors-energetics\/","twitter_card":"summary_large_image","twitter_title":"Factorenergia participa en el encuentro \u201cMercados y Transici\u00f3n Energ\u00e9tica\u201d del Grup Gestors Energ\u00e8tics | factorenergia Factorenergia participa en la jornada \u201cMercados y Transici\u00f3n Energ\u00e9tica\u201d del GGe","twitter_description":"Factorenergia participa en la jornada \u201cMercados y Transici\u00f3n Energ\u00e9tica\u201d del GGe, analizando el mercado el\u00e9ctrico, del gas y la cogeneraci\u00f3n.","twitter_creator":"@factorenergia","twitter_site":"@factorenergia","twitter_misc":{"Escrito por":"Equipo Transici\u00f3n Energ\u00e9tica Factorenergia","Tiempo de lectura":"2 minutos"},"schema":{"@context":"https:\/\/schema.org","@graph":[{"@type":"WebPage","@id":"https:\/\/www.factorenergia.com\/es\/blog\/eventos\/factorenergia-participa-en-el-encuentro-mercados-y-transicion-energetica-del-grup-gestors-energetics\/","url":"https:\/\/www.factorenergia.com\/es\/blog\/eventos\/factorenergia-participa-en-el-encuentro-mercados-y-transicion-energetica-del-grup-gestors-energetics\/","name":"Factorenergia participa en el encuentro \u201cMercados y Transici\u00f3n Energ\u00e9tica\u201d del Grup Gestors Energ\u00e8tics | factorenergia Factorenergia participa en la jornada \u201cMercados y Transici\u00f3n Energ\u00e9tica\u201d del GGe","isPartOf":{"@id":"https:\/\/www.factorenergia.com\/es\/#website"},"datePublished":"2026-03-06T10:02:07+00:00","dateModified":"2026-03-06T10:02:07+00:00","author":{"@id":"https:\/\/www.factorenergia.com\/es\/#\/schema\/person\/0393cfddedf83f56c6fa67cd7f64b4f5"},"description":"Factorenergia participa en la jornada \u201cMercados y Transici\u00f3n Energ\u00e9tica\u201d del GGe, analizando el mercado el\u00e9ctrico, del gas y la cogeneraci\u00f3n.","breadcrumb":{"@id":"https:\/\/www.factorenergia.com\/es\/blog\/eventos\/factorenergia-participa-en-el-encuentro-mercados-y-transicion-energetica-del-grup-gestors-energetics\/#breadcrumb"},"inLanguage":"es","potentialAction":[{"@type":"ReadAction","target":["https:\/\/www.factorenergia.com\/es\/blog\/eventos\/factorenergia-participa-en-el-encuentro-mercados-y-transicion-energetica-del-grup-gestors-energetics\/"]}]},{"@type":"BreadcrumbList","@id":"https:\/\/www.factorenergia.com\/es\/blog\/eventos\/factorenergia-participa-en-el-encuentro-mercados-y-transicion-energetica-del-grup-gestors-energetics\/#breadcrumb","itemListElement":[{"@type":"ListItem","position":1,"name":"Portada","item":"https:\/\/www.factorenergia.com\/es\/"},{"@type":"ListItem","position":2,"name":"Factorenergia participa en el encuentro \u201cMercados y Transici\u00f3n Energ\u00e9tica\u201d del Grup Gestors Energ\u00e8tics"}]},{"@type":"WebSite","@id":"https:\/\/www.factorenergia.com\/es\/#website","url":"https:\/\/www.factorenergia.com\/es\/","name":"factorenergia","description":"Factor Energ\u00eda","potentialAction":[{"@type":"SearchAction","target":{"@type":"EntryPoint","urlTemplate":"https:\/\/www.factorenergia.com\/es\/?s={search_term_string}"},"query-input":"required name=search_term_string"}],"inLanguage":"es"},{"@type":"Person","@id":"https:\/\/www.factorenergia.com\/es\/#\/schema\/person\/0393cfddedf83f56c6fa67cd7f64b4f5","name":"Equipo Transici\u00f3n Energ\u00e9tica Factorenergia","image":{"@type":"ImageObject","inLanguage":"es","@id":"https:\/\/www.factorenergia.com\/es\/#\/schema\/person\/image\/","url":"https:\/\/secure.gravatar.com\/avatar\/80959538036dc57cad8f416d2d764870?s=96&d=mm&r=g","contentUrl":"https:\/\/secure.gravatar.com\/avatar\/80959538036dc57cad8f416d2d764870?s=96&d=mm&r=g","caption":"Equipo Transici\u00f3n Energ\u00e9tica Factorenergia"},"url":"https:\/\/www.factorenergia.com\/es\/blog\/author\/pilar\/"}]}},"_links":{"self":[{"href":"https:\/\/www.factorenergia.com\/es\/wp-json\/wp\/v2\/posts\/31153"}],"collection":[{"href":"https:\/\/www.factorenergia.com\/es\/wp-json\/wp\/v2\/posts"}],"about":[{"href":"https:\/\/www.factorenergia.com\/es\/wp-json\/wp\/v2\/types\/post"}],"author":[{"embeddable":true,"href":"https:\/\/www.factorenergia.com\/es\/wp-json\/wp\/v2\/users\/23"}],"replies":[{"embeddable":true,"href":"https:\/\/www.factorenergia.com\/es\/wp-json\/wp\/v2\/comments?post=31153"}],"version-history":[{"count":3,"href":"https:\/\/www.factorenergia.com\/es\/wp-json\/wp\/v2\/posts\/31153\/revisions"}],"predecessor-version":[{"id":31218,"href":"https:\/\/www.factorenergia.com\/es\/wp-json\/wp\/v2\/posts\/31153\/revisions\/31218"}],"wp:attachment":[{"href":"https:\/\/www.factorenergia.com\/es\/wp-json\/wp\/v2\/media?parent=31153"}],"wp:term":[{"taxonomy":"category","embeddable":true,"href":"https:\/\/www.factorenergia.com\/es\/wp-json\/wp\/v2\/categories?post=31153"},{"taxonomy":"post_tag","embeddable":true,"href":"https:\/\/www.factorenergia.com\/es\/wp-json\/wp\/v2\/tags?post=31153"}],"curies":[{"name":"wp","href":"https:\/\/api.w.org\/{rel}","templated":true}]}}