{"id":30973,"date":"2026-01-29T17:25:48","date_gmt":"2026-01-29T15:25:48","guid":{"rendered":"https:\/\/www.factorenergia.com\/es\/?p=30973"},"modified":"2026-01-29T17:25:48","modified_gmt":"2026-01-29T15:25:48","slug":"factorenergia-ha-participado-en-el-iv-foro-empresarial-de-autoconsumo-hacia-el-millon-de-tejados-solares","status":"publish","type":"post","link":"https:\/\/www.factorenergia.com\/es\/blog\/eventos\/factorenergia-ha-participado-en-el-iv-foro-empresarial-de-autoconsumo-hacia-el-millon-de-tejados-solares\/","title":{"rendered":"Factorenergia ha participado en el IV Foro Empresarial de Autoconsumo: hacia el mill\u00f3n de tejados solares"},"content":{"rendered":"<p>El <strong data-start=\"354\" data-end=\"392\">IV Foro Empresarial de Autoconsumo<\/strong>, organizado por <em data-start=\"409\" data-end=\"426\">elEconomista.es<\/em>, <strong data-start=\"428\" data-end=\"472\">ha tenido lugar el mi\u00e9rcoles 28 de enero<\/strong> y se ha consolidado como uno de los encuentros de referencia del sector energ\u00e9tico en Espa\u00f1a. Bajo el t\u00edtulo <strong data-start=\"582\" data-end=\"622\">\u201cHacia el mill\u00f3n de tejados solares\u201d<\/strong>, la jornada <strong data-start=\"635\" data-end=\"690\">ha puesto el foco en el papel clave del autoconsumo<\/strong> como palanca de la transici\u00f3n energ\u00e9tica y del crecimiento econ\u00f3mico sostenible.<\/p>\n<p>El evento <strong data-start=\"783\" data-end=\"817\">ha arrancado a las 10:00 horas<\/strong> con una ponencia inaugural a cargo de <strong data-start=\"856\" data-end=\"874\">Miguel Rodrigo<\/strong>, director general del <strong data-start=\"897\" data-end=\"967\">Instituto para la Diversificaci\u00f3n y el Ahorro de la Energ\u00eda (IDAE)<\/strong>, quien <strong data-start=\"975\" data-end=\"1044\">ha subrayado la importancia de la labor comunicativa y pedag\u00f3gica<\/strong> para acelerar la adopci\u00f3n del autoconsumo en los \u00faltimos a\u00f1os.<\/p>\n<h2>El autoconsumo se ha consolidado como eje de la transici\u00f3n energ\u00e9tica<\/h2>\n<p data-start=\"1183\" data-end=\"1537\">Durante su intervenci\u00f3n, Miguel Rodrigo <strong data-start=\"1223\" data-end=\"1336\">ha destacado que en los \u00faltimos seis a\u00f1os se ha trazado una hoja de ruta clara hacia la transici\u00f3n energ\u00e9tica<\/strong>, apoyada por ayudas p\u00fablicas que <strong data-start=\"1370\" data-end=\"1406\">han impulsado l\u00edneas innovadoras<\/strong> como la agrovoltaica, la fotovoltaica flotante, el autoconsumo colectivo, la repotenciaci\u00f3n de instalaciones y las redes de calor.<\/p>\n<p data-start=\"1539\" data-end=\"1723\">Estas iniciativas <strong data-start=\"1557\" data-end=\"1596\">han demostrado ser modelos de \u00e9xito<\/strong>, reforzando el papel del autoconsumo como una soluci\u00f3n madura, eficiente y escalable tanto para empresas como para ciudadanos.<\/p>\n<h2 data-start=\"1539\" data-end=\"1723\">Una mesa de debate con los principales actores del sector<\/h2>\n<p data-start=\"1787\" data-end=\"2002\">Tras la ponencia inaugural, el foro <strong data-start=\"1823\" data-end=\"1863\">ha continuado con una mesa de debate<\/strong> moderada por <strong data-start=\"1877\" data-end=\"1895\">Rub\u00e9n Esteller<\/strong>, director adjunto de <em data-start=\"1917\" data-end=\"1934\">elEconomista.es<\/em>. En ella <strong data-start=\"1944\" data-end=\"2001\">han participado seis referentes del sector energ\u00e9tico<\/strong>:<\/p>\n<ul data-start=\"2004\" data-end=\"2401\">\n<li data-start=\"2004\" data-end=\"2042\">\n<p data-start=\"2006\" data-end=\"2042\">Alberto Mart\u00edn, CEO de NetOn Power<\/p>\n<\/li>\n<li data-start=\"2043\" data-end=\"2099\">\n<p data-start=\"2045\" data-end=\"2099\">Alejandro Tejero-Garc\u00e9s, director general de Visalia<\/p>\n<\/li>\n<li data-start=\"2100\" data-end=\"2183\">\n<p data-start=\"2102\" data-end=\"2183\">Shalina Chandnani, responsable de proyectos de Generaci\u00f3n Distribuida de Repsol<\/p>\n<\/li>\n<li data-start=\"2184\" data-end=\"2249\">\n<p data-start=\"2186\" data-end=\"2249\">Mateo Andrada Vanderwilde, director general y CIO de Finlight<\/p>\n<\/li>\n<li data-start=\"2250\" data-end=\"2340\">\n<p data-start=\"2252\" data-end=\"2340\"><strong data-start=\"2252\" data-end=\"2338\">Carlos Gallar, director del Departamento de Transici\u00f3n Energ\u00e9tica de Factorenergia<\/strong><\/p>\n<\/li>\n<li data-start=\"2341\" data-end=\"2401\">\n<p data-start=\"2343\" data-end=\"2401\">Carlos Costa, Business Director de Octopus Energy Espa\u00f1a<\/p>\n<\/li>\n<\/ul>\n<p data-start=\"2403\" data-end=\"2560\">Durante el debate <strong data-start=\"2421\" data-end=\"2501\">se han abordado los distintos segmentos de negocio vinculados al autoconsumo<\/strong> y los retos actuales para seguir acelerando su despliegue.<\/p>\n<h2 data-start=\"2403\" data-end=\"2560\">Factorenergia ha reafirmado su compromiso con soluciones innovadoras de autoconsumo<\/h2>\n<p data-start=\"2650\" data-end=\"3008\">En su intervenci\u00f3n, <strong data-start=\"2670\" data-end=\"2774\">Carlos Gallar ha explicado que Factorenergia, como primera comercializadora independiente del sector<\/strong>, <strong data-start=\"2776\" data-end=\"2814\">ha aportado soluciones innovadoras<\/strong> que abarcan desde comunidades solares y soluciones de veh\u00edculo el\u00e9ctrico hasta proyectos de almacenamiento energ\u00e9tico y acompa\u00f1amiento integral a los clientes en su proceso de descarbonizaci\u00f3n.<\/p>\n<p data-start=\"3010\" data-end=\"3165\">Actualmente, Factorenergia <strong data-start=\"3037\" data-end=\"3097\">ha ejecutado cerca de 2.000 instalaciones de autoconsumo<\/strong>, lo que <strong data-start=\"3106\" data-end=\"3149\">ha reforzado su experiencia y liderazgo<\/strong> en este \u00e1mbito.<\/p>\n<h2 data-start=\"3010\" data-end=\"3165\">Barreras, digitalizaci\u00f3n y flexibilidad: los retos del autoconsumo<\/h2>\n<p data-start=\"3238\" data-end=\"3594\">Durante el foro <strong data-start=\"3254\" data-end=\"3313\">se han identificado algunas de las principales barreras<\/strong> para el desarrollo del autoconsumo, especialmente en proyectos colectivos. Carlos Gallar <strong data-start=\"3403\" data-end=\"3477\">ha se\u00f1alado la necesidad de avanzar en figuras clave como el agregador<\/strong>, que <strong data-start=\"3483\" data-end=\"3545\">ha facilitado la coordinaci\u00f3n entre m\u00faltiples propietarios<\/strong> y ha permitido escalar este tipo de iniciativas.<\/p>\n<p data-start=\"3596\" data-end=\"3840\">Asimismo, <strong data-start=\"3606\" data-end=\"3687\">se ha puesto de relieve que la digitalizaci\u00f3n de los tr\u00e1mites administrativos<\/strong>, tanto a nivel municipal como auton\u00f3mico, <strong data-start=\"3730\" data-end=\"3753\">se ha quedado atr\u00e1s<\/strong> y <strong data-start=\"3756\" data-end=\"3805\">ha sido identificada como un foco prioritario<\/strong> para los pr\u00f3ximos reales decretos.<\/p>\n<p data-start=\"3842\" data-end=\"4072\">La inversi\u00f3n en infraestructuras de redes de distribuci\u00f3n y la flexibilidad del sistema <strong data-start=\"3930\" data-end=\"3977\">se han presentado como elementos esenciales<\/strong> para integrar el crecimiento acelerado del autoconsumo que ya se ha producido a nivel europeo.<\/p>\n<h2 data-start=\"3842\" data-end=\"4072\">El precio, la compensaci\u00f3n de excedentes y el papel de las bater\u00edas<\/h2>\n<p data-start=\"4146\" data-end=\"4403\">El foro <strong data-start=\"4154\" data-end=\"4226\">ha confirmado que el argumento del precio ha seguido siendo decisivo<\/strong> para que empresas y particulares apuesten por el autoconsumo. La compensaci\u00f3n de excedentes y el valor econ\u00f3mico de la energ\u00eda sobrante <strong data-start=\"4363\" data-end=\"4402\">han sido temas centrales del debate<\/strong>.<\/p>\n<p data-start=\"4405\" data-end=\"4734\">En este contexto, <strong data-start=\"4423\" data-end=\"4510\">desde Factorenergia se ha observado un incremento en la demanda de bater\u00edas f\u00edsicas<\/strong>, tanto en clientes residenciales sin autoconsumo previo como en nuevas instalaciones. Estas soluciones <strong data-start=\"4614\" data-end=\"4683\">han permitido maximizar el aprovechamiento de la energ\u00eda generada<\/strong> y aportar mayor valor a las instalaciones solares.<\/p>\n<h2 data-start=\"4405\" data-end=\"4734\">La peque\u00f1a y mediana empresa, motor del autoconsumo en Espa\u00f1a<\/h2>\n<p>Otro de los puntos clave del foro <strong data-start=\"4836\" data-end=\"4901\">ha sido la deducci\u00f3n fiscal para la peque\u00f1a y mediana empresa<\/strong>, que <strong data-start=\"4907\" data-end=\"4959\">se ha identificado como un incentivo estrat\u00e9gico<\/strong>. Las pymes <strong data-start=\"4971\" data-end=\"5042\">han sido reconocidas como un motor esencial de la econom\u00eda espa\u00f1ola<\/strong> y como un segmento prioritario para acelerar la implantaci\u00f3n del autoconsumo.<\/p>\n<h2>Hacia un modelo energ\u00e9tico m\u00e1s digital, flexible y sostenible<\/h2>\n<p data-start=\"5188\" data-end=\"5438\">El IV Foro Empresarial de Autoconsumo <strong data-start=\"5226\" data-end=\"5313\">ha concluido reafirmando que la digitalizaci\u00f3n ha sido y seguir\u00e1 siendo fundamental<\/strong> para hibridar soluciones, integrar almacenamiento y avanzar hacia un modelo energ\u00e9tico m\u00e1s flexible, eficiente y sostenible.<\/p>\n<p data-start=\"5440\" data-end=\"5693\">Desde Factorenergia <strong data-start=\"5460\" data-end=\"5522\">se ha reforzado el compromiso con la transici\u00f3n energ\u00e9tica<\/strong>, acompa\u00f1ando a empresas y hogares en su camino hacia la descarbonizaci\u00f3n y contribuyendo activamente a alcanzar el objetivo de <strong data-start=\"5650\" data-end=\"5692\">un mill\u00f3n de tejados solares en Espa\u00f1a<\/strong>.<\/p>\n","protected":false},"excerpt":{"rendered":"<p>El IV Foro Empresarial de Autoconsumo, organizado por elEconomista.es, ha tenido lugar el mi\u00e9rcoles 28 de enero y se ha consolidado como uno de los encuentros de referencia del sector energ\u00e9tico en Espa\u00f1a. Bajo el t\u00edtulo \u201cHacia el mill\u00f3n de tejados solares\u201d, la jornada ha puesto el foco en el papel clave del autoconsumo como [&hellip;]<\/p>\n","protected":false},"author":23,"featured_media":0,"comment_status":"open","ping_status":"open","sticky":false,"template":"","format":"standard","meta":{"inline_featured_image":false,"footnotes":""},"categories":[179],"tags":[],"acf":{"fecha_de_la_entrada":"20260128","imagen_portada":30977,"categoria_blog":null,"tipo_de_distribuidora":null,"tiempo_lectura":"2'","banner_bool":false,"titulo_banner":"","texto_banner":"","texto_boton_banner":"","url_boton_banner":"","post_relacionados":""},"yoast_head":"<!-- This site is optimized with the Yoast SEO plugin v22.2 - https:\/\/yoast.com\/wordpress\/plugins\/seo\/ -->\n<title>Factorenergia ha participado en el IV Foro Empresarial de Autoconsumo: hacia el mill\u00f3n de tejados solares | factorenergia<\/title>\n<meta name=\"description\" content=\"Factorenergia ha intervenido en el IV Foro Empresarial de Autoconsumo de elEconomista.es y ha analizado retos clave como la digitalizaci\u00f3n, las bater\u00edas y el autoconsumo colectivo.\" \/>\n<meta name=\"robots\" content=\"index, follow, max-snippet:-1, max-image-preview:large, max-video-preview:-1\" \/>\n<link rel=\"canonical\" href=\"https:\/\/www.factorenergia.com\/es\/blog\/eventos\/factorenergia-ha-participado-en-el-iv-foro-empresarial-de-autoconsumo-hacia-el-millon-de-tejados-solares\/\" \/>\n<meta name=\"twitter:card\" content=\"summary_large_image\" \/>\n<meta name=\"twitter:title\" content=\"Factorenergia ha participado en el IV Foro Empresarial de Autoconsumo: hacia el mill\u00f3n de tejados solares | factorenergia\" \/>\n<meta name=\"twitter:description\" content=\"Factorenergia ha intervenido en el IV Foro Empresarial de Autoconsumo de elEconomista.es y ha analizado retos clave como la digitalizaci\u00f3n, las bater\u00edas y el autoconsumo colectivo.\" \/>\n<meta name=\"twitter:creator\" content=\"@factorenergia\" \/>\n<meta name=\"twitter:site\" content=\"@factorenergia\" \/>\n<meta name=\"twitter:label1\" content=\"Escrito por\" \/>\n\t<meta name=\"twitter:data1\" content=\"Equipo Transici\u00f3n Energ\u00e9tica Factorenergia\" \/>\n\t<meta name=\"twitter:label2\" content=\"Tiempo de lectura\" \/>\n\t<meta name=\"twitter:data2\" content=\"4 minutos\" \/>\n<script type=\"application\/ld+json\" class=\"yoast-schema-graph\">{\"@context\":\"https:\/\/schema.org\",\"@graph\":[{\"@type\":\"WebPage\",\"@id\":\"https:\/\/www.factorenergia.com\/es\/blog\/eventos\/factorenergia-ha-participado-en-el-iv-foro-empresarial-de-autoconsumo-hacia-el-millon-de-tejados-solares\/\",\"url\":\"https:\/\/www.factorenergia.com\/es\/blog\/eventos\/factorenergia-ha-participado-en-el-iv-foro-empresarial-de-autoconsumo-hacia-el-millon-de-tejados-solares\/\",\"name\":\"Factorenergia ha participado en el IV Foro Empresarial de Autoconsumo: hacia el mill\u00f3n de tejados solares | factorenergia\",\"isPartOf\":{\"@id\":\"https:\/\/www.factorenergia.com\/es\/#website\"},\"datePublished\":\"2026-01-29T15:25:48+00:00\",\"dateModified\":\"2026-01-29T15:25:48+00:00\",\"author\":{\"@id\":\"https:\/\/www.factorenergia.com\/es\/#\/schema\/person\/0393cfddedf83f56c6fa67cd7f64b4f5\"},\"description\":\"Factorenergia ha intervenido en el IV Foro Empresarial de Autoconsumo de elEconomista.es y ha analizado retos clave como la digitalizaci\u00f3n, las bater\u00edas y el autoconsumo colectivo.\",\"breadcrumb\":{\"@id\":\"https:\/\/www.factorenergia.com\/es\/blog\/eventos\/factorenergia-ha-participado-en-el-iv-foro-empresarial-de-autoconsumo-hacia-el-millon-de-tejados-solares\/#breadcrumb\"},\"inLanguage\":\"es\",\"potentialAction\":[{\"@type\":\"ReadAction\",\"target\":[\"https:\/\/www.factorenergia.com\/es\/blog\/eventos\/factorenergia-ha-participado-en-el-iv-foro-empresarial-de-autoconsumo-hacia-el-millon-de-tejados-solares\/\"]}]},{\"@type\":\"BreadcrumbList\",\"@id\":\"https:\/\/www.factorenergia.com\/es\/blog\/eventos\/factorenergia-ha-participado-en-el-iv-foro-empresarial-de-autoconsumo-hacia-el-millon-de-tejados-solares\/#breadcrumb\",\"itemListElement\":[{\"@type\":\"ListItem\",\"position\":1,\"name\":\"Portada\",\"item\":\"https:\/\/www.factorenergia.com\/es\/\"},{\"@type\":\"ListItem\",\"position\":2,\"name\":\"Factorenergia ha participado en el IV Foro Empresarial de Autoconsumo: hacia el mill\u00f3n de tejados solares\"}]},{\"@type\":\"WebSite\",\"@id\":\"https:\/\/www.factorenergia.com\/es\/#website\",\"url\":\"https:\/\/www.factorenergia.com\/es\/\",\"name\":\"factorenergia\",\"description\":\"Factor Energ\u00eda\",\"potentialAction\":[{\"@type\":\"SearchAction\",\"target\":{\"@type\":\"EntryPoint\",\"urlTemplate\":\"https:\/\/www.factorenergia.com\/es\/?s={search_term_string}\"},\"query-input\":\"required name=search_term_string\"}],\"inLanguage\":\"es\"},{\"@type\":\"Person\",\"@id\":\"https:\/\/www.factorenergia.com\/es\/#\/schema\/person\/0393cfddedf83f56c6fa67cd7f64b4f5\",\"name\":\"Equipo Transici\u00f3n Energ\u00e9tica Factorenergia\",\"image\":{\"@type\":\"ImageObject\",\"inLanguage\":\"es\",\"@id\":\"https:\/\/www.factorenergia.com\/es\/#\/schema\/person\/image\/\",\"url\":\"https:\/\/secure.gravatar.com\/avatar\/80959538036dc57cad8f416d2d764870?s=96&d=mm&r=g\",\"contentUrl\":\"https:\/\/secure.gravatar.com\/avatar\/80959538036dc57cad8f416d2d764870?s=96&d=mm&r=g\",\"caption\":\"Equipo Transici\u00f3n Energ\u00e9tica Factorenergia\"},\"url\":\"https:\/\/www.factorenergia.com\/es\/blog\/author\/pilar\/\"}]}<\/script>\n<!-- \/ Yoast SEO plugin. -->","yoast_head_json":{"title":"Factorenergia ha participado en el IV Foro Empresarial de Autoconsumo: hacia el mill\u00f3n de tejados solares | factorenergia","description":"Factorenergia ha intervenido en el IV Foro Empresarial de Autoconsumo de elEconomista.es y ha analizado retos clave como la digitalizaci\u00f3n, las bater\u00edas y el autoconsumo colectivo.","robots":{"index":"index","follow":"follow","max-snippet":"max-snippet:-1","max-image-preview":"max-image-preview:large","max-video-preview":"max-video-preview:-1"},"canonical":"https:\/\/www.factorenergia.com\/es\/blog\/eventos\/factorenergia-ha-participado-en-el-iv-foro-empresarial-de-autoconsumo-hacia-el-millon-de-tejados-solares\/","twitter_card":"summary_large_image","twitter_title":"Factorenergia ha participado en el IV Foro Empresarial de Autoconsumo: hacia el mill\u00f3n de tejados solares | factorenergia","twitter_description":"Factorenergia ha intervenido en el IV Foro Empresarial de Autoconsumo de elEconomista.es y ha analizado retos clave como la digitalizaci\u00f3n, las bater\u00edas y el autoconsumo colectivo.","twitter_creator":"@factorenergia","twitter_site":"@factorenergia","twitter_misc":{"Escrito por":"Equipo Transici\u00f3n Energ\u00e9tica Factorenergia","Tiempo de lectura":"4 minutos"},"schema":{"@context":"https:\/\/schema.org","@graph":[{"@type":"WebPage","@id":"https:\/\/www.factorenergia.com\/es\/blog\/eventos\/factorenergia-ha-participado-en-el-iv-foro-empresarial-de-autoconsumo-hacia-el-millon-de-tejados-solares\/","url":"https:\/\/www.factorenergia.com\/es\/blog\/eventos\/factorenergia-ha-participado-en-el-iv-foro-empresarial-de-autoconsumo-hacia-el-millon-de-tejados-solares\/","name":"Factorenergia ha participado en el IV Foro Empresarial de Autoconsumo: hacia el mill\u00f3n de tejados solares | factorenergia","isPartOf":{"@id":"https:\/\/www.factorenergia.com\/es\/#website"},"datePublished":"2026-01-29T15:25:48+00:00","dateModified":"2026-01-29T15:25:48+00:00","author":{"@id":"https:\/\/www.factorenergia.com\/es\/#\/schema\/person\/0393cfddedf83f56c6fa67cd7f64b4f5"},"description":"Factorenergia ha intervenido en el IV Foro Empresarial de Autoconsumo de elEconomista.es y ha analizado retos clave como la digitalizaci\u00f3n, las bater\u00edas y el autoconsumo colectivo.","breadcrumb":{"@id":"https:\/\/www.factorenergia.com\/es\/blog\/eventos\/factorenergia-ha-participado-en-el-iv-foro-empresarial-de-autoconsumo-hacia-el-millon-de-tejados-solares\/#breadcrumb"},"inLanguage":"es","potentialAction":[{"@type":"ReadAction","target":["https:\/\/www.factorenergia.com\/es\/blog\/eventos\/factorenergia-ha-participado-en-el-iv-foro-empresarial-de-autoconsumo-hacia-el-millon-de-tejados-solares\/"]}]},{"@type":"BreadcrumbList","@id":"https:\/\/www.factorenergia.com\/es\/blog\/eventos\/factorenergia-ha-participado-en-el-iv-foro-empresarial-de-autoconsumo-hacia-el-millon-de-tejados-solares\/#breadcrumb","itemListElement":[{"@type":"ListItem","position":1,"name":"Portada","item":"https:\/\/www.factorenergia.com\/es\/"},{"@type":"ListItem","position":2,"name":"Factorenergia ha participado en el IV Foro Empresarial de Autoconsumo: hacia el mill\u00f3n de tejados solares"}]},{"@type":"WebSite","@id":"https:\/\/www.factorenergia.com\/es\/#website","url":"https:\/\/www.factorenergia.com\/es\/","name":"factorenergia","description":"Factor Energ\u00eda","potentialAction":[{"@type":"SearchAction","target":{"@type":"EntryPoint","urlTemplate":"https:\/\/www.factorenergia.com\/es\/?s={search_term_string}"},"query-input":"required name=search_term_string"}],"inLanguage":"es"},{"@type":"Person","@id":"https:\/\/www.factorenergia.com\/es\/#\/schema\/person\/0393cfddedf83f56c6fa67cd7f64b4f5","name":"Equipo Transici\u00f3n Energ\u00e9tica Factorenergia","image":{"@type":"ImageObject","inLanguage":"es","@id":"https:\/\/www.factorenergia.com\/es\/#\/schema\/person\/image\/","url":"https:\/\/secure.gravatar.com\/avatar\/80959538036dc57cad8f416d2d764870?s=96&d=mm&r=g","contentUrl":"https:\/\/secure.gravatar.com\/avatar\/80959538036dc57cad8f416d2d764870?s=96&d=mm&r=g","caption":"Equipo Transici\u00f3n Energ\u00e9tica Factorenergia"},"url":"https:\/\/www.factorenergia.com\/es\/blog\/author\/pilar\/"}]}},"_links":{"self":[{"href":"https:\/\/www.factorenergia.com\/es\/wp-json\/wp\/v2\/posts\/30973"}],"collection":[{"href":"https:\/\/www.factorenergia.com\/es\/wp-json\/wp\/v2\/posts"}],"about":[{"href":"https:\/\/www.factorenergia.com\/es\/wp-json\/wp\/v2\/types\/post"}],"author":[{"embeddable":true,"href":"https:\/\/www.factorenergia.com\/es\/wp-json\/wp\/v2\/users\/23"}],"replies":[{"embeddable":true,"href":"https:\/\/www.factorenergia.com\/es\/wp-json\/wp\/v2\/comments?post=30973"}],"version-history":[{"count":4,"href":"https:\/\/www.factorenergia.com\/es\/wp-json\/wp\/v2\/posts\/30973\/revisions"}],"predecessor-version":[{"id":30979,"href":"https:\/\/www.factorenergia.com\/es\/wp-json\/wp\/v2\/posts\/30973\/revisions\/30979"}],"wp:attachment":[{"href":"https:\/\/www.factorenergia.com\/es\/wp-json\/wp\/v2\/media?parent=30973"}],"wp:term":[{"taxonomy":"category","embeddable":true,"href":"https:\/\/www.factorenergia.com\/es\/wp-json\/wp\/v2\/categories?post=30973"},{"taxonomy":"post_tag","embeddable":true,"href":"https:\/\/www.factorenergia.com\/es\/wp-json\/wp\/v2\/tags?post=30973"}],"curies":[{"name":"wp","href":"https:\/\/api.w.org\/{rel}","templated":true}]}}