{"id":30800,"date":"2025-12-04T12:53:51","date_gmt":"2025-12-04T10:53:51","guid":{"rendered":"https:\/\/www.factorenergia.com\/es\/?p=30800"},"modified":"2025-12-04T13:08:07","modified_gmt":"2025-12-04T11:08:07","slug":"la-transicion-energetica-como-oportunidad-para-la-competitividad-de-cataluna-reflexiones-del-tercer-encuentro-eixampletalks","status":"publish","type":"post","link":"https:\/\/www.factorenergia.com\/es\/blog\/eventos\/la-transicion-energetica-como-oportunidad-para-la-competitividad-de-cataluna-reflexiones-del-tercer-encuentro-eixampletalks\/","title":{"rendered":"La transici\u00f3n energ\u00e9tica como oportunidad para la competitividad de Catalu\u00f1a: reflexiones del tercer encuentro EixampleTalks"},"content":{"rendered":"<p>Factorenergia participa en una jornada clave sobre el futuro energ\u00e9tico del pa\u00eds<\/p>\n<h2 data-start=\"702\" data-end=\"780\"><strong data-start=\"705\" data-end=\"780\">Un encuentro para definir el futuro energ\u00e9tico y productivo de Catalu\u00f1a<\/strong><\/h2>\n<p data-start=\"782\" data-end=\"1206\">El tercer encuentro del ciclo <strong data-start=\"812\" data-end=\"830\">#EixampleTalks<\/strong>, organizado por <a href=\"https:\/\/pimec.org\/es\"><strong data-start=\"847\" data-end=\"856\">PIMEC<\/strong><\/a>\u00a0 y\u00a0 <a href=\"https:\/\/www.thenewbarcelonapost.com\/\"><strong data-start=\"859\" data-end=\"885\">The New Barcelona Post<\/strong><\/a>, ha reunido a representantes clave del sector energ\u00e9tico y empresarial para analizar c\u00f3mo la transici\u00f3n energ\u00e9tica est\u00e1 transformando la competitividad de Catalu\u00f1a. Un debate imprescindible en un momento en el que las infraestructuras, la innovaci\u00f3n y las pol\u00edticas energ\u00e9ticas marcan el ritmo del crecimiento econ\u00f3mico.<\/p>\n<p data-start=\"1208\" data-end=\"1250\">El acto ha contado con la bienvenida de:<\/p>\n<ul data-start=\"1251\" data-end=\"1410\">\n<li data-start=\"1251\" data-end=\"1321\">\n<p data-start=\"1253\" data-end=\"1321\"><strong data-start=\"1253\" data-end=\"1268\">Pere Guerra<\/strong>, vicepresidente de la Comisi\u00f3n de Energ\u00eda de PIMEC<\/p>\n<\/li>\n<li data-start=\"1322\" data-end=\"1410\">\n<p data-start=\"1324\" data-end=\"1410\"><strong data-start=\"1324\" data-end=\"1348\">Guillem Carol Vall\u00e8s<\/strong>, CEO de Must Media Group y editor de The New Barcelona Post<\/p>\n<\/li>\n<\/ul>\n<h2 data-start=\"1417\" data-end=\"1463\"><strong data-start=\"1420\" data-end=\"1463\">Una mesa redonda con visi\u00f3n estrat\u00e9gica<\/strong><\/h2>\n<p data-start=\"1465\" data-end=\"1610\">La sesi\u00f3n ha estado moderada por <strong data-start=\"1498\" data-end=\"1523\">Elena Busquets Segura<\/strong>, directora de The New Barcelona Post, y ha reunido a tres voces referentes del sector:<\/p>\n<ul data-start=\"1612\" data-end=\"1803\">\n<li data-start=\"1612\" data-end=\"1672\">\n<p data-start=\"1614\" data-end=\"1672\"><strong data-start=\"1614\" data-end=\"1637\">Emili Rousaud Par\u00e9s<\/strong>, CEO y fundador de Factorenergia<\/p>\n<\/li>\n<li data-start=\"1673\" data-end=\"1729\">\n<p data-start=\"1675\" data-end=\"1729\"><strong data-start=\"1675\" data-end=\"1701\">Daniel P\u00e9rez Rodr\u00edguez<\/strong>, director de L\u2019Energ\u00e8tica<\/p>\n<\/li>\n<li data-start=\"1730\" data-end=\"1803\">\n<p data-start=\"1732\" data-end=\"1803\"><strong data-start=\"1732\" data-end=\"1755\">Jordi Vila Mart\u00ednez<\/strong>, jefe de Medio Ambiente del Port de Barcelona<\/p>\n<\/li>\n<\/ul>\n<p data-start=\"1805\" data-end=\"2053\">A lo largo de la mesa redonda, los ponentes han analizado los principales retos y oportunidades de la transici\u00f3n energ\u00e9tica desde perspectivas complementarias: la gesti\u00f3n p\u00fablica, el impacto ambiental y la visi\u00f3n empresarial del mercado energ\u00e9tico.<\/p>\n<h2 data-start=\"2060\" data-end=\"2143\"><strong data-start=\"2063\" data-end=\"2143\">Infraestructuras, renovables y colaboraci\u00f3n p\u00fablico-privada: ejes del debate<\/strong><\/h2>\n<p data-start=\"2145\" data-end=\"2203\">El encuentro ha puesto el foco en tres \u00e1reas estrat\u00e9gicas:<\/p>\n<h3 data-start=\"2205\" data-end=\"2264\"><strong data-start=\"2209\" data-end=\"2264\">1. Impulsar infraestructuras energ\u00e9ticas m\u00e1s \u00e1giles<\/strong><\/h3>\n<p data-start=\"2265\" data-end=\"2448\">La competitividad de Catalu\u00f1a depende de una mayor capacidad de despliegue de infraestructuras que faciliten la integraci\u00f3n de nuevas tecnolog\u00edas y el aumento de la demanda el\u00e9ctrica.<\/p>\n<h3 data-start=\"2450\" data-end=\"2505\"><strong data-start=\"2454\" data-end=\"2505\">2. Reforzar el papel de las energ\u00edas renovables<\/strong><\/h3>\n<p data-start=\"2506\" data-end=\"2658\">La transici\u00f3n energ\u00e9tica solo ser\u00e1 efectiva si avanza la implantaci\u00f3n de renovables de forma equilibrada, eficiente y alineada con el tejido productivo.<\/p>\n<h3 data-start=\"2660\" data-end=\"2713\"><strong data-start=\"2664\" data-end=\"2713\">3. Consolidar la colaboraci\u00f3n p\u00fablico-privada<\/strong><\/h3>\n<p data-start=\"2714\" data-end=\"2896\">Los ponentes han coincidido en que la transformaci\u00f3n del sistema energ\u00e9tico requiere de un modelo de gobernanza compartida capaz de coordinar administraciones, empresas y ciudadan\u00eda.<\/p>\n<h2 data-start=\"2903\" data-end=\"2952\"><strong data-start=\"2906\" data-end=\"2952\">La visi\u00f3n de Factorenergia en el encuentro<\/strong><\/h2>\n<p data-start=\"2954\" data-end=\"3208\">Durante su intervenci\u00f3n, <strong data-start=\"2979\" data-end=\"2996\">Emili Rousaud<\/strong> ha destacado la importancia de un modelo energ\u00e9tico <strong data-start=\"3049\" data-end=\"3091\">transparente, competitivo y sostenible<\/strong>, que permita a empresas y ciudadan\u00eda tomar decisiones informadas y avanzar hacia un uso m\u00e1s eficiente de la energ\u00eda.<\/p>\n<p data-start=\"3210\" data-end=\"3306\">Ha subrayado tambi\u00e9n el papel de compa\u00f1\u00edas como Factorenergia en este proceso de transformaci\u00f3n:<\/p>\n<ul data-start=\"3308\" data-end=\"3469\">\n<li data-start=\"3308\" data-end=\"3353\">\n<p data-start=\"3310\" data-end=\"3353\"><strong data-start=\"3310\" data-end=\"3351\">Aportando innovaci\u00f3n y digitalizaci\u00f3n<\/strong><\/p>\n<\/li>\n<li data-start=\"3354\" data-end=\"3406\">\n<p data-start=\"3356\" data-end=\"3406\"><strong data-start=\"3356\" data-end=\"3404\">Impulsando soluciones energ\u00e9ticas eficientes<\/strong><\/p>\n<\/li>\n<li data-start=\"3407\" data-end=\"3469\">\n<p data-start=\"3409\" data-end=\"3469\"><strong data-start=\"3409\" data-end=\"3467\">Promoviendo un modelo m\u00e1s claro y accesible para todos<\/strong><\/p>\n<\/li>\n<\/ul>\n<p data-start=\"3471\" data-end=\"3623\">Para Factorenergia, la transici\u00f3n energ\u00e9tica no es \u00fanicamente un reto t\u00e9cnico o regulatorio: es una <strong data-start=\"3571\" data-end=\"3622\">oportunidad real de progreso econ\u00f3mico y social<\/strong>.<\/p>\n<h2 data-start=\"3630\" data-end=\"3665\"><strong data-start=\"3633\" data-end=\"3665\">Un cierre que mira al futuro<\/strong><\/h2>\n<p data-start=\"3667\" data-end=\"3889\">La sesi\u00f3n ha concluido con un espacio de networking donde los asistentes han podido intercambiar visiones, generar nuevas conexiones y plantear posibles v\u00edas de colaboraci\u00f3n para avanzar en un modelo energ\u00e9tico m\u00e1s s\u00f3lido.<\/p>\n<h2 data-start=\"3896\" data-end=\"3927\"><strong data-start=\"3899\" data-end=\"3927\">Compromiso Factorenergia<\/strong><\/h2>\n<p data-start=\"3929\" data-end=\"4006\">En Factorenergia mantenemos nuestro compromiso con un sistema energ\u00e9tico que:<\/p>\n<ul data-start=\"4008\" data-end=\"4171\">\n<li data-start=\"4008\" data-end=\"4059\">\n<p data-start=\"4010\" data-end=\"4059\">mejore la competitividad del tejido empresarial<\/p>\n<\/li>\n<li data-start=\"4060\" data-end=\"4099\">\n<p data-start=\"4062\" data-end=\"4099\">acelere la modernizaci\u00f3n productiva<\/p>\n<\/li>\n<li data-start=\"4100\" data-end=\"4126\">\n<p data-start=\"4102\" data-end=\"4126\">integre m\u00e1s renovables<\/p>\n<\/li>\n<li data-start=\"4127\" data-end=\"4171\">\n<p data-start=\"4129\" data-end=\"4171\">sea transparente, eficiente y sostenible<\/p>\n<\/li>\n<\/ul>\n<p data-start=\"4173\" data-end=\"4361\">Seguiremos participando en espacios de di\u00e1logo como <strong data-start=\"4225\" data-end=\"4243\">EixampleTalks<\/strong>, convencidos de que la transici\u00f3n energ\u00e9tica se construye mediante la colaboraci\u00f3n y una visi\u00f3n compartida de futuro.<\/p>\n","protected":false},"excerpt":{"rendered":"<p>Factorenergia participa en una jornada clave sobre el futuro energ\u00e9tico del pa\u00eds Un encuentro para definir el futuro energ\u00e9tico y productivo de Catalu\u00f1a El tercer encuentro del ciclo #EixampleTalks, organizado por PIMEC\u00a0 y\u00a0 The New Barcelona Post, ha reunido a representantes clave del sector energ\u00e9tico y empresarial para analizar c\u00f3mo la transici\u00f3n energ\u00e9tica est\u00e1 transformando [&hellip;]<\/p>\n","protected":false},"author":23,"featured_media":0,"comment_status":"open","ping_status":"open","sticky":false,"template":"","format":"standard","meta":{"inline_featured_image":false,"footnotes":""},"categories":[179],"tags":[],"acf":{"fecha_de_la_entrada":"20251203","imagen_portada":30801,"categoria_blog":null,"tipo_de_distribuidora":null,"tiempo_lectura":"2'","banner_bool":false,"titulo_banner":"","texto_banner":"","texto_boton_banner":"","url_boton_banner":"","post_relacionados":""},"yoast_head":"<!-- This site is optimized with the Yoast SEO plugin v22.2 - https:\/\/yoast.com\/wordpress\/plugins\/seo\/ -->\n<title>La transici\u00f3n energ\u00e9tica como oportunidad para la competitividad de Catalu\u00f1a: reflexiones del tercer encuentro EixampleTalks | factorenergia<\/title>\n<meta name=\"description\" content=\"El encuentro Eixample Talks analiza c\u00f3mo la transici\u00f3n energ\u00e9tica impulsa la competitividad de Catalu\u00f1a. Factorenergia aporta visi\u00f3n estrat\u00e9gica y compromiso sostenible.\" \/>\n<meta name=\"robots\" content=\"index, follow, max-snippet:-1, max-image-preview:large, max-video-preview:-1\" \/>\n<link rel=\"canonical\" href=\"https:\/\/www.factorenergia.com\/es\/blog\/eventos\/la-transicion-energetica-como-oportunidad-para-la-competitividad-de-cataluna-reflexiones-del-tercer-encuentro-eixampletalks\/\" \/>\n<meta name=\"twitter:card\" content=\"summary_large_image\" \/>\n<meta name=\"twitter:title\" content=\"La transici\u00f3n energ\u00e9tica como oportunidad para la competitividad de Catalu\u00f1a: reflexiones del tercer encuentro EixampleTalks | factorenergia\" \/>\n<meta name=\"twitter:description\" content=\"El encuentro Eixample Talks analiza c\u00f3mo la transici\u00f3n energ\u00e9tica impulsa la competitividad de Catalu\u00f1a. Factorenergia aporta visi\u00f3n estrat\u00e9gica y compromiso sostenible.\" \/>\n<meta name=\"twitter:creator\" content=\"@factorenergia\" \/>\n<meta name=\"twitter:site\" content=\"@factorenergia\" \/>\n<meta name=\"twitter:label1\" content=\"Escrito por\" \/>\n\t<meta name=\"twitter:data1\" content=\"Equipo Transici\u00f3n Energ\u00e9tica Factorenergia\" \/>\n\t<meta name=\"twitter:label2\" content=\"Tiempo de lectura\" \/>\n\t<meta name=\"twitter:data2\" content=\"3 minutos\" \/>\n<script type=\"application\/ld+json\" class=\"yoast-schema-graph\">{\"@context\":\"https:\/\/schema.org\",\"@graph\":[{\"@type\":\"WebPage\",\"@id\":\"https:\/\/www.factorenergia.com\/es\/blog\/eventos\/la-transicion-energetica-como-oportunidad-para-la-competitividad-de-cataluna-reflexiones-del-tercer-encuentro-eixampletalks\/\",\"url\":\"https:\/\/www.factorenergia.com\/es\/blog\/eventos\/la-transicion-energetica-como-oportunidad-para-la-competitividad-de-cataluna-reflexiones-del-tercer-encuentro-eixampletalks\/\",\"name\":\"La transici\u00f3n energ\u00e9tica como oportunidad para la competitividad de Catalu\u00f1a: reflexiones del tercer encuentro EixampleTalks | factorenergia\",\"isPartOf\":{\"@id\":\"https:\/\/www.factorenergia.com\/es\/#website\"},\"datePublished\":\"2025-12-04T10:53:51+00:00\",\"dateModified\":\"2025-12-04T11:08:07+00:00\",\"author\":{\"@id\":\"https:\/\/www.factorenergia.com\/es\/#\/schema\/person\/0393cfddedf83f56c6fa67cd7f64b4f5\"},\"description\":\"El encuentro Eixample Talks analiza c\u00f3mo la transici\u00f3n energ\u00e9tica impulsa la competitividad de Catalu\u00f1a. Factorenergia aporta visi\u00f3n estrat\u00e9gica y compromiso sostenible.\",\"breadcrumb\":{\"@id\":\"https:\/\/www.factorenergia.com\/es\/blog\/eventos\/la-transicion-energetica-como-oportunidad-para-la-competitividad-de-cataluna-reflexiones-del-tercer-encuentro-eixampletalks\/#breadcrumb\"},\"inLanguage\":\"es\",\"potentialAction\":[{\"@type\":\"ReadAction\",\"target\":[\"https:\/\/www.factorenergia.com\/es\/blog\/eventos\/la-transicion-energetica-como-oportunidad-para-la-competitividad-de-cataluna-reflexiones-del-tercer-encuentro-eixampletalks\/\"]}]},{\"@type\":\"BreadcrumbList\",\"@id\":\"https:\/\/www.factorenergia.com\/es\/blog\/eventos\/la-transicion-energetica-como-oportunidad-para-la-competitividad-de-cataluna-reflexiones-del-tercer-encuentro-eixampletalks\/#breadcrumb\",\"itemListElement\":[{\"@type\":\"ListItem\",\"position\":1,\"name\":\"Portada\",\"item\":\"https:\/\/www.factorenergia.com\/es\/\"},{\"@type\":\"ListItem\",\"position\":2,\"name\":\"La transici\u00f3n energ\u00e9tica como oportunidad para la competitividad de Catalu\u00f1a: reflexiones del tercer encuentro EixampleTalks\"}]},{\"@type\":\"WebSite\",\"@id\":\"https:\/\/www.factorenergia.com\/es\/#website\",\"url\":\"https:\/\/www.factorenergia.com\/es\/\",\"name\":\"factorenergia\",\"description\":\"Factor Energ\u00eda\",\"potentialAction\":[{\"@type\":\"SearchAction\",\"target\":{\"@type\":\"EntryPoint\",\"urlTemplate\":\"https:\/\/www.factorenergia.com\/es\/?s={search_term_string}\"},\"query-input\":\"required name=search_term_string\"}],\"inLanguage\":\"es\"},{\"@type\":\"Person\",\"@id\":\"https:\/\/www.factorenergia.com\/es\/#\/schema\/person\/0393cfddedf83f56c6fa67cd7f64b4f5\",\"name\":\"Equipo Transici\u00f3n Energ\u00e9tica Factorenergia\",\"image\":{\"@type\":\"ImageObject\",\"inLanguage\":\"es\",\"@id\":\"https:\/\/www.factorenergia.com\/es\/#\/schema\/person\/image\/\",\"url\":\"https:\/\/secure.gravatar.com\/avatar\/80959538036dc57cad8f416d2d764870?s=96&d=mm&r=g\",\"contentUrl\":\"https:\/\/secure.gravatar.com\/avatar\/80959538036dc57cad8f416d2d764870?s=96&d=mm&r=g\",\"caption\":\"Equipo Transici\u00f3n Energ\u00e9tica Factorenergia\"},\"url\":\"https:\/\/www.factorenergia.com\/es\/blog\/author\/pilar\/\"}]}<\/script>\n<!-- \/ Yoast SEO plugin. -->","yoast_head_json":{"title":"La transici\u00f3n energ\u00e9tica como oportunidad para la competitividad de Catalu\u00f1a: reflexiones del tercer encuentro EixampleTalks | factorenergia","description":"El encuentro Eixample Talks analiza c\u00f3mo la transici\u00f3n energ\u00e9tica impulsa la competitividad de Catalu\u00f1a. Factorenergia aporta visi\u00f3n estrat\u00e9gica y compromiso sostenible.","robots":{"index":"index","follow":"follow","max-snippet":"max-snippet:-1","max-image-preview":"max-image-preview:large","max-video-preview":"max-video-preview:-1"},"canonical":"https:\/\/www.factorenergia.com\/es\/blog\/eventos\/la-transicion-energetica-como-oportunidad-para-la-competitividad-de-cataluna-reflexiones-del-tercer-encuentro-eixampletalks\/","twitter_card":"summary_large_image","twitter_title":"La transici\u00f3n energ\u00e9tica como oportunidad para la competitividad de Catalu\u00f1a: reflexiones del tercer encuentro EixampleTalks | factorenergia","twitter_description":"El encuentro Eixample Talks analiza c\u00f3mo la transici\u00f3n energ\u00e9tica impulsa la competitividad de Catalu\u00f1a. Factorenergia aporta visi\u00f3n estrat\u00e9gica y compromiso sostenible.","twitter_creator":"@factorenergia","twitter_site":"@factorenergia","twitter_misc":{"Escrito por":"Equipo Transici\u00f3n Energ\u00e9tica Factorenergia","Tiempo de lectura":"3 minutos"},"schema":{"@context":"https:\/\/schema.org","@graph":[{"@type":"WebPage","@id":"https:\/\/www.factorenergia.com\/es\/blog\/eventos\/la-transicion-energetica-como-oportunidad-para-la-competitividad-de-cataluna-reflexiones-del-tercer-encuentro-eixampletalks\/","url":"https:\/\/www.factorenergia.com\/es\/blog\/eventos\/la-transicion-energetica-como-oportunidad-para-la-competitividad-de-cataluna-reflexiones-del-tercer-encuentro-eixampletalks\/","name":"La transici\u00f3n energ\u00e9tica como oportunidad para la competitividad de Catalu\u00f1a: reflexiones del tercer encuentro EixampleTalks | factorenergia","isPartOf":{"@id":"https:\/\/www.factorenergia.com\/es\/#website"},"datePublished":"2025-12-04T10:53:51+00:00","dateModified":"2025-12-04T11:08:07+00:00","author":{"@id":"https:\/\/www.factorenergia.com\/es\/#\/schema\/person\/0393cfddedf83f56c6fa67cd7f64b4f5"},"description":"El encuentro Eixample Talks analiza c\u00f3mo la transici\u00f3n energ\u00e9tica impulsa la competitividad de Catalu\u00f1a. Factorenergia aporta visi\u00f3n estrat\u00e9gica y compromiso sostenible.","breadcrumb":{"@id":"https:\/\/www.factorenergia.com\/es\/blog\/eventos\/la-transicion-energetica-como-oportunidad-para-la-competitividad-de-cataluna-reflexiones-del-tercer-encuentro-eixampletalks\/#breadcrumb"},"inLanguage":"es","potentialAction":[{"@type":"ReadAction","target":["https:\/\/www.factorenergia.com\/es\/blog\/eventos\/la-transicion-energetica-como-oportunidad-para-la-competitividad-de-cataluna-reflexiones-del-tercer-encuentro-eixampletalks\/"]}]},{"@type":"BreadcrumbList","@id":"https:\/\/www.factorenergia.com\/es\/blog\/eventos\/la-transicion-energetica-como-oportunidad-para-la-competitividad-de-cataluna-reflexiones-del-tercer-encuentro-eixampletalks\/#breadcrumb","itemListElement":[{"@type":"ListItem","position":1,"name":"Portada","item":"https:\/\/www.factorenergia.com\/es\/"},{"@type":"ListItem","position":2,"name":"La transici\u00f3n energ\u00e9tica como oportunidad para la competitividad de Catalu\u00f1a: reflexiones del tercer encuentro EixampleTalks"}]},{"@type":"WebSite","@id":"https:\/\/www.factorenergia.com\/es\/#website","url":"https:\/\/www.factorenergia.com\/es\/","name":"factorenergia","description":"Factor Energ\u00eda","potentialAction":[{"@type":"SearchAction","target":{"@type":"EntryPoint","urlTemplate":"https:\/\/www.factorenergia.com\/es\/?s={search_term_string}"},"query-input":"required name=search_term_string"}],"inLanguage":"es"},{"@type":"Person","@id":"https:\/\/www.factorenergia.com\/es\/#\/schema\/person\/0393cfddedf83f56c6fa67cd7f64b4f5","name":"Equipo Transici\u00f3n Energ\u00e9tica Factorenergia","image":{"@type":"ImageObject","inLanguage":"es","@id":"https:\/\/www.factorenergia.com\/es\/#\/schema\/person\/image\/","url":"https:\/\/secure.gravatar.com\/avatar\/80959538036dc57cad8f416d2d764870?s=96&d=mm&r=g","contentUrl":"https:\/\/secure.gravatar.com\/avatar\/80959538036dc57cad8f416d2d764870?s=96&d=mm&r=g","caption":"Equipo Transici\u00f3n Energ\u00e9tica Factorenergia"},"url":"https:\/\/www.factorenergia.com\/es\/blog\/author\/pilar\/"}]}},"_links":{"self":[{"href":"https:\/\/www.factorenergia.com\/es\/wp-json\/wp\/v2\/posts\/30800"}],"collection":[{"href":"https:\/\/www.factorenergia.com\/es\/wp-json\/wp\/v2\/posts"}],"about":[{"href":"https:\/\/www.factorenergia.com\/es\/wp-json\/wp\/v2\/types\/post"}],"author":[{"embeddable":true,"href":"https:\/\/www.factorenergia.com\/es\/wp-json\/wp\/v2\/users\/23"}],"replies":[{"embeddable":true,"href":"https:\/\/www.factorenergia.com\/es\/wp-json\/wp\/v2\/comments?post=30800"}],"version-history":[{"count":3,"href":"https:\/\/www.factorenergia.com\/es\/wp-json\/wp\/v2\/posts\/30800\/revisions"}],"predecessor-version":[{"id":30806,"href":"https:\/\/www.factorenergia.com\/es\/wp-json\/wp\/v2\/posts\/30800\/revisions\/30806"}],"wp:attachment":[{"href":"https:\/\/www.factorenergia.com\/es\/wp-json\/wp\/v2\/media?parent=30800"}],"wp:term":[{"taxonomy":"category","embeddable":true,"href":"https:\/\/www.factorenergia.com\/es\/wp-json\/wp\/v2\/categories?post=30800"},{"taxonomy":"post_tag","embeddable":true,"href":"https:\/\/www.factorenergia.com\/es\/wp-json\/wp\/v2\/tags?post=30800"}],"curies":[{"name":"wp","href":"https:\/\/api.w.org\/{rel}","templated":true}]}}