{"id":30790,"date":"2025-12-01T16:42:01","date_gmt":"2025-12-01T14:42:01","guid":{"rendered":"https:\/\/www.factorenergia.com\/es\/?p=30790"},"modified":"2025-12-01T16:42:01","modified_gmt":"2025-12-01T14:42:01","slug":"factorenergia-participa-en-el-eaml-2025-para-impulsar-el-desarrollo-de-los-mercados-libres-iberoamericanos","status":"publish","type":"post","link":"https:\/\/www.factorenergia.com\/es\/blog\/eventos\/factorenergia-participa-en-el-eaml-2025-para-impulsar-el-desarrollo-de-los-mercados-libres-iberoamericanos\/","title":{"rendered":"Factorenergia participa en el EAML 2025 para impulsar el desarrollo de los mercados libres iberoamericanos"},"content":{"rendered":"<p>Factorenergia ha participado en el <strong data-start=\"241\" data-end=\"301\">Encuentro Anual del Mercado Libre de Energ\u00eda (EAML 2025)<\/strong> organizado por <strong data-start=\"317\" data-end=\"329\">Abraceel<\/strong> en Brasil, una edici\u00f3n especialmente significativa al coincidir con el <strong data-start=\"401\" data-end=\"437\">25\u00ba aniversario de la asociaci\u00f3n<\/strong>, un hito para el sector energ\u00e9tico brasile\u00f1o e iberoamericano. Este encuentro reuni\u00f3 a expertos, reguladores y empresas de toda la regi\u00f3n para debatir sobre la evoluci\u00f3n y el futuro del mercado libre de energ\u00eda.<\/p>\n<p>En esta edici\u00f3n, <strong data-start=\"668\" data-end=\"693\">Teresa Company Juber\u00f3<\/strong>, <em data-start=\"695\" data-end=\"738\">Country Manager de Factorluz \u2013 ACIE Chile<\/em>, <strong data-start=\"740\" data-end=\"788\">particip\u00f3 en representaci\u00f3n de Factorenergia<\/strong> como ponente en el panel <strong data-start=\"814\" data-end=\"865\">\u201cPanorama dos Mercados Livres Ibero-Americanos\u201d<\/strong>, aportando la experiencia de la compa\u00f1\u00eda en mercados abiertos y en transformaci\u00f3n.<\/p>\n<h2 data-start=\"955\" data-end=\"1021\">Un panel para comprender el presente y futuro del mercado libre<\/h2>\n<p data-start=\"1023\" data-end=\"1184\">El panel abord\u00f3 los principales retos y aprendizajes que est\u00e1n marcando la evoluci\u00f3n de los mercados libres en Iberoam\u00e9rica. Entre los temas tratados destacaron:<\/p>\n<ul data-start=\"1186\" data-end=\"1555\">\n<li data-start=\"1186\" data-end=\"1259\">\n<p data-start=\"1188\" data-end=\"1259\"><strong data-start=\"1188\" data-end=\"1219\">Evoluci\u00f3n del mercado libre<\/strong> en los distintos pa\u00edses de la regi\u00f3n.<\/p>\n<\/li>\n<li data-start=\"1260\" data-end=\"1326\">\n<p data-start=\"1262\" data-end=\"1326\"><strong data-start=\"1262\" data-end=\"1308\">N\u00fameros relevantes y an\u00e1lisis comparativos<\/strong> entre mercados.<\/p>\n<\/li>\n<li data-start=\"1327\" data-end=\"1403\">\n<p data-start=\"1329\" data-end=\"1403\"><strong data-start=\"1329\" data-end=\"1358\">Similitudes y diferencias<\/strong> en sus estructuras y dise\u00f1os regulatorios.<\/p>\n<\/li>\n<li data-start=\"1404\" data-end=\"1484\">\n<p data-start=\"1406\" data-end=\"1484\"><strong data-start=\"1406\" data-end=\"1442\">Formaci\u00f3n de precios y seguridad<\/strong>, y qu\u00e9 aprendizajes puede tomar Brasil.<\/p>\n<\/li>\n<li data-start=\"1485\" data-end=\"1555\">\n<p data-start=\"1487\" data-end=\"1555\"><strong data-start=\"1487\" data-end=\"1538\">Discusi\u00f3n sobre la apertura y desarrollo futuro<\/strong> de los mercados.<\/p>\n<\/li>\n<\/ul>\n<p data-start=\"1557\" data-end=\"1737\">La mesa estuvo presentada por <strong data-start=\"1587\" data-end=\"1606\">Sebastian Novoa<\/strong> (AICE Chile) y moderada por <strong data-start=\"1635\" data-end=\"1654\">Alexandre Viana<\/strong> (Envol).<br data-start=\"1663\" data-end=\"1666\" \/>Adem\u00e1s de nuestra representaci\u00f3n, participaron l\u00edderes del sector como:<\/p>\n<ul data-start=\"1739\" data-end=\"1883\">\n<li data-start=\"1739\" data-end=\"1794\">\n<p data-start=\"1741\" data-end=\"1794\"><strong data-start=\"1741\" data-end=\"1764\">Andrea Lozano Bravo<\/strong> (AMSCA M\u00e9xico \/ BID Energy)<\/p>\n<\/li>\n<li data-start=\"1795\" data-end=\"1841\">\n<p data-start=\"1797\" data-end=\"1841\"><strong data-start=\"1797\" data-end=\"1821\">Marta Aguilar M\u00e9ndez<\/strong> (ACCE \u2013 Colombia)<\/p>\n<\/li>\n<li data-start=\"1842\" data-end=\"1883\">\n<p data-start=\"1844\" data-end=\"1883\"><strong data-start=\"1844\" data-end=\"1863\">Jo\u00e3o Nuno Serra<\/strong> (ACEMEL \u2013 Portugal)<\/p>\n<\/li>\n<\/ul>\n<h2 data-start=\"1890\" data-end=\"1947\">La visi\u00f3n de Factorenergia en el debate iberoamericano<\/h2>\n<p data-start=\"1949\" data-end=\"2114\">Durante su intervenci\u00f3n, <strong data-start=\"1974\" data-end=\"2101\">Teresa Company Juber\u00f3 subray\u00f3 el compromiso de Factorenergia con un mercado energ\u00e9tico m\u00e1s abierto, competitivo y eficiente<\/strong>, destacando:<\/p>\n<ul data-start=\"2116\" data-end=\"2545\">\n<li data-start=\"2116\" data-end=\"2231\">\n<p data-start=\"2118\" data-end=\"2231\">La importancia de fortalecer la <strong data-start=\"2150\" data-end=\"2209\">competencia para ofrecer m\u00e1s opciones y mejores precios<\/strong> a los consumidores.<\/p>\n<\/li>\n<li data-start=\"2232\" data-end=\"2329\">\n<p data-start=\"2234\" data-end=\"2329\">El papel de los mercados libres en impulsar la <strong data-start=\"2281\" data-end=\"2326\">transici\u00f3n energ\u00e9tica y la sostenibilidad<\/strong>.<\/p>\n<\/li>\n<li data-start=\"2330\" data-end=\"2441\">\n<p data-start=\"2332\" data-end=\"2441\">La necesidad de <strong data-start=\"2348\" data-end=\"2396\">marcos regulatorios estables y transparentes<\/strong> que fomenten la innovaci\u00f3n y la inversi\u00f3n.<\/p>\n<\/li>\n<li data-start=\"2442\" data-end=\"2545\">\n<p data-start=\"2444\" data-end=\"2545\">La relevancia de compartir experiencias entre pa\u00edses para avanzar juntos hacia un modelo m\u00e1s robusto.<\/p>\n<\/li>\n<\/ul>\n<h2 data-start=\"2552\" data-end=\"2625\">Un compromiso reforzado con la sostenibilidad y la apertura energ\u00e9tica<\/h2>\n<p data-start=\"2627\" data-end=\"2809\">La presencia de Factorenergia en el <strong data-start=\"2663\" data-end=\"2676\">EAML 2025<\/strong> refleja la voluntad de la compa\u00f1\u00eda de seguir participando activamente en los debates estrat\u00e9gicos del sector a nivel iberoamericano.<\/p>\n<p data-start=\"2811\" data-end=\"2963\">Agradecemos a <strong data-start=\"2825\" data-end=\"2837\">Abraceel<\/strong> por la invitaci\u00f3n y por promover un espacio tan valioso para el intercambio de conocimiento y la colaboraci\u00f3n entre mercados.<\/p>\n<p data-start=\"2965\" data-end=\"3115\">\ud83c\udf0d <strong data-start=\"2968\" data-end=\"3115\">Con esta participaci\u00f3n, reforzamos nuestro compromiso con un futuro energ\u00e9tico m\u00e1s competitivo, transparente y sostenible en toda Iberoam\u00e9rica.<\/strong><\/p>\n","protected":false},"excerpt":{"rendered":"<p>Factorenergia ha participado en el Encuentro Anual del Mercado Libre de Energ\u00eda (EAML 2025) organizado por Abraceel en Brasil, una edici\u00f3n especialmente significativa al coincidir con el 25\u00ba aniversario de la asociaci\u00f3n, un hito para el sector energ\u00e9tico brasile\u00f1o e iberoamericano. Este encuentro reuni\u00f3 a expertos, reguladores y empresas de toda la regi\u00f3n para debatir [&hellip;]<\/p>\n","protected":false},"author":23,"featured_media":0,"comment_status":"open","ping_status":"open","sticky":false,"template":"","format":"standard","meta":{"inline_featured_image":false,"footnotes":""},"categories":[179],"tags":[],"acf":{"fecha_de_la_entrada":"20251127","imagen_portada":30791,"categoria_blog":null,"tipo_de_distribuidora":null,"tiempo_lectura":"2'","banner_bool":false,"titulo_banner":"","texto_banner":"","texto_boton_banner":"","url_boton_banner":"","post_relacionados":""},"yoast_head":"<!-- This site is optimized with the Yoast SEO plugin v22.2 - https:\/\/yoast.com\/wordpress\/plugins\/seo\/ -->\n<title>Factorenergia participa en el EAML 2025 para impulsar el desarrollo de los mercados libres iberoamericanos | factorenergia<\/title>\n<meta name=\"description\" content=\"Factorenergia participa en el EAML 2025 de Abraceel, aportando visi\u00f3n sobre la evoluci\u00f3n y el desarrollo del mercado libre de energ\u00eda en Iberoam\u00e9rica.\" \/>\n<meta name=\"robots\" content=\"index, follow, max-snippet:-1, max-image-preview:large, max-video-preview:-1\" \/>\n<link rel=\"canonical\" href=\"https:\/\/www.factorenergia.com\/es\/blog\/eventos\/factorenergia-participa-en-el-eaml-2025-para-impulsar-el-desarrollo-de-los-mercados-libres-iberoamericanos\/\" \/>\n<meta name=\"twitter:card\" content=\"summary_large_image\" \/>\n<meta name=\"twitter:title\" content=\"Factorenergia participa en el EAML 2025 para impulsar el desarrollo de los mercados libres iberoamericanos | factorenergia\" \/>\n<meta name=\"twitter:description\" content=\"Factorenergia participa en el EAML 2025 de Abraceel, aportando visi\u00f3n sobre la evoluci\u00f3n y el desarrollo del mercado libre de energ\u00eda en Iberoam\u00e9rica.\" \/>\n<meta name=\"twitter:creator\" content=\"@factorenergia\" \/>\n<meta name=\"twitter:site\" content=\"@factorenergia\" \/>\n<meta name=\"twitter:label1\" content=\"Escrito por\" \/>\n\t<meta name=\"twitter:data1\" content=\"Equipo Transici\u00f3n Energ\u00e9tica Factorenergia\" \/>\n\t<meta name=\"twitter:label2\" content=\"Tiempo de lectura\" \/>\n\t<meta name=\"twitter:data2\" content=\"2 minutos\" \/>\n<script type=\"application\/ld+json\" class=\"yoast-schema-graph\">{\"@context\":\"https:\/\/schema.org\",\"@graph\":[{\"@type\":\"WebPage\",\"@id\":\"https:\/\/www.factorenergia.com\/es\/blog\/eventos\/factorenergia-participa-en-el-eaml-2025-para-impulsar-el-desarrollo-de-los-mercados-libres-iberoamericanos\/\",\"url\":\"https:\/\/www.factorenergia.com\/es\/blog\/eventos\/factorenergia-participa-en-el-eaml-2025-para-impulsar-el-desarrollo-de-los-mercados-libres-iberoamericanos\/\",\"name\":\"Factorenergia participa en el EAML 2025 para impulsar el desarrollo de los mercados libres iberoamericanos | factorenergia\",\"isPartOf\":{\"@id\":\"https:\/\/www.factorenergia.com\/es\/#website\"},\"datePublished\":\"2025-12-01T14:42:01+00:00\",\"dateModified\":\"2025-12-01T14:42:01+00:00\",\"author\":{\"@id\":\"https:\/\/www.factorenergia.com\/es\/#\/schema\/person\/0393cfddedf83f56c6fa67cd7f64b4f5\"},\"description\":\"Factorenergia participa en el EAML 2025 de Abraceel, aportando visi\u00f3n sobre la evoluci\u00f3n y el desarrollo del mercado libre de energ\u00eda en Iberoam\u00e9rica.\",\"breadcrumb\":{\"@id\":\"https:\/\/www.factorenergia.com\/es\/blog\/eventos\/factorenergia-participa-en-el-eaml-2025-para-impulsar-el-desarrollo-de-los-mercados-libres-iberoamericanos\/#breadcrumb\"},\"inLanguage\":\"es\",\"potentialAction\":[{\"@type\":\"ReadAction\",\"target\":[\"https:\/\/www.factorenergia.com\/es\/blog\/eventos\/factorenergia-participa-en-el-eaml-2025-para-impulsar-el-desarrollo-de-los-mercados-libres-iberoamericanos\/\"]}]},{\"@type\":\"BreadcrumbList\",\"@id\":\"https:\/\/www.factorenergia.com\/es\/blog\/eventos\/factorenergia-participa-en-el-eaml-2025-para-impulsar-el-desarrollo-de-los-mercados-libres-iberoamericanos\/#breadcrumb\",\"itemListElement\":[{\"@type\":\"ListItem\",\"position\":1,\"name\":\"Portada\",\"item\":\"https:\/\/www.factorenergia.com\/es\/\"},{\"@type\":\"ListItem\",\"position\":2,\"name\":\"Factorenergia participa en el EAML 2025 para impulsar el desarrollo de los mercados libres iberoamericanos\"}]},{\"@type\":\"WebSite\",\"@id\":\"https:\/\/www.factorenergia.com\/es\/#website\",\"url\":\"https:\/\/www.factorenergia.com\/es\/\",\"name\":\"factorenergia\",\"description\":\"Factor Energ\u00eda\",\"potentialAction\":[{\"@type\":\"SearchAction\",\"target\":{\"@type\":\"EntryPoint\",\"urlTemplate\":\"https:\/\/www.factorenergia.com\/es\/?s={search_term_string}\"},\"query-input\":\"required name=search_term_string\"}],\"inLanguage\":\"es\"},{\"@type\":\"Person\",\"@id\":\"https:\/\/www.factorenergia.com\/es\/#\/schema\/person\/0393cfddedf83f56c6fa67cd7f64b4f5\",\"name\":\"Equipo Transici\u00f3n Energ\u00e9tica Factorenergia\",\"image\":{\"@type\":\"ImageObject\",\"inLanguage\":\"es\",\"@id\":\"https:\/\/www.factorenergia.com\/es\/#\/schema\/person\/image\/\",\"url\":\"https:\/\/secure.gravatar.com\/avatar\/80959538036dc57cad8f416d2d764870?s=96&d=mm&r=g\",\"contentUrl\":\"https:\/\/secure.gravatar.com\/avatar\/80959538036dc57cad8f416d2d764870?s=96&d=mm&r=g\",\"caption\":\"Equipo Transici\u00f3n Energ\u00e9tica Factorenergia\"},\"url\":\"https:\/\/www.factorenergia.com\/es\/blog\/author\/pilar\/\"}]}<\/script>\n<!-- \/ Yoast SEO plugin. -->","yoast_head_json":{"title":"Factorenergia participa en el EAML 2025 para impulsar el desarrollo de los mercados libres iberoamericanos | factorenergia","description":"Factorenergia participa en el EAML 2025 de Abraceel, aportando visi\u00f3n sobre la evoluci\u00f3n y el desarrollo del mercado libre de energ\u00eda en Iberoam\u00e9rica.","robots":{"index":"index","follow":"follow","max-snippet":"max-snippet:-1","max-image-preview":"max-image-preview:large","max-video-preview":"max-video-preview:-1"},"canonical":"https:\/\/www.factorenergia.com\/es\/blog\/eventos\/factorenergia-participa-en-el-eaml-2025-para-impulsar-el-desarrollo-de-los-mercados-libres-iberoamericanos\/","twitter_card":"summary_large_image","twitter_title":"Factorenergia participa en el EAML 2025 para impulsar el desarrollo de los mercados libres iberoamericanos | factorenergia","twitter_description":"Factorenergia participa en el EAML 2025 de Abraceel, aportando visi\u00f3n sobre la evoluci\u00f3n y el desarrollo del mercado libre de energ\u00eda en Iberoam\u00e9rica.","twitter_creator":"@factorenergia","twitter_site":"@factorenergia","twitter_misc":{"Escrito por":"Equipo Transici\u00f3n Energ\u00e9tica Factorenergia","Tiempo de lectura":"2 minutos"},"schema":{"@context":"https:\/\/schema.org","@graph":[{"@type":"WebPage","@id":"https:\/\/www.factorenergia.com\/es\/blog\/eventos\/factorenergia-participa-en-el-eaml-2025-para-impulsar-el-desarrollo-de-los-mercados-libres-iberoamericanos\/","url":"https:\/\/www.factorenergia.com\/es\/blog\/eventos\/factorenergia-participa-en-el-eaml-2025-para-impulsar-el-desarrollo-de-los-mercados-libres-iberoamericanos\/","name":"Factorenergia participa en el EAML 2025 para impulsar el desarrollo de los mercados libres iberoamericanos | factorenergia","isPartOf":{"@id":"https:\/\/www.factorenergia.com\/es\/#website"},"datePublished":"2025-12-01T14:42:01+00:00","dateModified":"2025-12-01T14:42:01+00:00","author":{"@id":"https:\/\/www.factorenergia.com\/es\/#\/schema\/person\/0393cfddedf83f56c6fa67cd7f64b4f5"},"description":"Factorenergia participa en el EAML 2025 de Abraceel, aportando visi\u00f3n sobre la evoluci\u00f3n y el desarrollo del mercado libre de energ\u00eda en Iberoam\u00e9rica.","breadcrumb":{"@id":"https:\/\/www.factorenergia.com\/es\/blog\/eventos\/factorenergia-participa-en-el-eaml-2025-para-impulsar-el-desarrollo-de-los-mercados-libres-iberoamericanos\/#breadcrumb"},"inLanguage":"es","potentialAction":[{"@type":"ReadAction","target":["https:\/\/www.factorenergia.com\/es\/blog\/eventos\/factorenergia-participa-en-el-eaml-2025-para-impulsar-el-desarrollo-de-los-mercados-libres-iberoamericanos\/"]}]},{"@type":"BreadcrumbList","@id":"https:\/\/www.factorenergia.com\/es\/blog\/eventos\/factorenergia-participa-en-el-eaml-2025-para-impulsar-el-desarrollo-de-los-mercados-libres-iberoamericanos\/#breadcrumb","itemListElement":[{"@type":"ListItem","position":1,"name":"Portada","item":"https:\/\/www.factorenergia.com\/es\/"},{"@type":"ListItem","position":2,"name":"Factorenergia participa en el EAML 2025 para impulsar el desarrollo de los mercados libres iberoamericanos"}]},{"@type":"WebSite","@id":"https:\/\/www.factorenergia.com\/es\/#website","url":"https:\/\/www.factorenergia.com\/es\/","name":"factorenergia","description":"Factor Energ\u00eda","potentialAction":[{"@type":"SearchAction","target":{"@type":"EntryPoint","urlTemplate":"https:\/\/www.factorenergia.com\/es\/?s={search_term_string}"},"query-input":"required name=search_term_string"}],"inLanguage":"es"},{"@type":"Person","@id":"https:\/\/www.factorenergia.com\/es\/#\/schema\/person\/0393cfddedf83f56c6fa67cd7f64b4f5","name":"Equipo Transici\u00f3n Energ\u00e9tica Factorenergia","image":{"@type":"ImageObject","inLanguage":"es","@id":"https:\/\/www.factorenergia.com\/es\/#\/schema\/person\/image\/","url":"https:\/\/secure.gravatar.com\/avatar\/80959538036dc57cad8f416d2d764870?s=96&d=mm&r=g","contentUrl":"https:\/\/secure.gravatar.com\/avatar\/80959538036dc57cad8f416d2d764870?s=96&d=mm&r=g","caption":"Equipo Transici\u00f3n Energ\u00e9tica Factorenergia"},"url":"https:\/\/www.factorenergia.com\/es\/blog\/author\/pilar\/"}]}},"_links":{"self":[{"href":"https:\/\/www.factorenergia.com\/es\/wp-json\/wp\/v2\/posts\/30790"}],"collection":[{"href":"https:\/\/www.factorenergia.com\/es\/wp-json\/wp\/v2\/posts"}],"about":[{"href":"https:\/\/www.factorenergia.com\/es\/wp-json\/wp\/v2\/types\/post"}],"author":[{"embeddable":true,"href":"https:\/\/www.factorenergia.com\/es\/wp-json\/wp\/v2\/users\/23"}],"replies":[{"embeddable":true,"href":"https:\/\/www.factorenergia.com\/es\/wp-json\/wp\/v2\/comments?post=30790"}],"version-history":[{"count":1,"href":"https:\/\/www.factorenergia.com\/es\/wp-json\/wp\/v2\/posts\/30790\/revisions"}],"predecessor-version":[{"id":30793,"href":"https:\/\/www.factorenergia.com\/es\/wp-json\/wp\/v2\/posts\/30790\/revisions\/30793"}],"wp:attachment":[{"href":"https:\/\/www.factorenergia.com\/es\/wp-json\/wp\/v2\/media?parent=30790"}],"wp:term":[{"taxonomy":"category","embeddable":true,"href":"https:\/\/www.factorenergia.com\/es\/wp-json\/wp\/v2\/categories?post=30790"},{"taxonomy":"post_tag","embeddable":true,"href":"https:\/\/www.factorenergia.com\/es\/wp-json\/wp\/v2\/tags?post=30790"}],"curies":[{"name":"wp","href":"https:\/\/api.w.org\/{rel}","templated":true}]}}