{"id":30580,"date":"2025-11-20T13:17:14","date_gmt":"2025-11-20T11:17:14","guid":{"rendered":"https:\/\/www.factorenergia.com\/es\/?p=30580"},"modified":"2026-01-27T15:13:44","modified_gmt":"2026-01-27T13:13:44","slug":"factorenergia-en-genera-2025-liderazgo-en-electrificacion-ahorro-y-energias-renovables","status":"publish","type":"post","link":"https:\/\/www.factorenergia.com\/es\/blog\/eventos\/factorenergia-en-genera-2025-liderazgo-en-electrificacion-ahorro-y-energias-renovables\/","title":{"rendered":"Factorenergia en GENERA 2025: liderazgo en electrificaci\u00f3n, ahorro y energ\u00edas renovables"},"content":{"rendered":"<h2>GENERA 2025: el evento de referencia del sector energ\u00e9tico en Espa\u00f1a<\/h2>\n<p data-start=\"494\" data-end=\"855\">Del <strong data-start=\"498\" data-end=\"531\">18 al 20 de noviembre de 2025<\/strong>, IFEMA Madrid <strong data-start=\"546\" data-end=\"562\">ha celebrado<\/strong> una nueva edici\u00f3n de <a href=\"https:\/\/www.ifema.es\/genera\"><strong data-start=\"584\" data-end=\"594\">GENERA<\/strong><\/a>, la <em data-start=\"599\" data-end=\"665\">Semana Internacional de la Electrificaci\u00f3n y la Descarbonizaci\u00f3n<\/em>. Este encuentro <strong data-start=\"682\" data-end=\"703\">se ha consolidado<\/strong> como el evento energ\u00e9tico m\u00e1s relevante del sector, reuniendo a empresas, instituciones y profesionales comprometidos con la <strong data-start=\"829\" data-end=\"854\">transici\u00f3n energ\u00e9tica<\/strong>.<\/p>\n<p data-start=\"857\" data-end=\"1310\">GENERA 2025 <strong data-start=\"869\" data-end=\"883\">ha servido<\/strong> como punto de encuentro para conocer los avances m\u00e1s innovadores en <strong data-start=\"952\" data-end=\"1045\">electrificaci\u00f3n, autoconsumo, almacenamiento energ\u00e9tico, eficiencia y movilidad el\u00e9ctrica<\/strong>.<br data-start=\"1046\" data-end=\"1049\" \/>Para Factorenergia, esta edici\u00f3n <strong data-start=\"1082\" data-end=\"1101\">ha representado<\/strong> una oportunidad estrat\u00e9gica para reforzar nuestro liderazgo en el sector, acercar nuestras soluciones a los visitantes y demostrar c\u00f3mo ayudamos a hogares y empresas a <strong data-start=\"1270\" data-end=\"1309\">ahorrar energ\u00eda y reducir emisiones<\/strong>.<\/p>\n<h2>Nuestro stand en GENERA 2025: soluciones reales para un nuevo modelo energ\u00e9tico<\/h2>\n<h3>Stand 10G30: un espacio de encuentro profesional<\/h3>\n<p data-start=\"1469\" data-end=\"1794\">Durante los tres d\u00edas de feria, Factorenergia <strong data-start=\"1515\" data-end=\"1537\">ha estado presente<\/strong> en el <strong data-start=\"1544\" data-end=\"1559\">Stand 10G30<\/strong>, dentro de la zona de APPA Renovables. Este espacio <strong data-start=\"1612\" data-end=\"1627\">ha recibido<\/strong> a numerosos profesionales, empresas y visitantes interesados en descubrir c\u00f3mo la electrificaci\u00f3n y las energ\u00edas renovables <strong data-start=\"1752\" data-end=\"1772\">est\u00e1n impulsando<\/strong> el ahorro energ\u00e9tico.<\/p>\n<h3 data-start=\"1796\" data-end=\"1843\"><strong data-start=\"1800\" data-end=\"1843\">Soluciones presentadas en el evento<\/strong><\/h3>\n<p data-start=\"1844\" data-end=\"1980\">En nuestro stand <strong data-start=\"1861\" data-end=\"1879\">hemos mostrado<\/strong> soluciones reales que ya est\u00e1n transformando la manera en que hogares e industrias consumen energ\u00eda:<\/p>\n<ul data-start=\"1982\" data-end=\"2282\">\n<li data-start=\"1982\" data-end=\"2043\">\n<p data-start=\"1984\" data-end=\"2043\"><strong data-start=\"1984\" data-end=\"2012\">Autoconsumo fotovoltaico<\/strong> para particulares y empresas<\/p>\n<\/li>\n<li data-start=\"2044\" data-end=\"2108\">\n<p data-start=\"2046\" data-end=\"2108\"><strong data-start=\"2046\" data-end=\"2106\">Sistemas de almacenamiento energ\u00e9tico y bater\u00edas f\u00edsicas<\/strong><\/p>\n<\/li>\n<li data-start=\"2109\" data-end=\"2166\">\n<p data-start=\"2111\" data-end=\"2166\"><strong data-start=\"2111\" data-end=\"2164\">Electrificaci\u00f3n de procesos t\u00e9rmicos industriales<\/strong><\/p>\n<\/li>\n<li data-start=\"2167\" data-end=\"2218\">\n<p data-start=\"2169\" data-end=\"2218\"><strong data-start=\"2169\" data-end=\"2216\">Soluciones de recarga y movilidad el\u00e9ctrica<\/strong><\/p>\n<\/li>\n<li data-start=\"2219\" data-end=\"2282\">\n<p data-start=\"2221\" data-end=\"2282\"><strong data-start=\"2221\" data-end=\"2282\">Planes de eficiencia energ\u00e9tica y monitorizaci\u00f3n avanzada<\/strong><\/p>\n<\/li>\n<\/ul>\n<p>&nbsp;<\/p>\n<p data-start=\"2284\" data-end=\"2435\">Estas tecnolog\u00edas <strong data-start=\"2302\" data-end=\"2321\">han evidenciado<\/strong> c\u00f3mo la electrificaci\u00f3n inteligente permite reducir costes, mejorar la eficiencia y acelerar la descarbonizaci\u00f3n.<\/p>\n<h3 data-start=\"2284\" data-end=\"2435\">Nuestro equipo experto ha acompa\u00f1ado a los visitantes<\/h3>\n<p data-start=\"2503\" data-end=\"2660\">Durante el evento, nuestro equipo t\u00e9cnico y comercial <strong data-start=\"2557\" data-end=\"2572\">ha atendido<\/strong> a visitantes y clientes, ofreciendo asesoramiento y respuestas a necesidades concretas:<\/p>\n<ul data-start=\"2662\" data-end=\"2969\">\n<li data-start=\"2662\" data-end=\"2726\">\n<p data-start=\"2664\" data-end=\"2726\"><strong data-start=\"2664\" data-end=\"2688\">Carlos Gallar Romero<\/strong> \u2014 Director de Transici\u00f3n Energ\u00e9tica<\/p>\n<\/li>\n<li data-start=\"2727\" data-end=\"2795\">\n<p data-start=\"2729\" data-end=\"2795\"><strong data-start=\"2729\" data-end=\"2756\">Flavia Blanco del Valle<\/strong> \u2014 Ingeniera de Transici\u00f3n Energ\u00e9tica<\/p>\n<\/li>\n<li data-start=\"2796\" data-end=\"2839\">\n<p data-start=\"2798\" data-end=\"2839\"><strong data-start=\"2798\" data-end=\"2818\">Isadora Vizcaino<\/strong> \u2014 Business Manager<\/p>\n<\/li>\n<li data-start=\"2840\" data-end=\"2891\">\n<p data-start=\"2842\" data-end=\"2891\"><strong data-start=\"2842\" data-end=\"2870\">Jos\u00e9 Antonio Ure\u00f1a Nieto<\/strong> \u2014 Business Manager<\/p>\n<\/li>\n<li data-start=\"2892\" data-end=\"2969\">\n<p data-start=\"2894\" data-end=\"2969\">Y otros especialistas en eficiencia, almacenamiento y movilidad el\u00e9ctrica<\/p>\n<\/li>\n<\/ul>\n<p>&nbsp;<\/p>\n<p data-start=\"2971\" data-end=\"3105\">Su experiencia <strong data-start=\"2986\" data-end=\"3002\">ha permitido<\/strong> identificar oportunidades reales de electrificaci\u00f3n y ahorro para todo tipo de perfiles profesionales.<\/p>\n<p>&nbsp;<\/p>\n<p><a href=\"https:\/\/www.factorenergia.com\/wp-content\/uploads\/2025\/11\/Imagenes-de-entradas-del-blog-26.jpg\"><picture><source srcset=\"https:\/\/www.factorenergia.com\/wp-content\/webp-express\/webp-images\/uploads\/2025\/11\/Imagenes-de-entradas-del-blog-26-1024x576.jpg.webp 1024w, https:\/\/www.factorenergia.com\/wp-content\/webp-express\/webp-images\/uploads\/2025\/11\/Imagenes-de-entradas-del-blog-26-300x169.jpg.webp 300w, https:\/\/www.factorenergia.com\/wp-content\/webp-express\/webp-images\/uploads\/2025\/11\/Imagenes-de-entradas-del-blog-26-768x432.jpg.webp 768w, https:\/\/www.factorenergia.com\/wp-content\/webp-express\/webp-images\/uploads\/2025\/11\/Imagenes-de-entradas-del-blog-26-1536x864.jpg.webp 1536w, https:\/\/www.factorenergia.com\/wp-content\/webp-express\/webp-images\/uploads\/2025\/11\/Imagenes-de-entradas-del-blog-26-2048x1152.jpg.webp 2048w, https:\/\/www.factorenergia.com\/wp-content\/webp-express\/webp-images\/uploads\/2025\/11\/Imagenes-de-entradas-del-blog-26-306x172.jpg.webp 306w, https:\/\/www.factorenergia.com\/wp-content\/webp-express\/webp-images\/uploads\/2025\/11\/Imagenes-de-entradas-del-blog-26-90x51.jpg.webp 90w, https:\/\/www.factorenergia.com\/wp-content\/webp-express\/webp-images\/uploads\/2025\/11\/Imagenes-de-entradas-del-blog-26-170x96.jpg.webp 170w, https:\/\/www.factorenergia.com\/wp-content\/webp-express\/webp-images\/uploads\/2025\/11\/Imagenes-de-entradas-del-blog-26-640x360.jpg.webp 640w, https:\/\/www.factorenergia.com\/wp-content\/webp-express\/webp-images\/uploads\/2025\/11\/Imagenes-de-entradas-del-blog-26-500x281.jpg.webp 500w\" sizes=\"(max-width: 1024px) 100vw, 1024px\" type=\"image\/webp\"><img decoding=\"async\" src=\"https:\/\/www.factorenergia.com\/wp-content\/uploads\/2025\/11\/Imagenes-de-entradas-del-blog-26-1024x576.jpg\" height=\"auto\" alt=\"Equipo de Factorenergia atendiendo a visitantes en su stand de GENERA 2025, frente a un panel sobre bater\u00edas inteligentes y soluciones de autoconsumo.\" class=\"wp-image-30582  webpexpress-processed\" srcset=\"https:\/\/www.factorenergia.com\/wp-content\/uploads\/2025\/11\/Imagenes-de-entradas-del-blog-26-1024x576.jpg 1024w, https:\/\/www.factorenergia.com\/wp-content\/uploads\/2025\/11\/Imagenes-de-entradas-del-blog-26-300x169.jpg 300w, https:\/\/www.factorenergia.com\/wp-content\/uploads\/2025\/11\/Imagenes-de-entradas-del-blog-26-768x432.jpg 768w, https:\/\/www.factorenergia.com\/wp-content\/uploads\/2025\/11\/Imagenes-de-entradas-del-blog-26-1536x864.jpg 1536w, https:\/\/www.factorenergia.com\/wp-content\/uploads\/2025\/11\/Imagenes-de-entradas-del-blog-26-2048x1152.jpg 2048w, https:\/\/www.factorenergia.com\/wp-content\/uploads\/2025\/11\/Imagenes-de-entradas-del-blog-26-306x172.jpg 306w, https:\/\/www.factorenergia.com\/wp-content\/uploads\/2025\/11\/Imagenes-de-entradas-del-blog-26-90x51.jpg 90w, https:\/\/www.factorenergia.com\/wp-content\/uploads\/2025\/11\/Imagenes-de-entradas-del-blog-26-170x96.jpg 170w, https:\/\/www.factorenergia.com\/wp-content\/uploads\/2025\/11\/Imagenes-de-entradas-del-blog-26-640x360.jpg 640w, https:\/\/www.factorenergia.com\/wp-content\/uploads\/2025\/11\/Imagenes-de-entradas-del-blog-26-500x281.jpg 500w\" sizes=\"(max-width: 1024px) 100vw, 1024px\"><\/picture><\/a> Equipo de Factorenergia atendiendo a visitantes en su stand de GENERA 2025, frente a un panel sobre bater\u00edas inteligentes y soluciones de autoconsumo.<\/p>\n<p>&nbsp;<\/p>\n<h2 data-start=\"994\" data-end=\"1277\">Participaci\u00f3n en la mesa redonda de APPA Renovables<\/h2>\n<h3 data-start=\"994\" data-end=\"1277\">Un debate clave sobre electrificaci\u00f3n y ahorro<\/h3>\n<p data-start=\"3234\" data-end=\"3423\">El <strong data-start=\"3237\" data-end=\"3256\">19 de noviembre<\/strong>, Factorenergia <strong data-start=\"3272\" data-end=\"3290\">ha participado<\/strong> como ponente en la mesa redonda organizada por <a href=\"https:\/\/www.appa.es\/\">APPA Renovables<\/a>:<br data-start=\"3354\" data-end=\"3357\" \/><strong data-start=\"3357\" data-end=\"3422\">\u201cElectrificaci\u00f3n y ahorros: la oportunidad de las renovables\u201d<\/strong>.<\/p>\n<p data-start=\"3425\" data-end=\"3691\">En este espacio, <strong data-start=\"3442\" data-end=\"3466\">Carlos Gallar Romero<\/strong>, Director de Transici\u00f3n Energ\u00e9tica, <strong data-start=\"3503\" data-end=\"3520\">ha compartido<\/strong> la visi\u00f3n de la compa\u00f1\u00eda sobre el impacto de la electrificaci\u00f3n en la reducci\u00f3n del consumo energ\u00e9tico y en la integraci\u00f3n de energ\u00edas renovables en hogares e industrias.<\/p>\n<p data-start=\"3693\" data-end=\"3823\">Durante su intervenci\u00f3n, Carlos <strong data-start=\"3725\" data-end=\"3741\">ha destacado<\/strong> un mensaje claro: <strong data-start=\"3762\" data-end=\"3823\">\u201cLa electrificaci\u00f3n es necesaria, sostenible y rentable\u201d.<\/strong><\/p>\n<h3 data-start=\"3693\" data-end=\"3823\">Un panel de expertos del sector energ\u00e9tico<\/h3>\n<p data-start=\"3880\" data-end=\"4029\">La sesi\u00f3n <strong data-start=\"3890\" data-end=\"3904\">ha contado<\/strong> con la participaci\u00f3n de profesionales de referencia, lo que <strong data-start=\"3965\" data-end=\"3983\">ha enriquecido<\/strong> el an\u00e1lisis t\u00e9cnico y estrat\u00e9gico del sector:<\/p>\n<ul data-start=\"4031\" data-end=\"4196\">\n<li data-start=\"4031\" data-end=\"4077\">\n<p data-start=\"4033\" data-end=\"4077\">Rebeca S\u00e1nchez Izaguirre (APPA Renovables)<\/p>\n<\/li>\n<li data-start=\"4078\" data-end=\"4106\">\n<p data-start=\"4080\" data-end=\"4106\">Jaime Goyanes (Eranovum)<\/p>\n<\/li>\n<li data-start=\"4107\" data-end=\"4149\">\n<p data-start=\"4109\" data-end=\"4149\">David Cuesta (NTT DATA Europe &amp; Latam)<\/p>\n<\/li>\n<li data-start=\"4150\" data-end=\"4196\">\n<p data-start=\"4152\" data-end=\"4196\">Javier Dom\u00ednguez Clemente (CambioEnergetico)<\/p>\n<\/li>\n<\/ul>\n<p data-start=\"4198\" data-end=\"4359\">El debate <strong data-start=\"4208\" data-end=\"4224\">ha subrayado<\/strong> el papel fundamental de la electrificaci\u00f3n en la transici\u00f3n energ\u00e9tica y ha puesto en valor su impacto directo en el ahorro econ\u00f3mico.<\/p>\n<p><a href=\"https:\/\/www.factorenergia.com\/wp-content\/uploads\/2025\/11\/Post-LinkedIN-.png\"><picture><source srcset=\"https:\/\/www.factorenergia.com\/wp-content\/webp-express\/webp-images\/uploads\/2025\/11\/Post-LinkedIN--1024x576.png.webp 1024w, https:\/\/www.factorenergia.com\/wp-content\/webp-express\/webp-images\/uploads\/2025\/11\/Post-LinkedIN--300x169.png.webp 300w, https:\/\/www.factorenergia.com\/wp-content\/webp-express\/webp-images\/uploads\/2025\/11\/Post-LinkedIN--768x432.png.webp 768w, https:\/\/www.factorenergia.com\/wp-content\/webp-express\/webp-images\/uploads\/2025\/11\/Post-LinkedIN--1536x864.png.webp 1536w, https:\/\/www.factorenergia.com\/wp-content\/webp-express\/webp-images\/uploads\/2025\/11\/Post-LinkedIN--306x172.png.webp 306w, https:\/\/www.factorenergia.com\/wp-content\/webp-express\/webp-images\/uploads\/2025\/11\/Post-LinkedIN--90x51.png.webp 90w, https:\/\/www.factorenergia.com\/wp-content\/webp-express\/webp-images\/uploads\/2025\/11\/Post-LinkedIN--170x96.png.webp 170w, https:\/\/www.factorenergia.com\/wp-content\/webp-express\/webp-images\/uploads\/2025\/11\/Post-LinkedIN--640x360.png.webp 640w, https:\/\/www.factorenergia.com\/wp-content\/webp-express\/webp-images\/uploads\/2025\/11\/Post-LinkedIN--500x281.png.webp 500w, https:\/\/www.factorenergia.com\/wp-content\/webp-express\/webp-images\/uploads\/2025\/11\/Post-LinkedIN-.png.webp 1600w\" sizes=\"(max-width: 1024px) 100vw, 1024px\" type=\"image\/webp\"><img decoding=\"async\" src=\"https:\/\/www.factorenergia.com\/wp-content\/uploads\/2025\/11\/Post-LinkedIN--1024x576.png\" height=\"auto\" alt=\"Panel de expertos durante la mesa redonda de APPA Renovables en GENERA 2025, sobre electrificaci\u00f3n y ahorros, con ponentes debatiendo frente a la audiencia y una pantalla con informaci\u00f3n del evento.\" class=\"wp-image-30587  webpexpress-processed\" srcset=\"https:\/\/www.factorenergia.com\/wp-content\/uploads\/2025\/11\/Post-LinkedIN--1024x576.png 1024w, https:\/\/www.factorenergia.com\/wp-content\/uploads\/2025\/11\/Post-LinkedIN--300x169.png 300w, https:\/\/www.factorenergia.com\/wp-content\/uploads\/2025\/11\/Post-LinkedIN--768x432.png 768w, https:\/\/www.factorenergia.com\/wp-content\/uploads\/2025\/11\/Post-LinkedIN--1536x864.png 1536w, https:\/\/www.factorenergia.com\/wp-content\/uploads\/2025\/11\/Post-LinkedIN--306x172.png 306w, https:\/\/www.factorenergia.com\/wp-content\/uploads\/2025\/11\/Post-LinkedIN--90x51.png 90w, https:\/\/www.factorenergia.com\/wp-content\/uploads\/2025\/11\/Post-LinkedIN--170x96.png 170w, https:\/\/www.factorenergia.com\/wp-content\/uploads\/2025\/11\/Post-LinkedIN--640x360.png 640w, https:\/\/www.factorenergia.com\/wp-content\/uploads\/2025\/11\/Post-LinkedIN--500x281.png 500w, https:\/\/www.factorenergia.com\/wp-content\/uploads\/2025\/11\/Post-LinkedIN-.png 1600w\" sizes=\"(max-width: 1024px) 100vw, 1024px\"><\/picture><\/a> Panel de expertos durante la mesa redonda de APPA Renovables en GENERA 2025, sobre electrificaci\u00f3n y ahorros, con ponentes debatiendo frente a la audiencia y una pantalla con informaci\u00f3n del evento.<\/p>\n<p>&nbsp;<\/p>\n<h2>Factorenergia modera un debate clave sobre flexibilidad del sistema energ\u00e9tico<\/h2>\n<h3>Un cierre clave centrado en la flexibilidad<\/h3>\n<p><span>Adem\u00e1s de nuestra participaci\u00f3n en la mesa de APPA Renovables, Factorenergia ha tenido un papel destacado en otro de los debates t\u00e9cnicos m\u00e1s relevantes de GENERA 2025. Nuestro Director de Transici\u00f3n Energ\u00e9tica, Carlos Gallar Romero, ha moderado una sesi\u00f3n estrat\u00e9gica centrada en un concepto que marcar\u00e1 el futuro del sistema energ\u00e9tico: la flexibilidad.<\/span><\/p>\n<p><span>Durante el encuentro, Carlos ha subrayado un mensaje que resume el desaf\u00edo actual del sector:<\/span><\/p>\n<p><strong><span>\u201cLa electrificaci\u00f3n y la descarbonizaci\u00f3n solo avanzar\u00e1n si apostamos de verdad por la flexibilidad del sistema.\u201d<\/span><\/strong><\/p>\n<p><a href=\"https:\/\/www.factorenergia.com\/wp-content\/uploads\/2025\/11\/Mesa-redonda-Carlos-Gallar-Genera.jpg\"><picture><source srcset=\"https:\/\/www.factorenergia.com\/wp-content\/webp-express\/webp-images\/uploads\/2025\/11\/Mesa-redonda-Carlos-Gallar-Genera-1024x576.jpg.webp 1024w, https:\/\/www.factorenergia.com\/wp-content\/webp-express\/webp-images\/uploads\/2025\/11\/Mesa-redonda-Carlos-Gallar-Genera-300x169.jpg.webp 300w, https:\/\/www.factorenergia.com\/wp-content\/webp-express\/webp-images\/uploads\/2025\/11\/Mesa-redonda-Carlos-Gallar-Genera-768x432.jpg.webp 768w, https:\/\/www.factorenergia.com\/wp-content\/webp-express\/webp-images\/uploads\/2025\/11\/Mesa-redonda-Carlos-Gallar-Genera-1536x864.jpg.webp 1536w, https:\/\/www.factorenergia.com\/wp-content\/webp-express\/webp-images\/uploads\/2025\/11\/Mesa-redonda-Carlos-Gallar-Genera-306x172.jpg.webp 306w, https:\/\/www.factorenergia.com\/wp-content\/webp-express\/webp-images\/uploads\/2025\/11\/Mesa-redonda-Carlos-Gallar-Genera-90x51.jpg.webp 90w, https:\/\/www.factorenergia.com\/wp-content\/webp-express\/webp-images\/uploads\/2025\/11\/Mesa-redonda-Carlos-Gallar-Genera-170x96.jpg.webp 170w, https:\/\/www.factorenergia.com\/wp-content\/webp-express\/webp-images\/uploads\/2025\/11\/Mesa-redonda-Carlos-Gallar-Genera-640x360.jpg.webp 640w, https:\/\/www.factorenergia.com\/wp-content\/webp-express\/webp-images\/uploads\/2025\/11\/Mesa-redonda-Carlos-Gallar-Genera-500x281.jpg.webp 500w, https:\/\/www.factorenergia.com\/wp-content\/webp-express\/webp-images\/uploads\/2025\/11\/Mesa-redonda-Carlos-Gallar-Genera.jpg.webp 1600w\" sizes=\"(max-width: 1024px) 100vw, 1024px\" type=\"image\/webp\"><img decoding=\"async\" src=\"https:\/\/www.factorenergia.com\/wp-content\/uploads\/2025\/11\/Mesa-redonda-Carlos-Gallar-Genera-1024x576.jpg\" height=\"auto\" alt=\"Mesa redonda de GENERA 2025 moderada por Carlos Gallar, con expertos de sonnen, Rondo Energy, Plexigrid, Build to Zero y Schneider Electric debatiendo sobre flexibilidad del sistema energ\u00e9tico.\" class=\"wp-image-30633 size-large webpexpress-processed\" srcset=\"https:\/\/www.factorenergia.com\/wp-content\/uploads\/2025\/11\/Mesa-redonda-Carlos-Gallar-Genera-1024x576.jpg 1024w, https:\/\/www.factorenergia.com\/wp-content\/uploads\/2025\/11\/Mesa-redonda-Carlos-Gallar-Genera-300x169.jpg 300w, https:\/\/www.factorenergia.com\/wp-content\/uploads\/2025\/11\/Mesa-redonda-Carlos-Gallar-Genera-768x432.jpg 768w, https:\/\/www.factorenergia.com\/wp-content\/uploads\/2025\/11\/Mesa-redonda-Carlos-Gallar-Genera-1536x864.jpg 1536w, https:\/\/www.factorenergia.com\/wp-content\/uploads\/2025\/11\/Mesa-redonda-Carlos-Gallar-Genera-306x172.jpg 306w, https:\/\/www.factorenergia.com\/wp-content\/uploads\/2025\/11\/Mesa-redonda-Carlos-Gallar-Genera-90x51.jpg 90w, https:\/\/www.factorenergia.com\/wp-content\/uploads\/2025\/11\/Mesa-redonda-Carlos-Gallar-Genera-170x96.jpg 170w, https:\/\/www.factorenergia.com\/wp-content\/uploads\/2025\/11\/Mesa-redonda-Carlos-Gallar-Genera-640x360.jpg 640w, https:\/\/www.factorenergia.com\/wp-content\/uploads\/2025\/11\/Mesa-redonda-Carlos-Gallar-Genera-500x281.jpg 500w, https:\/\/www.factorenergia.com\/wp-content\/uploads\/2025\/11\/Mesa-redonda-Carlos-Gallar-Genera.jpg 1600w\" sizes=\"(max-width: 1024px) 100vw, 1024px\"><\/picture><\/a><\/p>\n<h3><span>Una visi\u00f3n compartida del cambio energ\u00e9tico<\/span><\/h3>\n<p><span>La mesa ha reunido a expertos de compa\u00f1\u00edas que est\u00e1n liderando la innovaci\u00f3n en almacenamiento, gesti\u00f3n de demanda y redes inteligentes:<\/span><\/p>\n<ul data-spread=\"false\">\n<li><span>Gorka Mart\u00ed \u2014 sonnen, Inc.<\/span><\/li>\n<li><span>Alberto Toril Castro \u2014 Rondo Energy<\/span><\/li>\n<li><span>Mat\u00edas Ariel Kippke Salom\u00f3n \u2014 Plexigrid<\/span><\/li>\n<li><span>Miguel M\u00e9ndez Trigo \u2014 Build to Zero<\/span><\/li>\n<li><span>Crist\u00f3bal Gonz\u00e1lez Rico \u2014 Schneider Electric<\/span><\/li>\n<\/ul>\n<p><span>Todos coincidieron en un diagn\u00f3stico com\u00fan: la flexibilidad ser\u00e1 un elemento imprescindible para integrar m\u00e1s renovables, optimizar la red y acelerar la electrificaci\u00f3n de hogares e industrias.<\/span><\/p>\n<h3><span>Temas que marcaron el debate<\/span><\/h3>\n<ul data-spread=\"false\">\n<li><span>Red y planificaci\u00f3n adaptadas a un nuevo contexto energ\u00e9tico.<\/span><\/li>\n<li><span>Almacenamiento t\u00e9rmico y el\u00e9ctrico para estabilidad y autonom\u00eda.<\/span><\/li>\n<li><span>Accesos m\u00e1s \u00e1giles y tarifas alineadas con la transici\u00f3n.<\/span><\/li>\n<li><span>Agregaci\u00f3n de recursos distribuidos, especialmente bater\u00edas, como palanca de flexibilidad.<\/span><\/li>\n<\/ul>\n<h3><span>Mirando hacia adelante<\/span><\/h3>\n<p><span>El debate tambi\u00e9n puso de manifiesto que Espa\u00f1a posee un enorme potencial renovable, pero que este solo podr\u00e1 aprovecharse plenamente con una red m\u00e1s preparada, infraestructuras digitalizadas, inversi\u00f3n anticipada y un marco regulatorio que apueste de forma clara por la flexibilidad.<\/span><\/p>\n<p><span>Desde Factorenergia seguimos trabajando para que la flexibilidad sea el motor de una transici\u00f3n energ\u00e9tica real, eficiente y sostenible.<\/span><\/p>\n<h2 data-start=\"4198\" data-end=\"4359\">Gracias por acompa\u00f1arnos en GENERA 2025<\/h2>\n<p data-start=\"4416\" data-end=\"4744\">GENERA 2025 <strong data-start=\"4428\" data-end=\"4439\">ha sido<\/strong> un punto de encuentro decisivo para avanzar en innovaci\u00f3n energ\u00e9tica y reforzar nuestro compromiso con la electrificaci\u00f3n y las energ\u00edas renovables.<\/p>\n<p data-start=\"4416\" data-end=\"4744\"><br data-start=\"4588\" data-end=\"4591\" \/>Desde Factorenergia, <strong data-start=\"4612\" data-end=\"4627\">agradecemos<\/strong> a todos los visitantes que <strong data-start=\"4655\" data-end=\"4674\">se han acercado<\/strong> a nuestro stand y a quienes <strong data-start=\"4703\" data-end=\"4722\">han participado<\/strong> en nuestras sesiones.<\/p>\n<p data-start=\"4746\" data-end=\"4898\">Seguimos trabajando para ofrecer soluciones reales, eficientes y sostenibles que <strong data-start=\"4827\" data-end=\"4845\">han demostrado<\/strong> ser clave para un futuro energ\u00e9tico m\u00e1s inteligente.<\/p>\n<p data-start=\"4746\" data-end=\"4898\">\n","protected":false},"excerpt":{"rendered":"<p>GENERA 2025: el evento de referencia del sector energ\u00e9tico en Espa\u00f1a Del 18 al 20 de noviembre de 2025, IFEMA Madrid ha celebrado una nueva edici\u00f3n de GENERA, la Semana Internacional de la Electrificaci\u00f3n y la Descarbonizaci\u00f3n. Este encuentro se ha consolidado como el evento energ\u00e9tico m\u00e1s relevante del sector, reuniendo a empresas, instituciones y [&hellip;]<\/p>\n","protected":false},"author":23,"featured_media":0,"comment_status":"open","ping_status":"open","sticky":false,"template":"","format":"standard","meta":{"inline_featured_image":false,"footnotes":""},"categories":[179],"tags":[],"acf":{"fecha_de_la_entrada":"20251120","imagen_portada":30584,"categoria_blog":null,"tipo_de_distribuidora":null,"tiempo_lectura":"2'","banner_bool":false,"titulo_banner":"","texto_banner":"","texto_boton_banner":"","url_boton_banner":"","post_relacionados":""},"yoast_head":"<!-- This site is optimized with the Yoast SEO plugin v22.2 - https:\/\/yoast.com\/wordpress\/plugins\/seo\/ -->\n<title>Factorenergia en GENERA 2025: liderazgo en electrificaci\u00f3n, ahorro y energ\u00edas renovables | factorenergia<\/title>\n<meta name=\"description\" content=\"Factorenergia ha participado en GENERA 2025 presentando soluciones de electrificaci\u00f3n, autoconsumo y almacenamiento, reforzando su liderazgo en el sector energ\u00e9tico.\" \/>\n<meta name=\"robots\" content=\"index, follow, max-snippet:-1, max-image-preview:large, max-video-preview:-1\" \/>\n<link rel=\"canonical\" href=\"https:\/\/www.factorenergia.com\/es\/blog\/eventos\/factorenergia-en-genera-2025-liderazgo-en-electrificacion-ahorro-y-energias-renovables\/\" \/>\n<meta name=\"twitter:card\" content=\"summary_large_image\" \/>\n<meta name=\"twitter:title\" content=\"Factorenergia en GENERA 2025: liderazgo en electrificaci\u00f3n, ahorro y energ\u00edas renovables | factorenergia\" \/>\n<meta name=\"twitter:description\" content=\"Factorenergia ha participado en GENERA 2025 presentando soluciones de electrificaci\u00f3n, autoconsumo y almacenamiento, reforzando su liderazgo en el sector energ\u00e9tico.\" \/>\n<meta name=\"twitter:image\" content=\"https:\/\/www.factorenergia.com\/wp-content\/uploads\/2025\/11\/Imagenes-de-entradas-del-blog-26-1024x576.jpg\" \/>\n<meta name=\"twitter:creator\" content=\"@factorenergia\" \/>\n<meta name=\"twitter:site\" content=\"@factorenergia\" \/>\n<meta name=\"twitter:label1\" content=\"Escrito por\" \/>\n\t<meta name=\"twitter:data1\" content=\"Equipo Transici\u00f3n Energ\u00e9tica Factorenergia\" \/>\n\t<meta name=\"twitter:label2\" content=\"Tiempo de lectura\" \/>\n\t<meta name=\"twitter:data2\" content=\"5 minutos\" \/>\n<script type=\"application\/ld+json\" class=\"yoast-schema-graph\">{\"@context\":\"https:\/\/schema.org\",\"@graph\":[{\"@type\":\"WebPage\",\"@id\":\"https:\/\/www.factorenergia.com\/es\/blog\/eventos\/factorenergia-en-genera-2025-liderazgo-en-electrificacion-ahorro-y-energias-renovables\/\",\"url\":\"https:\/\/www.factorenergia.com\/es\/blog\/eventos\/factorenergia-en-genera-2025-liderazgo-en-electrificacion-ahorro-y-energias-renovables\/\",\"name\":\"Factorenergia en GENERA 2025: liderazgo en electrificaci\u00f3n, ahorro y energ\u00edas renovables | factorenergia\",\"isPartOf\":{\"@id\":\"https:\/\/www.factorenergia.com\/es\/#website\"},\"primaryImageOfPage\":{\"@id\":\"https:\/\/www.factorenergia.com\/es\/blog\/eventos\/factorenergia-en-genera-2025-liderazgo-en-electrificacion-ahorro-y-energias-renovables\/#primaryimage\"},\"image\":{\"@id\":\"https:\/\/www.factorenergia.com\/es\/blog\/eventos\/factorenergia-en-genera-2025-liderazgo-en-electrificacion-ahorro-y-energias-renovables\/#primaryimage\"},\"thumbnailUrl\":\"https:\/\/www.factorenergia.com\/wp-content\/uploads\/2025\/11\/Imagenes-de-entradas-del-blog-26-1024x576.jpg\",\"datePublished\":\"2025-11-20T11:17:14+00:00\",\"dateModified\":\"2026-01-27T13:13:44+00:00\",\"author\":{\"@id\":\"https:\/\/www.factorenergia.com\/es\/#\/schema\/person\/0393cfddedf83f56c6fa67cd7f64b4f5\"},\"description\":\"Factorenergia ha participado en GENERA 2025 presentando soluciones de electrificaci\u00f3n, autoconsumo y almacenamiento, reforzando su liderazgo en el sector energ\u00e9tico.\",\"breadcrumb\":{\"@id\":\"https:\/\/www.factorenergia.com\/es\/blog\/eventos\/factorenergia-en-genera-2025-liderazgo-en-electrificacion-ahorro-y-energias-renovables\/#breadcrumb\"},\"inLanguage\":\"es\",\"potentialAction\":[{\"@type\":\"ReadAction\",\"target\":[\"https:\/\/www.factorenergia.com\/es\/blog\/eventos\/factorenergia-en-genera-2025-liderazgo-en-electrificacion-ahorro-y-energias-renovables\/\"]}]},{\"@type\":\"ImageObject\",\"inLanguage\":\"es\",\"@id\":\"https:\/\/www.factorenergia.com\/es\/blog\/eventos\/factorenergia-en-genera-2025-liderazgo-en-electrificacion-ahorro-y-energias-renovables\/#primaryimage\",\"url\":\"https:\/\/www.factorenergia.com\/wp-content\/uploads\/2025\/11\/Imagenes-de-entradas-del-blog-26-1024x576.jpg\",\"contentUrl\":\"https:\/\/www.factorenergia.com\/wp-content\/uploads\/2025\/11\/Imagenes-de-entradas-del-blog-26-1024x576.jpg\"},{\"@type\":\"BreadcrumbList\",\"@id\":\"https:\/\/www.factorenergia.com\/es\/blog\/eventos\/factorenergia-en-genera-2025-liderazgo-en-electrificacion-ahorro-y-energias-renovables\/#breadcrumb\",\"itemListElement\":[{\"@type\":\"ListItem\",\"position\":1,\"name\":\"Portada\",\"item\":\"https:\/\/www.factorenergia.com\/es\/\"},{\"@type\":\"ListItem\",\"position\":2,\"name\":\"Factorenergia en GENERA 2025: liderazgo en electrificaci\u00f3n, ahorro y energ\u00edas renovables\"}]},{\"@type\":\"WebSite\",\"@id\":\"https:\/\/www.factorenergia.com\/es\/#website\",\"url\":\"https:\/\/www.factorenergia.com\/es\/\",\"name\":\"factorenergia\",\"description\":\"Factor Energ\u00eda\",\"potentialAction\":[{\"@type\":\"SearchAction\",\"target\":{\"@type\":\"EntryPoint\",\"urlTemplate\":\"https:\/\/www.factorenergia.com\/es\/?s={search_term_string}\"},\"query-input\":\"required name=search_term_string\"}],\"inLanguage\":\"es\"},{\"@type\":\"Person\",\"@id\":\"https:\/\/www.factorenergia.com\/es\/#\/schema\/person\/0393cfddedf83f56c6fa67cd7f64b4f5\",\"name\":\"Equipo Transici\u00f3n Energ\u00e9tica Factorenergia\",\"image\":{\"@type\":\"ImageObject\",\"inLanguage\":\"es\",\"@id\":\"https:\/\/www.factorenergia.com\/es\/#\/schema\/person\/image\/\",\"url\":\"https:\/\/secure.gravatar.com\/avatar\/80959538036dc57cad8f416d2d764870?s=96&d=mm&r=g\",\"contentUrl\":\"https:\/\/secure.gravatar.com\/avatar\/80959538036dc57cad8f416d2d764870?s=96&d=mm&r=g\",\"caption\":\"Equipo Transici\u00f3n Energ\u00e9tica Factorenergia\"},\"url\":\"https:\/\/www.factorenergia.com\/es\/blog\/author\/pilar\/\"}]}<\/script>\n<!-- \/ Yoast SEO plugin. -->","yoast_head_json":{"title":"Factorenergia en GENERA 2025: liderazgo en electrificaci\u00f3n, ahorro y energ\u00edas renovables | factorenergia","description":"Factorenergia ha participado en GENERA 2025 presentando soluciones de electrificaci\u00f3n, autoconsumo y almacenamiento, reforzando su liderazgo en el sector energ\u00e9tico.","robots":{"index":"index","follow":"follow","max-snippet":"max-snippet:-1","max-image-preview":"max-image-preview:large","max-video-preview":"max-video-preview:-1"},"canonical":"https:\/\/www.factorenergia.com\/es\/blog\/eventos\/factorenergia-en-genera-2025-liderazgo-en-electrificacion-ahorro-y-energias-renovables\/","twitter_card":"summary_large_image","twitter_title":"Factorenergia en GENERA 2025: liderazgo en electrificaci\u00f3n, ahorro y energ\u00edas renovables | factorenergia","twitter_description":"Factorenergia ha participado en GENERA 2025 presentando soluciones de electrificaci\u00f3n, autoconsumo y almacenamiento, reforzando su liderazgo en el sector energ\u00e9tico.","twitter_image":"https:\/\/www.factorenergia.com\/wp-content\/uploads\/2025\/11\/Imagenes-de-entradas-del-blog-26-1024x576.jpg","twitter_creator":"@factorenergia","twitter_site":"@factorenergia","twitter_misc":{"Escrito por":"Equipo Transici\u00f3n Energ\u00e9tica Factorenergia","Tiempo de lectura":"5 minutos"},"schema":{"@context":"https:\/\/schema.org","@graph":[{"@type":"WebPage","@id":"https:\/\/www.factorenergia.com\/es\/blog\/eventos\/factorenergia-en-genera-2025-liderazgo-en-electrificacion-ahorro-y-energias-renovables\/","url":"https:\/\/www.factorenergia.com\/es\/blog\/eventos\/factorenergia-en-genera-2025-liderazgo-en-electrificacion-ahorro-y-energias-renovables\/","name":"Factorenergia en GENERA 2025: liderazgo en electrificaci\u00f3n, ahorro y energ\u00edas renovables | factorenergia","isPartOf":{"@id":"https:\/\/www.factorenergia.com\/es\/#website"},"primaryImageOfPage":{"@id":"https:\/\/www.factorenergia.com\/es\/blog\/eventos\/factorenergia-en-genera-2025-liderazgo-en-electrificacion-ahorro-y-energias-renovables\/#primaryimage"},"image":{"@id":"https:\/\/www.factorenergia.com\/es\/blog\/eventos\/factorenergia-en-genera-2025-liderazgo-en-electrificacion-ahorro-y-energias-renovables\/#primaryimage"},"thumbnailUrl":"https:\/\/www.factorenergia.com\/wp-content\/uploads\/2025\/11\/Imagenes-de-entradas-del-blog-26-1024x576.jpg","datePublished":"2025-11-20T11:17:14+00:00","dateModified":"2026-01-27T13:13:44+00:00","author":{"@id":"https:\/\/www.factorenergia.com\/es\/#\/schema\/person\/0393cfddedf83f56c6fa67cd7f64b4f5"},"description":"Factorenergia ha participado en GENERA 2025 presentando soluciones de electrificaci\u00f3n, autoconsumo y almacenamiento, reforzando su liderazgo en el sector energ\u00e9tico.","breadcrumb":{"@id":"https:\/\/www.factorenergia.com\/es\/blog\/eventos\/factorenergia-en-genera-2025-liderazgo-en-electrificacion-ahorro-y-energias-renovables\/#breadcrumb"},"inLanguage":"es","potentialAction":[{"@type":"ReadAction","target":["https:\/\/www.factorenergia.com\/es\/blog\/eventos\/factorenergia-en-genera-2025-liderazgo-en-electrificacion-ahorro-y-energias-renovables\/"]}]},{"@type":"ImageObject","inLanguage":"es","@id":"https:\/\/www.factorenergia.com\/es\/blog\/eventos\/factorenergia-en-genera-2025-liderazgo-en-electrificacion-ahorro-y-energias-renovables\/#primaryimage","url":"https:\/\/www.factorenergia.com\/wp-content\/uploads\/2025\/11\/Imagenes-de-entradas-del-blog-26-1024x576.jpg","contentUrl":"https:\/\/www.factorenergia.com\/wp-content\/uploads\/2025\/11\/Imagenes-de-entradas-del-blog-26-1024x576.jpg"},{"@type":"BreadcrumbList","@id":"https:\/\/www.factorenergia.com\/es\/blog\/eventos\/factorenergia-en-genera-2025-liderazgo-en-electrificacion-ahorro-y-energias-renovables\/#breadcrumb","itemListElement":[{"@type":"ListItem","position":1,"name":"Portada","item":"https:\/\/www.factorenergia.com\/es\/"},{"@type":"ListItem","position":2,"name":"Factorenergia en GENERA 2025: liderazgo en electrificaci\u00f3n, ahorro y energ\u00edas renovables"}]},{"@type":"WebSite","@id":"https:\/\/www.factorenergia.com\/es\/#website","url":"https:\/\/www.factorenergia.com\/es\/","name":"factorenergia","description":"Factor Energ\u00eda","potentialAction":[{"@type":"SearchAction","target":{"@type":"EntryPoint","urlTemplate":"https:\/\/www.factorenergia.com\/es\/?s={search_term_string}"},"query-input":"required name=search_term_string"}],"inLanguage":"es"},{"@type":"Person","@id":"https:\/\/www.factorenergia.com\/es\/#\/schema\/person\/0393cfddedf83f56c6fa67cd7f64b4f5","name":"Equipo Transici\u00f3n Energ\u00e9tica Factorenergia","image":{"@type":"ImageObject","inLanguage":"es","@id":"https:\/\/www.factorenergia.com\/es\/#\/schema\/person\/image\/","url":"https:\/\/secure.gravatar.com\/avatar\/80959538036dc57cad8f416d2d764870?s=96&d=mm&r=g","contentUrl":"https:\/\/secure.gravatar.com\/avatar\/80959538036dc57cad8f416d2d764870?s=96&d=mm&r=g","caption":"Equipo Transici\u00f3n Energ\u00e9tica Factorenergia"},"url":"https:\/\/www.factorenergia.com\/es\/blog\/author\/pilar\/"}]}},"_links":{"self":[{"href":"https:\/\/www.factorenergia.com\/es\/wp-json\/wp\/v2\/posts\/30580"}],"collection":[{"href":"https:\/\/www.factorenergia.com\/es\/wp-json\/wp\/v2\/posts"}],"about":[{"href":"https:\/\/www.factorenergia.com\/es\/wp-json\/wp\/v2\/types\/post"}],"author":[{"embeddable":true,"href":"https:\/\/www.factorenergia.com\/es\/wp-json\/wp\/v2\/users\/23"}],"replies":[{"embeddable":true,"href":"https:\/\/www.factorenergia.com\/es\/wp-json\/wp\/v2\/comments?post=30580"}],"version-history":[{"count":18,"href":"https:\/\/www.factorenergia.com\/es\/wp-json\/wp\/v2\/posts\/30580\/revisions"}],"predecessor-version":[{"id":30946,"href":"https:\/\/www.factorenergia.com\/es\/wp-json\/wp\/v2\/posts\/30580\/revisions\/30946"}],"wp:attachment":[{"href":"https:\/\/www.factorenergia.com\/es\/wp-json\/wp\/v2\/media?parent=30580"}],"wp:term":[{"taxonomy":"category","embeddable":true,"href":"https:\/\/www.factorenergia.com\/es\/wp-json\/wp\/v2\/categories?post=30580"},{"taxonomy":"post_tag","embeddable":true,"href":"https:\/\/www.factorenergia.com\/es\/wp-json\/wp\/v2\/tags?post=30580"}],"curies":[{"name":"wp","href":"https:\/\/api.w.org\/{rel}","templated":true}]}}