{"id":30360,"date":"2025-10-27T14:04:12","date_gmt":"2025-10-27T12:04:12","guid":{"rendered":"https:\/\/www.factorenergia.com\/es\/?p=30360"},"modified":"2025-10-27T14:04:12","modified_gmt":"2025-10-27T12:04:12","slug":"factorenergia-congreso-descarbonizacion-sostenibilidad-2025","status":"publish","type":"post","link":"https:\/\/www.factorenergia.com\/es\/blog\/eventos\/factorenergia-congreso-descarbonizacion-sostenibilidad-2025\/","title":{"rendered":"Factorenergia en el III Congreso de Descarbonizaci\u00f3n y Sostenibilidad"},"content":{"rendered":"<p>El pasado <strong data-start=\"467\" data-end=\"492\">23 de octubre de 2025<\/strong>, con motivo del <strong data-start=\"509\" data-end=\"563\">D\u00eda Mundial de la Lucha contra el Cambio Clim\u00e1tico<\/strong>, el sector energ\u00e9tico <strong data-start=\"586\" data-end=\"613\">se ha reunido en Madrid<\/strong> para debatir sobre los retos y oportunidades del futuro de la energ\u00eda.<\/p>\n<p><br data-start=\"684\" data-end=\"687\" \/>El encuentro ha tenido lugar en el <strong data-start=\"722\" data-end=\"751\">Auditorio Mutua Madrile\u00f1a<\/strong>, durante el <strong data-start=\"764\" data-end=\"817\">III Congreso de Descarbonizaci\u00f3n y Sostenibilidad<\/strong>, organizado por <strong data-start=\"834\" data-end=\"902\" data-is-only-node=\"\"><a href=\"https:\/\/www.congreso.anese.es\/\">ANESE<\/a> (Asociaci\u00f3n Nacional de Empresas de Servicios Energ\u00e9ticos)<\/strong>.<\/p>\n<p>&nbsp;<\/p>\n<p><strong data-start=\"907\" data-end=\"970\">Factorenergia ha participado como patrocinador y voz activa<\/strong>, reafirmando su compromiso con la <strong data-start=\"1005\" data-end=\"1030\">transici\u00f3n energ\u00e9tica<\/strong>, la <strong data-start=\"1035\" data-end=\"1061\">innovaci\u00f3n tecnol\u00f3gica<\/strong> y la <strong data-start=\"1067\" data-end=\"1090\">sostenibilidad real<\/strong>.<\/p>\n<h2>Nuestra participaci\u00f3n en el Congreso ANESE 2025<\/h2>\n<p data-start=\"1156\" data-end=\"1492\">Durante esta edici\u00f3n, <strong data-start=\"1178\" data-end=\"1281\">Factorenergia ha reafirmado su papel como actor clave en la descarbonizaci\u00f3n del sistema energ\u00e9tico<\/strong>.<\/p>\n<p data-start=\"1156\" data-end=\"1492\"><br data-start=\"1282\" data-end=\"1285\" \/>Nuestro <strong data-start=\"1293\" data-end=\"1352\">Director de Transici\u00f3n Energ\u00e9tica, Carlos Gallar Romero<\/strong>, <strong data-start=\"1354\" data-end=\"1372\">ha participado<\/strong> en la mesa de debate <strong data-start=\"1394\" data-end=\"1443\">\u201cAlmacenamiento y flexibilidad de la demanda\u201d<\/strong>, compartiendo espacio con referentes del sector:<\/p>\n<ul data-start=\"1494\" data-end=\"1930\">\n<li data-start=\"1494\" data-end=\"1564\">\n<p data-start=\"1496\" data-end=\"1564\"><strong data-start=\"1496\" data-end=\"1520\">Sergio Saludes Rodil<\/strong>, Director del \u00c1rea de SmartGrid en CARTIF<\/p>\n<\/li>\n<li data-start=\"1565\" data-end=\"1626\">\n<p data-start=\"1567\" data-end=\"1626\"><strong data-start=\"1567\" data-end=\"1589\">\u00c1ngel L. Rodr\u00edguez<\/strong>, Director T\u00e9cnico en Grupo Elecnor<\/p>\n<\/li>\n<li data-start=\"1627\" data-end=\"1715\">\n<p data-start=\"1629\" data-end=\"1715\"><strong data-start=\"1629\" data-end=\"1648\">Pedro Basagoiti<\/strong>, Director de Tecnolog\u00eda, Innovaci\u00f3n y Nuevos Desarrollos en OMIE<\/p>\n<\/li>\n<li data-start=\"1716\" data-end=\"1802\">\n<p data-start=\"1718\" data-end=\"1802\"><strong data-start=\"1718\" data-end=\"1741\">Pablo de la Iglesia<\/strong>, Jefe de \u00c1rea S.G., Almacenamiento y Flexibilidad (MITERD)<\/p>\n<\/li>\n<li data-start=\"1803\" data-end=\"1930\">\n<p data-start=\"1805\" data-end=\"1930\"><strong data-start=\"1805\" data-end=\"1826\">Laura Pen\u00edn Ant\u00f3n<\/strong>, CEO Partner en Calibre 360 Consulting<\/p>\n<\/li>\n<li data-start=\"1803\" data-end=\"1930\">\n<p data-start=\"1805\" data-end=\"1930\"><strong data-start=\"1872\" data-end=\"1907\">Moderado por Ra\u00fal Garc\u00eda Posada<\/strong>, Director de ASEALEN<\/p>\n<\/li>\n<\/ul>\n<h2>Compromiso con la descarbonizaci\u00f3n y la sostenibilidad<\/h2>\n<p data-start=\"2000\" data-end=\"2340\">En <strong data-start=\"2003\" data-end=\"2020\">Factorenergia<\/strong>, siempre hemos entendido que la <strong data-start=\"2053\" data-end=\"2073\">descarbonizaci\u00f3n<\/strong> va m\u00e1s all\u00e1 de un objetivo medioambiental: <strong data-start=\"2117\" data-end=\"2173\">es una transformaci\u00f3n profunda del modelo energ\u00e9tico<\/strong>.<\/p>\n<p data-start=\"2000\" data-end=\"2340\"><br data-start=\"2174\" data-end=\"2177\" \/>Nuestra participaci\u00f3n en el Congreso ANESE <strong data-start=\"2220\" data-end=\"2251\">ha reflejado ese compromiso<\/strong>, aportando una visi\u00f3n centrada en la <strong data-start=\"2289\" data-end=\"2337\">eficiencia, la transparencia y la innovaci\u00f3n<\/strong>.<\/p>\n<p data-start=\"2342\" data-end=\"2565\">Con esta presencia, <strong data-start=\"2362\" data-end=\"2383\">hemos contribuido<\/strong> a impulsar el di\u00e1logo sobre pol\u00edticas energ\u00e9ticas sostenibles, el papel del almacenamiento y la gesti\u00f3n flexible de la demanda, pilares esenciales para un sistema 100% renovable.<\/p>\n<h2 data-start=\"2342\" data-end=\"2565\">Almacenamiento y flexibilidad de la demanda: el nuevo eje del sistema energ\u00e9tico<\/h2>\n<p data-start=\"2661\" data-end=\"2900\">La mesa de debate en la que hemos participado <strong data-start=\"2707\" data-end=\"2806\">ha puesto en valor la importancia del almacenamiento energ\u00e9tico y la flexibilidad de la demanda<\/strong> como herramientas indispensables para la estabilidad y la eficiencia del sistema el\u00e9ctrico.<\/p>\n<p>&nbsp;<\/p>\n<p data-start=\"2902\" data-end=\"3118\">Desde <strong data-start=\"2908\" data-end=\"2925\">Factorenergia<\/strong>, <strong data-start=\"2927\" data-end=\"2947\">hemos compartido<\/strong> nuestra experiencia en el desarrollo de <strong data-start=\"2988\" data-end=\"3075\">soluciones que permiten al cliente entender y aprovechar la flexibilidad energ\u00e9tica<\/strong>, acercando la tecnolog\u00eda a las personas.<\/p>\n<p>&nbsp;<\/p>\n<p data-start=\"3120\" data-end=\"3315\">Adem\u00e1s, <strong data-start=\"3128\" data-end=\"3147\">hemos defendido<\/strong> que el almacenamiento inteligente no es un concepto aislado, sino <strong data-start=\"3214\" data-end=\"3312\">una pieza clave que conecta la generaci\u00f3n renovable, la red el\u00e9ctrica y el consumo responsable.<\/strong><\/p>\n<p>&nbsp;<\/p>\n<p data-start=\"3317\" data-end=\"3450\">Nuestro objetivo siempre ha sido <strong data-start=\"3350\" data-end=\"3384\">hacer comprensible lo complejo<\/strong>, convirtiendo la innovaci\u00f3n en una herramienta \u00fatil para todos.<\/p>\n<h2 data-start=\"3317\" data-end=\"3450\">Un paso m\u00e1s en nuestra misi\u00f3n<\/h2>\n<p data-start=\"3495\" data-end=\"3705\">Nuestra participaci\u00f3n en el <strong data-start=\"3523\" data-end=\"3576\">III Congreso de Descarbonizaci\u00f3n y Sostenibilidad<\/strong> <strong data-start=\"3577\" data-end=\"3594\">ha reafirmado<\/strong> nuestra misi\u00f3n:<br data-start=\"3610\" data-end=\"3613\" \/><strong data-start=\"3613\" data-end=\"3702\">impulsar la transici\u00f3n energ\u00e9tica desde la claridad, la sostenibilidad y la confianza<\/strong>.<\/p>\n<p>&nbsp;<\/p>\n<p data-start=\"3707\" data-end=\"3865\">En Factorenergia <strong data-start=\"3724\" data-end=\"3747\">seguimos trabajando<\/strong> para que cada avance tecnol\u00f3gico se traduzca en <strong data-start=\"3796\" data-end=\"3862\">beneficios reales para las personas, las empresas y el planeta<\/strong>.<\/p>\n<p data-start=\"3707\" data-end=\"3865\"><strong data-start=\"3870\" data-end=\"3922\">Factorenergia: impulsando la energ\u00eda del cambio.<\/strong><\/p>\n","protected":false},"excerpt":{"rendered":"<p>El pasado 23 de octubre de 2025, con motivo del D\u00eda Mundial de la Lucha contra el Cambio Clim\u00e1tico, el sector energ\u00e9tico se ha reunido en Madrid para debatir sobre los retos y oportunidades del futuro de la energ\u00eda. El encuentro ha tenido lugar en el Auditorio Mutua Madrile\u00f1a, durante el III Congreso de Descarbonizaci\u00f3n [&hellip;]<\/p>\n","protected":false},"author":23,"featured_media":0,"comment_status":"open","ping_status":"open","sticky":false,"template":"","format":"standard","meta":{"inline_featured_image":false,"footnotes":""},"categories":[179],"tags":[],"acf":{"fecha_de_la_entrada":"20251024","imagen_portada":30371,"categoria_blog":null,"tipo_de_distribuidora":null,"tiempo_lectura":"2'","banner_bool":false,"titulo_banner":"","texto_banner":"","texto_boton_banner":"","url_boton_banner":"","post_relacionados":""},"yoast_head":"<!-- This site is optimized with the Yoast SEO plugin v22.2 - https:\/\/yoast.com\/wordpress\/plugins\/seo\/ -->\n<title>Factorenergia en el III Congreso de Descarbonizaci\u00f3n y Sostenibilidad | factorenergia<\/title>\n<meta name=\"description\" content=\"Factorenergia ha participado como patrocinador en el III Congreso de Descarbonizaci\u00f3n y Sostenibilidad, reafirmando su compromiso con la transici\u00f3n energ\u00e9tica.\" \/>\n<meta name=\"robots\" content=\"index, follow, max-snippet:-1, max-image-preview:large, max-video-preview:-1\" \/>\n<link rel=\"canonical\" href=\"https:\/\/www.factorenergia.com\/es\/blog\/eventos\/factorenergia-congreso-descarbonizacion-sostenibilidad-2025\/\" \/>\n<meta name=\"twitter:card\" content=\"summary_large_image\" \/>\n<meta name=\"twitter:title\" content=\"Factorenergia en el III Congreso de Descarbonizaci\u00f3n y Sostenibilidad | factorenergia\" \/>\n<meta name=\"twitter:description\" content=\"Factorenergia ha participado como patrocinador en el III Congreso de Descarbonizaci\u00f3n y Sostenibilidad, reafirmando su compromiso con la transici\u00f3n energ\u00e9tica.\" \/>\n<meta name=\"twitter:creator\" content=\"@factorenergia\" \/>\n<meta name=\"twitter:site\" content=\"@factorenergia\" \/>\n<meta name=\"twitter:label1\" content=\"Escrito por\" \/>\n\t<meta name=\"twitter:data1\" content=\"Equipo Transici\u00f3n Energ\u00e9tica Factorenergia\" \/>\n\t<meta name=\"twitter:label2\" content=\"Tiempo de lectura\" \/>\n\t<meta name=\"twitter:data2\" content=\"3 minutos\" \/>\n<script type=\"application\/ld+json\" class=\"yoast-schema-graph\">{\"@context\":\"https:\/\/schema.org\",\"@graph\":[{\"@type\":\"WebPage\",\"@id\":\"https:\/\/www.factorenergia.com\/es\/blog\/eventos\/factorenergia-congreso-descarbonizacion-sostenibilidad-2025\/\",\"url\":\"https:\/\/www.factorenergia.com\/es\/blog\/eventos\/factorenergia-congreso-descarbonizacion-sostenibilidad-2025\/\",\"name\":\"Factorenergia en el III Congreso de Descarbonizaci\u00f3n y Sostenibilidad | factorenergia\",\"isPartOf\":{\"@id\":\"https:\/\/www.factorenergia.com\/es\/#website\"},\"datePublished\":\"2025-10-27T12:04:12+00:00\",\"dateModified\":\"2025-10-27T12:04:12+00:00\",\"author\":{\"@id\":\"https:\/\/www.factorenergia.com\/es\/#\/schema\/person\/0393cfddedf83f56c6fa67cd7f64b4f5\"},\"description\":\"Factorenergia ha participado como patrocinador en el III Congreso de Descarbonizaci\u00f3n y Sostenibilidad, reafirmando su compromiso con la transici\u00f3n energ\u00e9tica.\",\"breadcrumb\":{\"@id\":\"https:\/\/www.factorenergia.com\/es\/blog\/eventos\/factorenergia-congreso-descarbonizacion-sostenibilidad-2025\/#breadcrumb\"},\"inLanguage\":\"es\",\"potentialAction\":[{\"@type\":\"ReadAction\",\"target\":[\"https:\/\/www.factorenergia.com\/es\/blog\/eventos\/factorenergia-congreso-descarbonizacion-sostenibilidad-2025\/\"]}]},{\"@type\":\"BreadcrumbList\",\"@id\":\"https:\/\/www.factorenergia.com\/es\/blog\/eventos\/factorenergia-congreso-descarbonizacion-sostenibilidad-2025\/#breadcrumb\",\"itemListElement\":[{\"@type\":\"ListItem\",\"position\":1,\"name\":\"Portada\",\"item\":\"https:\/\/www.factorenergia.com\/es\/\"},{\"@type\":\"ListItem\",\"position\":2,\"name\":\"Factorenergia en el III Congreso de Descarbonizaci\u00f3n y Sostenibilidad\"}]},{\"@type\":\"WebSite\",\"@id\":\"https:\/\/www.factorenergia.com\/es\/#website\",\"url\":\"https:\/\/www.factorenergia.com\/es\/\",\"name\":\"factorenergia\",\"description\":\"Factor Energ\u00eda\",\"potentialAction\":[{\"@type\":\"SearchAction\",\"target\":{\"@type\":\"EntryPoint\",\"urlTemplate\":\"https:\/\/www.factorenergia.com\/es\/?s={search_term_string}\"},\"query-input\":\"required name=search_term_string\"}],\"inLanguage\":\"es\"},{\"@type\":\"Person\",\"@id\":\"https:\/\/www.factorenergia.com\/es\/#\/schema\/person\/0393cfddedf83f56c6fa67cd7f64b4f5\",\"name\":\"Equipo Transici\u00f3n Energ\u00e9tica Factorenergia\",\"image\":{\"@type\":\"ImageObject\",\"inLanguage\":\"es\",\"@id\":\"https:\/\/www.factorenergia.com\/es\/#\/schema\/person\/image\/\",\"url\":\"https:\/\/secure.gravatar.com\/avatar\/80959538036dc57cad8f416d2d764870?s=96&d=mm&r=g\",\"contentUrl\":\"https:\/\/secure.gravatar.com\/avatar\/80959538036dc57cad8f416d2d764870?s=96&d=mm&r=g\",\"caption\":\"Equipo Transici\u00f3n Energ\u00e9tica Factorenergia\"},\"url\":\"https:\/\/www.factorenergia.com\/es\/blog\/author\/pilar\/\"}]}<\/script>\n<!-- \/ Yoast SEO plugin. -->","yoast_head_json":{"title":"Factorenergia en el III Congreso de Descarbonizaci\u00f3n y Sostenibilidad | factorenergia","description":"Factorenergia ha participado como patrocinador en el III Congreso de Descarbonizaci\u00f3n y Sostenibilidad, reafirmando su compromiso con la transici\u00f3n energ\u00e9tica.","robots":{"index":"index","follow":"follow","max-snippet":"max-snippet:-1","max-image-preview":"max-image-preview:large","max-video-preview":"max-video-preview:-1"},"canonical":"https:\/\/www.factorenergia.com\/es\/blog\/eventos\/factorenergia-congreso-descarbonizacion-sostenibilidad-2025\/","twitter_card":"summary_large_image","twitter_title":"Factorenergia en el III Congreso de Descarbonizaci\u00f3n y Sostenibilidad | factorenergia","twitter_description":"Factorenergia ha participado como patrocinador en el III Congreso de Descarbonizaci\u00f3n y Sostenibilidad, reafirmando su compromiso con la transici\u00f3n energ\u00e9tica.","twitter_creator":"@factorenergia","twitter_site":"@factorenergia","twitter_misc":{"Escrito por":"Equipo Transici\u00f3n Energ\u00e9tica Factorenergia","Tiempo de lectura":"3 minutos"},"schema":{"@context":"https:\/\/schema.org","@graph":[{"@type":"WebPage","@id":"https:\/\/www.factorenergia.com\/es\/blog\/eventos\/factorenergia-congreso-descarbonizacion-sostenibilidad-2025\/","url":"https:\/\/www.factorenergia.com\/es\/blog\/eventos\/factorenergia-congreso-descarbonizacion-sostenibilidad-2025\/","name":"Factorenergia en el III Congreso de Descarbonizaci\u00f3n y Sostenibilidad | factorenergia","isPartOf":{"@id":"https:\/\/www.factorenergia.com\/es\/#website"},"datePublished":"2025-10-27T12:04:12+00:00","dateModified":"2025-10-27T12:04:12+00:00","author":{"@id":"https:\/\/www.factorenergia.com\/es\/#\/schema\/person\/0393cfddedf83f56c6fa67cd7f64b4f5"},"description":"Factorenergia ha participado como patrocinador en el III Congreso de Descarbonizaci\u00f3n y Sostenibilidad, reafirmando su compromiso con la transici\u00f3n energ\u00e9tica.","breadcrumb":{"@id":"https:\/\/www.factorenergia.com\/es\/blog\/eventos\/factorenergia-congreso-descarbonizacion-sostenibilidad-2025\/#breadcrumb"},"inLanguage":"es","potentialAction":[{"@type":"ReadAction","target":["https:\/\/www.factorenergia.com\/es\/blog\/eventos\/factorenergia-congreso-descarbonizacion-sostenibilidad-2025\/"]}]},{"@type":"BreadcrumbList","@id":"https:\/\/www.factorenergia.com\/es\/blog\/eventos\/factorenergia-congreso-descarbonizacion-sostenibilidad-2025\/#breadcrumb","itemListElement":[{"@type":"ListItem","position":1,"name":"Portada","item":"https:\/\/www.factorenergia.com\/es\/"},{"@type":"ListItem","position":2,"name":"Factorenergia en el III Congreso de Descarbonizaci\u00f3n y Sostenibilidad"}]},{"@type":"WebSite","@id":"https:\/\/www.factorenergia.com\/es\/#website","url":"https:\/\/www.factorenergia.com\/es\/","name":"factorenergia","description":"Factor Energ\u00eda","potentialAction":[{"@type":"SearchAction","target":{"@type":"EntryPoint","urlTemplate":"https:\/\/www.factorenergia.com\/es\/?s={search_term_string}"},"query-input":"required name=search_term_string"}],"inLanguage":"es"},{"@type":"Person","@id":"https:\/\/www.factorenergia.com\/es\/#\/schema\/person\/0393cfddedf83f56c6fa67cd7f64b4f5","name":"Equipo Transici\u00f3n Energ\u00e9tica Factorenergia","image":{"@type":"ImageObject","inLanguage":"es","@id":"https:\/\/www.factorenergia.com\/es\/#\/schema\/person\/image\/","url":"https:\/\/secure.gravatar.com\/avatar\/80959538036dc57cad8f416d2d764870?s=96&d=mm&r=g","contentUrl":"https:\/\/secure.gravatar.com\/avatar\/80959538036dc57cad8f416d2d764870?s=96&d=mm&r=g","caption":"Equipo Transici\u00f3n Energ\u00e9tica Factorenergia"},"url":"https:\/\/www.factorenergia.com\/es\/blog\/author\/pilar\/"}]}},"_links":{"self":[{"href":"https:\/\/www.factorenergia.com\/es\/wp-json\/wp\/v2\/posts\/30360"}],"collection":[{"href":"https:\/\/www.factorenergia.com\/es\/wp-json\/wp\/v2\/posts"}],"about":[{"href":"https:\/\/www.factorenergia.com\/es\/wp-json\/wp\/v2\/types\/post"}],"author":[{"embeddable":true,"href":"https:\/\/www.factorenergia.com\/es\/wp-json\/wp\/v2\/users\/23"}],"replies":[{"embeddable":true,"href":"https:\/\/www.factorenergia.com\/es\/wp-json\/wp\/v2\/comments?post=30360"}],"version-history":[{"count":11,"href":"https:\/\/www.factorenergia.com\/es\/wp-json\/wp\/v2\/posts\/30360\/revisions"}],"predecessor-version":[{"id":30373,"href":"https:\/\/www.factorenergia.com\/es\/wp-json\/wp\/v2\/posts\/30360\/revisions\/30373"}],"wp:attachment":[{"href":"https:\/\/www.factorenergia.com\/es\/wp-json\/wp\/v2\/media?parent=30360"}],"wp:term":[{"taxonomy":"category","embeddable":true,"href":"https:\/\/www.factorenergia.com\/es\/wp-json\/wp\/v2\/categories?post=30360"},{"taxonomy":"post_tag","embeddable":true,"href":"https:\/\/www.factorenergia.com\/es\/wp-json\/wp\/v2\/tags?post=30360"}],"curies":[{"name":"wp","href":"https:\/\/api.w.org\/{rel}","templated":true}]}}