{"id":30273,"date":"2025-10-16T13:56:34","date_gmt":"2025-10-16T11:56:34","guid":{"rendered":"https:\/\/www.factorenergia.com\/es\/?p=30273"},"modified":"2025-10-16T13:56:34","modified_gmt":"2025-10-16T11:56:34","slug":"factorenergia-colabora-con-la-asociacion-espanola-contra-el-cancer-para-impulsar-la-investigacion-y-la-prevencion","status":"publish","type":"post","link":"https:\/\/www.factorenergia.com\/es\/blog\/historias-positivas\/factorenergia-colabora-con-la-asociacion-espanola-contra-el-cancer-para-impulsar-la-investigacion-y-la-prevencion\/","title":{"rendered":"Factorenergia colabora con la Asociaci\u00f3n Espa\u00f1ola contra el C\u00e1ncer para impulsar la investigaci\u00f3n y la prevenci\u00f3n"},"content":{"rendered":"<p>En Factorenergia creemos firmemente que la energ\u00eda puede transformar vidas, no solo encendiendo hogares o empresas, sino tambi\u00e9n apoyando causas que iluminan el futuro de las personas. Por eso, hemos firmado un <strong data-start=\"503\" data-end=\"543\">Convenio de Colaboraci\u00f3n Empresarial<\/strong> con la <a href=\"https:\/\/www.contraelcancer.es\/es\"><strong data-start=\"551\" data-end=\"598\">Asociaci\u00f3n Espa\u00f1ola Contra el C\u00e1ncer (AECC)<\/strong><\/a>, una entidad sin \u00e1nimo de lucro cuya misi\u00f3n es luchar contra el c\u00e1ncer en todas sus formas conocidas y las que se descubran en el futuro mediante la <strong data-start=\"750\" data-end=\"847\">divulgaci\u00f3n, la prevenci\u00f3n, la investigaci\u00f3n, la formaci\u00f3n y la asistencia sanitaria y social<\/strong>.<\/p>\n<h2>Un compromiso con la investigaci\u00f3n y la salud<\/h2>\n<p>Gracias a esta colaboraci\u00f3n, Factorenergia contribuir\u00e1 econ\u00f3micamente, y sin contraprestaci\u00f3n alguna, al <strong data-start=\"1006\" data-end=\"1073\">Proyecto de Investigaci\u00f3n de la Fundaci\u00f3n Cient\u00edfica de la AECC<\/strong> titulado <em data-start=\"1083\" data-end=\"1216\">\u201cAtacar la interacci\u00f3n epigen\u00e9tica-metab\u00f3lica para detener la progresi\u00f3n del c\u00e1ncer de mama positivo para el receptor de estr\u00f3geno\u201d<\/em>.<\/p>\n<p><br data-start=\"1217\" data-end=\"1220\" \/>Este apoyo refuerza nuestro compromiso con la innovaci\u00f3n y la ciencia, pilares fundamentales tambi\u00e9n en nuestro d\u00eda a d\u00eda como compa\u00f1\u00eda energ\u00e9tica comprometida con la sostenibilidad y el bienestar social.<\/p>\n<h2>El c\u00e1ncer: un reto sociosanitario que nos concierne a todos<\/h2>\n<p data-start=\"1491\" data-end=\"1813\">El c\u00e1ncer sigue siendo el <strong data-start=\"1517\" data-end=\"1569\">problema sociosanitario m\u00e1s importante en Espa\u00f1a<\/strong>. Solo en 2023 se diagnosticaron m\u00e1s de <strong data-start=\"1609\" data-end=\"1633\">295.000 nuevos casos<\/strong>, y actualmente hay m\u00e1s de <strong data-start=\"1660\" data-end=\"1698\">1,5 millones de personas afectadas<\/strong> por la enfermedad.<\/p>\n<p data-start=\"1491\" data-end=\"1813\"><br data-start=\"1717\" data-end=\"1720\" \/>La AECC aborda este reto desde un <strong data-start=\"1754\" data-end=\"1774\">enfoque integral<\/strong>, actuando en tres frentes principales:<\/p>\n<h3>Prevenir<\/h3>\n<p data-start=\"1811\" data-end=\"2123\">M\u00e1s de <strong data-start=\"1818\" data-end=\"1837\">26.000 personas<\/strong> participaron en programas de mejora de h\u00e1bitos de vida, ya sea para dejar de fumar o incrementar su actividad f\u00edsica.<br data-start=\"1955\" data-end=\"1958\" \/>Adem\u00e1s, m\u00e1s de <strong data-start=\"1973\" data-end=\"2001\">2,4 millones de personas<\/strong> transitan hoy por entornos m\u00e1s saludables gracias a las acciones de la AECC en escuelas, espacios p\u00fablicos y comunidades.<\/p>\n<h3 data-start=\"1811\" data-end=\"2123\">Apoyar y acompa\u00f1ar<\/h3>\n<p>Los equipos de psicolog\u00eda, trabajo social y sanitario de la AECC atendieron a <strong data-start=\"2227\" data-end=\"2247\">129.466 personas<\/strong> con c\u00e1ncer y familiares, de forma presencial, telef\u00f3nica y digital.<\/p>\n<p>Su servicio gratuito de atenci\u00f3n 900 100 036 contin\u00faa siendo un recurso esencial para miles de familias.<\/p>\n<h3>Investigar<\/h3>\n<p>Desde 2011, la AECC ha comprometido <strong data-start=\"2478\" data-end=\"2503\">114 millones de euros<\/strong> en <strong data-start=\"2507\" data-end=\"2541\">603 proyectos de investigaci\u00f3n<\/strong>.<br data-start=\"2542\" data-end=\"2545\" \/>Su objetivo: acercar los resultados cient\u00edficos a los pacientes y avanzar hacia un futuro donde el c\u00e1ncer sea prevenible, curable y menos invasivo.<\/p>\n<h2 data-start=\"3215\" data-end=\"3273\">Un paso m\u00e1s hacia un futuro con m\u00e1s energ\u00eda y esperanza<\/h2>\n<p>Esta colaboraci\u00f3n reafirma nuestra convicci\u00f3n de que <strong data-start=\"3328\" data-end=\"3401\">la energ\u00eda m\u00e1s poderosa es la que se pone al servicio de las personas<\/strong>.<br data-start=\"3402\" data-end=\"3405\" \/>Desde Factorenergia seguiremos apostando por iniciativas que combinen <strong data-start=\"3475\" data-end=\"3514\">sostenibilidad, salud y solidaridad<\/strong>, porque cuidar del planeta y de las personas forma parte de la misma misi\u00f3n.<\/p>\n<p>&nbsp;<\/p>\n<p>\ud83d\udc49 M\u00e1s informaci\u00f3n sobre la Asociaci\u00f3n Espa\u00f1ola Contra el C\u00e1ncer en <a data-start=\"3661\" data-end=\"3718\" rel=\"noopener\" target=\"_new\" class=\"decorated-link\" href=\"https:\/\/www.contraelcancer.es\/es\">www.contraelcancer.es<\/a><\/p>\n<p>&nbsp;<\/p>\n","protected":false},"excerpt":{"rendered":"<p>En Factorenergia creemos firmemente que la energ\u00eda puede transformar vidas, no solo encendiendo hogares o empresas, sino tambi\u00e9n apoyando causas que iluminan el futuro de las personas. Por eso, hemos firmado un Convenio de Colaboraci\u00f3n Empresarial con la Asociaci\u00f3n Espa\u00f1ola Contra el C\u00e1ncer (AECC), una entidad sin \u00e1nimo de lucro cuya misi\u00f3n es luchar contra [&hellip;]<\/p>\n","protected":false},"author":23,"featured_media":0,"comment_status":"open","ping_status":"open","sticky":false,"template":"","format":"standard","meta":{"inline_featured_image":false,"footnotes":""},"categories":[53],"tags":[],"acf":{"fecha_de_la_entrada":"20251016","imagen_portada":30283,"categoria_blog":null,"tipo_de_distribuidora":null,"tiempo_lectura":"2'","banner_bool":false,"titulo_banner":"","texto_banner":"","texto_boton_banner":"","url_boton_banner":"","post_relacionados":""},"yoast_head":"<!-- This site is optimized with the Yoast SEO plugin v22.2 - https:\/\/yoast.com\/wordpress\/plugins\/seo\/ -->\n<title>Factorenergia colabora con la Asociaci\u00f3n Espa\u00f1ola contra el C\u00e1ncer para impulsar la investigaci\u00f3n y la prevenci\u00f3n | factorenergia<\/title>\n<meta name=\"description\" content=\"Factorenergia colabora con la Asociaci\u00f3n Espa\u00f1ola Contra el C\u00e1ncer para apoyar la investigaci\u00f3n, la prevenci\u00f3n y la promoci\u00f3n de h\u00e1bitos de vida saludables.\" \/>\n<meta name=\"robots\" content=\"index, follow, max-snippet:-1, max-image-preview:large, max-video-preview:-1\" \/>\n<link rel=\"canonical\" href=\"https:\/\/www.factorenergia.com\/es\/blog\/historias-positivas\/factorenergia-colabora-con-la-asociacion-espanola-contra-el-cancer-para-impulsar-la-investigacion-y-la-prevencion\/\" \/>\n<meta name=\"twitter:card\" content=\"summary_large_image\" \/>\n<meta name=\"twitter:title\" content=\"Factorenergia colabora con la Asociaci\u00f3n Espa\u00f1ola contra el C\u00e1ncer para impulsar la investigaci\u00f3n y la prevenci\u00f3n | factorenergia\" \/>\n<meta name=\"twitter:description\" content=\"Factorenergia colabora con la Asociaci\u00f3n Espa\u00f1ola Contra el C\u00e1ncer para apoyar la investigaci\u00f3n, la prevenci\u00f3n y la promoci\u00f3n de h\u00e1bitos de vida saludables.\" \/>\n<meta name=\"twitter:creator\" content=\"@factorenergia\" \/>\n<meta name=\"twitter:site\" content=\"@factorenergia\" \/>\n<meta name=\"twitter:label1\" content=\"Escrito por\" \/>\n\t<meta name=\"twitter:data1\" content=\"Equipo Transici\u00f3n Energ\u00e9tica Factorenergia\" \/>\n\t<meta name=\"twitter:label2\" content=\"Tiempo de lectura\" \/>\n\t<meta name=\"twitter:data2\" content=\"2 minutos\" \/>\n<script type=\"application\/ld+json\" class=\"yoast-schema-graph\">{\"@context\":\"https:\/\/schema.org\",\"@graph\":[{\"@type\":\"WebPage\",\"@id\":\"https:\/\/www.factorenergia.com\/es\/blog\/historias-positivas\/factorenergia-colabora-con-la-asociacion-espanola-contra-el-cancer-para-impulsar-la-investigacion-y-la-prevencion\/\",\"url\":\"https:\/\/www.factorenergia.com\/es\/blog\/historias-positivas\/factorenergia-colabora-con-la-asociacion-espanola-contra-el-cancer-para-impulsar-la-investigacion-y-la-prevencion\/\",\"name\":\"Factorenergia colabora con la Asociaci\u00f3n Espa\u00f1ola contra el C\u00e1ncer para impulsar la investigaci\u00f3n y la prevenci\u00f3n | factorenergia\",\"isPartOf\":{\"@id\":\"https:\/\/www.factorenergia.com\/es\/#website\"},\"datePublished\":\"2025-10-16T11:56:34+00:00\",\"dateModified\":\"2025-10-16T11:56:34+00:00\",\"author\":{\"@id\":\"https:\/\/www.factorenergia.com\/es\/#\/schema\/person\/0393cfddedf83f56c6fa67cd7f64b4f5\"},\"description\":\"Factorenergia colabora con la Asociaci\u00f3n Espa\u00f1ola Contra el C\u00e1ncer para apoyar la investigaci\u00f3n, la prevenci\u00f3n y la promoci\u00f3n de h\u00e1bitos de vida saludables.\",\"breadcrumb\":{\"@id\":\"https:\/\/www.factorenergia.com\/es\/blog\/historias-positivas\/factorenergia-colabora-con-la-asociacion-espanola-contra-el-cancer-para-impulsar-la-investigacion-y-la-prevencion\/#breadcrumb\"},\"inLanguage\":\"es\",\"potentialAction\":[{\"@type\":\"ReadAction\",\"target\":[\"https:\/\/www.factorenergia.com\/es\/blog\/historias-positivas\/factorenergia-colabora-con-la-asociacion-espanola-contra-el-cancer-para-impulsar-la-investigacion-y-la-prevencion\/\"]}]},{\"@type\":\"BreadcrumbList\",\"@id\":\"https:\/\/www.factorenergia.com\/es\/blog\/historias-positivas\/factorenergia-colabora-con-la-asociacion-espanola-contra-el-cancer-para-impulsar-la-investigacion-y-la-prevencion\/#breadcrumb\",\"itemListElement\":[{\"@type\":\"ListItem\",\"position\":1,\"name\":\"Portada\",\"item\":\"https:\/\/www.factorenergia.com\/es\/\"},{\"@type\":\"ListItem\",\"position\":2,\"name\":\"Factorenergia colabora con la Asociaci\u00f3n Espa\u00f1ola contra el C\u00e1ncer para impulsar la investigaci\u00f3n y la prevenci\u00f3n\"}]},{\"@type\":\"WebSite\",\"@id\":\"https:\/\/www.factorenergia.com\/es\/#website\",\"url\":\"https:\/\/www.factorenergia.com\/es\/\",\"name\":\"factorenergia\",\"description\":\"Factor Energ\u00eda\",\"potentialAction\":[{\"@type\":\"SearchAction\",\"target\":{\"@type\":\"EntryPoint\",\"urlTemplate\":\"https:\/\/www.factorenergia.com\/es\/?s={search_term_string}\"},\"query-input\":\"required name=search_term_string\"}],\"inLanguage\":\"es\"},{\"@type\":\"Person\",\"@id\":\"https:\/\/www.factorenergia.com\/es\/#\/schema\/person\/0393cfddedf83f56c6fa67cd7f64b4f5\",\"name\":\"Equipo Transici\u00f3n Energ\u00e9tica Factorenergia\",\"image\":{\"@type\":\"ImageObject\",\"inLanguage\":\"es\",\"@id\":\"https:\/\/www.factorenergia.com\/es\/#\/schema\/person\/image\/\",\"url\":\"https:\/\/secure.gravatar.com\/avatar\/80959538036dc57cad8f416d2d764870?s=96&d=mm&r=g\",\"contentUrl\":\"https:\/\/secure.gravatar.com\/avatar\/80959538036dc57cad8f416d2d764870?s=96&d=mm&r=g\",\"caption\":\"Equipo Transici\u00f3n Energ\u00e9tica Factorenergia\"},\"url\":\"https:\/\/www.factorenergia.com\/es\/blog\/author\/pilar\/\"}]}<\/script>\n<!-- \/ Yoast SEO plugin. -->","yoast_head_json":{"title":"Factorenergia colabora con la Asociaci\u00f3n Espa\u00f1ola contra el C\u00e1ncer para impulsar la investigaci\u00f3n y la prevenci\u00f3n | factorenergia","description":"Factorenergia colabora con la Asociaci\u00f3n Espa\u00f1ola Contra el C\u00e1ncer para apoyar la investigaci\u00f3n, la prevenci\u00f3n y la promoci\u00f3n de h\u00e1bitos de vida saludables.","robots":{"index":"index","follow":"follow","max-snippet":"max-snippet:-1","max-image-preview":"max-image-preview:large","max-video-preview":"max-video-preview:-1"},"canonical":"https:\/\/www.factorenergia.com\/es\/blog\/historias-positivas\/factorenergia-colabora-con-la-asociacion-espanola-contra-el-cancer-para-impulsar-la-investigacion-y-la-prevencion\/","twitter_card":"summary_large_image","twitter_title":"Factorenergia colabora con la Asociaci\u00f3n Espa\u00f1ola contra el C\u00e1ncer para impulsar la investigaci\u00f3n y la prevenci\u00f3n | factorenergia","twitter_description":"Factorenergia colabora con la Asociaci\u00f3n Espa\u00f1ola Contra el C\u00e1ncer para apoyar la investigaci\u00f3n, la prevenci\u00f3n y la promoci\u00f3n de h\u00e1bitos de vida saludables.","twitter_creator":"@factorenergia","twitter_site":"@factorenergia","twitter_misc":{"Escrito por":"Equipo Transici\u00f3n Energ\u00e9tica Factorenergia","Tiempo de lectura":"2 minutos"},"schema":{"@context":"https:\/\/schema.org","@graph":[{"@type":"WebPage","@id":"https:\/\/www.factorenergia.com\/es\/blog\/historias-positivas\/factorenergia-colabora-con-la-asociacion-espanola-contra-el-cancer-para-impulsar-la-investigacion-y-la-prevencion\/","url":"https:\/\/www.factorenergia.com\/es\/blog\/historias-positivas\/factorenergia-colabora-con-la-asociacion-espanola-contra-el-cancer-para-impulsar-la-investigacion-y-la-prevencion\/","name":"Factorenergia colabora con la Asociaci\u00f3n Espa\u00f1ola contra el C\u00e1ncer para impulsar la investigaci\u00f3n y la prevenci\u00f3n | factorenergia","isPartOf":{"@id":"https:\/\/www.factorenergia.com\/es\/#website"},"datePublished":"2025-10-16T11:56:34+00:00","dateModified":"2025-10-16T11:56:34+00:00","author":{"@id":"https:\/\/www.factorenergia.com\/es\/#\/schema\/person\/0393cfddedf83f56c6fa67cd7f64b4f5"},"description":"Factorenergia colabora con la Asociaci\u00f3n Espa\u00f1ola Contra el C\u00e1ncer para apoyar la investigaci\u00f3n, la prevenci\u00f3n y la promoci\u00f3n de h\u00e1bitos de vida saludables.","breadcrumb":{"@id":"https:\/\/www.factorenergia.com\/es\/blog\/historias-positivas\/factorenergia-colabora-con-la-asociacion-espanola-contra-el-cancer-para-impulsar-la-investigacion-y-la-prevencion\/#breadcrumb"},"inLanguage":"es","potentialAction":[{"@type":"ReadAction","target":["https:\/\/www.factorenergia.com\/es\/blog\/historias-positivas\/factorenergia-colabora-con-la-asociacion-espanola-contra-el-cancer-para-impulsar-la-investigacion-y-la-prevencion\/"]}]},{"@type":"BreadcrumbList","@id":"https:\/\/www.factorenergia.com\/es\/blog\/historias-positivas\/factorenergia-colabora-con-la-asociacion-espanola-contra-el-cancer-para-impulsar-la-investigacion-y-la-prevencion\/#breadcrumb","itemListElement":[{"@type":"ListItem","position":1,"name":"Portada","item":"https:\/\/www.factorenergia.com\/es\/"},{"@type":"ListItem","position":2,"name":"Factorenergia colabora con la Asociaci\u00f3n Espa\u00f1ola contra el C\u00e1ncer para impulsar la investigaci\u00f3n y la prevenci\u00f3n"}]},{"@type":"WebSite","@id":"https:\/\/www.factorenergia.com\/es\/#website","url":"https:\/\/www.factorenergia.com\/es\/","name":"factorenergia","description":"Factor Energ\u00eda","potentialAction":[{"@type":"SearchAction","target":{"@type":"EntryPoint","urlTemplate":"https:\/\/www.factorenergia.com\/es\/?s={search_term_string}"},"query-input":"required name=search_term_string"}],"inLanguage":"es"},{"@type":"Person","@id":"https:\/\/www.factorenergia.com\/es\/#\/schema\/person\/0393cfddedf83f56c6fa67cd7f64b4f5","name":"Equipo Transici\u00f3n Energ\u00e9tica Factorenergia","image":{"@type":"ImageObject","inLanguage":"es","@id":"https:\/\/www.factorenergia.com\/es\/#\/schema\/person\/image\/","url":"https:\/\/secure.gravatar.com\/avatar\/80959538036dc57cad8f416d2d764870?s=96&d=mm&r=g","contentUrl":"https:\/\/secure.gravatar.com\/avatar\/80959538036dc57cad8f416d2d764870?s=96&d=mm&r=g","caption":"Equipo Transici\u00f3n Energ\u00e9tica Factorenergia"},"url":"https:\/\/www.factorenergia.com\/es\/blog\/author\/pilar\/"}]}},"_links":{"self":[{"href":"https:\/\/www.factorenergia.com\/es\/wp-json\/wp\/v2\/posts\/30273"}],"collection":[{"href":"https:\/\/www.factorenergia.com\/es\/wp-json\/wp\/v2\/posts"}],"about":[{"href":"https:\/\/www.factorenergia.com\/es\/wp-json\/wp\/v2\/types\/post"}],"author":[{"embeddable":true,"href":"https:\/\/www.factorenergia.com\/es\/wp-json\/wp\/v2\/users\/23"}],"replies":[{"embeddable":true,"href":"https:\/\/www.factorenergia.com\/es\/wp-json\/wp\/v2\/comments?post=30273"}],"version-history":[{"count":10,"href":"https:\/\/www.factorenergia.com\/es\/wp-json\/wp\/v2\/posts\/30273\/revisions"}],"predecessor-version":[{"id":30285,"href":"https:\/\/www.factorenergia.com\/es\/wp-json\/wp\/v2\/posts\/30273\/revisions\/30285"}],"wp:attachment":[{"href":"https:\/\/www.factorenergia.com\/es\/wp-json\/wp\/v2\/media?parent=30273"}],"wp:term":[{"taxonomy":"category","embeddable":true,"href":"https:\/\/www.factorenergia.com\/es\/wp-json\/wp\/v2\/categories?post=30273"},{"taxonomy":"post_tag","embeddable":true,"href":"https:\/\/www.factorenergia.com\/es\/wp-json\/wp\/v2\/tags?post=30273"}],"curies":[{"name":"wp","href":"https:\/\/api.w.org\/{rel}","templated":true}]}}