{"id":3025,"date":"2017-02-24T14:43:38","date_gmt":"2017-02-24T12:43:38","guid":{"rendered":"https:\/\/www.factorenergia.com\/es\/?post_type=blog&#038;p=3025"},"modified":"2024-11-08T15:09:37","modified_gmt":"2024-11-08T13:09:37","slug":"termino-energia-y-termino-potencia","status":"publish","type":"post","link":"https:\/\/www.factorenergia.com\/es\/blog\/factura-luz\/termino-energia-y-termino-potencia\/","title":{"rendered":"T\u00e9rmino energ\u00eda y t\u00e9rmino potencia"},"content":{"rendered":"<div class=\"tc-content\">\n<div id=\"task_view_description\">\n<p><span>\n<script type=\"text\/javascript\" id=\"auto-index\" async defer>\n\n      function indexContent(context){\n\n      var container = document.querySelector(context);\n\n      element = document.getElementById(\"accordion-index\");\n      var titles = Array.from(container.querySelectorAll(\"h2,h3\"));\n\n      for (var i = 0, l = titles.length; i < l; i++) {\n\n\t\tjQuery('#accordionIndex').show();\n\n        var tit = titles[i];\n\t\tvar newTitle = tit.textContent.toLowerCase().replace(\/[^a-zA-Z ]\/g, \"\").replace(\/\\s\/g, '-');\n\t\tvar numTag = Number(tit.tagName.replace(\/[^1-9]\/g, \"\"));\n\t\tvar tagWidth = (numTag*20);\n\n\t\tvar preText = '<span style=\"margin-left:' + tagWidth + 'px\"><\/span>';\n\n        tit.setAttribute(\"id\", newTitle);\n\t\tjQuery(tit).addClass('h-inline');\n\t\t\n\t\tvar toIndex = '<p class=\"h-inline\"><a class=\"blog-toindex\" href=\"#accordionIndex\"><span class=\"glyphicon glyphicon-chevron-up\" aria-hidden=\"true\"><\/span><\/a><\/p>';\n\n\t\tjQuery(toIndex).insertAfter(tit);\n\n        var node = document.createElement(\"LI\");                 \n        var link = document.createElement(\"A\");\n        var textnode = document.createTextNode(tit.textContent);\n\n        link.appendChild(textnode);\n        link.setAttribute(\"href\", '#' + newTitle);\n\t\t\/\/link.setAttribute(\"style\", \"margin-left:\" + tagWidth + \"px\");\n\t\tlink.setAttribute(\"class\", \"acc-h\" + numTag);\n        node.appendChild(link);\n\n        element.appendChild(node);\n\n      }\n    }\n\n    jQuery(document).ready(function(){\t\t\n\t\tindexContent(\".single-post-content\");\n\n\t\tjQuery(\".accordion-toggle\").click(function() {\n\t\t\tjQuery(this).toggleClass(\"open\");\n\t\t\tjQuery(\"#collapseIndex\").slideToggle(\"in\");\n\t\t});\n\t});\n\n\n<\/script>\n\n<style>\n\t.accordion-toggle{\n\t\tcursor:pointer;\n\t}\n\n\t#accordionIndex .panel-heading{\n\t\tmargin-bottom:0px;\n\t}\n\n\t.articulo ul, .articulo ol{\n\t\tmargin-bottom:auto;\n\t}\n\n\t.h-inline{\n\t\tdisplay: inline-flex;\n\t\tflex-wrap: wrap\n\t}\n\t#accordion-index{\n\t\tpadding-left:0px;\n\t}\n\t#accordion-index li a{\n\t\tdisplay:block;\n\t\tpadding-top:5px;\n\t}\n\n\t.acc-h2{\n\t\tmargin-left:0px;\n\t\tposition: relative;\n\t}\n\n\t.acc-h3{\n\t\tmargin-left:25px;\n\t}\n\n\t.acc-h3::before{\n\t\tcontent: \"\";\n\t\tbackground-color:var(--blue-light);\n\t\tmargin-left:-10px;\n\t\twidth: 7px;\n\t\theight: 7px;\n\t\tdisplay: inline-block;\n\t\ttext-align: center;\n\t\tborder-radius: 1000px;\n\t\tmargin-right: 10px;\n    \tmargin-bottom: 2px;\n\t}\n\n\t.acc-h4{\n\t\tmargin-left:40px;\n\t}\n\n\t.acc-h4::before{\n\t\tcontent: \"\";\n\t\tborder: 1px solid var(--blue-light);\n\t\tmargin-left:-5px;\n\t\twidth: 7px;\n\t\theight: 7px;\n\t\tdisplay: inline-block;\n\t\ttext-align: center;\n\t\tborder-radius: 100%;\n\t\tmargin-right: 10px;\n    \tmargin-bottom: 2px;\n\t}\n\n\t.acc-h3:hover::before{\n\t\tbackground-color: var(--blue-darkest);\n\t}\n\n\t.acc-h4:hover::before{\n\t\tborder-color: var(--blue-darkest);\n\t}\n\n\t@media (max-width: 992px){\n\t\t.acc-h2{\n\t\t\tmargin-left:0px;\n\t\t}\n\t\t.acc-h3{\n\t\t\tmargin-left:20px;\n\t\t}\n\t\t.acc-h4{\n\t\t\tmargin-left:40px;\n\t\t}\n\t}\n\n\t\/*\n\th2.h-inline:after,\n\th3.h-inline:after{\n\t\theight: 24px;\n\t\tcontent: \"\";\n\t\tdisplay: table-row;\n\t}*\/\n<\/style>\n\n<div id=\"table-accordion-index\">\n\t<div class=\"panel-group\" id=\"accordionIndex\">\n\t\t<div class=\"panel panel-default\">\n\t\t\t<div class=\"panel-heading\">\n\t\t\t\t<div class=\"panel-title open\"><div class=\"accordion-toggle\" data-toggle=\"collapse\" data-parent=\"#accordion\" aria-expanded=\"true\">\u00cdndice<\/div><\/div>\n\t\t\t<\/div>\n\t\t\t<div id=\"collapseIndex\" class=\"panel-collapse collapse in\" aria-expanded=\"true\">\n\t\t\t\t<div class=\"panel-body\">\n\t\t\t\t\t<ul id=\"accordion-index\">\n\t\t\t\t\t<\/ul>\n\t\t\t\t<\/div>\n\t\t\t<\/div>\n\t\t<\/div>\n\t<\/div>\n<\/div><\/span><\/p>\n<\/div>\n<\/div>\n<p>Tenemos asimilado que, normalmente, cuando llega la factura de la luz vamos directos al precio. Como mucho, en ese momento, valoramos si nos parece caro, barato o dentro de lo normal, pero raramente nos detendremos a echar un vistazo a cada uno de los cargos que se detallan, y si lo hacemos, es posible que no entendamos algunos de ellos.<\/p>\n<p>&nbsp;<\/p>\n<p>Si esta situaci\u00f3n te suena familiar, est\u00e1s en el lugar adecuado. Por ahora, vamos a ver a qu\u00e9 nos referimos con eso de \u201ct\u00e9rmino potencia\u201d y \u201ct\u00e9rmino energ\u00eda\u201d para que no fracases cuando quieras ahorrar en la factura de la luz, y al menos sepas de d\u00f3nde hay que recortar, si es que se puede:<\/p>\n<h2>\u00bfQu\u00e9 es el t\u00e9rmino de Potencia?<\/h2>\n<p><strong>El t\u00e9rmino potencia es un importe fijo<\/strong> en tu factura; eso quiere decir que pagar\u00e1s lo mismo tanto si consumes mucho, como si consumes poco, o no consumes nada. Con este concepto, est\u00e1s pagando tener siempre disponible la potencia contratada; es por eso que es importante contratar la potencia que necesitas o ajustarla al m\u00e1ximo para no pagar de m\u00e1s.<\/p>\n<p>&nbsp;<\/p>\n<p>Para que veas si puedes ahorrar en la factura de la luz, echa un vistazo a qu\u00e9 potencia contratar, \u00a0para saber si es la adecuada, o contacta con tu comercializadora para que estudien tu potencia.<\/p>\n<p><span>\u00a0<div class=\"text-center center blog-cta\"><p>C&aacute;mbiate a factorenergia y ahorra un 12,5% en tu factura de la Luz ... &iexcl;Para Siempre!<\/p><a class=\"blog-cta primary-btn text-center solicitar-estudio\" target=\"_blank\" title=\"Llama Gratis o Contrata Online en 2 min\" href=\"https:\/\/www.factorenergia.com\/es\/como-cambiar-compania\/\">Llama Gratis o Contrata Online en 2 min<\/a><p><\/p><div style=\"display:none;\"><p>C&aacute;mbiate a factorenergia y ahorra un 12,5% en tu factura de la Luz ... &iexcl;Para Siempre!<\/p><\/div>\n\t\t\t<script type='text\/javascript'>\n\t\t\t\tjQuery('.solicitar-estudio').click(function(){\t\t\t\t\t\t\t\t\t\n\t\t\t\t\tdataLayer.push({'language': 'es'});\n\t\t\t\t\tdataLayer.push({'post_id': '3025'});\n\t\t\t\t\tdataLayer.push({'cat_type': 'luz'});\n\t\t\t\t});\n\t\t\t<\/script>\n\t\t<\/div><br\/><\/span><\/p>\n<p>Para calcular el importe de este coste fijo, se multiplica el precio de cada kilovatio contratado por los meses de suministro; ver\u00e1s pues, que es siempre un importe bastante similar.<\/p>\n<p>&nbsp;<\/p>\n<p>Este peaje lo estipula el gobierno, eso quiere decir que la compa\u00f1\u00eda de energ\u00eda no puede cobrarte de m\u00e1s, aunque s\u00ed puede hacer descuentos. Para ahorrar en la factura de la luz con el t\u00e9rmino potencia, tambi\u00e9n puedes prestar atenci\u00f3n a las tarifas el\u00e9ctricas; el gobierno estipula un t\u00e9rmino potencia para cada tarifa, de manera que variar\u00e1 seg\u00fan la que elijas.<\/p>\n<h2>\u00bfQu\u00e9 es el t\u00e9rmino de Energ\u00eda?<\/h2>\n<p>El t\u00e9rmino energ\u00eda se refiere a la cantidad de luz consumida. Es un coste variable con una parte regulada, principalmente el peaje de acceso, que hay que pagar a la Distribuidora para poder usar sus redes, y el resto corresponde al consumo realizado, que se obtiene multiplicando los kilovatios consumidos por el precio del kWh, que en este caso es de 0,122619 euros.<\/p>\n<p>&nbsp;<\/p>\n<p>Cada tarifa el\u00e9ctrica tiene un coste por kilovatios diferente, y en funci\u00f3n del tipo de peaje de acceso tambi\u00e9n podr\u00e1 variar. Para entrar m\u00e1s en este tema te recomendamos que leas Qu\u00e9 es el t\u00e9rmino energ\u00eda.<\/p>\n<p>&nbsp;<\/p>\n<p>A diferencia del t\u00e9rmino de\u00a0potencia,\u00a0y al ser un concepto ligado a tu consumo,\u00a0cuanto m\u00e1s consumas, m\u00e1s pagar\u00e1s.<\/p>\n<p>&nbsp;<\/p>\n<p>Para ahorrar en la factura de la luz, lo m\u00e1s eficiente es que recortes del t\u00e9rmino energ\u00eda, pues es el concepto del que depende directamente tu consumo; si consigues consumir menos o, en caso de tener una tarifa variable o con discriminaci\u00f3n horaria, consumir en las horas en que el precio del kilovatio es m\u00e1s econ\u00f3mico, es probable que consigas reducir tu consumo.<\/p>\n<p>&nbsp;<\/p>\n<p>En Factorenergia te ofrecemos las tarifas el\u00e9ctricas m\u00e1s competitivas. Si te decides, puedes dar de alta la luz online en solo 5 minutos y, adem\u00e1s, podemos revisar tu potencia contratada y valorar si puedes bajarte la potencia para ayudarte a ahorrar en la factura de la luz.<\/p>\n<p>&nbsp;<\/p>\n","protected":false},"excerpt":{"rendered":"<p>Para ahorrar en la factura de la luz, deber\u00e1s saber lo que est\u00e1s pagando. \u00bfO eres de los que se limita a pagar cuando llega? Aprende del T\u00e9rmino Potencia y del T\u00e9rmino Energ\u00eda.<\/p>\n","protected":false},"author":17,"featured_media":0,"comment_status":"open","ping_status":"closed","sticky":false,"template":"","format":"standard","meta":{"inline_featured_image":false,"footnotes":""},"categories":[52],"tags":[],"acf":{"fecha_de_la_entrada":"20170224","imagen_portada":3032,"categoria_blog":null,"tipo_de_distribuidora":null,"tiempo_lectura":"","banner_bool":false,"titulo_banner":"","texto_banner":"","texto_boton_banner":"","url_boton_banner":"","post_relacionados":""},"yoast_head":"<!-- This site is optimized with the Yoast SEO plugin v22.2 - https:\/\/yoast.com\/wordpress\/plugins\/seo\/ -->\n<title>T\u00e9rmino energ\u00eda y t\u00e9rmino potencia | factorenergia<\/title>\n<meta name=\"description\" content=\"Mientras que el t.potencia es un coste fijo, el t.energ\u00eda es variable y depende de tu consumo. Aprende de ambos para ahorrar en la factura de la luz.\" \/>\n<meta name=\"robots\" content=\"index, follow, max-snippet:-1, max-image-preview:large, max-video-preview:-1\" \/>\n<link rel=\"canonical\" href=\"https:\/\/www.factorenergia.com\/es\/blog\/factura-luz\/termino-energia-y-termino-potencia\/\" \/>\n<meta name=\"twitter:card\" content=\"summary_large_image\" \/>\n<meta name=\"twitter:title\" content=\"T\u00e9rmino energ\u00eda y t\u00e9rmino potencia | factorenergia\" \/>\n<meta name=\"twitter:description\" content=\"Mientras que el t.potencia es un coste fijo, el t.energ\u00eda es variable y depende de tu consumo. Aprende de ambos para ahorrar en la factura de la luz.\" \/>\n<meta name=\"twitter:creator\" content=\"@factorenergia\" \/>\n<meta name=\"twitter:site\" content=\"@factorenergia\" \/>\n<meta name=\"twitter:label1\" content=\"Escrito por\" \/>\n\t<meta name=\"twitter:data1\" content=\"Equipo Transici\u00f3n Energ\u00e9tica Factorenergia\" \/>\n\t<meta name=\"twitter:label2\" content=\"Tiempo de lectura\" \/>\n\t<meta name=\"twitter:data2\" content=\"3 minutos\" \/>\n<script type=\"application\/ld+json\" class=\"yoast-schema-graph\">{\"@context\":\"https:\/\/schema.org\",\"@graph\":[{\"@type\":\"WebPage\",\"@id\":\"https:\/\/www.factorenergia.com\/es\/blog\/factura-luz\/termino-energia-y-termino-potencia\/\",\"url\":\"https:\/\/www.factorenergia.com\/es\/blog\/factura-luz\/termino-energia-y-termino-potencia\/\",\"name\":\"T\u00e9rmino energ\u00eda y t\u00e9rmino potencia | factorenergia\",\"isPartOf\":{\"@id\":\"https:\/\/www.factorenergia.com\/es\/#website\"},\"datePublished\":\"2017-02-24T12:43:38+00:00\",\"dateModified\":\"2024-11-08T13:09:37+00:00\",\"author\":{\"@id\":\"https:\/\/www.factorenergia.com\/es\/#\/schema\/person\/dff9e4b6dc520720e3a37bdaaedc5841\"},\"description\":\"Mientras que el t.potencia es un coste fijo, el t.energ\u00eda es variable y depende de tu consumo. Aprende de ambos para ahorrar en la factura de la luz.\",\"breadcrumb\":{\"@id\":\"https:\/\/www.factorenergia.com\/es\/blog\/factura-luz\/termino-energia-y-termino-potencia\/#breadcrumb\"},\"inLanguage\":\"es\",\"potentialAction\":[{\"@type\":\"ReadAction\",\"target\":[\"https:\/\/www.factorenergia.com\/es\/blog\/factura-luz\/termino-energia-y-termino-potencia\/\"]}]},{\"@type\":\"BreadcrumbList\",\"@id\":\"https:\/\/www.factorenergia.com\/es\/blog\/factura-luz\/termino-energia-y-termino-potencia\/#breadcrumb\",\"itemListElement\":[{\"@type\":\"ListItem\",\"position\":1,\"name\":\"Portada\",\"item\":\"https:\/\/www.factorenergia.com\/es\/\"},{\"@type\":\"ListItem\",\"position\":2,\"name\":\"T\u00e9rmino energ\u00eda y t\u00e9rmino potencia\"}]},{\"@type\":\"WebSite\",\"@id\":\"https:\/\/www.factorenergia.com\/es\/#website\",\"url\":\"https:\/\/www.factorenergia.com\/es\/\",\"name\":\"factorenergia\",\"description\":\"Factor Energ\u00eda\",\"potentialAction\":[{\"@type\":\"SearchAction\",\"target\":{\"@type\":\"EntryPoint\",\"urlTemplate\":\"https:\/\/www.factorenergia.com\/es\/?s={search_term_string}\"},\"query-input\":\"required name=search_term_string\"}],\"inLanguage\":\"es\"},{\"@type\":\"Person\",\"@id\":\"https:\/\/www.factorenergia.com\/es\/#\/schema\/person\/dff9e4b6dc520720e3a37bdaaedc5841\",\"name\":\"Equipo Transici\u00f3n Energ\u00e9tica Factorenergia\",\"image\":{\"@type\":\"ImageObject\",\"inLanguage\":\"es\",\"@id\":\"https:\/\/www.factorenergia.com\/es\/#\/schema\/person\/image\/\",\"url\":\"https:\/\/secure.gravatar.com\/avatar\/1b7c76bab80ee1c4261b06108874e24b?s=96&d=mm&r=g\",\"contentUrl\":\"https:\/\/secure.gravatar.com\/avatar\/1b7c76bab80ee1c4261b06108874e24b?s=96&d=mm&r=g\",\"caption\":\"Equipo Transici\u00f3n Energ\u00e9tica Factorenergia\"},\"description\":\"El equipo est\u00e1 formado por expertos en materia de Luz, Gas y Eficiencia Energ\u00e9tica, que conocen de primera mano las tendencias del mercado. Su experiencia en el sector les permite ofrecer las mejores soluciones energ\u00e9ticas y resolver las dudas planteadas por los clientes.\",\"sameAs\":[\"https:\/\/www.factorenergia.com\/es\/\",\"https:\/\/www.facebook.com\/factorenergiacom\",\"https:\/\/www.instagram.com\/factorenergia_com\/\",\"https:\/\/es.linkedin.com\/company\/factor-energia\",\"https:\/\/twitter.com\/factorenergia\",\"https:\/\/www.youtube.com\/c\/factorenergiacom\"],\"url\":\"https:\/\/www.factorenergia.com\/es\/blog\/author\/marketing\/\"}]}<\/script>\n<!-- \/ Yoast SEO plugin. -->","yoast_head_json":{"title":"T\u00e9rmino energ\u00eda y t\u00e9rmino potencia | factorenergia","description":"Mientras que el t.potencia es un coste fijo, el t.energ\u00eda es variable y depende de tu consumo. Aprende de ambos para ahorrar en la factura de la luz.","robots":{"index":"index","follow":"follow","max-snippet":"max-snippet:-1","max-image-preview":"max-image-preview:large","max-video-preview":"max-video-preview:-1"},"canonical":"https:\/\/www.factorenergia.com\/es\/blog\/factura-luz\/termino-energia-y-termino-potencia\/","twitter_card":"summary_large_image","twitter_title":"T\u00e9rmino energ\u00eda y t\u00e9rmino potencia | factorenergia","twitter_description":"Mientras que el t.potencia es un coste fijo, el t.energ\u00eda es variable y depende de tu consumo. Aprende de ambos para ahorrar en la factura de la luz.","twitter_creator":"@factorenergia","twitter_site":"@factorenergia","twitter_misc":{"Escrito por":"Equipo Transici\u00f3n Energ\u00e9tica Factorenergia","Tiempo de lectura":"3 minutos"},"schema":{"@context":"https:\/\/schema.org","@graph":[{"@type":"WebPage","@id":"https:\/\/www.factorenergia.com\/es\/blog\/factura-luz\/termino-energia-y-termino-potencia\/","url":"https:\/\/www.factorenergia.com\/es\/blog\/factura-luz\/termino-energia-y-termino-potencia\/","name":"T\u00e9rmino energ\u00eda y t\u00e9rmino potencia | factorenergia","isPartOf":{"@id":"https:\/\/www.factorenergia.com\/es\/#website"},"datePublished":"2017-02-24T12:43:38+00:00","dateModified":"2024-11-08T13:09:37+00:00","author":{"@id":"https:\/\/www.factorenergia.com\/es\/#\/schema\/person\/dff9e4b6dc520720e3a37bdaaedc5841"},"description":"Mientras que el t.potencia es un coste fijo, el t.energ\u00eda es variable y depende de tu consumo. Aprende de ambos para ahorrar en la factura de la luz.","breadcrumb":{"@id":"https:\/\/www.factorenergia.com\/es\/blog\/factura-luz\/termino-energia-y-termino-potencia\/#breadcrumb"},"inLanguage":"es","potentialAction":[{"@type":"ReadAction","target":["https:\/\/www.factorenergia.com\/es\/blog\/factura-luz\/termino-energia-y-termino-potencia\/"]}]},{"@type":"BreadcrumbList","@id":"https:\/\/www.factorenergia.com\/es\/blog\/factura-luz\/termino-energia-y-termino-potencia\/#breadcrumb","itemListElement":[{"@type":"ListItem","position":1,"name":"Portada","item":"https:\/\/www.factorenergia.com\/es\/"},{"@type":"ListItem","position":2,"name":"T\u00e9rmino energ\u00eda y t\u00e9rmino potencia"}]},{"@type":"WebSite","@id":"https:\/\/www.factorenergia.com\/es\/#website","url":"https:\/\/www.factorenergia.com\/es\/","name":"factorenergia","description":"Factor Energ\u00eda","potentialAction":[{"@type":"SearchAction","target":{"@type":"EntryPoint","urlTemplate":"https:\/\/www.factorenergia.com\/es\/?s={search_term_string}"},"query-input":"required name=search_term_string"}],"inLanguage":"es"},{"@type":"Person","@id":"https:\/\/www.factorenergia.com\/es\/#\/schema\/person\/dff9e4b6dc520720e3a37bdaaedc5841","name":"Equipo Transici\u00f3n Energ\u00e9tica Factorenergia","image":{"@type":"ImageObject","inLanguage":"es","@id":"https:\/\/www.factorenergia.com\/es\/#\/schema\/person\/image\/","url":"https:\/\/secure.gravatar.com\/avatar\/1b7c76bab80ee1c4261b06108874e24b?s=96&d=mm&r=g","contentUrl":"https:\/\/secure.gravatar.com\/avatar\/1b7c76bab80ee1c4261b06108874e24b?s=96&d=mm&r=g","caption":"Equipo Transici\u00f3n Energ\u00e9tica Factorenergia"},"description":"El equipo est\u00e1 formado por expertos en materia de Luz, Gas y Eficiencia Energ\u00e9tica, que conocen de primera mano las tendencias del mercado. Su experiencia en el sector les permite ofrecer las mejores soluciones energ\u00e9ticas y resolver las dudas planteadas por los clientes.","sameAs":["https:\/\/www.factorenergia.com\/es\/","https:\/\/www.facebook.com\/factorenergiacom","https:\/\/www.instagram.com\/factorenergia_com\/","https:\/\/es.linkedin.com\/company\/factor-energia","https:\/\/twitter.com\/factorenergia","https:\/\/www.youtube.com\/c\/factorenergiacom"],"url":"https:\/\/www.factorenergia.com\/es\/blog\/author\/marketing\/"}]}},"_links":{"self":[{"href":"https:\/\/www.factorenergia.com\/es\/wp-json\/wp\/v2\/posts\/3025"}],"collection":[{"href":"https:\/\/www.factorenergia.com\/es\/wp-json\/wp\/v2\/posts"}],"about":[{"href":"https:\/\/www.factorenergia.com\/es\/wp-json\/wp\/v2\/types\/post"}],"author":[{"embeddable":true,"href":"https:\/\/www.factorenergia.com\/es\/wp-json\/wp\/v2\/users\/17"}],"replies":[{"embeddable":true,"href":"https:\/\/www.factorenergia.com\/es\/wp-json\/wp\/v2\/comments?post=3025"}],"version-history":[{"count":3,"href":"https:\/\/www.factorenergia.com\/es\/wp-json\/wp\/v2\/posts\/3025\/revisions"}],"predecessor-version":[{"id":26843,"href":"https:\/\/www.factorenergia.com\/es\/wp-json\/wp\/v2\/posts\/3025\/revisions\/26843"}],"wp:attachment":[{"href":"https:\/\/www.factorenergia.com\/es\/wp-json\/wp\/v2\/media?parent=3025"}],"wp:term":[{"taxonomy":"category","embeddable":true,"href":"https:\/\/www.factorenergia.com\/es\/wp-json\/wp\/v2\/categories?post=3025"},{"taxonomy":"post_tag","embeddable":true,"href":"https:\/\/www.factorenergia.com\/es\/wp-json\/wp\/v2\/tags?post=3025"}],"curies":[{"name":"wp","href":"https:\/\/api.w.org\/{rel}","templated":true}]}}