{"id":30238,"date":"2025-10-09T18:20:35","date_gmt":"2025-10-09T16:20:35","guid":{"rendered":"https:\/\/www.factorenergia.com\/es\/?p=30238"},"modified":"2025-10-09T18:20:35","modified_gmt":"2025-10-09T16:20:35","slug":"factorenergia-en-el-polopark","status":"publish","type":"post","link":"https:\/\/www.factorenergia.com\/es\/blog\/eventos\/factorenergia-en-el-polopark\/","title":{"rendered":"Factorenergia ha estado presente un a\u00f1o m\u00e1s en el PoloPark"},"content":{"rendered":"<p>El <strong data-start=\"362\" data-end=\"384\">PoloPark<\/strong> vuelve a transformar <strong>el Real Club de Polo de Barcelona <\/strong>en un gran jard\u00edn de sensaciones y tendencias para toda la familia. Un espacio \u00fanico donde la <strong>energ\u00eda positiva<\/strong> se respira en cada rinc\u00f3n y donde <strong>Factorenergia<\/strong> participa un a\u00f1o m\u00e1s como <strong>Official Sponsor.<\/strong><br \/>\n&nbsp;<br \/>\nDurante los d\u00edas <strong data-start=\"587\" data-end=\"608\">2 al 5 de octubre<\/strong>, el recinto del Club se ha llenado de <strong data-start=\"647\" data-end=\"701\">m\u00fasica en directo, gastronom\u00eda, moda y actividades<\/strong> pensadas para todos los p\u00fablicos, consolid\u00e1ndose como uno de los encuentros m\u00e1s esperados del oto\u00f1o barcelon\u00e9s.<\/p>\n<h2>Un festival que combina ocio, deporte y sostenibilidad<\/h2>\n<p data-start=\"877\" data-end=\"1131\">El <strong data-start=\"880\" data-end=\"892\">PoloPark<\/strong> ha reunido a miles de visitantes que han disfrutado de <strong data-start=\"948\" data-end=\"973\">actuaciones musicales<\/strong>, un <strong data-start=\"978\" data-end=\"1023\">market con las \u00faltimas tendencias en moda<\/strong>, una <strong data-start=\"1029\" data-end=\"1074\">amplia oferta gastron\u00f3mica en food trucks<\/strong> y espacios dedicados a la <strong data-start=\"1101\" data-end=\"1128\">innovaci\u00f3n y la familia<\/strong>.<\/p>\n<p>&nbsp;<\/p>\n<p data-start=\"1133\" data-end=\"1332\">Entre ellos, el <strong data-start=\"1149\" data-end=\"1162\">Pony Park<\/strong>, gestionado por la Escuela H\u00edpica del Club, ha supuesto el primer contacto con el mundo ecuestre para muchos ni\u00f1os y ni\u00f1as, reforzando el car\u00e1cter familiar del evento.<\/p>\n<h2 data-start=\"1133\" data-end=\"1332\">Factorenergia, aportando energ\u00eda positiva al evento<\/h2>\n<p data-start=\"1393\" data-end=\"1573\">En esta edici\u00f3n, <strong data-start=\"1410\" data-end=\"1427\">Factorenergia<\/strong> ha vuelto a participar como <strong data-start=\"1456\" data-end=\"1476\">Official Sponsor<\/strong>, ofreciendo un espacio dedicado a la <strong data-start=\"1514\" data-end=\"1570\">eficiencia energ\u00e9tica, la sostenibilidad y el ahorro<\/strong>.<\/p>\n<p data-start=\"1575\" data-end=\"1874\">En nuestro <strong data-start=\"1586\" data-end=\"1598\">stand B6<\/strong>, los visitantes han podido conocer de primera mano nuestros <strong data-start=\"1659\" data-end=\"1711\">servicios de luz, gas y soluciones de eficiencia<\/strong>, atendidos por nuestros <strong data-start=\"1736\" data-end=\"1760\">asesores energ\u00e9ticos<\/strong>, quienes han acercado propuestas innovadoras para mejorar la calidad de vida y optimizar el consumo energ\u00e9tico.<\/p>\n<p>&nbsp;<\/p>\n<p data-start=\"1876\" data-end=\"2205\">Nuestra presencia en el PoloPark reafirma nuestro compromiso con la <strong data-start=\"1944\" data-end=\"2013\">energ\u00eda responsable, la innovaci\u00f3n y la cercan\u00eda con las personas<\/strong>. Desde <strong data-start=\"2021\" data-end=\"2038\">Factorenergia<\/strong> seguimos promoviendo la <strong data-start=\"2063\" data-end=\"2119\">transici\u00f3n hacia un modelo energ\u00e9tico m\u00e1s sostenible<\/strong>, participando en espacios que combinan <strong data-start=\"2159\" data-end=\"2204\">ocio, deporte y conciencia medioambiental<\/strong>.<\/p>\n","protected":false},"excerpt":{"rendered":"<p>El PoloPark vuelve a transformar el Real Club de Polo de Barcelona en un gran jard\u00edn de sensaciones y tendencias para toda la familia. Un espacio \u00fanico donde la energ\u00eda positiva se respira en cada rinc\u00f3n y donde Factorenergia participa un a\u00f1o m\u00e1s como Official Sponsor. &nbsp; Durante los d\u00edas 2 al 5 de octubre, [&hellip;]<\/p>\n","protected":false},"author":23,"featured_media":0,"comment_status":"open","ping_status":"open","sticky":false,"template":"","format":"standard","meta":{"inline_featured_image":false,"footnotes":""},"categories":[179],"tags":[],"acf":{"fecha_de_la_entrada":"20250916","imagen_portada":30246,"categoria_blog":null,"tipo_de_distribuidora":null,"tiempo_lectura":"2'","banner_bool":false,"titulo_banner":"","texto_banner":"","texto_boton_banner":"","url_boton_banner":"","post_relacionados":""},"yoast_head":"<!-- This site is optimized with the Yoast SEO plugin v22.2 - https:\/\/yoast.com\/wordpress\/plugins\/seo\/ -->\n<title>Factorenergia ha estado presente un a\u00f1o m\u00e1s en el PoloPark | factorenergia<\/title>\n<meta name=\"description\" content=\"Factorenergia ha estado presente un a\u00f1o m\u00e1s en el PoloPark by Calvet, el festival que ha llenado el Real Club de Polo de Barcelona de m\u00fasica, gastronom\u00eda, moda y sostenibilidad. Descubre c\u00f3mo hemos llevado nuestra energ\u00eda positiva al evento m\u00e1s inspirador del a\u00f1o.\" \/>\n<meta name=\"robots\" content=\"index, follow, max-snippet:-1, max-image-preview:large, max-video-preview:-1\" \/>\n<link rel=\"canonical\" href=\"https:\/\/www.factorenergia.com\/es\/blog\/eventos\/factorenergia-en-el-polopark\/\" \/>\n<meta name=\"twitter:card\" content=\"summary_large_image\" \/>\n<meta name=\"twitter:title\" content=\"Factorenergia ha estado presente un a\u00f1o m\u00e1s en el PoloPark | factorenergia\" \/>\n<meta name=\"twitter:description\" content=\"Factorenergia ha estado presente un a\u00f1o m\u00e1s en el PoloPark by Calvet, el festival que ha llenado el Real Club de Polo de Barcelona de m\u00fasica, gastronom\u00eda, moda y sostenibilidad. Descubre c\u00f3mo hemos llevado nuestra energ\u00eda positiva al evento m\u00e1s inspirador del a\u00f1o.\" \/>\n<meta name=\"twitter:creator\" content=\"@factorenergia\" \/>\n<meta name=\"twitter:site\" content=\"@factorenergia\" \/>\n<meta name=\"twitter:label1\" content=\"Escrito por\" \/>\n\t<meta name=\"twitter:data1\" content=\"Equipo Transici\u00f3n Energ\u00e9tica Factorenergia\" \/>\n\t<meta name=\"twitter:label2\" content=\"Tiempo de lectura\" \/>\n\t<meta name=\"twitter:data2\" content=\"2 minutos\" \/>\n<script type=\"application\/ld+json\" class=\"yoast-schema-graph\">{\"@context\":\"https:\/\/schema.org\",\"@graph\":[{\"@type\":\"WebPage\",\"@id\":\"https:\/\/www.factorenergia.com\/es\/blog\/eventos\/factorenergia-en-el-polopark\/\",\"url\":\"https:\/\/www.factorenergia.com\/es\/blog\/eventos\/factorenergia-en-el-polopark\/\",\"name\":\"Factorenergia ha estado presente un a\u00f1o m\u00e1s en el PoloPark | factorenergia\",\"isPartOf\":{\"@id\":\"https:\/\/www.factorenergia.com\/es\/#website\"},\"datePublished\":\"2025-10-09T16:20:35+00:00\",\"dateModified\":\"2025-10-09T16:20:35+00:00\",\"author\":{\"@id\":\"https:\/\/www.factorenergia.com\/es\/#\/schema\/person\/0393cfddedf83f56c6fa67cd7f64b4f5\"},\"description\":\"Factorenergia ha estado presente un a\u00f1o m\u00e1s en el PoloPark by Calvet, el festival que ha llenado el Real Club de Polo de Barcelona de m\u00fasica, gastronom\u00eda, moda y sostenibilidad. Descubre c\u00f3mo hemos llevado nuestra energ\u00eda positiva al evento m\u00e1s inspirador del a\u00f1o.\",\"breadcrumb\":{\"@id\":\"https:\/\/www.factorenergia.com\/es\/blog\/eventos\/factorenergia-en-el-polopark\/#breadcrumb\"},\"inLanguage\":\"es\",\"potentialAction\":[{\"@type\":\"ReadAction\",\"target\":[\"https:\/\/www.factorenergia.com\/es\/blog\/eventos\/factorenergia-en-el-polopark\/\"]}]},{\"@type\":\"BreadcrumbList\",\"@id\":\"https:\/\/www.factorenergia.com\/es\/blog\/eventos\/factorenergia-en-el-polopark\/#breadcrumb\",\"itemListElement\":[{\"@type\":\"ListItem\",\"position\":1,\"name\":\"Portada\",\"item\":\"https:\/\/www.factorenergia.com\/es\/\"},{\"@type\":\"ListItem\",\"position\":2,\"name\":\"Factorenergia ha estado presente un a\u00f1o m\u00e1s en el PoloPark\"}]},{\"@type\":\"WebSite\",\"@id\":\"https:\/\/www.factorenergia.com\/es\/#website\",\"url\":\"https:\/\/www.factorenergia.com\/es\/\",\"name\":\"factorenergia\",\"description\":\"Factor Energ\u00eda\",\"potentialAction\":[{\"@type\":\"SearchAction\",\"target\":{\"@type\":\"EntryPoint\",\"urlTemplate\":\"https:\/\/www.factorenergia.com\/es\/?s={search_term_string}\"},\"query-input\":\"required name=search_term_string\"}],\"inLanguage\":\"es\"},{\"@type\":\"Person\",\"@id\":\"https:\/\/www.factorenergia.com\/es\/#\/schema\/person\/0393cfddedf83f56c6fa67cd7f64b4f5\",\"name\":\"Equipo Transici\u00f3n Energ\u00e9tica Factorenergia\",\"image\":{\"@type\":\"ImageObject\",\"inLanguage\":\"es\",\"@id\":\"https:\/\/www.factorenergia.com\/es\/#\/schema\/person\/image\/\",\"url\":\"https:\/\/secure.gravatar.com\/avatar\/80959538036dc57cad8f416d2d764870?s=96&d=mm&r=g\",\"contentUrl\":\"https:\/\/secure.gravatar.com\/avatar\/80959538036dc57cad8f416d2d764870?s=96&d=mm&r=g\",\"caption\":\"Equipo Transici\u00f3n Energ\u00e9tica Factorenergia\"},\"url\":\"https:\/\/www.factorenergia.com\/es\/blog\/author\/pilar\/\"}]}<\/script>\n<!-- \/ Yoast SEO plugin. -->","yoast_head_json":{"title":"Factorenergia ha estado presente un a\u00f1o m\u00e1s en el PoloPark | factorenergia","description":"Factorenergia ha estado presente un a\u00f1o m\u00e1s en el PoloPark by Calvet, el festival que ha llenado el Real Club de Polo de Barcelona de m\u00fasica, gastronom\u00eda, moda y sostenibilidad. Descubre c\u00f3mo hemos llevado nuestra energ\u00eda positiva al evento m\u00e1s inspirador del a\u00f1o.","robots":{"index":"index","follow":"follow","max-snippet":"max-snippet:-1","max-image-preview":"max-image-preview:large","max-video-preview":"max-video-preview:-1"},"canonical":"https:\/\/www.factorenergia.com\/es\/blog\/eventos\/factorenergia-en-el-polopark\/","twitter_card":"summary_large_image","twitter_title":"Factorenergia ha estado presente un a\u00f1o m\u00e1s en el PoloPark | factorenergia","twitter_description":"Factorenergia ha estado presente un a\u00f1o m\u00e1s en el PoloPark by Calvet, el festival que ha llenado el Real Club de Polo de Barcelona de m\u00fasica, gastronom\u00eda, moda y sostenibilidad. Descubre c\u00f3mo hemos llevado nuestra energ\u00eda positiva al evento m\u00e1s inspirador del a\u00f1o.","twitter_creator":"@factorenergia","twitter_site":"@factorenergia","twitter_misc":{"Escrito por":"Equipo Transici\u00f3n Energ\u00e9tica Factorenergia","Tiempo de lectura":"2 minutos"},"schema":{"@context":"https:\/\/schema.org","@graph":[{"@type":"WebPage","@id":"https:\/\/www.factorenergia.com\/es\/blog\/eventos\/factorenergia-en-el-polopark\/","url":"https:\/\/www.factorenergia.com\/es\/blog\/eventos\/factorenergia-en-el-polopark\/","name":"Factorenergia ha estado presente un a\u00f1o m\u00e1s en el PoloPark | factorenergia","isPartOf":{"@id":"https:\/\/www.factorenergia.com\/es\/#website"},"datePublished":"2025-10-09T16:20:35+00:00","dateModified":"2025-10-09T16:20:35+00:00","author":{"@id":"https:\/\/www.factorenergia.com\/es\/#\/schema\/person\/0393cfddedf83f56c6fa67cd7f64b4f5"},"description":"Factorenergia ha estado presente un a\u00f1o m\u00e1s en el PoloPark by Calvet, el festival que ha llenado el Real Club de Polo de Barcelona de m\u00fasica, gastronom\u00eda, moda y sostenibilidad. Descubre c\u00f3mo hemos llevado nuestra energ\u00eda positiva al evento m\u00e1s inspirador del a\u00f1o.","breadcrumb":{"@id":"https:\/\/www.factorenergia.com\/es\/blog\/eventos\/factorenergia-en-el-polopark\/#breadcrumb"},"inLanguage":"es","potentialAction":[{"@type":"ReadAction","target":["https:\/\/www.factorenergia.com\/es\/blog\/eventos\/factorenergia-en-el-polopark\/"]}]},{"@type":"BreadcrumbList","@id":"https:\/\/www.factorenergia.com\/es\/blog\/eventos\/factorenergia-en-el-polopark\/#breadcrumb","itemListElement":[{"@type":"ListItem","position":1,"name":"Portada","item":"https:\/\/www.factorenergia.com\/es\/"},{"@type":"ListItem","position":2,"name":"Factorenergia ha estado presente un a\u00f1o m\u00e1s en el PoloPark"}]},{"@type":"WebSite","@id":"https:\/\/www.factorenergia.com\/es\/#website","url":"https:\/\/www.factorenergia.com\/es\/","name":"factorenergia","description":"Factor Energ\u00eda","potentialAction":[{"@type":"SearchAction","target":{"@type":"EntryPoint","urlTemplate":"https:\/\/www.factorenergia.com\/es\/?s={search_term_string}"},"query-input":"required name=search_term_string"}],"inLanguage":"es"},{"@type":"Person","@id":"https:\/\/www.factorenergia.com\/es\/#\/schema\/person\/0393cfddedf83f56c6fa67cd7f64b4f5","name":"Equipo Transici\u00f3n Energ\u00e9tica Factorenergia","image":{"@type":"ImageObject","inLanguage":"es","@id":"https:\/\/www.factorenergia.com\/es\/#\/schema\/person\/image\/","url":"https:\/\/secure.gravatar.com\/avatar\/80959538036dc57cad8f416d2d764870?s=96&d=mm&r=g","contentUrl":"https:\/\/secure.gravatar.com\/avatar\/80959538036dc57cad8f416d2d764870?s=96&d=mm&r=g","caption":"Equipo Transici\u00f3n Energ\u00e9tica Factorenergia"},"url":"https:\/\/www.factorenergia.com\/es\/blog\/author\/pilar\/"}]}},"_links":{"self":[{"href":"https:\/\/www.factorenergia.com\/es\/wp-json\/wp\/v2\/posts\/30238"}],"collection":[{"href":"https:\/\/www.factorenergia.com\/es\/wp-json\/wp\/v2\/posts"}],"about":[{"href":"https:\/\/www.factorenergia.com\/es\/wp-json\/wp\/v2\/types\/post"}],"author":[{"embeddable":true,"href":"https:\/\/www.factorenergia.com\/es\/wp-json\/wp\/v2\/users\/23"}],"replies":[{"embeddable":true,"href":"https:\/\/www.factorenergia.com\/es\/wp-json\/wp\/v2\/comments?post=30238"}],"version-history":[{"count":9,"href":"https:\/\/www.factorenergia.com\/es\/wp-json\/wp\/v2\/posts\/30238\/revisions"}],"predecessor-version":[{"id":30249,"href":"https:\/\/www.factorenergia.com\/es\/wp-json\/wp\/v2\/posts\/30238\/revisions\/30249"}],"wp:attachment":[{"href":"https:\/\/www.factorenergia.com\/es\/wp-json\/wp\/v2\/media?parent=30238"}],"wp:term":[{"taxonomy":"category","embeddable":true,"href":"https:\/\/www.factorenergia.com\/es\/wp-json\/wp\/v2\/categories?post=30238"},{"taxonomy":"post_tag","embeddable":true,"href":"https:\/\/www.factorenergia.com\/es\/wp-json\/wp\/v2\/tags?post=30238"}],"curies":[{"name":"wp","href":"https:\/\/api.w.org\/{rel}","templated":true}]}}