{"id":2973,"date":"2017-02-16T18:57:29","date_gmt":"2017-02-16T16:57:29","guid":{"rendered":"https:\/\/www.factorenergia.com\/es\/?post_type=blog&#038;p=2973"},"modified":"2023-02-14T18:48:04","modified_gmt":"2023-02-14T16:48:04","slug":"tipos-de-vehiculo-electrico","status":"publish","type":"post","link":"https:\/\/www.factorenergia.com\/es\/blog\/movilidad-electrica\/tipos-de-vehiculo-electrico\/","title":{"rendered":"Tipos de veh\u00edculo el\u00e9ctrico"},"content":{"rendered":"<p style=\"text-align: justify;\"><span>\n<script type=\"text\/javascript\" id=\"auto-index\" async defer>\n\n      function indexContent(context){\n\n      var container = document.querySelector(context);\n\n      element = document.getElementById(\"accordion-index\");\n      var titles = Array.from(container.querySelectorAll(\"h2,h3,h4\"));\n\n      for (var i = 0, l = titles.length; i < l; i++) {\n\n\t\tjQuery('#accordionIndex').show();\n\n        var tit = titles[i];\n\t\tvar newTitle = tit.textContent.toLowerCase().replace(\/[^a-zA-Z ]\/g, \"\").replace(\/\\s\/g, '-');\n\t\tvar numTag = Number(tit.tagName.replace(\/[^1-9]\/g, \"\"));\n\t\tvar tagWidth = (numTag*20);\n\n\t\tvar preText = '<span style=\"margin-left:' + tagWidth + 'px\"><\/span>';\n\n        tit.setAttribute(\"id\", newTitle);\n\t\tjQuery(tit).addClass('h-inline');\n\t\t\n\t\tvar toIndex = '<p class=\"h-inline\"><a class=\"blog-toindex\" href=\"#accordionIndex\"><span class=\"glyphicon glyphicon-chevron-up\" aria-hidden=\"true\"><\/span><\/a><\/p>';\n\n\t\tjQuery(toIndex).insertAfter(tit);\n\n        var node = document.createElement(\"LI\");                 \n        var link = document.createElement(\"A\");\n        var textnode = document.createTextNode(tit.textContent);\n\n        link.appendChild(textnode);\n        link.setAttribute(\"href\", '#' + newTitle);\n\t\t\/\/link.setAttribute(\"style\", \"margin-left:\" + tagWidth + \"px\");\n\t\tlink.setAttribute(\"class\", \"acc-h\" + numTag);\n        node.appendChild(link);\n\n        element.appendChild(node);\n\n      }\n    }\n\n    jQuery(document).ready(function(){\t\t\n\t\tindexContent(\".single-post-content\");\n\n\t\tjQuery(\".accordion-toggle\").click(function() {\n\t\t\tjQuery(this).toggleClass(\"open\");\n\t\t\tjQuery(\"#collapseIndex\").slideToggle(\"in\");\n\t\t});\n\t});\n\n\n<\/script>\n\n<style>\n\t.accordion-toggle{\n\t\tcursor:pointer;\n\t}\n\n\t#accordionIndex .panel-heading{\n\t\tmargin-bottom:0px;\n\t}\n\n\t.articulo ul, .articulo ol{\n\t\tmargin-bottom:auto;\n\t}\n\n\t.h-inline{\n\t\tdisplay: inline-flex;\n\t\tflex-wrap: wrap\n\t}\n\t#accordion-index{\n\t\tpadding-left:0px;\n\t}\n\t#accordion-index li a{\n\t\tdisplay:block;\n\t\tpadding-top:5px;\n\t}\n\n\t.acc-h2{\n\t\tmargin-left:0px;\n\t\tposition: relative;\n\t}\n\n\t.acc-h3{\n\t\tmargin-left:25px;\n\t}\n\n\t.acc-h3::before{\n\t\tcontent: \"\";\n\t\tbackground-color:var(--blue-light);\n\t\tmargin-left:-10px;\n\t\twidth: 7px;\n\t\theight: 7px;\n\t\tdisplay: inline-block;\n\t\ttext-align: center;\n\t\tborder-radius: 1000px;\n\t\tmargin-right: 10px;\n    \tmargin-bottom: 2px;\n\t}\n\n\t.acc-h4{\n\t\tmargin-left:40px;\n\t}\n\n\t.acc-h4::before{\n\t\tcontent: \"\";\n\t\tborder: 1px solid var(--blue-light);\n\t\tmargin-left:-5px;\n\t\twidth: 7px;\n\t\theight: 7px;\n\t\tdisplay: inline-block;\n\t\ttext-align: center;\n\t\tborder-radius: 100%;\n\t\tmargin-right: 10px;\n    \tmargin-bottom: 2px;\n\t}\n\n\t.acc-h3:hover::before{\n\t\tbackground-color: var(--blue-darkest);\n\t}\n\n\t.acc-h4:hover::before{\n\t\tborder-color: var(--blue-darkest);\n\t}\n\n\t@media (max-width: 992px){\n\t\t.acc-h2{\n\t\t\tmargin-left:0px;\n\t\t}\n\t\t.acc-h3{\n\t\t\tmargin-left:20px;\n\t\t}\n\t\t.acc-h4{\n\t\t\tmargin-left:40px;\n\t\t}\n\t}\n\n\t\/*\n\th2.h-inline:after,\n\th3.h-inline:after{\n\t\theight: 24px;\n\t\tcontent: \"\";\n\t\tdisplay: table-row;\n\t}*\/\n<\/style>\n\n<div id=\"table-accordion-index\">\n\t<div class=\"panel-group\" id=\"accordionIndex\">\n\t\t<div class=\"panel panel-default\">\n\t\t\t<div class=\"panel-heading\">\n\t\t\t\t<div class=\"panel-title open\"><div class=\"accordion-toggle\" data-toggle=\"collapse\" data-parent=\"#accordion\" aria-expanded=\"true\">\u00cdndice<\/div><\/div>\n\t\t\t<\/div>\n\t\t\t<div id=\"collapseIndex\" class=\"panel-collapse collapse in\" aria-expanded=\"true\">\n\t\t\t\t<div class=\"panel-body\">\n\t\t\t\t\t<ul id=\"accordion-index\">\n\t\t\t\t\t<\/ul>\n\t\t\t\t<\/div>\n\t\t\t<\/div>\n\t\t<\/div>\n\t<\/div>\n<\/div><\/span><\/p>\n<p>El veh\u00edculo el\u00e9ctrico se postula como el transporte del futuro; ya ha quedado claro que no queremos renunciar a la c\u00f3moda movilidad que nos ofrece el coche, aunque s\u00ed es evidente que no es sostenible la contaminaci\u00f3n que el creciente uso del autom\u00f3vil conlleva. Siendo as\u00ed, el veh\u00edculo el\u00e9ctrico se convierte en la opci\u00f3n que nos permite desplazarnos, no contaminar y a la vez ahorrar energ\u00eda y dinero, porque s\u00ed, si podemos producir una parte de la energ\u00eda que consumimos o, simplemente, evitamos ciertos desgastes producidos por el crudo, nos llevaremos una grata sorpresa. Y no solo eso, a d\u00eda de hoy se est\u00e1 promocionando este transporte hasta el punto que algunos ayuntamientos ofrecen ayudas a aquellos que quieran adquirirlos. \u00bfValoras ya el veh\u00edculo el\u00e9ctrico como una opci\u00f3n viable? Vamos a ver qu\u00e9 tipos existen:<\/p>\n<h2>\u00bfQu\u00e9 tipos de veh\u00edculos el\u00e9ctricos existen?<\/h2>\n<h3><strong>Veh\u00edculo 100% el\u00e9ctricos<\/strong><\/h3>\n<p>Tambi\u00e9n llamados BEV (<em>Battery Electric Vehicle<\/em>), disponen de un motor el\u00e9ctrico que transforma la energ\u00eda almacenada en las bater\u00edas en energ\u00eda cin\u00e9tica que se transmite directamente a las ruedas. Son veh\u00edculos que no requieren demasiado mantenimiento; lo m\u00e1s habitual son gastos relacionados con el sistema de frenada i renovaci\u00f3n de neum\u00e1ticos.<\/p>\n<p>Estos veh\u00edculos aprovechan la energ\u00eda de las frenadas y los desniveles para generar la electricidad que se acumula en las bater\u00edas. Tienen una autonom\u00eda de hasta 300 km.<\/p>\n<h3><strong>Veh\u00edculo el\u00e9ctrico con autonom\u00eda extendida<\/strong><\/h3>\n<p>En ingl\u00e9s, REEV (<em>Range Extender Electric Vehicle<\/em>), son veh\u00edculos el\u00e9ctricos con un peque\u00f1o motor extra, de combusti\u00f3n, que sirve para generar electricidad que alimente la bater\u00eda cuando se ha descargado i para tener un extra de autonom\u00eda. Una vez baja la bater\u00eda, el conductor puede parar a un <a href=\"https:\/\/www.factorenergia.com\/es\/blog\/movilidad-electrica\/instalacion-puntos-recarga-coches-electricos\/\" title=\"punto recarga vehiculo electrico\" target=\"_blank\" rel=\"noopener noreferrer\">punto de recarga<\/a> o dejar que se accione el motor de combusti\u00f3n, que a la vez cargar\u00eda de nuevo la bater\u00eda. Tienen una autonom\u00eda de hasta 240 km m\u00e1s 200 km adicionales del motor de apoyo.<\/p>\n\r\n<script type=\"text\/javascript\" async defer>\r\n\r\n    jQuery(document).ready(function(){\t\t\r\n\t\t\r\n\t});\r\n<\/script>\r\n\r\n<style>\r\n\t.block-interested_posts{\r\n        margin-top: 10px;\r\n        padding: 20px;\r\n        border: 2px solid #92C200;\r\n    }\r\n    .block-interested_posts ul{\r\n        margin-bottom:0px;\r\n    }\r\n    .block-interested_posts ul li{\r\n        margin-bottom:5px;\r\n    }\r\n    .block-interested_posts ul li a{\r\n        \/*color: #DF981E;*\/\r\n    }\r\n\r\n<\/style>\r\n\r\n<div class=\"block-interested_posts\">\r\n    <p><strong>Post que te pueden interesar<\/strong><\/p>\r\n    <ul>\r\n                    <li><a href=\"https:\/\/www.factorenergia.com\/es\/blog\/movilidad-electrica\/movilidad-electrica-mucho-mas-que-un-concepto-de-moda\/\" title=\"\u00bfMovilidad el\u00e9ctrica? Mucho m\u00e1s que un concepto de moda\">\u00bfMovilidad el\u00e9ctrica? Mucho m\u00e1s que un concepto de moda<\/a><\/li>\r\n                    <li><a href=\"https:\/\/www.factorenergia.com\/es\/blog\/movilidad-electrica\/futuro-la-energia-movilidad-sostenible-vehiculos-electricos\/\" title=\"El futuro de la energ\u00eda: Movilidad sostenible y veh\u00edculos el\u00e9ctricos\">El futuro de la energ\u00eda: Movilidad sostenible y veh\u00edculos el\u00e9ctricos<\/a><\/li>\r\n            <\/ul>\t\r\n<\/div>\n<p><picture><source srcset=\"https:\/\/www.factorenergia.com\/wp-content\/webp-express\/webp-images\/uploads\/2017\/02\/cargador-electrico-coche-300x200.jpg.webp 300w, https:\/\/www.factorenergia.com\/wp-content\/webp-express\/webp-images\/uploads\/2017\/02\/cargador-electrico-coche-768x511.jpg.webp 768w, https:\/\/www.factorenergia.com\/wp-content\/webp-express\/webp-images\/uploads\/2017\/02\/cargador-electrico-coche-1024x681.jpg.webp 1024w, https:\/\/www.factorenergia.com\/wp-content\/webp-express\/webp-images\/uploads\/2017\/02\/cargador-electrico-coche-266x177.jpg.webp 266w, https:\/\/www.factorenergia.com\/wp-content\/webp-express\/webp-images\/uploads\/2017\/02\/cargador-electrico-coche-90x60.jpg.webp 90w, https:\/\/www.factorenergia.com\/wp-content\/webp-express\/webp-images\/uploads\/2017\/02\/cargador-electrico-coche-170x113.jpg.webp 170w, https:\/\/www.factorenergia.com\/wp-content\/webp-express\/webp-images\/uploads\/2017\/02\/cargador-electrico-coche-541x360.jpg.webp 541w, https:\/\/www.factorenergia.com\/wp-content\/webp-express\/webp-images\/uploads\/2017\/02\/cargador-electrico-coche-451x300.jpg.webp 451w, https:\/\/www.factorenergia.com\/wp-content\/webp-express\/webp-images\/uploads\/2017\/02\/cargador-electrico-coche-500x333.jpg.webp 500w\" sizes=\"(max-width: 600px) 100vw, 600px\" type=\"image\/webp\"><img loading=\"lazy\" decoding=\"async\" src=\"https:\/\/www.factorenergia.com\/wp-content\/uploads\/2017\/02\/cargador-electrico-coche-300x200.jpg\" alt=\"cargador para coche electrico\" width=\"600\" height=\"399\" class=\"alignnone wp-image-10540 webpexpress-processed\" title=\"cargador para coche electrico\" srcset=\"https:\/\/www.factorenergia.com\/wp-content\/uploads\/2017\/02\/cargador-electrico-coche-300x200.jpg 300w, https:\/\/www.factorenergia.com\/wp-content\/uploads\/2017\/02\/cargador-electrico-coche-768x511.jpg 768w, https:\/\/www.factorenergia.com\/wp-content\/uploads\/2017\/02\/cargador-electrico-coche-1024x681.jpg 1024w, https:\/\/www.factorenergia.com\/wp-content\/uploads\/2017\/02\/cargador-electrico-coche-266x177.jpg 266w, https:\/\/www.factorenergia.com\/wp-content\/uploads\/2017\/02\/cargador-electrico-coche-90x60.jpg 90w, https:\/\/www.factorenergia.com\/wp-content\/uploads\/2017\/02\/cargador-electrico-coche-170x113.jpg 170w, https:\/\/www.factorenergia.com\/wp-content\/uploads\/2017\/02\/cargador-electrico-coche-541x360.jpg 541w, https:\/\/www.factorenergia.com\/wp-content\/uploads\/2017\/02\/cargador-electrico-coche-451x300.jpg 451w, https:\/\/www.factorenergia.com\/wp-content\/uploads\/2017\/02\/cargador-electrico-coche-500x333.jpg 500w\" sizes=\"(max-width: 600px) 100vw, 600px\"><\/picture><\/p>\n<p>&nbsp;<\/p>\n<h3><strong>Veh\u00edculos h\u00edbridos enchufables<\/strong><\/h3>\n<p>Del ingl\u00e9s. PHEV (<em>Plug-in Hybrid Electric Vehicle<\/em>), disponen de dos motores, uno el\u00e9ctrico alimentado por bater\u00edas y uno convencional gasolina o di\u00e9sel. Pueden funcionar en modo el\u00e9ctrico en recorridos urbanos disponiendo de una autonom\u00eda considerable y usar el motor de combusti\u00f3n en desplazamientos por carretera; en este caso, la autonom\u00eda y la potencia m\u00e1xima dependen del motor convencional. Tienen una autonom\u00eda de 40 km y 1.100 km adicionales con motor t\u00e9rmico.<\/p>\n<div class=\"text-center center blog-cta\"><p>&iexcl;Instala un punto de recarga para tu coche el&eacute;ctrico con factorenergia!<\/p><a class=\"blog-cta primary-btn text-center solicitar-estudio\" target=\"_blank\" title=\"SOLICITA TU ESTUDIO GRATUITO\" href=\"https:\/\/www.factorenergia.com\/es\/hogares\/puntos-recarga-electricos\/\">SOLICITA TU ESTUDIO GRATUITO<\/a><p><\/p><div style=\"display:none;\"><p>&iexcl;Instala un punto de recarga para tu coche el&eacute;ctrico con factorenergia!<\/p><\/div>\n\t\t\t<script type='text\/javascript'>\n\t\t\t\tjQuery('.solicitar-estudio').click(function(){\t\t\t\t\t\t\t\t\t\n\t\t\t\t\tdataLayer.push({'language': 'es'});\n\t\t\t\t\tdataLayer.push({'post_id': '2973'});\n\t\t\t\t\tdataLayer.push({'cat_type': 'ce'});\n\t\t\t\t});\n\t\t\t<\/script>\n\t\t<\/div><br\/>\n<h3><strong>Veh\u00edculos el\u00e9ctricos h\u00edbridos<\/strong><\/h3>\n<p>Los veh\u00edculos el\u00e9ctricos h\u00edbridos o HEV (<em>Hybrid Electric Vehicles<\/em>) disponen de los mismos elementos que los enchufables, pero la bater\u00eda \u00fanicamente se recarga aprovechando la energ\u00eda de las frenadas y la inercia en los desniveles; no tiene la opci\u00f3n de enchufarse. Tienen una autonom\u00eda de 20 km y 1.100 km adicionales con motor convencional gasolina o di\u00e9sel.<\/p>\n<h2><strong>Otros tipos de veh\u00edculo el\u00e9ctrico<\/strong><\/h2>\n<p>Habitualmente hablamos de veh\u00edculo el\u00e9ctrico en el sentido de un coche pero, en este caso, queremos comentar tambi\u00e9n el resto de medios de transporte que podemos encontrar movidos por la electricidad totalmente o de forma parcial.<\/p>\n<h3><strong>Motocicletas y ciclomotores el\u00e9ctricos<\/strong><\/h3>\n<p>Presentan muchas ventajas medioambientales ante los tradicionales, al menos en la mayor\u00eda de casos, y con la particularidad de no disponer de piezas de contacto. Tienen una autonom\u00eda de 75 \u2013 150 km.<\/p>\n<h3><strong>Bicicletas el\u00e9ctricas de pedaleo asistido<\/strong><\/h3>\n<p>Su factor diferencial es el sensor de pedaleo. Puede ser de velocidad o de movimiento, que es el sistema de detecci\u00f3n m\u00e1s sencillo y m\u00e1s com\u00fan en bicicletas el\u00e9ctricas, o puede detectar la fuerza que el ciclista ejerce sobre los pedales para ofrecer una resistencia inmediata y proporcionada a la fuerza aplicada. Tienen una autonom\u00eda de 50 \u2013 80 km (pedaleo asistido, siempre hay que pedalear).<\/p>\n<h3><strong>Otros tipos de veh\u00edculo el\u00e9ctrico<\/strong><\/h3>\n<p>Se alimentan de una bater\u00eda recargable y tienen una autonom\u00eda muy limitada, aproximadamente de 12 \u2013 20 km que supone m\u00e1s o menos una hora de funcionamiento. Son, por ejemplo, los patinetes el\u00e9ctricos o los segways.<\/p>\n<p>&nbsp;<\/p>\n<p>El uso de veh\u00edculos el\u00e9ctricos, no solo contribuyen a cuidar el planeta sino que tambi\u00e9n ayudan a ahorrar. En especial, hablando del veh\u00edculo totalmente el\u00e9ctrico, hay que tener en cuenta que requieren un mantenimiento menor ya que no hay cambios de aceite ni ninguna pieza que pueda tocar al combustible, de manera que las posibilidades de reparaciones se reducen. En tanto a los h\u00edbridos, reducimos las emisiones de CO2 y, en todo caso, abrimos paso a un futuro que tarde o temprano se instaurar\u00e1 en nuestras vidas debido a, tambi\u00e9n, el precio y la escasez de petr\u00f3leo.<\/p>\n<p><strong>Si quieres <a href=\"https:\/\/www.factorenergia.com\/es\/instalar-punto-recarga\/\" title=\"tarifa luz coche electrico\" target=\"_blank\" rel=\"noopener noreferrer\">ahorrar con tu coche el\u00e9ctrico<\/a>, te ayudamos a instalar tu punto de recarga y a cargarlo con la tarifa el\u00e9ctrica m\u00e1s barata.<\/strong><\/p>\n<p>&nbsp;<\/p>\n","protected":false},"excerpt":{"rendered":"<p>Se oye a hablar mucho del veh\u00edculo el\u00e9ctrico y se espera que revolucionen el mercado. \u00bfTe parece una opci\u00f3n viable?<\/p>\n","protected":false},"author":17,"featured_media":0,"comment_status":"open","ping_status":"closed","sticky":false,"template":"","format":"standard","meta":{"inline_featured_image":false,"footnotes":""},"categories":[62],"tags":[],"acf":{"fecha_de_la_entrada":"20170216","imagen_portada":2980,"categoria_blog":62,"tipo_de_distribuidora":null,"tiempo_lectura":"","banner_bool":false,"titulo_banner":"","texto_banner":"","texto_boton_banner":"","url_boton_banner":"","post_relacionados":null},"yoast_head":"<!-- This site is optimized with the Yoast SEO plugin v22.2 - https:\/\/yoast.com\/wordpress\/plugins\/seo\/ -->\n<title>Diferencias y Tipos de Veh\u00edculo El\u00e9ctrico | Factorenergia<\/title>\n<meta name=\"description\" content=\"Te contamos qu\u00e9 tipos de veh\u00edculo el\u00e9ctrico existen y cu\u00e1les son las diferencias entre un veh\u00edculo el\u00e9ctrico y otro. \u00bfTe parecen una opci\u00f3n de futuro?\" \/>\n<meta name=\"robots\" content=\"index, follow, max-snippet:-1, max-image-preview:large, max-video-preview:-1\" \/>\n<link rel=\"canonical\" href=\"https:\/\/www.factorenergia.com\/es\/blog\/movilidad-electrica\/tipos-de-vehiculo-electrico\/\" \/>\n<meta name=\"twitter:card\" content=\"summary_large_image\" \/>\n<meta name=\"twitter:title\" content=\"Diferencias y Tipos de Veh\u00edculo El\u00e9ctrico | Factorenergia\" \/>\n<meta name=\"twitter:description\" content=\"Te contamos qu\u00e9 tipos de veh\u00edculo el\u00e9ctrico existen y cu\u00e1les son las diferencias entre un veh\u00edculo el\u00e9ctrico y otro. \u00bfTe parecen una opci\u00f3n de futuro?\" \/>\n<meta name=\"twitter:image\" content=\"https:\/\/www.factorenergia.com\/wp-content\/uploads\/2017\/02\/cargador-electrico-coche-300x200.jpg\" \/>\n<meta name=\"twitter:creator\" content=\"@factorenergia\" \/>\n<meta name=\"twitter:site\" content=\"@factorenergia\" \/>\n<meta name=\"twitter:label1\" content=\"Escrito por\" \/>\n\t<meta name=\"twitter:data1\" content=\"Equipo Transici\u00f3n Energ\u00e9tica Factorenergia\" \/>\n\t<meta name=\"twitter:label2\" content=\"Tiempo de lectura\" \/>\n\t<meta name=\"twitter:data2\" content=\"4 minutos\" \/>\n<script type=\"application\/ld+json\" class=\"yoast-schema-graph\">{\"@context\":\"https:\/\/schema.org\",\"@graph\":[{\"@type\":\"WebPage\",\"@id\":\"https:\/\/www.factorenergia.com\/es\/blog\/movilidad-electrica\/tipos-de-vehiculo-electrico\/\",\"url\":\"https:\/\/www.factorenergia.com\/es\/blog\/movilidad-electrica\/tipos-de-vehiculo-electrico\/\",\"name\":\"Diferencias y Tipos de Veh\u00edculo El\u00e9ctrico | Factorenergia\",\"isPartOf\":{\"@id\":\"https:\/\/www.factorenergia.com\/es\/#website\"},\"primaryImageOfPage\":{\"@id\":\"https:\/\/www.factorenergia.com\/es\/blog\/movilidad-electrica\/tipos-de-vehiculo-electrico\/#primaryimage\"},\"image\":{\"@id\":\"https:\/\/www.factorenergia.com\/es\/blog\/movilidad-electrica\/tipos-de-vehiculo-electrico\/#primaryimage\"},\"thumbnailUrl\":\"https:\/\/www.factorenergia.com\/wp-content\/uploads\/2017\/02\/cargador-electrico-coche-300x200.jpg\",\"datePublished\":\"2017-02-16T16:57:29+00:00\",\"dateModified\":\"2023-02-14T16:48:04+00:00\",\"author\":{\"@id\":\"https:\/\/www.factorenergia.com\/es\/#\/schema\/person\/dff9e4b6dc520720e3a37bdaaedc5841\"},\"description\":\"Te contamos qu\u00e9 tipos de veh\u00edculo el\u00e9ctrico existen y cu\u00e1les son las diferencias entre un veh\u00edculo el\u00e9ctrico y otro. \u00bfTe parecen una opci\u00f3n de futuro?\",\"breadcrumb\":{\"@id\":\"https:\/\/www.factorenergia.com\/es\/blog\/movilidad-electrica\/tipos-de-vehiculo-electrico\/#breadcrumb\"},\"inLanguage\":\"es\",\"potentialAction\":[{\"@type\":\"ReadAction\",\"target\":[\"https:\/\/www.factorenergia.com\/es\/blog\/movilidad-electrica\/tipos-de-vehiculo-electrico\/\"]}]},{\"@type\":\"ImageObject\",\"inLanguage\":\"es\",\"@id\":\"https:\/\/www.factorenergia.com\/es\/blog\/movilidad-electrica\/tipos-de-vehiculo-electrico\/#primaryimage\",\"url\":\"https:\/\/www.factorenergia.com\/wp-content\/uploads\/2017\/02\/cargador-electrico-coche-300x200.jpg\",\"contentUrl\":\"https:\/\/www.factorenergia.com\/wp-content\/uploads\/2017\/02\/cargador-electrico-coche-300x200.jpg\"},{\"@type\":\"BreadcrumbList\",\"@id\":\"https:\/\/www.factorenergia.com\/es\/blog\/movilidad-electrica\/tipos-de-vehiculo-electrico\/#breadcrumb\",\"itemListElement\":[{\"@type\":\"ListItem\",\"position\":1,\"name\":\"Portada\",\"item\":\"https:\/\/www.factorenergia.com\/es\/\"},{\"@type\":\"ListItem\",\"position\":2,\"name\":\"Tipos de veh\u00edculo el\u00e9ctrico\"}]},{\"@type\":\"WebSite\",\"@id\":\"https:\/\/www.factorenergia.com\/es\/#website\",\"url\":\"https:\/\/www.factorenergia.com\/es\/\",\"name\":\"factorenergia\",\"description\":\"Factor Energ\u00eda\",\"potentialAction\":[{\"@type\":\"SearchAction\",\"target\":{\"@type\":\"EntryPoint\",\"urlTemplate\":\"https:\/\/www.factorenergia.com\/es\/?s={search_term_string}\"},\"query-input\":\"required name=search_term_string\"}],\"inLanguage\":\"es\"},{\"@type\":\"Person\",\"@id\":\"https:\/\/www.factorenergia.com\/es\/#\/schema\/person\/dff9e4b6dc520720e3a37bdaaedc5841\",\"name\":\"Equipo Transici\u00f3n Energ\u00e9tica Factorenergia\",\"image\":{\"@type\":\"ImageObject\",\"inLanguage\":\"es\",\"@id\":\"https:\/\/www.factorenergia.com\/es\/#\/schema\/person\/image\/\",\"url\":\"https:\/\/secure.gravatar.com\/avatar\/1b7c76bab80ee1c4261b06108874e24b?s=96&d=mm&r=g\",\"contentUrl\":\"https:\/\/secure.gravatar.com\/avatar\/1b7c76bab80ee1c4261b06108874e24b?s=96&d=mm&r=g\",\"caption\":\"Equipo Transici\u00f3n Energ\u00e9tica Factorenergia\"},\"description\":\"El equipo est\u00e1 formado por expertos en materia de Luz, Gas y Eficiencia Energ\u00e9tica, que conocen de primera mano las tendencias del mercado. Su experiencia en el sector les permite ofrecer las mejores soluciones energ\u00e9ticas y resolver las dudas planteadas por los clientes.\",\"sameAs\":[\"https:\/\/www.factorenergia.com\/es\/\",\"https:\/\/www.facebook.com\/factorenergiacom\",\"https:\/\/www.instagram.com\/factorenergia_com\/\",\"https:\/\/es.linkedin.com\/company\/factor-energia\",\"https:\/\/twitter.com\/factorenergia\",\"https:\/\/www.youtube.com\/c\/factorenergiacom\"],\"url\":\"https:\/\/www.factorenergia.com\/es\/blog\/author\/marketing\/\"}]}<\/script>\n<!-- \/ Yoast SEO plugin. -->","yoast_head_json":{"title":"Diferencias y Tipos de Veh\u00edculo El\u00e9ctrico | Factorenergia","description":"Te contamos qu\u00e9 tipos de veh\u00edculo el\u00e9ctrico existen y cu\u00e1les son las diferencias entre un veh\u00edculo el\u00e9ctrico y otro. \u00bfTe parecen una opci\u00f3n de futuro?","robots":{"index":"index","follow":"follow","max-snippet":"max-snippet:-1","max-image-preview":"max-image-preview:large","max-video-preview":"max-video-preview:-1"},"canonical":"https:\/\/www.factorenergia.com\/es\/blog\/movilidad-electrica\/tipos-de-vehiculo-electrico\/","twitter_card":"summary_large_image","twitter_title":"Diferencias y Tipos de Veh\u00edculo El\u00e9ctrico | Factorenergia","twitter_description":"Te contamos qu\u00e9 tipos de veh\u00edculo el\u00e9ctrico existen y cu\u00e1les son las diferencias entre un veh\u00edculo el\u00e9ctrico y otro. \u00bfTe parecen una opci\u00f3n de futuro?","twitter_image":"https:\/\/www.factorenergia.com\/wp-content\/uploads\/2017\/02\/cargador-electrico-coche-300x200.jpg","twitter_creator":"@factorenergia","twitter_site":"@factorenergia","twitter_misc":{"Escrito por":"Equipo Transici\u00f3n Energ\u00e9tica Factorenergia","Tiempo de lectura":"4 minutos"},"schema":{"@context":"https:\/\/schema.org","@graph":[{"@type":"WebPage","@id":"https:\/\/www.factorenergia.com\/es\/blog\/movilidad-electrica\/tipos-de-vehiculo-electrico\/","url":"https:\/\/www.factorenergia.com\/es\/blog\/movilidad-electrica\/tipos-de-vehiculo-electrico\/","name":"Diferencias y Tipos de Veh\u00edculo El\u00e9ctrico | Factorenergia","isPartOf":{"@id":"https:\/\/www.factorenergia.com\/es\/#website"},"primaryImageOfPage":{"@id":"https:\/\/www.factorenergia.com\/es\/blog\/movilidad-electrica\/tipos-de-vehiculo-electrico\/#primaryimage"},"image":{"@id":"https:\/\/www.factorenergia.com\/es\/blog\/movilidad-electrica\/tipos-de-vehiculo-electrico\/#primaryimage"},"thumbnailUrl":"https:\/\/www.factorenergia.com\/wp-content\/uploads\/2017\/02\/cargador-electrico-coche-300x200.jpg","datePublished":"2017-02-16T16:57:29+00:00","dateModified":"2023-02-14T16:48:04+00:00","author":{"@id":"https:\/\/www.factorenergia.com\/es\/#\/schema\/person\/dff9e4b6dc520720e3a37bdaaedc5841"},"description":"Te contamos qu\u00e9 tipos de veh\u00edculo el\u00e9ctrico existen y cu\u00e1les son las diferencias entre un veh\u00edculo el\u00e9ctrico y otro. \u00bfTe parecen una opci\u00f3n de futuro?","breadcrumb":{"@id":"https:\/\/www.factorenergia.com\/es\/blog\/movilidad-electrica\/tipos-de-vehiculo-electrico\/#breadcrumb"},"inLanguage":"es","potentialAction":[{"@type":"ReadAction","target":["https:\/\/www.factorenergia.com\/es\/blog\/movilidad-electrica\/tipos-de-vehiculo-electrico\/"]}]},{"@type":"ImageObject","inLanguage":"es","@id":"https:\/\/www.factorenergia.com\/es\/blog\/movilidad-electrica\/tipos-de-vehiculo-electrico\/#primaryimage","url":"https:\/\/www.factorenergia.com\/wp-content\/uploads\/2017\/02\/cargador-electrico-coche-300x200.jpg","contentUrl":"https:\/\/www.factorenergia.com\/wp-content\/uploads\/2017\/02\/cargador-electrico-coche-300x200.jpg"},{"@type":"BreadcrumbList","@id":"https:\/\/www.factorenergia.com\/es\/blog\/movilidad-electrica\/tipos-de-vehiculo-electrico\/#breadcrumb","itemListElement":[{"@type":"ListItem","position":1,"name":"Portada","item":"https:\/\/www.factorenergia.com\/es\/"},{"@type":"ListItem","position":2,"name":"Tipos de veh\u00edculo el\u00e9ctrico"}]},{"@type":"WebSite","@id":"https:\/\/www.factorenergia.com\/es\/#website","url":"https:\/\/www.factorenergia.com\/es\/","name":"factorenergia","description":"Factor Energ\u00eda","potentialAction":[{"@type":"SearchAction","target":{"@type":"EntryPoint","urlTemplate":"https:\/\/www.factorenergia.com\/es\/?s={search_term_string}"},"query-input":"required name=search_term_string"}],"inLanguage":"es"},{"@type":"Person","@id":"https:\/\/www.factorenergia.com\/es\/#\/schema\/person\/dff9e4b6dc520720e3a37bdaaedc5841","name":"Equipo Transici\u00f3n Energ\u00e9tica Factorenergia","image":{"@type":"ImageObject","inLanguage":"es","@id":"https:\/\/www.factorenergia.com\/es\/#\/schema\/person\/image\/","url":"https:\/\/secure.gravatar.com\/avatar\/1b7c76bab80ee1c4261b06108874e24b?s=96&d=mm&r=g","contentUrl":"https:\/\/secure.gravatar.com\/avatar\/1b7c76bab80ee1c4261b06108874e24b?s=96&d=mm&r=g","caption":"Equipo Transici\u00f3n Energ\u00e9tica Factorenergia"},"description":"El equipo est\u00e1 formado por expertos en materia de Luz, Gas y Eficiencia Energ\u00e9tica, que conocen de primera mano las tendencias del mercado. Su experiencia en el sector les permite ofrecer las mejores soluciones energ\u00e9ticas y resolver las dudas planteadas por los clientes.","sameAs":["https:\/\/www.factorenergia.com\/es\/","https:\/\/www.facebook.com\/factorenergiacom","https:\/\/www.instagram.com\/factorenergia_com\/","https:\/\/es.linkedin.com\/company\/factor-energia","https:\/\/twitter.com\/factorenergia","https:\/\/www.youtube.com\/c\/factorenergiacom"],"url":"https:\/\/www.factorenergia.com\/es\/blog\/author\/marketing\/"}]}},"_links":{"self":[{"href":"https:\/\/www.factorenergia.com\/es\/wp-json\/wp\/v2\/posts\/2973"}],"collection":[{"href":"https:\/\/www.factorenergia.com\/es\/wp-json\/wp\/v2\/posts"}],"about":[{"href":"https:\/\/www.factorenergia.com\/es\/wp-json\/wp\/v2\/types\/post"}],"author":[{"embeddable":true,"href":"https:\/\/www.factorenergia.com\/es\/wp-json\/wp\/v2\/users\/17"}],"replies":[{"embeddable":true,"href":"https:\/\/www.factorenergia.com\/es\/wp-json\/wp\/v2\/comments?post=2973"}],"version-history":[{"count":3,"href":"https:\/\/www.factorenergia.com\/es\/wp-json\/wp\/v2\/posts\/2973\/revisions"}],"predecessor-version":[{"id":18827,"href":"https:\/\/www.factorenergia.com\/es\/wp-json\/wp\/v2\/posts\/2973\/revisions\/18827"}],"acf:term":[{"embeddable":true,"taxonomy":"category","href":"https:\/\/www.factorenergia.com\/es\/wp-json\/wp\/v2\/categories\/62"}],"wp:attachment":[{"href":"https:\/\/www.factorenergia.com\/es\/wp-json\/wp\/v2\/media?parent=2973"}],"wp:term":[{"taxonomy":"category","embeddable":true,"href":"https:\/\/www.factorenergia.com\/es\/wp-json\/wp\/v2\/categories?post=2973"},{"taxonomy":"post_tag","embeddable":true,"href":"https:\/\/www.factorenergia.com\/es\/wp-json\/wp\/v2\/tags?post=2973"}],"curies":[{"name":"wp","href":"https:\/\/api.w.org\/{rel}","templated":true}]}}