{"id":2928,"date":"2021-01-13T10:00:26","date_gmt":"2021-01-13T08:00:26","guid":{"rendered":"https:\/\/www.factorenergia.com\/es\/?post_type=blog&#038;p=2928"},"modified":"2025-07-29T09:42:09","modified_gmt":"2025-07-29T07:42:09","slug":"que-es-la-eficiencia-energetica","status":"publish","type":"post","link":"https:\/\/www.factorenergia.com\/es\/blog\/eficiencia-energetica\/que-es-la-eficiencia-energetica\/","title":{"rendered":"\u00bfQu\u00e9 es la eficiencia energ\u00e9tica?"},"content":{"rendered":"<p style=\"text-align: justify;\"><span>\n<script type=\"text\/javascript\" id=\"auto-index\" async defer>\n\n      function indexContent(context){\n\n      var container = document.querySelector(context);\n\n      element = document.getElementById(\"accordion-index\");\n      var titles = Array.from(container.querySelectorAll(\"h2,h3\"));\n\n      for (var i = 0, l = titles.length; i < l; i++) {\n\n\t\tjQuery('#accordionIndex').show();\n\n        var tit = titles[i];\n\t\tvar newTitle = tit.textContent.toLowerCase().replace(\/[^a-zA-Z ]\/g, \"\").replace(\/\\s\/g, '-');\n\t\tvar numTag = Number(tit.tagName.replace(\/[^1-9]\/g, \"\"));\n\t\tvar tagWidth = (numTag*20);\n\n\t\tvar preText = '<span style=\"margin-left:' + tagWidth + 'px\"><\/span>';\n\n        tit.setAttribute(\"id\", newTitle);\n\t\tjQuery(tit).addClass('h-inline');\n\t\t\n\t\tvar toIndex = '<p class=\"h-inline\"><a class=\"blog-toindex\" href=\"#accordionIndex\"><span class=\"glyphicon glyphicon-chevron-up\" aria-hidden=\"true\"><\/span><\/a><\/p>';\n\n\t\tjQuery(toIndex).insertAfter(tit);\n\n        var node = document.createElement(\"LI\");                 \n        var link = document.createElement(\"A\");\n        var textnode = document.createTextNode(tit.textContent);\n\n        link.appendChild(textnode);\n        link.setAttribute(\"href\", '#' + newTitle);\n\t\t\/\/link.setAttribute(\"style\", \"margin-left:\" + tagWidth + \"px\");\n\t\tlink.setAttribute(\"class\", \"acc-h\" + numTag);\n        node.appendChild(link);\n\n        element.appendChild(node);\n\n      }\n    }\n\n    jQuery(document).ready(function(){\t\t\n\t\tindexContent(\".single-post-content\");\n\n\t\tjQuery(\".accordion-toggle\").click(function() {\n\t\t\tjQuery(this).toggleClass(\"open\");\n\t\t\tjQuery(\"#collapseIndex\").slideToggle(\"in\");\n\t\t});\n\t});\n\n\n<\/script>\n\n<style>\n\t.accordion-toggle{\n\t\tcursor:pointer;\n\t}\n\n\t#accordionIndex .panel-heading{\n\t\tmargin-bottom:0px;\n\t}\n\n\t.articulo ul, .articulo ol{\n\t\tmargin-bottom:auto;\n\t}\n\n\t.h-inline{\n\t\tdisplay: inline-flex;\n\t\tflex-wrap: wrap\n\t}\n\t#accordion-index{\n\t\tpadding-left:0px;\n\t}\n\t#accordion-index li a{\n\t\tdisplay:block;\n\t\tpadding-top:5px;\n\t}\n\n\t.acc-h2{\n\t\tmargin-left:0px;\n\t\tposition: relative;\n\t}\n\n\t.acc-h3{\n\t\tmargin-left:25px;\n\t}\n\n\t.acc-h3::before{\n\t\tcontent: \"\";\n\t\tbackground-color:var(--blue-light);\n\t\tmargin-left:-10px;\n\t\twidth: 7px;\n\t\theight: 7px;\n\t\tdisplay: inline-block;\n\t\ttext-align: center;\n\t\tborder-radius: 1000px;\n\t\tmargin-right: 10px;\n    \tmargin-bottom: 2px;\n\t}\n\n\t.acc-h4{\n\t\tmargin-left:40px;\n\t}\n\n\t.acc-h4::before{\n\t\tcontent: \"\";\n\t\tborder: 1px solid var(--blue-light);\n\t\tmargin-left:-5px;\n\t\twidth: 7px;\n\t\theight: 7px;\n\t\tdisplay: inline-block;\n\t\ttext-align: center;\n\t\tborder-radius: 100%;\n\t\tmargin-right: 10px;\n    \tmargin-bottom: 2px;\n\t}\n\n\t.acc-h3:hover::before{\n\t\tbackground-color: var(--blue-darkest);\n\t}\n\n\t.acc-h4:hover::before{\n\t\tborder-color: var(--blue-darkest);\n\t}\n\n\t@media (max-width: 992px){\n\t\t.acc-h2{\n\t\t\tmargin-left:0px;\n\t\t}\n\t\t.acc-h3{\n\t\t\tmargin-left:20px;\n\t\t}\n\t\t.acc-h4{\n\t\t\tmargin-left:40px;\n\t\t}\n\t}\n\n\t\/*\n\th2.h-inline:after,\n\th3.h-inline:after{\n\t\theight: 24px;\n\t\tcontent: \"\";\n\t\tdisplay: table-row;\n\t}*\/\n<\/style>\n\n<div id=\"table-accordion-index\">\n\t<div class=\"panel-group\" id=\"accordionIndex\">\n\t\t<div class=\"panel panel-default\">\n\t\t\t<div class=\"panel-heading\">\n\t\t\t\t<div class=\"panel-title open\"><div class=\"accordion-toggle\" data-toggle=\"collapse\" data-parent=\"#accordion\" aria-expanded=\"true\">\u00cdndice<\/div><\/div>\n\t\t\t<\/div>\n\t\t\t<div id=\"collapseIndex\" class=\"panel-collapse collapse in\" aria-expanded=\"true\">\n\t\t\t\t<div class=\"panel-body\">\n\t\t\t\t\t<ul id=\"accordion-index\">\n\t\t\t\t\t<\/ul>\n\t\t\t\t<\/div>\n\t\t\t<\/div>\n\t\t<\/div>\n\t<\/div>\n<\/div><\/span><\/p>\n<p style=\"text-align: left;\">La sociedad avanza a ritmos insostenibles. Cada d\u00eda aumenta la producci\u00f3n de todo tipo de productos que tambi\u00e9n consumimos a velocidad de v\u00e9rtigo.<\/p>\n<p>&nbsp;<\/p>\n<p style=\"text-align: left;\">Por otro lado, y aunque estemos m\u00e1s o menos acostumbrados a reciclar, ahora es el momento de aprender otra forma de contribuir a la sostenibilidad del planeta: la eficiencia energ\u00e9tica.<\/p>\n<p>&nbsp;<\/p>\n<p style=\"text-align: left;\">No somos plenamente conscientes de cu\u00e1nta energ\u00eda desperdiciamos a diario ni de la procedencia de dicha energ\u00eda.<\/p>\n<p>&nbsp;<\/p>\n<p style=\"text-align: left;\">No obstante, s\u00ed tenemos consciencia de <strong>lo importante que es reducir nuestro consumo<\/strong>, en general, y de lo mucho que contaminamos los seres humanos.<\/p>\n<div class=\"text-center center blog-cta\"><p>C&aacute;mbiate a factorenergia y ahorra un 12,5% en tu factura de la Luz ... &iexcl;Para Siempre!<\/p><a class=\"blog-cta primary-btn text-center solicitar-estudio\" target=\"_blank\" title=\"Llama Gratis o Contrata Online en 2 min\" href=\"https:\/\/www.factorenergia.com\/es\/como-cambiar-compania\/\">Llama Gratis o Contrata Online en 2 min<\/a><p><\/p><div style=\"display:none;\"><p>C&aacute;mbiate a factorenergia y ahorra un 12,5% en tu factura de la Luz ... &iexcl;Para Siempre!<\/p><\/div>\n\t\t\t<script type='text\/javascript'>\n\t\t\t\tjQuery('.solicitar-estudio').click(function(){\t\t\t\t\t\t\t\t\t\n\t\t\t\t\tdataLayer.push({'language': 'es'});\n\t\t\t\t\tdataLayer.push({'post_id': '2928'});\n\t\t\t\t\tdataLayer.push({'cat_type': 'luz'});\n\t\t\t\t});\n\t\t\t<\/script>\n\t\t<\/div><br\/>\n<h2 style=\"text-align: left;\">\u00bfQu\u00e9 significa la eficiencia energ\u00e9tica?<\/h2>\n<p style=\"text-align: left;\">Definimos eficiencia energ\u00e9tica como el uso eficiente de la energ\u00eda. Un aparato, proceso o instalaci\u00f3n es energ\u00e9ticamente eficiente cuando consume una cantidad inferior a la media de energ\u00eda para realizar una actividad.<\/p>\n<p>&nbsp;<\/p>\n<p style=\"text-align: left;\">Una persona, servicio o producto eficiente comprometido con el medio ambiente, adem\u00e1s de necesitar menos energ\u00eda para realizar el mismo trabajo, tambi\u00e9n busca abastecerse, si no por completo, con la mayor cantidad posible de energ\u00edas renovables (tambi\u00e9n llamadas <a href=\"https:\/\/www.factorenergia.com\/es\/blog\/eficiencia-energetica\/que-son-energias-alternativas\/\" title=\"tipos de energ\u00edas alternativas\" target=\"_blank\" rel=\"noopener noreferrer\">energ\u00edas alternativas<\/a>).<\/p>\n<p>&nbsp;<\/p>\n<p style=\"text-align: left;\">La eficiencia energ\u00e9tica busca <strong>proteger el medio ambiente <\/strong>mediante la reducci\u00f3n de la intensidad energ\u00e9tica y habituando al usuario a consumir lo necesario y no m\u00e1s.<\/p>\n<p>&nbsp;<\/p>\n<p style=\"text-align: left;\">Las emisiones de CO2 que enviamos a la atm\u00f3sfera son cada vez mayores y, por ese motivo, la eficiencia energ\u00e9tica se ha convertido en una forma de cuidar al planeta ya que, no solo est\u00e1 en usar electrodom\u00e9sticos que consuman menos, sino en que <strong>seamos nosotros quienes consumamos menos y de forma m\u00e1s \u201cverde\u201d<\/strong>.<\/p>\n\r\n<script type=\"text\/javascript\" async defer>\r\n\r\n    jQuery(document).ready(function(){\t\t\r\n\t\t\r\n\t});\r\n<\/script>\r\n\r\n<style>\r\n\t.block-interested_posts{\r\n        margin-top: 10px;\r\n        padding: 20px;\r\n        border: 2px solid #92C200;\r\n    }\r\n    .block-interested_posts ul{\r\n        margin-bottom:0px;\r\n    }\r\n    .block-interested_posts ul li{\r\n        margin-bottom:5px;\r\n    }\r\n    .block-interested_posts ul li a{\r\n        \/*color: #DF981E;*\/\r\n    }\r\n\r\n<\/style>\r\n\r\n<div class=\"block-interested_posts\">\r\n    <p><strong>Post que te pueden interesar<\/strong><\/p>\r\n    <ul>\r\n                    <li><a href=\"https:\/\/www.factorenergia.com\/es\/blog\/eficiencia-energetica\/5-habitos-consumo-energetico-prevenir-cambio-climatico\/\" title=\"5 h\u00e1bitos de consumo energ\u00e9tico para prevenir el cambio clim\u00e1tico\">5 h\u00e1bitos de consumo energ\u00e9tico para prevenir el cambio clim\u00e1tico<\/a><\/li>\r\n                    <li><a href=\"https:\/\/www.factorenergia.com\/es\/blog\/autoconsumo-electrico\/alternativas-energeticas-para-el-hogar\/\" title=\"Alternativas energ\u00e9ticas para el hogar\">Alternativas energ\u00e9ticas para el hogar<\/a><\/li>\r\n            <\/ul>\t\r\n<\/div>\n<h3 style=\"text-align: left;\">Problemas y ventajas de la eficiencia energ\u00e9tica<\/h3>\n<p style=\"text-align: left;\">El problema de la eficiencia energ\u00e9tica es que todav\u00eda es una elecci\u00f3n. Actualmente no todos los productos que usamos son eficientes; podemos verlo en las <a href=\"https:\/\/www.factorenergia.com\/es\/blog\/eficiencia-energetica\/etiqueta-de-eficiencia-energetica\/\" title=\"etiquetado energ\u00e9tico\" target=\"_blank\" rel=\"noopener noreferrer\">etiquetas de eficiencia energ\u00e9tica de muchos electrodom\u00e9sticos<\/a> que compramos.<\/p>\n<p>&nbsp;<\/p>\n<p style=\"text-align: left;\">Esto se debe a que la alternativa eficiente siempre es algo m\u00e1s cara, como pasa, por ejemplo, con las bombillas tradicionales y las luces LED.<\/p>\n<p style=\"text-align: justify;\"><picture><source srcset=\"https:\/\/www.factorenergia.com\/wp-content\/webp-express\/webp-images\/uploads\/2021\/01\/bombilla-led-eficiencia-energetica.jpg.webp 800w, https:\/\/www.factorenergia.com\/wp-content\/webp-express\/webp-images\/uploads\/2021\/01\/bombilla-led-eficiencia-energetica-300x225.jpg.webp 300w, https:\/\/www.factorenergia.com\/wp-content\/webp-express\/webp-images\/uploads\/2021\/01\/bombilla-led-eficiencia-energetica-768x576.jpg.webp 768w, https:\/\/www.factorenergia.com\/wp-content\/webp-express\/webp-images\/uploads\/2021\/01\/bombilla-led-eficiencia-energetica-236x177.jpg.webp 236w, https:\/\/www.factorenergia.com\/wp-content\/webp-express\/webp-images\/uploads\/2021\/01\/bombilla-led-eficiencia-energetica-90x68.jpg.webp 90w, https:\/\/www.factorenergia.com\/wp-content\/webp-express\/webp-images\/uploads\/2021\/01\/bombilla-led-eficiencia-energetica-170x128.jpg.webp 170w, https:\/\/www.factorenergia.com\/wp-content\/webp-express\/webp-images\/uploads\/2021\/01\/bombilla-led-eficiencia-energetica-480x360.jpg.webp 480w, https:\/\/www.factorenergia.com\/wp-content\/webp-express\/webp-images\/uploads\/2021\/01\/bombilla-led-eficiencia-energetica-400x300.jpg.webp 400w\" sizes=\"(max-width: 800px) 100vw, 800px\" type=\"image\/webp\"><img loading=\"lazy\" decoding=\"async\" src=\"https:\/\/www.factorenergia.com\/wp-content\/uploads\/2021\/01\/bombilla-led-eficiencia-energetica.jpg\" alt=\"eficiencia energetica led\" width=\"800\" height=\"600\" class=\"alignnone wp-image-10390 size-full webpexpress-processed\" title=\"bombilla led eficiencia energetica\" srcset=\"https:\/\/www.factorenergia.com\/wp-content\/uploads\/2021\/01\/bombilla-led-eficiencia-energetica.jpg 800w, https:\/\/www.factorenergia.com\/wp-content\/uploads\/2021\/01\/bombilla-led-eficiencia-energetica-300x225.jpg 300w, https:\/\/www.factorenergia.com\/wp-content\/uploads\/2021\/01\/bombilla-led-eficiencia-energetica-768x576.jpg 768w, https:\/\/www.factorenergia.com\/wp-content\/uploads\/2021\/01\/bombilla-led-eficiencia-energetica-236x177.jpg 236w, https:\/\/www.factorenergia.com\/wp-content\/uploads\/2021\/01\/bombilla-led-eficiencia-energetica-90x68.jpg 90w, https:\/\/www.factorenergia.com\/wp-content\/uploads\/2021\/01\/bombilla-led-eficiencia-energetica-170x128.jpg 170w, https:\/\/www.factorenergia.com\/wp-content\/uploads\/2021\/01\/bombilla-led-eficiencia-energetica-480x360.jpg 480w, https:\/\/www.factorenergia.com\/wp-content\/uploads\/2021\/01\/bombilla-led-eficiencia-energetica-400x300.jpg 400w\" sizes=\"(max-width: 800px) 100vw, 800px\"><\/picture><\/p>\n<p style=\"text-align: left;\">Podr\u00edamos decir que la eficiencia energ\u00e9tica es, de momento, un tema de <strong>consciencia medioambiental<\/strong>. Sin embargo, hay que tener en cuenta que, no solo se amortizan r\u00e1pido, sino que un producto eficiente favorece directamente a tu bolsillo, ya que <strong>la eficiencia energ\u00e9tica va ligada con el <a href=\"https:\/\/www.factorenergia.com\/es\/blog\/ahorrar-electricidad\/consejos-para-ahorrar-energia-en-casa\/\" title=\"c\u00f3mo ahorrar en la factura de la luz\" target=\"_blank\" rel=\"noopener noreferrer\">ahorro de electricidad<\/a>. <\/strong><\/p>\n<p>&nbsp;<\/p>\n<p style=\"text-align: left;\">Adoptando otros h\u00e1bitos de consumo y aprendiendo a gestionar la energ\u00eda para disminuirla contribuiremos a cuidar nuestro entorno mientras ahorramos electricidad.<\/p>\n<h2><div class=\"widget-form\">\r\n    \n<div class=\"wpcf7 no-js\" id=\"wpcf7-f21836-o1\" lang=\"es-ES\" dir=\"ltr\">\n<div class=\"screen-reader-response\"><p role=\"status\" aria-live=\"polite\" aria-atomic=\"true\"><\/p> <ul><\/ul><\/div>\n<form action=\"\/es\/wp-json\/wp\/v2\/posts\/2928#wpcf7-f21836-o1\" method=\"post\" class=\"wpcf7-form init\" aria-label=\"Formulario de contacto\" novalidate=\"novalidate\" data-status=\"init\">\n<div style=\"display: none;\">\n<input type=\"hidden\" name=\"_wpcf7\" value=\"21836\" \/>\n<input type=\"hidden\" name=\"_wpcf7_version\" value=\"5.9\" \/>\n<input type=\"hidden\" name=\"_wpcf7_locale\" value=\"es_ES\" \/>\n<input type=\"hidden\" name=\"_wpcf7_unit_tag\" value=\"wpcf7-f21836-o1\" \/>\n<input type=\"hidden\" name=\"_wpcf7_container_post\" value=\"0\" \/>\n<input type=\"hidden\" name=\"_wpcf7_posted_data_hash\" value=\"\" \/>\n<input type=\"hidden\" name=\"_wpcf7_recaptcha_response\" value=\"\" \/>\n<\/div>\n<div class=\"widget-simple-form-ac\">\n\t<div class=\"header-ac\">\n\t\t<p>Consigue tu estudio gratuito\n\t\t<\/p>\n\t\t<div class=\"close-form\">\n\t\t\t<p>X\n\t\t\t<\/p>\n\t\t<\/div>\n\t<\/div>\n\t<div class=\"widget-form-ac-container\">\n\t\t<p class=\"subtitle-ac-form\">Con nuestras Placas Solares + Bater\u00eda Virtual, <span class=\"blue\">reduce a 0\u20ac el consumo de tu factura de la luz.<\/span> \u00a1No te quedes sin tu estudio gratis!\n\t\t<\/p>\n\t\t<div class=\"inputs-container\">\n\t\t\t<div class=\"input\">\n\t\t\t\t<p><span class=\"wpcf7-form-control-wrap\" data-name=\"name1\"><input size=\"40\" class=\"wpcf7-form-control wpcf7-text wpcf7-validates-as-required\" id=\"name\" aria-required=\"true\" aria-invalid=\"false\" placeholder=\"Nombre\" value=\"\" type=\"text\" name=\"name1\" \/><\/span>\n\t\t\t\t<\/p>\n\t\t\t\t<div class=\"error\">\n\t\t\t\t\t<p><span role='alert' class='wpcf7-not-valid-tip'><\/span>\n\t\t\t\t\t<\/p>\n\t\t\t\t<\/div>\n\t\t\t<\/div>\n\t\t\t<div class=\"input\">\n\t\t\t\t<p><span class=\"wpcf7-form-control-wrap\" data-name=\"lastname\"><input size=\"40\" class=\"wpcf7-form-control wpcf7-text wpcf7-validates-as-required\" id=\"lastname\" aria-required=\"true\" aria-invalid=\"false\" placeholder=\"Apellido\" value=\"\" type=\"text\" name=\"lastname\" \/><\/span>\n\t\t\t\t<\/p>\n\t\t\t\t<div class=\"error\">\n\t\t\t\t\t<p><span role='alert' class='wpcf7-not-valid-tip'><\/span>\n\t\t\t\t\t<\/p>\n\t\t\t\t<\/div>\n\t\t\t<\/div>\n\t\t<\/div>\n\t\t<div class=\"inputs-container\">\n\t\t\t<div class=\"input\">\n\t\t\t\t<p><span class=\"wpcf7-form-control-wrap\" data-name=\"email\"><input size=\"40\" class=\"wpcf7-form-control wpcf7-email wpcf7-validates-as-required wpcf7-text wpcf7-validates-as-email\" aria-required=\"true\" aria-invalid=\"false\" placeholder=\"Email\" value=\"\" type=\"email\" name=\"email\" \/><\/span>\n\t\t\t\t<\/p>\n\t\t\t\t<div class=\"error\">\n\t\t\t\t\t<p><span role='alert' class='wpcf7-not-valid-tip'><\/span>\n\t\t\t\t\t<\/p>\n\t\t\t\t<\/div>\n\t\t\t<\/div>\n\t\t\t<div class=\"input\">\n\t\t\t\t<p><span class=\"wpcf7-form-control-wrap\" data-name=\"tel\"><input size=\"40\" class=\"wpcf7-form-control wpcf7-tel wpcf7-validates-as-required wpcf7-text wpcf7-validates-as-tel\" aria-required=\"true\" aria-invalid=\"false\" placeholder=\"Tel\u00e9fono\" value=\"\" type=\"tel\" name=\"tel\" \/><\/span>\n\t\t\t\t<\/p>\n\t\t\t\t<div class=\"error\">\n\t\t\t\t\t<p><span role='alert' class='wpcf7-not-valid-tip'><\/span>\n\t\t\t\t\t<\/p>\n\t\t\t\t<\/div>\n\t\t\t<\/div>\n\t\t<\/div>\n\t\t<p class=\"legal-text\">Al enviar este formulario consiente que sus datos sean tratados por FACTORENERGIA S.A., como corresponsables, para remitirle ofertas e informaci\u00f3n comercial. Puede ejercitar sus derechos conforme a lo indicado en nuestra <a href=\"\/es\/privacidad\/\">Pol\u00edtica de privacidad.<\/a>\n\t\t<\/p>\n\t\t<div class=\"inputs-container\">\n\t\t\t<div class=\"button-submit\">\n\t\t\t\t<p><input class=\"wpcf7-form-control wpcf7-submit has-spinner primary-btn green-btn btn-submit\" type=\"submit\" value=\"Pide tu estudio gratis\" \/>\n\t\t\t\t<\/p>\n\t\t\t<\/div>\n\t\t<\/div>\n\t<\/div>\n<\/div><div class=\"wpcf7-response-output\" aria-hidden=\"true\"><\/div>\n<\/form>\n<\/div>\n<\/div>\r\n\r\n<div class=\"widget-form-sended\" style=\"display: none\">\r\n    <h4><b>\u00a1Bien hecho!<\/b> Este es tu primer paso hacia la independencia energ\u00e9tica.<\/h4>\r\n    <p>En un m\u00e1ximo de 48 horas, un especialista se pondr\u00e1 en contacto contigo para estudiar tu caso, asesorarte y ofrecerte la mejor soluci\u00f3n energ\u00e9tica.<\/p>\r\n    <div class=\"inputs-container\">\r\n        <div class=\"button-submit\">\r\n            <a class=\"primary-btn center otro-estudio green-btn\">\r\n                Pedir otro estudio gratis            <\/a>\r\n        <\/div>\r\n        <div class=\"trustpilot-widget trust-widget-form-ac\" data-locale=\"es-ES\" data-template-id=\"5419b732fbfb950b10de65e5\" data-businessunit-id=\"5fd8ae6f2ead35000193bbae\" data-style-height=\"24px\" data-style-width=\"100%\" data-theme=\"light\" style=\"position: relative;\"><iframe title=\"Customer reviews powered by Trustpilot\" loading=\"auto\" src=\"https:\/\/widget.trustpilot.com\/trustboxes\/5419b732fbfb950b10de65e5\/index.html?templateId=5419b732fbfb950b10de65e5&amp;businessunitId=5fd8ae6f2ead35000193bbae#locale=es-ES&amp;styleHeight=24px&amp;styleWidth=100%25&amp;theme=light\" style=\"position: relative; height: 24px; width: 100%; border-style: none; display: block; overflow: hidden;\"><\/iframe><\/div>\r\n    <\/div>\r\n<\/div>\r\n<\/h2>\n<h2 style=\"text-align: left;\">Apuesta por la eficiencia energ\u00e9tica con factorenergia<\/h2>\n<p style=\"text-align: left;\">Si quieres ser m\u00e1s eficiente, puedes empezar por cambiar tus h\u00e1bitos de consumo. Y si adem\u00e1s quieres tener un <strong>suministro el\u00e9ctrico 100% renovable<\/strong>, cont\u00e1ctanos.<\/p>\n<p>&nbsp;<\/p>\n<p style=\"text-align: left;\">En factorenergia podemos ofrecerte electricidad verde para que, por lo menos, sepas el origen de la energ\u00eda que utilizas en casa.<\/p>\n<p>&nbsp;<\/p>\n<p style=\"text-align: left;\">Puedes llamarnos al <strong>tel\u00e9fono gratuito de atenci\u00f3n al cliente 900 850 000<\/strong> o <a href=\"https:\/\/www.factorenergia.com\/es\/tarifas-de-luz\/\" title=\"cambiar de compa\u00f1\u00eda de la luz\" target=\"_blank\" rel=\"noopener noreferrer\"><strong>contratar luz y gas online<\/strong><\/a> en solo 2 minutos. \u00a1No lo dudes!<\/p>\n<p>&nbsp;<\/p>\n","protected":false},"excerpt":{"rendered":"<p>\u00bfSomos conscientes de cu\u00e1nta energ\u00eda desperdiciamos? Es importante reducir nuestro consumo, cambiar nuestros h\u00e1bitos y convertirnos en usuarios eficientes de energ\u00eda. Te explicamos en qu\u00e9 consiste la eficiencia energ\u00e9tica.<\/p>\n","protected":false},"author":17,"featured_media":0,"comment_status":"open","ping_status":"closed","sticky":false,"template":"","format":"standard","meta":{"inline_featured_image":false,"footnotes":""},"categories":[51],"tags":[],"acf":{"fecha_de_la_entrada":"20210113","imagen_portada":2933,"categoria_blog":null,"tipo_de_distribuidora":null,"tiempo_lectura":"","banner_bool":false,"titulo_banner":"","texto_banner":"","texto_boton_banner":"","url_boton_banner":"","post_relacionados":[7027,8705]},"yoast_head":"<!-- This site is optimized with the Yoast SEO plugin v22.2 - https:\/\/yoast.com\/wordpress\/plugins\/seo\/ -->\n<title>\u00bfQu\u00e9 es la eficiencia energ\u00e9tica? | Factorenergia<\/title>\n<meta name=\"description\" content=\"Es importante cambiar nuestros h\u00e1bitos para sacarle partido a la eficiencia energ\u00e9tica. Te explicamos en qu\u00e9 consiste la eficiencia energ\u00e9tica.\" \/>\n<meta name=\"robots\" content=\"index, follow, max-snippet:-1, max-image-preview:large, max-video-preview:-1\" \/>\n<link rel=\"canonical\" href=\"https:\/\/www.factorenergia.com\/es\/blog\/eficiencia-energetica\/que-es-la-eficiencia-energetica\/\" \/>\n<meta name=\"twitter:card\" content=\"summary_large_image\" \/>\n<meta name=\"twitter:title\" content=\"\u00bfQu\u00e9 es la eficiencia energ\u00e9tica? | Factorenergia\" \/>\n<meta name=\"twitter:description\" content=\"Es importante cambiar nuestros h\u00e1bitos para sacarle partido a la eficiencia energ\u00e9tica. Te explicamos en qu\u00e9 consiste la eficiencia energ\u00e9tica.\" \/>\n<meta name=\"twitter:image\" content=\"https:\/\/www.factorenergia.com\/wp-content\/uploads\/2021\/01\/bombilla-led-eficiencia-energetica.jpg\" \/>\n<meta name=\"twitter:creator\" content=\"@factorenergia\" \/>\n<meta name=\"twitter:site\" content=\"@factorenergia\" \/>\n<meta name=\"twitter:label1\" content=\"Escrito por\" \/>\n\t<meta name=\"twitter:data1\" content=\"Equipo Transici\u00f3n Energ\u00e9tica Factorenergia\" \/>\n\t<meta name=\"twitter:label2\" content=\"Tiempo de lectura\" \/>\n\t<meta name=\"twitter:data2\" content=\"3 minutos\" \/>\n<script type=\"application\/ld+json\" class=\"yoast-schema-graph\">{\"@context\":\"https:\/\/schema.org\",\"@graph\":[{\"@type\":\"WebPage\",\"@id\":\"https:\/\/www.factorenergia.com\/es\/blog\/eficiencia-energetica\/que-es-la-eficiencia-energetica\/\",\"url\":\"https:\/\/www.factorenergia.com\/es\/blog\/eficiencia-energetica\/que-es-la-eficiencia-energetica\/\",\"name\":\"\u00bfQu\u00e9 es la eficiencia energ\u00e9tica? | Factorenergia\",\"isPartOf\":{\"@id\":\"https:\/\/www.factorenergia.com\/es\/#website\"},\"primaryImageOfPage\":{\"@id\":\"https:\/\/www.factorenergia.com\/es\/blog\/eficiencia-energetica\/que-es-la-eficiencia-energetica\/#primaryimage\"},\"image\":{\"@id\":\"https:\/\/www.factorenergia.com\/es\/blog\/eficiencia-energetica\/que-es-la-eficiencia-energetica\/#primaryimage\"},\"thumbnailUrl\":\"https:\/\/www.factorenergia.com\/wp-content\/uploads\/2021\/01\/bombilla-led-eficiencia-energetica.jpg\",\"datePublished\":\"2021-01-13T08:00:26+00:00\",\"dateModified\":\"2025-07-29T07:42:09+00:00\",\"author\":{\"@id\":\"https:\/\/www.factorenergia.com\/es\/#\/schema\/person\/dff9e4b6dc520720e3a37bdaaedc5841\"},\"description\":\"Es importante cambiar nuestros h\u00e1bitos para sacarle partido a la eficiencia energ\u00e9tica. Te explicamos en qu\u00e9 consiste la eficiencia energ\u00e9tica.\",\"breadcrumb\":{\"@id\":\"https:\/\/www.factorenergia.com\/es\/blog\/eficiencia-energetica\/que-es-la-eficiencia-energetica\/#breadcrumb\"},\"inLanguage\":\"es\",\"potentialAction\":[{\"@type\":\"ReadAction\",\"target\":[\"https:\/\/www.factorenergia.com\/es\/blog\/eficiencia-energetica\/que-es-la-eficiencia-energetica\/\"]}]},{\"@type\":\"ImageObject\",\"inLanguage\":\"es\",\"@id\":\"https:\/\/www.factorenergia.com\/es\/blog\/eficiencia-energetica\/que-es-la-eficiencia-energetica\/#primaryimage\",\"url\":\"https:\/\/www.factorenergia.com\/wp-content\/uploads\/2021\/01\/bombilla-led-eficiencia-energetica.jpg\",\"contentUrl\":\"https:\/\/www.factorenergia.com\/wp-content\/uploads\/2021\/01\/bombilla-led-eficiencia-energetica.jpg\"},{\"@type\":\"BreadcrumbList\",\"@id\":\"https:\/\/www.factorenergia.com\/es\/blog\/eficiencia-energetica\/que-es-la-eficiencia-energetica\/#breadcrumb\",\"itemListElement\":[{\"@type\":\"ListItem\",\"position\":1,\"name\":\"Portada\",\"item\":\"https:\/\/www.factorenergia.com\/es\/\"},{\"@type\":\"ListItem\",\"position\":2,\"name\":\"\u00bfQu\u00e9 es la eficiencia energ\u00e9tica?\"}]},{\"@type\":\"WebSite\",\"@id\":\"https:\/\/www.factorenergia.com\/es\/#website\",\"url\":\"https:\/\/www.factorenergia.com\/es\/\",\"name\":\"factorenergia\",\"description\":\"Factor Energ\u00eda\",\"potentialAction\":[{\"@type\":\"SearchAction\",\"target\":{\"@type\":\"EntryPoint\",\"urlTemplate\":\"https:\/\/www.factorenergia.com\/es\/?s={search_term_string}\"},\"query-input\":\"required name=search_term_string\"}],\"inLanguage\":\"es\"},{\"@type\":\"Person\",\"@id\":\"https:\/\/www.factorenergia.com\/es\/#\/schema\/person\/dff9e4b6dc520720e3a37bdaaedc5841\",\"name\":\"Equipo Transici\u00f3n Energ\u00e9tica Factorenergia\",\"image\":{\"@type\":\"ImageObject\",\"inLanguage\":\"es\",\"@id\":\"https:\/\/www.factorenergia.com\/es\/#\/schema\/person\/image\/\",\"url\":\"https:\/\/secure.gravatar.com\/avatar\/1b7c76bab80ee1c4261b06108874e24b?s=96&d=mm&r=g\",\"contentUrl\":\"https:\/\/secure.gravatar.com\/avatar\/1b7c76bab80ee1c4261b06108874e24b?s=96&d=mm&r=g\",\"caption\":\"Equipo Transici\u00f3n Energ\u00e9tica Factorenergia\"},\"description\":\"El equipo est\u00e1 formado por expertos en materia de Luz, Gas y Eficiencia Energ\u00e9tica, que conocen de primera mano las tendencias del mercado. Su experiencia en el sector les permite ofrecer las mejores soluciones energ\u00e9ticas y resolver las dudas planteadas por los clientes.\",\"sameAs\":[\"https:\/\/www.factorenergia.com\/es\/\",\"https:\/\/www.facebook.com\/factorenergiacom\",\"https:\/\/www.instagram.com\/factorenergia_com\/\",\"https:\/\/es.linkedin.com\/company\/factor-energia\",\"https:\/\/twitter.com\/factorenergia\",\"https:\/\/www.youtube.com\/c\/factorenergiacom\"],\"url\":\"https:\/\/www.factorenergia.com\/es\/blog\/author\/marketing\/\"}]}<\/script>\n<!-- \/ Yoast SEO plugin. -->","yoast_head_json":{"title":"\u00bfQu\u00e9 es la eficiencia energ\u00e9tica? | Factorenergia","description":"Es importante cambiar nuestros h\u00e1bitos para sacarle partido a la eficiencia energ\u00e9tica. Te explicamos en qu\u00e9 consiste la eficiencia energ\u00e9tica.","robots":{"index":"index","follow":"follow","max-snippet":"max-snippet:-1","max-image-preview":"max-image-preview:large","max-video-preview":"max-video-preview:-1"},"canonical":"https:\/\/www.factorenergia.com\/es\/blog\/eficiencia-energetica\/que-es-la-eficiencia-energetica\/","twitter_card":"summary_large_image","twitter_title":"\u00bfQu\u00e9 es la eficiencia energ\u00e9tica? | Factorenergia","twitter_description":"Es importante cambiar nuestros h\u00e1bitos para sacarle partido a la eficiencia energ\u00e9tica. Te explicamos en qu\u00e9 consiste la eficiencia energ\u00e9tica.","twitter_image":"https:\/\/www.factorenergia.com\/wp-content\/uploads\/2021\/01\/bombilla-led-eficiencia-energetica.jpg","twitter_creator":"@factorenergia","twitter_site":"@factorenergia","twitter_misc":{"Escrito por":"Equipo Transici\u00f3n Energ\u00e9tica Factorenergia","Tiempo de lectura":"3 minutos"},"schema":{"@context":"https:\/\/schema.org","@graph":[{"@type":"WebPage","@id":"https:\/\/www.factorenergia.com\/es\/blog\/eficiencia-energetica\/que-es-la-eficiencia-energetica\/","url":"https:\/\/www.factorenergia.com\/es\/blog\/eficiencia-energetica\/que-es-la-eficiencia-energetica\/","name":"\u00bfQu\u00e9 es la eficiencia energ\u00e9tica? | Factorenergia","isPartOf":{"@id":"https:\/\/www.factorenergia.com\/es\/#website"},"primaryImageOfPage":{"@id":"https:\/\/www.factorenergia.com\/es\/blog\/eficiencia-energetica\/que-es-la-eficiencia-energetica\/#primaryimage"},"image":{"@id":"https:\/\/www.factorenergia.com\/es\/blog\/eficiencia-energetica\/que-es-la-eficiencia-energetica\/#primaryimage"},"thumbnailUrl":"https:\/\/www.factorenergia.com\/wp-content\/uploads\/2021\/01\/bombilla-led-eficiencia-energetica.jpg","datePublished":"2021-01-13T08:00:26+00:00","dateModified":"2025-07-29T07:42:09+00:00","author":{"@id":"https:\/\/www.factorenergia.com\/es\/#\/schema\/person\/dff9e4b6dc520720e3a37bdaaedc5841"},"description":"Es importante cambiar nuestros h\u00e1bitos para sacarle partido a la eficiencia energ\u00e9tica. Te explicamos en qu\u00e9 consiste la eficiencia energ\u00e9tica.","breadcrumb":{"@id":"https:\/\/www.factorenergia.com\/es\/blog\/eficiencia-energetica\/que-es-la-eficiencia-energetica\/#breadcrumb"},"inLanguage":"es","potentialAction":[{"@type":"ReadAction","target":["https:\/\/www.factorenergia.com\/es\/blog\/eficiencia-energetica\/que-es-la-eficiencia-energetica\/"]}]},{"@type":"ImageObject","inLanguage":"es","@id":"https:\/\/www.factorenergia.com\/es\/blog\/eficiencia-energetica\/que-es-la-eficiencia-energetica\/#primaryimage","url":"https:\/\/www.factorenergia.com\/wp-content\/uploads\/2021\/01\/bombilla-led-eficiencia-energetica.jpg","contentUrl":"https:\/\/www.factorenergia.com\/wp-content\/uploads\/2021\/01\/bombilla-led-eficiencia-energetica.jpg"},{"@type":"BreadcrumbList","@id":"https:\/\/www.factorenergia.com\/es\/blog\/eficiencia-energetica\/que-es-la-eficiencia-energetica\/#breadcrumb","itemListElement":[{"@type":"ListItem","position":1,"name":"Portada","item":"https:\/\/www.factorenergia.com\/es\/"},{"@type":"ListItem","position":2,"name":"\u00bfQu\u00e9 es la eficiencia energ\u00e9tica?"}]},{"@type":"WebSite","@id":"https:\/\/www.factorenergia.com\/es\/#website","url":"https:\/\/www.factorenergia.com\/es\/","name":"factorenergia","description":"Factor Energ\u00eda","potentialAction":[{"@type":"SearchAction","target":{"@type":"EntryPoint","urlTemplate":"https:\/\/www.factorenergia.com\/es\/?s={search_term_string}"},"query-input":"required name=search_term_string"}],"inLanguage":"es"},{"@type":"Person","@id":"https:\/\/www.factorenergia.com\/es\/#\/schema\/person\/dff9e4b6dc520720e3a37bdaaedc5841","name":"Equipo Transici\u00f3n Energ\u00e9tica Factorenergia","image":{"@type":"ImageObject","inLanguage":"es","@id":"https:\/\/www.factorenergia.com\/es\/#\/schema\/person\/image\/","url":"https:\/\/secure.gravatar.com\/avatar\/1b7c76bab80ee1c4261b06108874e24b?s=96&d=mm&r=g","contentUrl":"https:\/\/secure.gravatar.com\/avatar\/1b7c76bab80ee1c4261b06108874e24b?s=96&d=mm&r=g","caption":"Equipo Transici\u00f3n Energ\u00e9tica Factorenergia"},"description":"El equipo est\u00e1 formado por expertos en materia de Luz, Gas y Eficiencia Energ\u00e9tica, que conocen de primera mano las tendencias del mercado. Su experiencia en el sector les permite ofrecer las mejores soluciones energ\u00e9ticas y resolver las dudas planteadas por los clientes.","sameAs":["https:\/\/www.factorenergia.com\/es\/","https:\/\/www.facebook.com\/factorenergiacom","https:\/\/www.instagram.com\/factorenergia_com\/","https:\/\/es.linkedin.com\/company\/factor-energia","https:\/\/twitter.com\/factorenergia","https:\/\/www.youtube.com\/c\/factorenergiacom"],"url":"https:\/\/www.factorenergia.com\/es\/blog\/author\/marketing\/"}]}},"_links":{"self":[{"href":"https:\/\/www.factorenergia.com\/es\/wp-json\/wp\/v2\/posts\/2928"}],"collection":[{"href":"https:\/\/www.factorenergia.com\/es\/wp-json\/wp\/v2\/posts"}],"about":[{"href":"https:\/\/www.factorenergia.com\/es\/wp-json\/wp\/v2\/types\/post"}],"author":[{"embeddable":true,"href":"https:\/\/www.factorenergia.com\/es\/wp-json\/wp\/v2\/users\/17"}],"replies":[{"embeddable":true,"href":"https:\/\/www.factorenergia.com\/es\/wp-json\/wp\/v2\/comments?post=2928"}],"version-history":[{"count":7,"href":"https:\/\/www.factorenergia.com\/es\/wp-json\/wp\/v2\/posts\/2928\/revisions"}],"predecessor-version":[{"id":28801,"href":"https:\/\/www.factorenergia.com\/es\/wp-json\/wp\/v2\/posts\/2928\/revisions\/28801"}],"acf:post":[{"embeddable":true,"href":"https:\/\/www.factorenergia.com\/es\/wp-json\/wp\/v2\/posts\/8705"},{"embeddable":true,"href":"https:\/\/www.factorenergia.com\/es\/wp-json\/wp\/v2\/posts\/7027"}],"wp:attachment":[{"href":"https:\/\/www.factorenergia.com\/es\/wp-json\/wp\/v2\/media?parent=2928"}],"wp:term":[{"taxonomy":"category","embeddable":true,"href":"https:\/\/www.factorenergia.com\/es\/wp-json\/wp\/v2\/categories?post=2928"},{"taxonomy":"post_tag","embeddable":true,"href":"https:\/\/www.factorenergia.com\/es\/wp-json\/wp\/v2\/tags?post=2928"}],"curies":[{"name":"wp","href":"https:\/\/api.w.org\/{rel}","templated":true}]}}