{"id":27875,"date":"2025-04-14T15:36:51","date_gmt":"2025-04-14T13:36:51","guid":{"rendered":"https:\/\/www.factorenergia.com\/es\/?p=27875"},"modified":"2025-04-14T15:38:19","modified_gmt":"2025-04-14T13:38:19","slug":"factorenergia-impulsa-la-carga-ultra-rapida-en-mexico-con-el-lanzamiento-de-fazt","status":"publish","type":"post","link":"https:\/\/www.factorenergia.com\/es\/blog\/noticias\/factorenergia-impulsa-la-carga-ultra-rapida-en-mexico-con-el-lanzamiento-de-fazt\/","title":{"rendered":"Factorenergia impulsa la carga ultra r\u00e1pida en M\u00e9xico con el lanzamiento de FAZT"},"content":{"rendered":"<p>Este 2025, en el marco de su 25 aniversario,<strong> Factorenergia<\/strong> refuerza su apuesta por la transici\u00f3n energ\u00e9tica global con el lanzamiento de <strong><a href=\"https:\/\/www.faztcharging.com\/es\">FAZT,<\/a><\/strong> una nueva compa\u00f1\u00eda tecnol\u00f3gica e infraestructural (tech-infra) especializada en carga <strong>ultra r\u00e1pida para veh\u00edculos el\u00e9ctricos en M\u00e9xico.<\/strong><\/p>\n<p>El\u00a0 objetivo: instalar <strong>1.000 puntos de carga el\u00e9ctrica antes de 2030.<\/strong><\/p>\n<p>&nbsp;<\/p>\n<p><strong>Factorenergia<\/strong> participa en el proyecto con un <strong>28 % del capital<\/strong>, consolidando su papel como actor estrat\u00e9gico en el nuevo modelo energ\u00e9tico internacional.<\/p>\n<p>&nbsp;<\/p>\n<p><em>\u201cLa participaci\u00f3n en FAZT es una apuesta estrat\u00e9gica que a\u00fana innovaci\u00f3n, sostenibilidad y expansi\u00f3n internacional. Queremos trasladar nuestro modelo energ\u00e9tico responsable a mercados que necesitan soluciones limpias, fiables y accesibles\u201d , <\/em>afirma <strong>Emili Rousaud, CEO de Factorenergia.<\/strong><\/p>\n<p>&nbsp;<\/p>\n<h2>Una red l\u00edder en carga ultra r\u00e1pida<\/h2>\n<p><strong>FAZT<\/strong> nace de la alianza de Factorenergia con socios locales, incluyendo la empresa <strong>Gemex<\/strong>, ya socio en <strong>Luxem Energia<\/strong>, suministradora de electricidad y gas en M\u00e9xico.<\/p>\n<p>&nbsp;<\/p>\n<p>Las estaciones se desarrollan bajo dos modelos: <strong>Fazt y UltraFazt<\/strong>, compatibles con los principales est\u00e1ndares internacionales (NACS y GB\/T). Adem\u00e1s, su app ofrece una experiencia digital completa: localizaci\u00f3n de estaciones, gesti\u00f3n de pagos y monitorizaci\u00f3n en tiempo real.<\/p>\n<p>&nbsp;<\/p>\n<p>Gracias a un acuerdo estrat\u00e9gico con la cadena de supermercados <strong>Soriana<\/strong>, FAZT ya ha inaugurado <strong>cuatro estaciones<\/strong> en Monterrey (San Jer\u00f3nimo, Cumbres, San Nicol\u00e1s y Fresnos), y en los pr\u00f3ximos d\u00edas abrir\u00e1 nuevas ubicaciones en <strong>Cuernavaca, Valle de Bravo y Ramos Arizpe.<\/strong><\/p>\n<p>&nbsp;<\/p>\n<h3>Objetivo 2030: 1.000 puntos de carga<\/h3>\n<p>Esta primera fase forma parte de un plan de expansi\u00f3n que prev\u00e9 instalar <strong>50 estaciones en 2025<\/strong>, con una meta clara: alcanzar <strong>1.000 puntos operativos en todo el pa\u00eds<\/strong> para el a\u00f1o 2030 y contribuir a una reducci\u00f3n del <strong>70 % de emisiones de CO\u2082<\/strong> en la movilidad.<\/p>\n<p>&nbsp;<\/p>\n<p><em>\u201cQueremos ofrecer una red de carga al nivel que merecen los mexicanos: confiable, moderna y accesible\u201d<\/em>, destaca <strong>Javier Cuartas, director general de FAZT.<\/strong><\/p>\n<p>&nbsp;<\/p>\n<h3>Mirando al futuro: liderazgo con impacto<\/h3>\n<p>La internacionalizaci\u00f3n ha sido siempre un pilar clave para Factorenergia. Iniciativas como FAZT refuerzan su compromiso con un modelo energ\u00e9tico <strong>sostenible, digital y colaborativo<\/strong>, preparado para responder a los grandes retos del presente.<\/p>\n<p>&nbsp;<\/p>\n<p><em>\u201cNo se trata solo de crecer, sino de crecer con sentido. Queremos que la transici\u00f3n energ\u00e9tica llegue a todas las personas, est\u00e9n donde est\u00e9n\u201d, concluye <strong>Rousaud.<\/strong><\/em><\/p>\n<p>&nbsp;<\/p>\n<p>Con visi\u00f3n, innovaci\u00f3n y alianzas estrat\u00e9gicas, <strong>Factorenergia<\/strong> contin\u00faa liderando el camino hacia un futuro m\u00e1s limpio, eficiente y justo para todos.<\/p>\n","protected":false},"excerpt":{"rendered":"<p>Factorenergia lanza FAZT en M\u00e9xico para instalar 1.000 puntos de carga r\u00e1pida de veh\u00edculos el\u00e9ctricos antes de 2030. Movilidad limpia y accesible.<\/p>\n","protected":false},"author":23,"featured_media":0,"comment_status":"open","ping_status":"open","sticky":false,"template":"","format":"standard","meta":{"inline_featured_image":false,"footnotes":""},"categories":[60],"tags":[],"acf":{"fecha_de_la_entrada":"20250414","imagen_portada":27891,"categoria_blog":null,"tipo_de_distribuidora":null,"tiempo_lectura":"2'","banner_bool":false,"titulo_banner":"","texto_banner":"","texto_boton_banner":"","url_boton_banner":"","post_relacionados":""},"yoast_head":"<!-- This site is optimized with the Yoast SEO plugin v22.2 - https:\/\/yoast.com\/wordpress\/plugins\/seo\/ -->\n<title>Factorenergia impulsa la carga ultra r\u00e1pida en M\u00e9xico con el lanzamiento de FAZT | factorenergia<\/title>\n<meta name=\"description\" content=\"Factorenergia lanza FAZT en M\u00e9xico para instalar 1.000 puntos de carga r\u00e1pida de veh\u00edculos el\u00e9ctricos antes de 2030. Movilidad limpia y accesible. Factorenergia lanza FAZT en M\u00e9xico para instalar 1.000 puntos de carga r\u00e1pida de veh\u00edculos el\u00e9ctricos antes de 2030. Movilidad limpia y accesible.\" \/>\n<meta name=\"robots\" content=\"index, follow, max-snippet:-1, max-image-preview:large, max-video-preview:-1\" \/>\n<link rel=\"canonical\" href=\"https:\/\/www.factorenergia.com\/es\/blog\/noticias\/factorenergia-impulsa-la-carga-ultra-rapida-en-mexico-con-el-lanzamiento-de-fazt\/\" \/>\n<meta name=\"twitter:card\" content=\"summary_large_image\" \/>\n<meta name=\"twitter:title\" content=\"Factorenergia impulsa la carga ultra r\u00e1pida en M\u00e9xico con el lanzamiento de FAZT | factorenergia\" \/>\n<meta name=\"twitter:description\" content=\"Factorenergia lanza FAZT en M\u00e9xico para instalar 1.000 puntos de carga r\u00e1pida de veh\u00edculos el\u00e9ctricos antes de 2030. Movilidad limpia y accesible. Factorenergia lanza FAZT en M\u00e9xico para instalar 1.000 puntos de carga r\u00e1pida de veh\u00edculos el\u00e9ctricos antes de 2030. Movilidad limpia y accesible.\" \/>\n<meta name=\"twitter:creator\" content=\"@factorenergia\" \/>\n<meta name=\"twitter:site\" content=\"@factorenergia\" \/>\n<meta name=\"twitter:label1\" content=\"Escrito por\" \/>\n\t<meta name=\"twitter:data1\" content=\"Equipo Transici\u00f3n Energ\u00e9tica Factorenergia\" \/>\n\t<meta name=\"twitter:label2\" content=\"Tiempo de lectura\" \/>\n\t<meta name=\"twitter:data2\" content=\"2 minutos\" \/>\n<script type=\"application\/ld+json\" class=\"yoast-schema-graph\">{\"@context\":\"https:\/\/schema.org\",\"@graph\":[{\"@type\":\"WebPage\",\"@id\":\"https:\/\/www.factorenergia.com\/es\/blog\/noticias\/factorenergia-impulsa-la-carga-ultra-rapida-en-mexico-con-el-lanzamiento-de-fazt\/\",\"url\":\"https:\/\/www.factorenergia.com\/es\/blog\/noticias\/factorenergia-impulsa-la-carga-ultra-rapida-en-mexico-con-el-lanzamiento-de-fazt\/\",\"name\":\"Factorenergia impulsa la carga ultra r\u00e1pida en M\u00e9xico con el lanzamiento de FAZT | factorenergia\",\"isPartOf\":{\"@id\":\"https:\/\/www.factorenergia.com\/es\/#website\"},\"datePublished\":\"2025-04-14T13:36:51+00:00\",\"dateModified\":\"2025-04-14T13:38:19+00:00\",\"author\":{\"@id\":\"https:\/\/www.factorenergia.com\/es\/#\/schema\/person\/0393cfddedf83f56c6fa67cd7f64b4f5\"},\"description\":\"Factorenergia lanza FAZT en M\u00e9xico para instalar 1.000 puntos de carga r\u00e1pida de veh\u00edculos el\u00e9ctricos antes de 2030. Movilidad limpia y accesible. Factorenergia lanza FAZT en M\u00e9xico para instalar 1.000 puntos de carga r\u00e1pida de veh\u00edculos el\u00e9ctricos antes de 2030. Movilidad limpia y accesible.\",\"breadcrumb\":{\"@id\":\"https:\/\/www.factorenergia.com\/es\/blog\/noticias\/factorenergia-impulsa-la-carga-ultra-rapida-en-mexico-con-el-lanzamiento-de-fazt\/#breadcrumb\"},\"inLanguage\":\"es\",\"potentialAction\":[{\"@type\":\"ReadAction\",\"target\":[\"https:\/\/www.factorenergia.com\/es\/blog\/noticias\/factorenergia-impulsa-la-carga-ultra-rapida-en-mexico-con-el-lanzamiento-de-fazt\/\"]}]},{\"@type\":\"BreadcrumbList\",\"@id\":\"https:\/\/www.factorenergia.com\/es\/blog\/noticias\/factorenergia-impulsa-la-carga-ultra-rapida-en-mexico-con-el-lanzamiento-de-fazt\/#breadcrumb\",\"itemListElement\":[{\"@type\":\"ListItem\",\"position\":1,\"name\":\"Portada\",\"item\":\"https:\/\/www.factorenergia.com\/es\/\"},{\"@type\":\"ListItem\",\"position\":2,\"name\":\"Factorenergia impulsa la carga ultra r\u00e1pida en M\u00e9xico con el lanzamiento de FAZT\"}]},{\"@type\":\"WebSite\",\"@id\":\"https:\/\/www.factorenergia.com\/es\/#website\",\"url\":\"https:\/\/www.factorenergia.com\/es\/\",\"name\":\"factorenergia\",\"description\":\"Factor Energ\u00eda\",\"potentialAction\":[{\"@type\":\"SearchAction\",\"target\":{\"@type\":\"EntryPoint\",\"urlTemplate\":\"https:\/\/www.factorenergia.com\/es\/?s={search_term_string}\"},\"query-input\":\"required name=search_term_string\"}],\"inLanguage\":\"es\"},{\"@type\":\"Person\",\"@id\":\"https:\/\/www.factorenergia.com\/es\/#\/schema\/person\/0393cfddedf83f56c6fa67cd7f64b4f5\",\"name\":\"Equipo Transici\u00f3n Energ\u00e9tica Factorenergia\",\"image\":{\"@type\":\"ImageObject\",\"inLanguage\":\"es\",\"@id\":\"https:\/\/www.factorenergia.com\/es\/#\/schema\/person\/image\/\",\"url\":\"https:\/\/secure.gravatar.com\/avatar\/80959538036dc57cad8f416d2d764870?s=96&d=mm&r=g\",\"contentUrl\":\"https:\/\/secure.gravatar.com\/avatar\/80959538036dc57cad8f416d2d764870?s=96&d=mm&r=g\",\"caption\":\"Equipo Transici\u00f3n Energ\u00e9tica Factorenergia\"},\"url\":\"https:\/\/www.factorenergia.com\/es\/blog\/author\/pilar\/\"}]}<\/script>\n<!-- \/ Yoast SEO plugin. -->","yoast_head_json":{"title":"Factorenergia impulsa la carga ultra r\u00e1pida en M\u00e9xico con el lanzamiento de FAZT | factorenergia","description":"Factorenergia lanza FAZT en M\u00e9xico para instalar 1.000 puntos de carga r\u00e1pida de veh\u00edculos el\u00e9ctricos antes de 2030. Movilidad limpia y accesible. Factorenergia lanza FAZT en M\u00e9xico para instalar 1.000 puntos de carga r\u00e1pida de veh\u00edculos el\u00e9ctricos antes de 2030. Movilidad limpia y accesible.","robots":{"index":"index","follow":"follow","max-snippet":"max-snippet:-1","max-image-preview":"max-image-preview:large","max-video-preview":"max-video-preview:-1"},"canonical":"https:\/\/www.factorenergia.com\/es\/blog\/noticias\/factorenergia-impulsa-la-carga-ultra-rapida-en-mexico-con-el-lanzamiento-de-fazt\/","twitter_card":"summary_large_image","twitter_title":"Factorenergia impulsa la carga ultra r\u00e1pida en M\u00e9xico con el lanzamiento de FAZT | factorenergia","twitter_description":"Factorenergia lanza FAZT en M\u00e9xico para instalar 1.000 puntos de carga r\u00e1pida de veh\u00edculos el\u00e9ctricos antes de 2030. Movilidad limpia y accesible. Factorenergia lanza FAZT en M\u00e9xico para instalar 1.000 puntos de carga r\u00e1pida de veh\u00edculos el\u00e9ctricos antes de 2030. Movilidad limpia y accesible.","twitter_creator":"@factorenergia","twitter_site":"@factorenergia","twitter_misc":{"Escrito por":"Equipo Transici\u00f3n Energ\u00e9tica Factorenergia","Tiempo de lectura":"2 minutos"},"schema":{"@context":"https:\/\/schema.org","@graph":[{"@type":"WebPage","@id":"https:\/\/www.factorenergia.com\/es\/blog\/noticias\/factorenergia-impulsa-la-carga-ultra-rapida-en-mexico-con-el-lanzamiento-de-fazt\/","url":"https:\/\/www.factorenergia.com\/es\/blog\/noticias\/factorenergia-impulsa-la-carga-ultra-rapida-en-mexico-con-el-lanzamiento-de-fazt\/","name":"Factorenergia impulsa la carga ultra r\u00e1pida en M\u00e9xico con el lanzamiento de FAZT | factorenergia","isPartOf":{"@id":"https:\/\/www.factorenergia.com\/es\/#website"},"datePublished":"2025-04-14T13:36:51+00:00","dateModified":"2025-04-14T13:38:19+00:00","author":{"@id":"https:\/\/www.factorenergia.com\/es\/#\/schema\/person\/0393cfddedf83f56c6fa67cd7f64b4f5"},"description":"Factorenergia lanza FAZT en M\u00e9xico para instalar 1.000 puntos de carga r\u00e1pida de veh\u00edculos el\u00e9ctricos antes de 2030. Movilidad limpia y accesible. Factorenergia lanza FAZT en M\u00e9xico para instalar 1.000 puntos de carga r\u00e1pida de veh\u00edculos el\u00e9ctricos antes de 2030. Movilidad limpia y accesible.","breadcrumb":{"@id":"https:\/\/www.factorenergia.com\/es\/blog\/noticias\/factorenergia-impulsa-la-carga-ultra-rapida-en-mexico-con-el-lanzamiento-de-fazt\/#breadcrumb"},"inLanguage":"es","potentialAction":[{"@type":"ReadAction","target":["https:\/\/www.factorenergia.com\/es\/blog\/noticias\/factorenergia-impulsa-la-carga-ultra-rapida-en-mexico-con-el-lanzamiento-de-fazt\/"]}]},{"@type":"BreadcrumbList","@id":"https:\/\/www.factorenergia.com\/es\/blog\/noticias\/factorenergia-impulsa-la-carga-ultra-rapida-en-mexico-con-el-lanzamiento-de-fazt\/#breadcrumb","itemListElement":[{"@type":"ListItem","position":1,"name":"Portada","item":"https:\/\/www.factorenergia.com\/es\/"},{"@type":"ListItem","position":2,"name":"Factorenergia impulsa la carga ultra r\u00e1pida en M\u00e9xico con el lanzamiento de FAZT"}]},{"@type":"WebSite","@id":"https:\/\/www.factorenergia.com\/es\/#website","url":"https:\/\/www.factorenergia.com\/es\/","name":"factorenergia","description":"Factor Energ\u00eda","potentialAction":[{"@type":"SearchAction","target":{"@type":"EntryPoint","urlTemplate":"https:\/\/www.factorenergia.com\/es\/?s={search_term_string}"},"query-input":"required name=search_term_string"}],"inLanguage":"es"},{"@type":"Person","@id":"https:\/\/www.factorenergia.com\/es\/#\/schema\/person\/0393cfddedf83f56c6fa67cd7f64b4f5","name":"Equipo Transici\u00f3n Energ\u00e9tica Factorenergia","image":{"@type":"ImageObject","inLanguage":"es","@id":"https:\/\/www.factorenergia.com\/es\/#\/schema\/person\/image\/","url":"https:\/\/secure.gravatar.com\/avatar\/80959538036dc57cad8f416d2d764870?s=96&d=mm&r=g","contentUrl":"https:\/\/secure.gravatar.com\/avatar\/80959538036dc57cad8f416d2d764870?s=96&d=mm&r=g","caption":"Equipo Transici\u00f3n Energ\u00e9tica Factorenergia"},"url":"https:\/\/www.factorenergia.com\/es\/blog\/author\/pilar\/"}]}},"_links":{"self":[{"href":"https:\/\/www.factorenergia.com\/es\/wp-json\/wp\/v2\/posts\/27875"}],"collection":[{"href":"https:\/\/www.factorenergia.com\/es\/wp-json\/wp\/v2\/posts"}],"about":[{"href":"https:\/\/www.factorenergia.com\/es\/wp-json\/wp\/v2\/types\/post"}],"author":[{"embeddable":true,"href":"https:\/\/www.factorenergia.com\/es\/wp-json\/wp\/v2\/users\/23"}],"replies":[{"embeddable":true,"href":"https:\/\/www.factorenergia.com\/es\/wp-json\/wp\/v2\/comments?post=27875"}],"version-history":[{"count":11,"href":"https:\/\/www.factorenergia.com\/es\/wp-json\/wp\/v2\/posts\/27875\/revisions"}],"predecessor-version":[{"id":27893,"href":"https:\/\/www.factorenergia.com\/es\/wp-json\/wp\/v2\/posts\/27875\/revisions\/27893"}],"wp:attachment":[{"href":"https:\/\/www.factorenergia.com\/es\/wp-json\/wp\/v2\/media?parent=27875"}],"wp:term":[{"taxonomy":"category","embeddable":true,"href":"https:\/\/www.factorenergia.com\/es\/wp-json\/wp\/v2\/categories?post=27875"},{"taxonomy":"post_tag","embeddable":true,"href":"https:\/\/www.factorenergia.com\/es\/wp-json\/wp\/v2\/tags?post=27875"}],"curies":[{"name":"wp","href":"https:\/\/api.w.org\/{rel}","templated":true}]}}