{"id":2717,"date":"2016-11-25T16:52:25","date_gmt":"2016-11-25T14:52:25","guid":{"rendered":"https:\/\/www.factorenergia.com\/es\/?post_type=blog&#038;p=2717"},"modified":"2025-07-28T18:25:08","modified_gmt":"2025-07-28T16:25:08","slug":"precio-de-la-luz","status":"publish","type":"post","link":"https:\/\/www.factorenergia.com\/es\/blog\/emilio-rousaud\/precio-de-la-luz\/","title":{"rendered":"La tendencia del precio de la luz y el consumo en casa"},"content":{"rendered":"<p><span style=\"color: #000000;\">El pasado lunes 21 de noviembre, Mariola Dinar\u00e8s nos invit\u00f3 a una entrevista en el programa de radio <strong>Popap<\/strong>. Hablamos de energ\u00eda, de la tendencia alcista precio de la luz, de gasto energ\u00e9tico y de todo lo que se resume a continuaci\u00f3n; as\u00ed fue la entrevista:<\/span><\/p>\n<h2><span style=\"color: #000000;\">\u00bfPor qu\u00e9 es tan cara la luz en Espa\u00f1a?<\/span><\/h2>\n<p><span style=\"color: #000000;\">El hecho que la electricidad en Espa\u00f1a sea de las m\u00e1s caras Europa viene dado principalmente por lo que se hace llamar <strong>d\u00e9ficit tarifario<\/strong>. Mediante un mecanismo hist\u00f3rico para entrar en la Uni\u00f3n Europea, se dijo a las grandes el\u00e9ctricas que cuando tuvieran que subir sus precios no lo hicieran y que, sobre el precio real comparado con la tarifa, se apuntar\u00eda una deuda que se les tendr\u00eda que pagar m\u00e1s adelante. Esta deuda lleg\u00f3 un momento que ascendi\u00f3 a veintisiete mil millones de euros, y lo que se hizo fue hacer \u00a0la deuda en cuesti\u00f3n fuera asumida por parte de los consumidores en los siguientes a\u00f1os.<\/span><\/p>\n<h3><span style=\"color: #000000;\"><strong>\u00bfSeguir\u00e1 subiendo el precio de la luz?<\/strong><\/span><\/h3>\n<p><span style=\"color: #000000;\">S\u00ed. Se podr\u00eda decir que <strong>la tarifa el\u00e9ctrica seguir\u00e1 subiendo<\/strong> hasta que las grandes el\u00e9ctricas acaben cobrando el importe de esta deuda. Sube el <a href=\"https:\/\/www.factorenergia.com\/es\/hogares\/tarifas\/variable\/\" target=\"_blank\" rel=\"noopener\">precio de la luz<\/a> b\u00e1sicamente por la parte fija de la factura, que por desgracia es muy grande proporcionalmente, a la que llamamos peajes, y que incorpora esta deuda acumulada e hist\u00f3rica con el sector el\u00e9ctrico.<\/span><\/p>\n<p><span style=\"color: #000000;\">En Factorenergia luchamos mucho contra este hecho; advertimos que m\u00e1s adelante ser\u00eda un problema asumir la deuda, aunque en ese momento la gente lo ve\u00eda en un futuro lejano y no se planteaba que la luz subiera tanto de precio durante los siguientes a\u00f1os.<\/span><\/p>\n<h2><span style=\"color: #000000;\">La influencia de las tecnolog\u00edas en el precio de la luz<\/span><\/h2>\n<p><span style=\"color: #000000;\">Las nuevas tecnolog\u00edas han tenido repercusi\u00f3n sobre el precio de la luz, pero no son las causantes de su incremento. Tiempo atr\u00e1s, el coste el\u00e9ctrico ten\u00eda un peso mucho mayor en la renta familiar, pero a d\u00eda de hoy no es as\u00ed; lo que s\u00ed influye en el precio de la luz es nuestro nivel de eficiencia, y en este caso, las tecnolog\u00edas nos son de gran ayuda.<\/span><\/p>\n<p><span style=\"color: #000000;\">La entrada de tecnolog\u00edas LED, la obligatoriedad de a\u00f1adir etiquetas de eficiencia energ\u00e9tica y los <a href=\"https:\/\/www.factorenergia.com\/es\/blog\/noticias\/nuevos-contadores\/\" target=\"_blank\" rel=\"noopener noreferrer\">nuevos contadores<\/a>, ser\u00edan tres buenos ejemplos de \u201cnovedades\u201d que nos est\u00e1n ayudando a ser m\u00e1s eficientes. Incluso las apps con nuestra FactorSmarthome, que nos indica, con un c\u00f3digo de colores, el precio de la energ\u00eda seg\u00fan las horas del d\u00eda.<\/span><\/p>\n<p><span style=\"color: #000000;\">Adem\u00e1s, hay muchos <a href=\"https:\/\/www.factorenergia.com\/es\/blog\/ahorrar-electricidad\/regalos-navidad-originales\/\" target=\"_blank\" rel=\"noopener noreferrer\">gadgets para ahorrar luz<\/a>, muy f\u00e1ciles de usar, que nos pueden ayudar a adquirir conductas eficientes, o como regalo de navidad. Todos, adem\u00e1s, contribuir\u00e1n a luchar contra el standby, que s\u00ed es uno de los causantes de que suba la luz.<\/span><\/p>\n<h3><span style=\"color: #000000;\"><strong>\u00bfQu\u00e9 pasa con el consumo por standby?<\/strong><\/span><\/h3>\n<p><span style=\"color: #000000;\">Al consumo por standby no le damos importancia, pero la tiene. Cuando dejamos un m\u00f3vil cargando y llega al 100%, despu\u00e9s tocamos el cargador y est\u00e1 caliente; es porque parte de la energ\u00eda se ha disipado en calor; lo tenemos que desenchufar. Si todos hici\u00e9ramos el esfuerzo de eliminar este gasto energ\u00e9tico superfluo, no solo contribuir\u00edamos al medio ambiente (porque en el sistema de mercado espa\u00f1ol, las primeras energ\u00edas que se consumen son siempre las renovables, por lo tanto, cuanta menos demanda haya, mejor; la energ\u00eda es de m\u00e1s calidad) sino que <strong>cuando menos consumimos, m\u00e1s tendemos a bajar el precio<\/strong> <strong>de la luz<\/strong>.<\/span><\/p>\n<p><span style=\"color: #000000;\">El precio de la energ\u00eda se forma por interacci\u00f3n de la oferta y la demanda en el mercado mayorista. Cuanto m\u00e1s moderada es la demanda, las centrales que la cubren se hacen m\u00e1s econ\u00f3micas; as\u00ed que cuanto menos consumimos, m\u00e1s contribuimos a que el precio de la energ\u00eda sea m\u00e1s econ\u00f3mico.<\/span><\/p>\n<h3><span style=\"color: #000000;\"><strong>\u00bfQu\u00e9 electrodom\u00e9sticos consumen m\u00e1s?<\/strong><\/span><\/h3>\n<p><span style=\"color: #000000;\">M\u00e1s all\u00e1 de la famosa lavadora, y a parte del standby,<strong> uno de los que m\u00e1s gasta es la secadora<\/strong>. Queremos secar la ropa con un aparato el\u00e9ctrico, y es una l\u00e1stima no secarla usando una fuente natural, como los colgadores de toda la vida; tiene un gasto muy grande, igual que en menor proporci\u00f3n por el tiempo de uso, el secador de pelo, que tambi\u00e9n tiene un consumo muy importante.<\/span><\/p>\n<h2><span style=\"color: #000000;\">\u00bfC\u00f3mo podemos ser m\u00e1s eficientes y pagar menos luz?<\/span><\/h2>\n<p><span style=\"color: #000000;\">En Factorenergia <strong>estamos luchando contra el cambio clim\u00e1tico<\/strong> como valor central de la empresa, y para la lucha contra este cambio clim\u00e1tico, lo m\u00e1s importantes no es solo consumir energ\u00eda de origen renovable sino, sobre todo, ser eficientes en nuestro consumo; <strong>consumir lo menos posible<\/strong>.<\/span><\/p>\n<p><span style=\"color: #000000;\">Como dec\u00edamos, para el funcionamiento de nuestro sistema el\u00e9ctrico, cuanto menos consumamos m\u00e1s podr\u00e1 bajar el precio de la luz, y para conseguir consumir menos, tenemos que <strong>adquirir una conciencia eficiente<\/strong>; utilizar productos para luchar contra el standby, consumir a horas de precio bajo aunque sea con la ayuda de temporizadores y acostumbrarse a desenchufar el cargador del m\u00f3vil, por ejemplo; todo suma. Y si adem\u00e1s quieres que la luz que te llegue a casa haya sido producida en fuentes de energ\u00eda renovables, podr\u00e1s elegirlo. Cuando vayas a <a href=\"https:\/\/www.factorenergia.com\/es\/tarifas-de-luz\/\" target=\"_blank\" rel=\"noopener noreferrer\">dar de alta la luz con factoenergia<\/a>, solo tendr\u00e1s que clicar la casilla \u201cquiero energ\u00eda verde\u201d, y te asegurar\u00e1s que el suministro que encienda las luces en tu casa venga de <strong>energ\u00edas 100% renovables<\/strong>; eligiendo energ\u00eda verde ayudar\u00e1s al medio ambiente y <strong>recibir\u00e1s un certificado<\/strong> que lo avale.<\/span><\/p>\n<p>&nbsp;<\/p>\n<p>&nbsp;<\/p>\n","protected":false},"excerpt":{"rendered":"<p>Transcripci\u00f3n de la entrevista del pasado lunes 21 de noviembre, con Mariola Dinar\u00e8s, en el programa de radio Popap. Hablamos de gasto energ\u00e9tico y del precio de la luz:<\/p>\n","protected":false},"author":17,"featured_media":0,"comment_status":"open","ping_status":"closed","sticky":false,"template":"","format":"standard","meta":{"inline_featured_image":false,"footnotes":""},"categories":[54],"tags":[],"acf":{"fecha_de_la_entrada":"20161125","imagen_portada":2718,"categoria_blog":null,"tipo_de_distribuidora":null,"tiempo_lectura":"","banner_bool":false,"titulo_banner":"","texto_banner":"","texto_boton_banner":"","url_boton_banner":"","post_relacionados":""},"yoast_head":"<!-- This site is optimized with the Yoast SEO plugin v22.2 - https:\/\/yoast.com\/wordpress\/plugins\/seo\/ -->\n<title>Entrevista a Emili Rousaud: Precio de la Luz | FactorEnerg\u00eda<\/title>\n<meta name=\"description\" content=\"Transcripci\u00f3n de la entrevista radiof\u00f3nica de Mariola Dinar\u00e8s a Emili Rousaud en la que hablamos del precio de la luz y tendencia de consumo.\" \/>\n<meta name=\"robots\" content=\"index, follow, max-snippet:-1, max-image-preview:large, max-video-preview:-1\" \/>\n<link rel=\"canonical\" href=\"https:\/\/www.factorenergia.com\/es\/blog\/emilio-rousaud\/precio-de-la-luz\/\" \/>\n<meta name=\"twitter:card\" content=\"summary_large_image\" \/>\n<meta name=\"twitter:title\" content=\"Entrevista a Emili Rousaud: Precio de la Luz | FactorEnerg\u00eda\" \/>\n<meta name=\"twitter:description\" content=\"Transcripci\u00f3n de la entrevista radiof\u00f3nica de Mariola Dinar\u00e8s a Emili Rousaud en la que hablamos del precio de la luz y tendencia de consumo.\" \/>\n<meta name=\"twitter:creator\" content=\"@factorenergia\" \/>\n<meta name=\"twitter:site\" content=\"@factorenergia\" \/>\n<meta name=\"twitter:label1\" content=\"Escrito por\" \/>\n\t<meta name=\"twitter:data1\" content=\"Equipo Transici\u00f3n Energ\u00e9tica Factorenergia\" \/>\n\t<meta name=\"twitter:label2\" content=\"Tiempo de lectura\" \/>\n\t<meta name=\"twitter:data2\" content=\"5 minutos\" \/>\n<script type=\"application\/ld+json\" class=\"yoast-schema-graph\">{\"@context\":\"https:\/\/schema.org\",\"@graph\":[{\"@type\":\"WebPage\",\"@id\":\"https:\/\/www.factorenergia.com\/es\/blog\/emilio-rousaud\/precio-de-la-luz\/\",\"url\":\"https:\/\/www.factorenergia.com\/es\/blog\/emilio-rousaud\/precio-de-la-luz\/\",\"name\":\"Entrevista a Emili Rousaud: Precio de la Luz | FactorEnerg\u00eda\",\"isPartOf\":{\"@id\":\"https:\/\/www.factorenergia.com\/es\/#website\"},\"datePublished\":\"2016-11-25T14:52:25+00:00\",\"dateModified\":\"2025-07-28T16:25:08+00:00\",\"author\":{\"@id\":\"https:\/\/www.factorenergia.com\/es\/#\/schema\/person\/dff9e4b6dc520720e3a37bdaaedc5841\"},\"description\":\"Transcripci\u00f3n de la entrevista radiof\u00f3nica de Mariola Dinar\u00e8s a Emili Rousaud en la que hablamos del precio de la luz y tendencia de consumo.\",\"breadcrumb\":{\"@id\":\"https:\/\/www.factorenergia.com\/es\/blog\/emilio-rousaud\/precio-de-la-luz\/#breadcrumb\"},\"inLanguage\":\"es\",\"potentialAction\":[{\"@type\":\"ReadAction\",\"target\":[\"https:\/\/www.factorenergia.com\/es\/blog\/emilio-rousaud\/precio-de-la-luz\/\"]}]},{\"@type\":\"BreadcrumbList\",\"@id\":\"https:\/\/www.factorenergia.com\/es\/blog\/emilio-rousaud\/precio-de-la-luz\/#breadcrumb\",\"itemListElement\":[{\"@type\":\"ListItem\",\"position\":1,\"name\":\"Portada\",\"item\":\"https:\/\/www.factorenergia.com\/es\/\"},{\"@type\":\"ListItem\",\"position\":2,\"name\":\"La tendencia del precio de la luz y el consumo en casa\"}]},{\"@type\":\"WebSite\",\"@id\":\"https:\/\/www.factorenergia.com\/es\/#website\",\"url\":\"https:\/\/www.factorenergia.com\/es\/\",\"name\":\"factorenergia\",\"description\":\"Factor Energ\u00eda\",\"potentialAction\":[{\"@type\":\"SearchAction\",\"target\":{\"@type\":\"EntryPoint\",\"urlTemplate\":\"https:\/\/www.factorenergia.com\/es\/?s={search_term_string}\"},\"query-input\":\"required name=search_term_string\"}],\"inLanguage\":\"es\"},{\"@type\":\"Person\",\"@id\":\"https:\/\/www.factorenergia.com\/es\/#\/schema\/person\/dff9e4b6dc520720e3a37bdaaedc5841\",\"name\":\"Equipo Transici\u00f3n Energ\u00e9tica Factorenergia\",\"image\":{\"@type\":\"ImageObject\",\"inLanguage\":\"es\",\"@id\":\"https:\/\/www.factorenergia.com\/es\/#\/schema\/person\/image\/\",\"url\":\"https:\/\/secure.gravatar.com\/avatar\/1b7c76bab80ee1c4261b06108874e24b?s=96&d=mm&r=g\",\"contentUrl\":\"https:\/\/secure.gravatar.com\/avatar\/1b7c76bab80ee1c4261b06108874e24b?s=96&d=mm&r=g\",\"caption\":\"Equipo Transici\u00f3n Energ\u00e9tica Factorenergia\"},\"description\":\"El equipo est\u00e1 formado por expertos en materia de Luz, Gas y Eficiencia Energ\u00e9tica, que conocen de primera mano las tendencias del mercado. Su experiencia en el sector les permite ofrecer las mejores soluciones energ\u00e9ticas y resolver las dudas planteadas por los clientes.\",\"sameAs\":[\"https:\/\/www.factorenergia.com\/es\/\",\"https:\/\/www.facebook.com\/factorenergiacom\",\"https:\/\/www.instagram.com\/factorenergia_com\/\",\"https:\/\/es.linkedin.com\/company\/factor-energia\",\"https:\/\/twitter.com\/factorenergia\",\"https:\/\/www.youtube.com\/c\/factorenergiacom\"],\"url\":\"https:\/\/www.factorenergia.com\/es\/blog\/author\/marketing\/\"}]}<\/script>\n<!-- \/ Yoast SEO plugin. -->","yoast_head_json":{"title":"Entrevista a Emili Rousaud: Precio de la Luz | FactorEnerg\u00eda","description":"Transcripci\u00f3n de la entrevista radiof\u00f3nica de Mariola Dinar\u00e8s a Emili Rousaud en la que hablamos del precio de la luz y tendencia de consumo.","robots":{"index":"index","follow":"follow","max-snippet":"max-snippet:-1","max-image-preview":"max-image-preview:large","max-video-preview":"max-video-preview:-1"},"canonical":"https:\/\/www.factorenergia.com\/es\/blog\/emilio-rousaud\/precio-de-la-luz\/","twitter_card":"summary_large_image","twitter_title":"Entrevista a Emili Rousaud: Precio de la Luz | FactorEnerg\u00eda","twitter_description":"Transcripci\u00f3n de la entrevista radiof\u00f3nica de Mariola Dinar\u00e8s a Emili Rousaud en la que hablamos del precio de la luz y tendencia de consumo.","twitter_creator":"@factorenergia","twitter_site":"@factorenergia","twitter_misc":{"Escrito por":"Equipo Transici\u00f3n Energ\u00e9tica Factorenergia","Tiempo de lectura":"5 minutos"},"schema":{"@context":"https:\/\/schema.org","@graph":[{"@type":"WebPage","@id":"https:\/\/www.factorenergia.com\/es\/blog\/emilio-rousaud\/precio-de-la-luz\/","url":"https:\/\/www.factorenergia.com\/es\/blog\/emilio-rousaud\/precio-de-la-luz\/","name":"Entrevista a Emili Rousaud: Precio de la Luz | FactorEnerg\u00eda","isPartOf":{"@id":"https:\/\/www.factorenergia.com\/es\/#website"},"datePublished":"2016-11-25T14:52:25+00:00","dateModified":"2025-07-28T16:25:08+00:00","author":{"@id":"https:\/\/www.factorenergia.com\/es\/#\/schema\/person\/dff9e4b6dc520720e3a37bdaaedc5841"},"description":"Transcripci\u00f3n de la entrevista radiof\u00f3nica de Mariola Dinar\u00e8s a Emili Rousaud en la que hablamos del precio de la luz y tendencia de consumo.","breadcrumb":{"@id":"https:\/\/www.factorenergia.com\/es\/blog\/emilio-rousaud\/precio-de-la-luz\/#breadcrumb"},"inLanguage":"es","potentialAction":[{"@type":"ReadAction","target":["https:\/\/www.factorenergia.com\/es\/blog\/emilio-rousaud\/precio-de-la-luz\/"]}]},{"@type":"BreadcrumbList","@id":"https:\/\/www.factorenergia.com\/es\/blog\/emilio-rousaud\/precio-de-la-luz\/#breadcrumb","itemListElement":[{"@type":"ListItem","position":1,"name":"Portada","item":"https:\/\/www.factorenergia.com\/es\/"},{"@type":"ListItem","position":2,"name":"La tendencia del precio de la luz y el consumo en casa"}]},{"@type":"WebSite","@id":"https:\/\/www.factorenergia.com\/es\/#website","url":"https:\/\/www.factorenergia.com\/es\/","name":"factorenergia","description":"Factor Energ\u00eda","potentialAction":[{"@type":"SearchAction","target":{"@type":"EntryPoint","urlTemplate":"https:\/\/www.factorenergia.com\/es\/?s={search_term_string}"},"query-input":"required name=search_term_string"}],"inLanguage":"es"},{"@type":"Person","@id":"https:\/\/www.factorenergia.com\/es\/#\/schema\/person\/dff9e4b6dc520720e3a37bdaaedc5841","name":"Equipo Transici\u00f3n Energ\u00e9tica Factorenergia","image":{"@type":"ImageObject","inLanguage":"es","@id":"https:\/\/www.factorenergia.com\/es\/#\/schema\/person\/image\/","url":"https:\/\/secure.gravatar.com\/avatar\/1b7c76bab80ee1c4261b06108874e24b?s=96&d=mm&r=g","contentUrl":"https:\/\/secure.gravatar.com\/avatar\/1b7c76bab80ee1c4261b06108874e24b?s=96&d=mm&r=g","caption":"Equipo Transici\u00f3n Energ\u00e9tica Factorenergia"},"description":"El equipo est\u00e1 formado por expertos en materia de Luz, Gas y Eficiencia Energ\u00e9tica, que conocen de primera mano las tendencias del mercado. Su experiencia en el sector les permite ofrecer las mejores soluciones energ\u00e9ticas y resolver las dudas planteadas por los clientes.","sameAs":["https:\/\/www.factorenergia.com\/es\/","https:\/\/www.facebook.com\/factorenergiacom","https:\/\/www.instagram.com\/factorenergia_com\/","https:\/\/es.linkedin.com\/company\/factor-energia","https:\/\/twitter.com\/factorenergia","https:\/\/www.youtube.com\/c\/factorenergiacom"],"url":"https:\/\/www.factorenergia.com\/es\/blog\/author\/marketing\/"}]}},"_links":{"self":[{"href":"https:\/\/www.factorenergia.com\/es\/wp-json\/wp\/v2\/posts\/2717"}],"collection":[{"href":"https:\/\/www.factorenergia.com\/es\/wp-json\/wp\/v2\/posts"}],"about":[{"href":"https:\/\/www.factorenergia.com\/es\/wp-json\/wp\/v2\/types\/post"}],"author":[{"embeddable":true,"href":"https:\/\/www.factorenergia.com\/es\/wp-json\/wp\/v2\/users\/17"}],"replies":[{"embeddable":true,"href":"https:\/\/www.factorenergia.com\/es\/wp-json\/wp\/v2\/comments?post=2717"}],"version-history":[{"count":5,"href":"https:\/\/www.factorenergia.com\/es\/wp-json\/wp\/v2\/posts\/2717\/revisions"}],"predecessor-version":[{"id":28794,"href":"https:\/\/www.factorenergia.com\/es\/wp-json\/wp\/v2\/posts\/2717\/revisions\/28794"}],"wp:attachment":[{"href":"https:\/\/www.factorenergia.com\/es\/wp-json\/wp\/v2\/media?parent=2717"}],"wp:term":[{"taxonomy":"category","embeddable":true,"href":"https:\/\/www.factorenergia.com\/es\/wp-json\/wp\/v2\/categories?post=2717"},{"taxonomy":"post_tag","embeddable":true,"href":"https:\/\/www.factorenergia.com\/es\/wp-json\/wp\/v2\/tags?post=2717"}],"curies":[{"name":"wp","href":"https:\/\/api.w.org\/{rel}","templated":true}]}}