{"id":26988,"date":"2024-11-24T16:56:34","date_gmt":"2024-11-24T14:56:34","guid":{"rendered":"https:\/\/www.factorenergia.com\/es\/?p=26988"},"modified":"2024-11-29T11:51:54","modified_gmt":"2024-11-29T09:51:54","slug":"cuanto-consume-una-nevera","status":"publish","type":"post","link":"https:\/\/www.factorenergia.com\/es\/blog\/eficiencia-energetica\/cuanto-consume-una-nevera\/","title":{"rendered":"\u00bfCu\u00e1nto consume una nevera?"},"content":{"rendered":"<p data-pm-slice=\"1 1 []\">Conocer <strong>cu\u00e1nto consume una nevera<\/strong> es fundamental para gestionar el consumo de energ\u00eda en el hogar y reducir la factura el\u00e9ctrica. El <strong>frigor\u00edfico<\/strong> es uno de los electrodom\u00e9sticos que m\u00e1s energ\u00eda consume, ya que funciona de manera continua las 24 horas del d\u00eda. En este <strong>blog<\/strong>, te explicamos los factores que influyen en el consumo de tu nevera y te ofrecemos consejos para optimizar su eficiencia energ\u00e9tica.<\/p>\n<h2>Importancia de conocer el consumo de una nevera<\/h2>\n<h3>Beneficios de saber el consumo el\u00e9ctrico<\/h3>\n<p>Conocer el <strong>consumo<\/strong> el\u00e9ctrico de tu <strong>frigor\u00edfico<\/strong> te permite identificar oportunidades para ahorrar energ\u00eda y reducir el gasto en la <strong>factura<\/strong> de luz. Al entender cu\u00e1nta electricidad utiliza este electrodom\u00e9stico, puedes tomar medidas para mejorar su eficiencia y prolongar su vida \u00fatil.<\/p>\n<h3>Impacto en la factura de luz<\/h3>\n<p>El <strong>frigor\u00edfico<\/strong> puede representar hasta un 20% del consumo el\u00e9ctrico total en tu casa. Un modelo antiguo o ineficiente puede incrementar significativamente tu <strong>factura<\/strong> mensual. Por ello, es importante conocer cu\u00e1nta energ\u00eda consume y c\u00f3mo puedes reducir este consumo para <strong>ahorrar dinero<\/strong>.<\/p>\n<h2>Factores que influyen en el consumo de una nevera<\/h2>\n<h3>Tama\u00f1o del electrodom\u00e9stico<\/h3>\n<p>El tama\u00f1o de tu <strong>frigor\u00edfico<\/strong> influye directamente en el consumo de energ\u00eda. Los modelos m\u00e1s grandes suelen consumir m\u00e1s energ\u00eda que los m\u00e1s peque\u00f1os. Es importante elegir un frigor\u00edfico adecuado a las necesidades de tu hogar, evitando as\u00ed un consumo innecesario.<\/p>\n<h3>Edad y eficiencia energ\u00e9tica<\/h3>\n<p>Los frigor\u00edficos antiguos suelen tener una eficiencia energ\u00e9tica menor que los modelos modernos. La <strong>clasificaci\u00f3n<\/strong> energ\u00e9tica, indicada en la etiqueta del aparato, muestra el nivel de eficiencia. Los frigor\u00edficos de clase A+++ son los m\u00e1s eficientes y pueden suponer un menor consumo de energ\u00eda.<\/p>\n<h3>Uso diario<\/h3>\n<p>La forma en que utilizas tu nevera tambi\u00e9n afecta al consumo. Abrir la <strong>puerta del frigor\u00edfico<\/strong> con frecuencia o dejarla abierta durante mucho tiempo hace que el frigor\u00edfico trabaje m\u00e1s para mantener la <strong>temperatura<\/strong> adecuada, incrementando el consumo de energ\u00eda. Evitar abrir la <strong>puerta<\/strong> innecesariamente puede contribuir al ahorro.<\/p>\n<h2>Medici\u00f3n del consumo energ\u00e9tico de una nevera<\/h2>\n<h3>Utilizaci\u00f3n de un medidor de energ\u00eda<\/h3>\n<p>Para saber exactamente <strong>cu\u00e1ntos watts<\/strong> consume tu frigor\u00edfico, puedes utilizar un medidor de energ\u00eda. Este dispositivo se conecta entre el enchufe y el electrodom\u00e9stico, proporcionando datos precisos sobre el consumo en tiempo real.<\/p>\n<h3>C\u00e1lculos manuales<\/h3>\n<p>Otra opci\u00f3n es calcular el consumo de tu <strong>nevera en watts<\/strong> utilizando la informaci\u00f3n proporcionada en la etiqueta energ\u00e9tica y la <strong>gu\u00eda de instalaci\u00f3n<\/strong>. Con estos datos, puedes estimar el consumo promedio y su impacto en tu factura.<\/p>\n<h2>Consumo promedio de una nevera est\u00e1ndar<\/h2>\n<h4>Datos t\u00edpicos de consumo<\/h4>\n<p>Un frigor\u00edfico est\u00e1ndar consume entre 100 y 300 kWh al a\u00f1o, dependiendo de su <strong>clase de eficiencia<\/strong> y modelo. Los frigor\u00edficos de alta eficiencia energ\u00e9tica consumen menos energ\u00eda, lo que se traduce en un ahorro en la factura.<\/p>\n<h4>Ejemplos de modelos populares<\/h4>\n<p>Modelos como los frigor\u00edficos con sistemas Inverter o No Frost ofrecen un mejor rendimiento y menor consumo. Estos electrodom\u00e9sticos son ideales para quienes buscan eficiencia y ahorro de energ\u00eda en el hogar.<\/p>\n<h2>Consejos para reducir el consumo de energ\u00eda de la nevera<\/h2>\n<h4>Ubicaci\u00f3n adecuada<\/h4>\n<p>La <strong>ubicaci\u00f3n<\/strong> del frigor\u00edfico es clave. Colocarlo lejos de fuentes de calor como el horno, la luz solar directa o el <strong>aire acondicionado<\/strong> en modo calefacci\u00f3n evita que trabaje m\u00e1s de lo necesario. Esto ayuda a mantener una temperatura interna estable y reduce el consumo.<\/p>\n<h4>Mantenimiento peri\u00f3dico<\/h4>\n<p>Realizar una <strong>sesi\u00f3n<\/strong> de mantenimiento regular de tu nevera ayuda a reducir el consumo. Limpiar las bobinas traseras y revisar las gomas de la <strong>puerta<\/strong> garantiza un funcionamiento eficiente. Adem\u00e1s, descongelar el <strong>congelador<\/strong> peri\u00f3dicamente evita acumulaci\u00f3n de hielo que incrementa el consumo de energ\u00eda.<\/p>\n<h4>Organizaci\u00f3n interna<\/h4>\n<p>Una buena <strong>organizaci\u00f3n<\/strong> interna permite una circulaci\u00f3n de aire \u00f3ptima. No sobrecargar el frigor\u00edfico y mantener los <strong>alimentos<\/strong> ordenados facilita que la <strong>temperatura<\/strong> se mantenga estable, reduciendo el consumo de energ\u00eda.<\/p>\n<h2>Comparaci\u00f3n entre distintos tipos de neveras<\/h2>\n<h4>Neveras convencionales vs. Neveras inteligentes<\/h4>\n<p>Las neveras inteligentes ofrecen funciones avanzadas y pueden ayudar a reducir el consumo de energ\u00eda. Sin embargo, su costo inicial es mayor. Comparar estos modelos con los frigor\u00edficos convencionales te permite elegir el que mejor se adapte a las necesidades de tu hogar.<\/p>\n<h4>Eficiencia energ\u00e9tica de cada tipo<\/h4>\n<p>Al igual que ocurre con otros aparatos como el <strong>aire acondicionado<\/strong>, los frigor\u00edficos modernos suelen ofrecer mejores niveles de eficiencia energ\u00e9tica gracias a avances tecnol\u00f3gicos. Revisar la clasificaci\u00f3n y clase de eficiencia te ayuda a identificar los modelos con menor consumo.<\/p>\n<h2>Tecnolog\u00edas modernas para un menor consumo energ\u00e9tico<\/h2>\n<h3>Inverter<\/h3>\n<p>Los frigor\u00edficos con sistema Inverter ajustan su funcionamiento seg\u00fan la demanda, lo que reduce el consumo de energ\u00eda y mejora la eficiencia.<\/p>\n<h3>No Frost<\/h3>\n<p>La funci\u00f3n No Frost evita la formaci\u00f3n de hielo en el <strong>congelador<\/strong>, manteniendo una temperatura constante y reduciendo el consumo.<\/p>\n<h3>Clasificaci\u00f3n energ\u00e9tica<\/h3>\n<p>La <strong>nueva clasificaci\u00f3n de eficiencia<\/strong> energ\u00e9tica facilita la identificaci\u00f3n de los frigor\u00edficos m\u00e1s eficientes. Optar por aparatos de clase A o superior asegura un menor consumo y contribuye al <strong>mayor ahorro de energ\u00eda<\/strong>.<\/p>\n<h2>Impacto del etiquetado energ\u00e9tico en la elecci\u00f3n de una nevera<\/h2>\n<h3>Significado de calificaciones<\/h3>\n<p>Las etiquetas energ\u00e9ticas muestran la clasificaci\u00f3n de eficiencia de las neveras, desde A (m\u00e1s eficiente) hasta G (menos eficiente). Entender estas clasificaciones es esencial para elegir un modelo que consuma menos y ahorre en la factura.<\/p>\n<h3>C\u00f3mo utilizar la etiqueta al comprar una nevera<\/h3>\n<p>Al comprar una nevera, es importante fijarse en la informaci\u00f3n de eficiencia energ\u00e9tica para seleccionar un modelo que te permita reducir el consumo y ahorrar en la factura.<\/p>\n<h2>Alternativas ecol\u00f3gicas para refrigeraci\u00f3n<\/h2>\n<h3>Neveras solares<\/h3>\n<p>Las neveras solares funcionan con energ\u00eda renovable, reduciendo el impacto ambiental y el consumo de electricidad convencional.<\/p>\n<h3>Mini neveras de bajo consumo<\/h3>\n<p>Las mini neveras son ideales para espacios peque\u00f1os y tienen un consumo reducido, siendo una opci\u00f3n eficiente para ciertos usos.<\/p>\n<h3>Refrigeradores de absorci\u00f3n<\/h3>\n<p>Estos refrigeradores utilizan fuentes de calor en lugar de electricidad para funcionar, lo que puede ser \u00fatil en \u00e1reas sin acceso a la red el\u00e9ctrica.<\/p>\n<h2>Ejemplos reales de ahorro energ\u00e9tico al optimizar el uso de una nevera<\/h2>\n<h3>Testimonios de usuarios<\/h3>\n<p>Muchos usuarios han logrado reducir su factura el\u00e9ctrica al aplicar los consejos mencionados, como ajustar la temperatura adecuada y mejorar la organizaci\u00f3n interna.<\/p>\n<h3>Casos de \u00e9xito<\/h3>\n<p>En diversos casos, cambiar a un modelo m\u00e1s eficiente y seguir pr\u00e1cticas de uso responsable ha resultado en ahorros significativos.<\/p>\n","protected":false},"excerpt":{"rendered":"<p>Conocer cu\u00e1nto consume una nevera es fundamental para gestionar el consumo de energ\u00eda en el hogar y reducir la factura el\u00e9ctrica. El frigor\u00edfico es uno de los electrodom\u00e9sticos que m\u00e1s energ\u00eda consume, ya que funciona de manera continua las 24 horas del d\u00eda. En este blog, te explicamos los factores que influyen en el consumo [&hellip;]<\/p>\n","protected":false},"author":22,"featured_media":0,"comment_status":"open","ping_status":"open","sticky":false,"template":"","format":"standard","meta":{"inline_featured_image":false,"footnotes":""},"categories":[51],"tags":[],"acf":{"fecha_de_la_entrada":"20241124","imagen_portada":26990,"categoria_blog":null,"tipo_de_distribuidora":null,"tiempo_lectura":"","banner_bool":false,"titulo_banner":"","texto_banner":"","texto_boton_banner":"","url_boton_banner":"","post_relacionados":""},"yoast_head":"<!-- This site is optimized with the Yoast SEO plugin v22.2 - https:\/\/yoast.com\/wordpress\/plugins\/seo\/ -->\n<title>\u00bfCu\u00e1nto consume una nevera?<\/title>\n<meta name=\"description\" content=\"Conocer cu\u00e1nto consume una nevera es fundamental para gestionar el consumo de energ\u00eda en el hogar y reducir la factura el\u00e9ctrica.\" \/>\n<meta name=\"robots\" content=\"index, follow, max-snippet:-1, max-image-preview:large, max-video-preview:-1\" \/>\n<link rel=\"canonical\" href=\"https:\/\/www.factorenergia.com\/es\/blog\/eficiencia-energetica\/cuanto-consume-una-nevera\/\" \/>\n<meta name=\"twitter:card\" content=\"summary_large_image\" \/>\n<meta name=\"twitter:title\" content=\"\u00bfCu\u00e1nto consume una nevera?\" \/>\n<meta name=\"twitter:description\" content=\"Conocer cu\u00e1nto consume una nevera es fundamental para gestionar el consumo de energ\u00eda en el hogar y reducir la factura el\u00e9ctrica.\" \/>\n<meta name=\"twitter:creator\" content=\"@factorenergia\" \/>\n<meta name=\"twitter:site\" content=\"@factorenergia\" \/>\n<meta name=\"twitter:label1\" content=\"Escrito por\" \/>\n\t<meta name=\"twitter:data1\" content=\"Javier Benito\" \/>\n\t<meta name=\"twitter:label2\" content=\"Tiempo de lectura\" \/>\n\t<meta name=\"twitter:data2\" content=\"5 minutos\" \/>\n<script type=\"application\/ld+json\" class=\"yoast-schema-graph\">{\"@context\":\"https:\/\/schema.org\",\"@graph\":[{\"@type\":\"WebPage\",\"@id\":\"https:\/\/www.factorenergia.com\/es\/blog\/eficiencia-energetica\/cuanto-consume-una-nevera\/\",\"url\":\"https:\/\/www.factorenergia.com\/es\/blog\/eficiencia-energetica\/cuanto-consume-una-nevera\/\",\"name\":\"\u00bfCu\u00e1nto consume una nevera?\",\"isPartOf\":{\"@id\":\"https:\/\/www.factorenergia.com\/es\/#website\"},\"datePublished\":\"2024-11-24T14:56:34+00:00\",\"dateModified\":\"2024-11-29T09:51:54+00:00\",\"author\":{\"@id\":\"https:\/\/www.factorenergia.com\/es\/#\/schema\/person\/8149d2cf19b17bc2d1c29340f9dcd8c2\"},\"description\":\"Conocer cu\u00e1nto consume una nevera es fundamental para gestionar el consumo de energ\u00eda en el hogar y reducir la factura el\u00e9ctrica.\",\"breadcrumb\":{\"@id\":\"https:\/\/www.factorenergia.com\/es\/blog\/eficiencia-energetica\/cuanto-consume-una-nevera\/#breadcrumb\"},\"inLanguage\":\"es\",\"potentialAction\":[{\"@type\":\"ReadAction\",\"target\":[\"https:\/\/www.factorenergia.com\/es\/blog\/eficiencia-energetica\/cuanto-consume-una-nevera\/\"]}]},{\"@type\":\"BreadcrumbList\",\"@id\":\"https:\/\/www.factorenergia.com\/es\/blog\/eficiencia-energetica\/cuanto-consume-una-nevera\/#breadcrumb\",\"itemListElement\":[{\"@type\":\"ListItem\",\"position\":1,\"name\":\"Portada\",\"item\":\"https:\/\/www.factorenergia.com\/es\/\"},{\"@type\":\"ListItem\",\"position\":2,\"name\":\"\u00bfCu\u00e1nto consume una nevera?\"}]},{\"@type\":\"WebSite\",\"@id\":\"https:\/\/www.factorenergia.com\/es\/#website\",\"url\":\"https:\/\/www.factorenergia.com\/es\/\",\"name\":\"factorenergia\",\"description\":\"Factor Energ\u00eda\",\"potentialAction\":[{\"@type\":\"SearchAction\",\"target\":{\"@type\":\"EntryPoint\",\"urlTemplate\":\"https:\/\/www.factorenergia.com\/es\/?s={search_term_string}\"},\"query-input\":\"required name=search_term_string\"}],\"inLanguage\":\"es\"},{\"@type\":\"Person\",\"@id\":\"https:\/\/www.factorenergia.com\/es\/#\/schema\/person\/8149d2cf19b17bc2d1c29340f9dcd8c2\",\"name\":\"Javier Benito\",\"image\":{\"@type\":\"ImageObject\",\"inLanguage\":\"es\",\"@id\":\"https:\/\/www.factorenergia.com\/es\/#\/schema\/person\/image\/\",\"url\":\"https:\/\/secure.gravatar.com\/avatar\/d1f8ab3762f2e7637f777c08ac2f3b8b?s=96&d=mm&r=g\",\"contentUrl\":\"https:\/\/secure.gravatar.com\/avatar\/d1f8ab3762f2e7637f777c08ac2f3b8b?s=96&d=mm&r=g\",\"caption\":\"Javier Benito\"},\"url\":\"https:\/\/www.factorenergia.com\/es\/blog\/author\/jbenito\/\"}]}<\/script>\n<!-- \/ Yoast SEO plugin. -->","yoast_head_json":{"title":"\u00bfCu\u00e1nto consume una nevera?","description":"Conocer cu\u00e1nto consume una nevera es fundamental para gestionar el consumo de energ\u00eda en el hogar y reducir la factura el\u00e9ctrica.","robots":{"index":"index","follow":"follow","max-snippet":"max-snippet:-1","max-image-preview":"max-image-preview:large","max-video-preview":"max-video-preview:-1"},"canonical":"https:\/\/www.factorenergia.com\/es\/blog\/eficiencia-energetica\/cuanto-consume-una-nevera\/","twitter_card":"summary_large_image","twitter_title":"\u00bfCu\u00e1nto consume una nevera?","twitter_description":"Conocer cu\u00e1nto consume una nevera es fundamental para gestionar el consumo de energ\u00eda en el hogar y reducir la factura el\u00e9ctrica.","twitter_creator":"@factorenergia","twitter_site":"@factorenergia","twitter_misc":{"Escrito por":"Javier Benito","Tiempo de lectura":"5 minutos"},"schema":{"@context":"https:\/\/schema.org","@graph":[{"@type":"WebPage","@id":"https:\/\/www.factorenergia.com\/es\/blog\/eficiencia-energetica\/cuanto-consume-una-nevera\/","url":"https:\/\/www.factorenergia.com\/es\/blog\/eficiencia-energetica\/cuanto-consume-una-nevera\/","name":"\u00bfCu\u00e1nto consume una nevera?","isPartOf":{"@id":"https:\/\/www.factorenergia.com\/es\/#website"},"datePublished":"2024-11-24T14:56:34+00:00","dateModified":"2024-11-29T09:51:54+00:00","author":{"@id":"https:\/\/www.factorenergia.com\/es\/#\/schema\/person\/8149d2cf19b17bc2d1c29340f9dcd8c2"},"description":"Conocer cu\u00e1nto consume una nevera es fundamental para gestionar el consumo de energ\u00eda en el hogar y reducir la factura el\u00e9ctrica.","breadcrumb":{"@id":"https:\/\/www.factorenergia.com\/es\/blog\/eficiencia-energetica\/cuanto-consume-una-nevera\/#breadcrumb"},"inLanguage":"es","potentialAction":[{"@type":"ReadAction","target":["https:\/\/www.factorenergia.com\/es\/blog\/eficiencia-energetica\/cuanto-consume-una-nevera\/"]}]},{"@type":"BreadcrumbList","@id":"https:\/\/www.factorenergia.com\/es\/blog\/eficiencia-energetica\/cuanto-consume-una-nevera\/#breadcrumb","itemListElement":[{"@type":"ListItem","position":1,"name":"Portada","item":"https:\/\/www.factorenergia.com\/es\/"},{"@type":"ListItem","position":2,"name":"\u00bfCu\u00e1nto consume una nevera?"}]},{"@type":"WebSite","@id":"https:\/\/www.factorenergia.com\/es\/#website","url":"https:\/\/www.factorenergia.com\/es\/","name":"factorenergia","description":"Factor Energ\u00eda","potentialAction":[{"@type":"SearchAction","target":{"@type":"EntryPoint","urlTemplate":"https:\/\/www.factorenergia.com\/es\/?s={search_term_string}"},"query-input":"required name=search_term_string"}],"inLanguage":"es"},{"@type":"Person","@id":"https:\/\/www.factorenergia.com\/es\/#\/schema\/person\/8149d2cf19b17bc2d1c29340f9dcd8c2","name":"Javier Benito","image":{"@type":"ImageObject","inLanguage":"es","@id":"https:\/\/www.factorenergia.com\/es\/#\/schema\/person\/image\/","url":"https:\/\/secure.gravatar.com\/avatar\/d1f8ab3762f2e7637f777c08ac2f3b8b?s=96&d=mm&r=g","contentUrl":"https:\/\/secure.gravatar.com\/avatar\/d1f8ab3762f2e7637f777c08ac2f3b8b?s=96&d=mm&r=g","caption":"Javier Benito"},"url":"https:\/\/www.factorenergia.com\/es\/blog\/author\/jbenito\/"}]}},"_links":{"self":[{"href":"https:\/\/www.factorenergia.com\/es\/wp-json\/wp\/v2\/posts\/26988"}],"collection":[{"href":"https:\/\/www.factorenergia.com\/es\/wp-json\/wp\/v2\/posts"}],"about":[{"href":"https:\/\/www.factorenergia.com\/es\/wp-json\/wp\/v2\/types\/post"}],"author":[{"embeddable":true,"href":"https:\/\/www.factorenergia.com\/es\/wp-json\/wp\/v2\/users\/22"}],"replies":[{"embeddable":true,"href":"https:\/\/www.factorenergia.com\/es\/wp-json\/wp\/v2\/comments?post=26988"}],"version-history":[{"count":2,"href":"https:\/\/www.factorenergia.com\/es\/wp-json\/wp\/v2\/posts\/26988\/revisions"}],"predecessor-version":[{"id":26992,"href":"https:\/\/www.factorenergia.com\/es\/wp-json\/wp\/v2\/posts\/26988\/revisions\/26992"}],"wp:attachment":[{"href":"https:\/\/www.factorenergia.com\/es\/wp-json\/wp\/v2\/media?parent=26988"}],"wp:term":[{"taxonomy":"category","embeddable":true,"href":"https:\/\/www.factorenergia.com\/es\/wp-json\/wp\/v2\/categories?post=26988"},{"taxonomy":"post_tag","embeddable":true,"href":"https:\/\/www.factorenergia.com\/es\/wp-json\/wp\/v2\/tags?post=26988"}],"curies":[{"name":"wp","href":"https:\/\/api.w.org\/{rel}","templated":true}]}}