{"id":2387,"date":"2016-09-27T09:39:14","date_gmt":"2016-09-27T07:39:14","guid":{"rendered":"https:\/\/www.factorenergia.com\/es\/?post_type=blog&#038;p=2387"},"modified":"2023-06-08T15:21:39","modified_gmt":"2023-06-08T13:21:39","slug":"impuesto-al-sol","status":"publish","type":"post","link":"https:\/\/www.factorenergia.com\/es\/blog\/eficiencia-energetica\/impuesto-al-sol\/","title":{"rendered":"\u00bfQu\u00e9 es el impuesto al sol?"},"content":{"rendered":"<p>No es que sea algo nuevo, desde octubre de 2015 se oye hablar de si sale o no sale a cuenta (econ\u00f3micamente hablando) tener placas solares y autoabastecerse debido al que llaman \u201cimpuesto al sol\u201d. Si m\u00e1s no, es cierto que el <strong>Real Decreto 900\/2015<\/strong> de 9 de octubre de 2015, aparte de denso, es dif\u00edcil de entender y puede llegar a tener lagunas. Siendo as\u00ed, vamos a intentar esclarecer un poco, por lo menos, las dudas de base.<\/p>\n<p>Primero de todo, y aunque pueda parecer evidente, tendr\u00edamos que aclarar el concepto de autoconsumo:<\/p>\n<h2>\u00bfQu\u00e9 es el autoconsumo?<\/h2>\n<p>M\u00e1s all\u00e1 de la definici\u00f3n farragosa del RD, se define como autoconsumo la <strong>producci\u00f3n individual de energ\u00eda para consumo propio<\/strong>, en el caso del sol, a trav\u00e9s de paneles fotovoltaicos.<\/p>\n<div class=\"widget-form\">\r\n    \n<div class=\"wpcf7 no-js\" id=\"wpcf7-f21836-o1\" lang=\"es-ES\" dir=\"ltr\">\n<div class=\"screen-reader-response\"><p role=\"status\" aria-live=\"polite\" aria-atomic=\"true\"><\/p> <ul><\/ul><\/div>\n<form action=\"\/es\/wp-json\/wp\/v2\/posts\/2387#wpcf7-f21836-o1\" method=\"post\" class=\"wpcf7-form init\" aria-label=\"Formulario de contacto\" novalidate=\"novalidate\" data-status=\"init\">\n<div style=\"display: none;\">\n<input type=\"hidden\" name=\"_wpcf7\" value=\"21836\" \/>\n<input type=\"hidden\" name=\"_wpcf7_version\" value=\"5.9\" \/>\n<input type=\"hidden\" name=\"_wpcf7_locale\" value=\"es_ES\" \/>\n<input type=\"hidden\" name=\"_wpcf7_unit_tag\" value=\"wpcf7-f21836-o1\" \/>\n<input type=\"hidden\" name=\"_wpcf7_container_post\" value=\"0\" \/>\n<input type=\"hidden\" name=\"_wpcf7_posted_data_hash\" value=\"\" \/>\n<input type=\"hidden\" name=\"_wpcf7_recaptcha_response\" value=\"\" \/>\n<\/div>\n<div class=\"widget-simple-form-ac\">\n\t<div class=\"header-ac\">\n\t\t<p>Consigue tu estudio gratuito\n\t\t<\/p>\n\t\t<div class=\"close-form\">\n\t\t\t<p>X\n\t\t\t<\/p>\n\t\t<\/div>\n\t<\/div>\n\t<div class=\"widget-form-ac-container\">\n\t\t<p class=\"subtitle-ac-form\">Con nuestras Placas Solares + Bater\u00eda Virtual, <span class=\"blue\">reduce a 0\u20ac el consumo de tu factura de la luz.<\/span> \u00a1No te quedes sin tu estudio gratis!\n\t\t<\/p>\n\t\t<div class=\"inputs-container\">\n\t\t\t<div class=\"input\">\n\t\t\t\t<p><span class=\"wpcf7-form-control-wrap\" data-name=\"name1\"><input size=\"40\" class=\"wpcf7-form-control wpcf7-text wpcf7-validates-as-required\" id=\"name\" aria-required=\"true\" aria-invalid=\"false\" placeholder=\"Nombre\" value=\"\" type=\"text\" name=\"name1\" \/><\/span>\n\t\t\t\t<\/p>\n\t\t\t\t<div class=\"error\">\n\t\t\t\t\t<p><span role='alert' class='wpcf7-not-valid-tip'><\/span>\n\t\t\t\t\t<\/p>\n\t\t\t\t<\/div>\n\t\t\t<\/div>\n\t\t\t<div class=\"input\">\n\t\t\t\t<p><span class=\"wpcf7-form-control-wrap\" data-name=\"lastname\"><input size=\"40\" class=\"wpcf7-form-control wpcf7-text wpcf7-validates-as-required\" id=\"lastname\" aria-required=\"true\" aria-invalid=\"false\" placeholder=\"Apellido\" value=\"\" type=\"text\" name=\"lastname\" \/><\/span>\n\t\t\t\t<\/p>\n\t\t\t\t<div class=\"error\">\n\t\t\t\t\t<p><span role='alert' class='wpcf7-not-valid-tip'><\/span>\n\t\t\t\t\t<\/p>\n\t\t\t\t<\/div>\n\t\t\t<\/div>\n\t\t<\/div>\n\t\t<div class=\"inputs-container\">\n\t\t\t<div class=\"input\">\n\t\t\t\t<p><span class=\"wpcf7-form-control-wrap\" data-name=\"email\"><input size=\"40\" class=\"wpcf7-form-control wpcf7-email wpcf7-validates-as-required wpcf7-text wpcf7-validates-as-email\" aria-required=\"true\" aria-invalid=\"false\" placeholder=\"Email\" value=\"\" type=\"email\" name=\"email\" \/><\/span>\n\t\t\t\t<\/p>\n\t\t\t\t<div class=\"error\">\n\t\t\t\t\t<p><span role='alert' class='wpcf7-not-valid-tip'><\/span>\n\t\t\t\t\t<\/p>\n\t\t\t\t<\/div>\n\t\t\t<\/div>\n\t\t\t<div class=\"input\">\n\t\t\t\t<p><span class=\"wpcf7-form-control-wrap\" data-name=\"tel\"><input size=\"40\" class=\"wpcf7-form-control wpcf7-tel wpcf7-validates-as-required wpcf7-text wpcf7-validates-as-tel\" aria-required=\"true\" aria-invalid=\"false\" placeholder=\"Tel\u00e9fono\" value=\"\" type=\"tel\" name=\"tel\" \/><\/span>\n\t\t\t\t<\/p>\n\t\t\t\t<div class=\"error\">\n\t\t\t\t\t<p><span role='alert' class='wpcf7-not-valid-tip'><\/span>\n\t\t\t\t\t<\/p>\n\t\t\t\t<\/div>\n\t\t\t<\/div>\n\t\t<\/div>\n\t\t<p class=\"legal-text\">Al enviar este formulario consiente que sus datos sean tratados por FACTORENERGIA S.A., como corresponsables, para remitirle ofertas e informaci\u00f3n comercial. Puede ejercitar sus derechos conforme a lo indicado en nuestra <a href=\"\/es\/privacidad\/\">Pol\u00edtica de privacidad.<\/a>\n\t\t<\/p>\n\t\t<div class=\"inputs-container\">\n\t\t\t<div class=\"button-submit\">\n\t\t\t\t<p><input class=\"wpcf7-form-control wpcf7-submit has-spinner primary-btn green-btn btn-submit\" type=\"submit\" value=\"Pide tu estudio gratis\" \/>\n\t\t\t\t<\/p>\n\t\t\t<\/div>\n\t\t<\/div>\n\t<\/div>\n<\/div><div class=\"wpcf7-response-output\" aria-hidden=\"true\"><\/div>\n<\/form>\n<\/div>\n<\/div>\r\n\r\n<div class=\"widget-form-sended\" style=\"display: none\">\r\n    <h4><b>\u00a1Bien hecho!<\/b> Este es tu primer paso hacia la independencia energ\u00e9tica.<\/h4>\r\n    <p>En un m\u00e1ximo de 48 horas, un especialista se pondr\u00e1 en contacto contigo para estudiar tu caso, asesorarte y ofrecerte la mejor soluci\u00f3n energ\u00e9tica.<\/p>\r\n    <div class=\"inputs-container\">\r\n        <div class=\"button-submit\">\r\n            <a class=\"primary-btn center otro-estudio green-btn\">\r\n                Pedir otro estudio gratis            <\/a>\r\n        <\/div>\r\n        <div class=\"trustpilot-widget trust-widget-form-ac\" data-locale=\"es-ES\" data-template-id=\"5419b732fbfb950b10de65e5\" data-businessunit-id=\"5fd8ae6f2ead35000193bbae\" data-style-height=\"24px\" data-style-width=\"100%\" data-theme=\"light\" style=\"position: relative;\"><iframe title=\"Customer reviews powered by Trustpilot\" loading=\"auto\" src=\"https:\/\/widget.trustpilot.com\/trustboxes\/5419b732fbfb950b10de65e5\/index.html?templateId=5419b732fbfb950b10de65e5&amp;businessunitId=5fd8ae6f2ead35000193bbae#locale=es-ES&amp;styleHeight=24px&amp;styleWidth=100%25&amp;theme=light\" style=\"position: relative; height: 24px; width: 100%; border-style: none; display: block; overflow: hidden;\"><\/iframe><\/div>\r\n    <\/div>\r\n<\/div>\r\n\n<h3>\u00bfQu\u00e9 es el impuesto al sol?<\/h3>\n<p>Impuesto al sol es el <strong>nombre popular que se le ha dado al peaje de respaldo <\/strong>(o cargos del RD 900\/2015). Es decir, son los importes a pagar por seguir \u201cenganchado\u201d a la red el\u00e9ctrica, aunque no hagamos uso de ella, y en concepto de costes y servicios del sistema.<\/p>\n<p>La pol\u00e9mica se sirve en cuanto aquellas personas que se disponen a legalizar la instalaci\u00f3n se ven pagando por servicios que no utilizan y dejando de ver econ\u00f3micamente viable la soluci\u00f3n fotovoltaica que ya tienen instalada.<\/p>\n<h3>\u00bfCu\u00e1ndo se paga el impuesto al sol?<\/h3>\n<p>Si\u00a0 realizamos dicho autoconsumo estando totalmente aislados de la red el\u00e9ctrica y, por tanto, abasteci\u00e9ndonos al 100% con energ\u00eda solar, <strong>no se nos aplicar\u00eda el citado RD <\/strong>y no ser\u00eda necesario pagar el peaje al sol, e incluso podr\u00edamos hacer uso de bater\u00edas para almacenar aquella energ\u00eda producida y no consumida instant\u00e1neamente.<\/p>\n<p>En el caso de que la instalaci\u00f3n s\u00ed que estuviera conectada a la red el\u00e9ctrica, por si en alg\u00fan momento la producci\u00f3n de energ\u00eda no fuera suficiente para el consumo que tenemos, s\u00ed que se aplicar\u00eda el Real Decreto y, por tanto, se cobrar\u00eda el impuesto al sol.<\/p>\n<p><strong>La \u00fanica opci\u00f3n que exime de pagar peajes es autoabastecerse al 100%<\/strong>. Sin conectarte a la red.<\/p>\n<h3><strong>\u00bfSe pueden usar bater\u00edas?<\/strong><\/h3>\n<p>Este es otro de los problemas. Y es que, aunque s\u00ed es posible instalar bater\u00edas para acumular energ\u00eda, estas tambi\u00e9n deben pagar los cargos fijos por la energ\u00eda almacenada y posteriormente consumida.<\/p>\n<h2>\u00bfQu\u00e9 modalidades de autoconsumo existen?<\/h2>\n<p>El Real Decreto diferencia el autoconsumo conectado a la red en dos tipos, cuya diferencia b\u00e1sica viene dada por si las instalaciones est\u00e1n, o no, registradas como productoras. Vamos a se\u00f1alar las caracter\u00edsticas generales, y luego veremos una peque\u00f1a explicaci\u00f3n para aclararlo:<\/p>\n<h3><strong>Caracter\u00edsticas de las instalaciones de autoconsumo Tipo 1<\/strong><\/h3>\n<p>-No est\u00e1n inscritas en el<strong> Registro de productores.<\/strong><\/p>\n<p>-Potencia contratada <strong>inferior a 10kW.<\/strong><\/p>\n<p>-El punto de suministro y las instalaciones de generaci\u00f3n deben estar <strong>a nombre de la misma persona.<\/strong><\/p>\n<p><strong>-La suma de las potencias de generaci\u00f3n instaladas no podr\u00e1 superar la potencia contratada.<\/strong><\/p>\n<p><strong>-La instalaci\u00f3n deber\u00e1 estar conectada a la Red El\u00e9ctrica<\/strong> y tendr\u00e1 la posibilidad de verter, de haberlo, el excedente energ\u00e9tico de su producci\u00f3n, aunque este excedente no ser\u00e1 remunerado.<\/p>\n<p>-Existe la <strong>obligaci\u00f3n de instalar un contador homologado<\/strong> que mida la energ\u00eda generada neta y otro equipo que mida la importada de la Red El\u00e9ctrica.<\/p>\n<h3><strong>Caracter\u00edsticas de las instalaciones de autoconsumo Tipo 2<\/strong><\/h3>\n<p>-S\u00ed est\u00e1n <strong>inscritas como productoras<\/strong>.<\/p>\n<p>-Distinguen la figura del <strong>productor y del consumidor<\/strong>.<\/p>\n<p>-En caso que haya m\u00e1s de una instalaci\u00f3n productora, el titular de todas ellas debe ser el mismo, aunque no coincida con el consumidor.<\/p>\n<p>-Del mismo modo que en las instalaciones de Tipo 1, la suma de las potencias de generaci\u00f3n instaladas no podr\u00e1 superar la potencia contratada.<\/p>\n<p>-La instalaci\u00f3n deber\u00e1 estar conectada a la Red El\u00e9ctrica y s\u00ed <strong>podr\u00e1 cobrar por el excedente energ\u00e9tico volcado <\/strong>a la red.<\/p>\n<p>-Generalmente, deber\u00e1n disponer de un contador que mida la energ\u00eda generada neta y otro que mida la energ\u00eda consumida.<\/p>\n<p><strong><u>Aclaraci\u00f3n<\/u><\/strong><\/p>\n<p>Como dec\u00edamos al principio, la mayor diferencia entre una instalaci\u00f3n de Tipo 1 o Tipo 2 corresponde a si est\u00e1 registrada como productora o no. En contra de la creencia general, no se distingue por la potencia contratada porque<strong> el RD no especifica que para ser de Tipo 2 tengas que tener m\u00e1s de 10kW<\/strong>, sino que pone el \u00e9nfasis en si se distingue productor y consumidor y, por lo tanto, debe estar inscrita en el registro de productores. Es decir, si una instalaci\u00f3n distingue productor y consumidor y, por ende, debe estar inscrita como productora, inmediatamente pasa a ser Tipo 2 aunque su potencia contratada sea inferior a 10kW.<\/p>\n<h2>\u00bfQu\u00e9 ventajas tiene el autoconsumo el\u00e9trico?<\/h2>\n<p>Si bien es cierto que el <a href=\"https:\/\/www.factorenergia.com\/es\/hogares\/placas-solares\/\" target=\"_blank\" rel=\"noopener\">autoconsumo solar<\/a>\u00a0es la medida m\u00e1s limpia y eficiente, tambi\u00e9n es verdad que la normativa vigente complica su aplicaci\u00f3n, por lo menos, si se quiere conectar la instalaci\u00f3n a la red. Ahora bien, en cualquiera de los casos, las ventajas son:<\/p>\n<p>&#8211; Reducci\u00f3n en la factura el\u00e9ctrica gracias al mejorado coste de la tecnolog\u00eda fotovoltaica.<\/p>\n<p>-M\u00ednimas p\u00e9rdidas de transporte y distribuci\u00f3n (desde el punto de generaci\u00f3n hasta el punto de consumo), en comparaci\u00f3n con las p\u00e9rdidas que se aplican al consumidor dom\u00e9stico tradicional, alrededor del 17%.<\/p>\n<p>-Disminuci\u00f3n de emisiones CO2; cuidamos el medioambiente.<\/p>\n<p>-Minoraci\u00f3n de la dependencia energ\u00e9tica, tanto de la red el\u00e9ctrica como de nuestro pa\u00eds con el exterior (reduciendo el uso de combustibles f\u00f3siles).<\/p>\n<p>&nbsp;<\/p>\n<p>La ley acumula diferentes quejas pero, actualmente, y a falta de gobierno, deberemos esperar para saber si se cambia alguna de las cl\u00e1usulas, se deroga la ley o, por lo contrario, se mejoran sus condiciones. Por ahora, y si pretendes contribuir a mejorar el planeta con una instalaci\u00f3n de autoconsumo, presta especial atenci\u00f3n al <a href=\"https:\/\/www.boe.es\/diario_boe\/txt.php?id=BOE-A-2015-10927\" target=\"_blank\" rel=\"noopener noreferrer\">Real Decreto<\/a> correspondiente para no pagar de m\u00e1s, saber c\u00f3mo debes inscribir tu instalaci\u00f3n y a qu\u00e9 tipo pertenece. En cualquier caso, <strong>acabar\u00e1s amortiz\u00e1ndola y utilizar\u00e1s una energ\u00eda totalmente limpia<\/strong>.<\/p>\n<p>&nbsp;<\/p>\n","protected":false},"excerpt":{"rendered":"<p>Explicamos las bases del autoconsumo y los problemas del impuesto al sol del que tanto hemos o\u00eddo hablar.<\/p>\n","protected":false},"author":17,"featured_media":0,"comment_status":"open","ping_status":"closed","sticky":false,"template":"","format":"standard","meta":{"inline_featured_image":false,"footnotes":""},"categories":[51],"tags":[],"acf":{"fecha_de_la_entrada":"20160927","imagen_portada":2388,"categoria_blog":null,"tipo_de_distribuidora":null,"tiempo_lectura":"","banner_bool":false,"titulo_banner":"","texto_banner":"","texto_boton_banner":"","url_boton_banner":"","post_relacionados":""},"yoast_head":"<!-- This site is optimized with the Yoast SEO plugin v22.2 - https:\/\/yoast.com\/wordpress\/plugins\/seo\/ -->\n<title>\u00bfQu\u00e9 es el impuesto al sol? | Factorenergia<\/title>\n<meta name=\"description\" content=\"Explicamos qu\u00e9 es el impuesto al sol y el autoconsumo. Problemas del impuesto al sol, uso de bater\u00edas y caracter\u00edsticas de instalaciones solares.\" \/>\n<meta name=\"robots\" content=\"index, follow, max-snippet:-1, max-image-preview:large, max-video-preview:-1\" \/>\n<link rel=\"canonical\" href=\"https:\/\/www.factorenergia.com\/es\/blog\/eficiencia-energetica\/impuesto-al-sol\/\" \/>\n<meta name=\"twitter:card\" content=\"summary_large_image\" \/>\n<meta name=\"twitter:title\" content=\"\u00bfQu\u00e9 es el impuesto al sol? | Factorenergia\" \/>\n<meta name=\"twitter:description\" content=\"Explicamos qu\u00e9 es el impuesto al sol y el autoconsumo. Problemas del impuesto al sol, uso de bater\u00edas y caracter\u00edsticas de instalaciones solares.\" \/>\n<meta name=\"twitter:creator\" content=\"@factorenergia\" \/>\n<meta name=\"twitter:site\" content=\"@factorenergia\" \/>\n<meta name=\"twitter:label1\" content=\"Escrito por\" \/>\n\t<meta name=\"twitter:data1\" content=\"Equipo Transici\u00f3n Energ\u00e9tica Factorenergia\" \/>\n\t<meta name=\"twitter:label2\" content=\"Tiempo de lectura\" \/>\n\t<meta name=\"twitter:data2\" content=\"5 minutos\" \/>\n<script type=\"application\/ld+json\" class=\"yoast-schema-graph\">{\"@context\":\"https:\/\/schema.org\",\"@graph\":[{\"@type\":\"WebPage\",\"@id\":\"https:\/\/www.factorenergia.com\/es\/blog\/eficiencia-energetica\/impuesto-al-sol\/\",\"url\":\"https:\/\/www.factorenergia.com\/es\/blog\/eficiencia-energetica\/impuesto-al-sol\/\",\"name\":\"\u00bfQu\u00e9 es el impuesto al sol? | Factorenergia\",\"isPartOf\":{\"@id\":\"https:\/\/www.factorenergia.com\/es\/#website\"},\"datePublished\":\"2016-09-27T07:39:14+00:00\",\"dateModified\":\"2023-06-08T13:21:39+00:00\",\"author\":{\"@id\":\"https:\/\/www.factorenergia.com\/es\/#\/schema\/person\/dff9e4b6dc520720e3a37bdaaedc5841\"},\"description\":\"Explicamos qu\u00e9 es el impuesto al sol y el autoconsumo. Problemas del impuesto al sol, uso de bater\u00edas y caracter\u00edsticas de instalaciones solares.\",\"breadcrumb\":{\"@id\":\"https:\/\/www.factorenergia.com\/es\/blog\/eficiencia-energetica\/impuesto-al-sol\/#breadcrumb\"},\"inLanguage\":\"es\",\"potentialAction\":[{\"@type\":\"ReadAction\",\"target\":[\"https:\/\/www.factorenergia.com\/es\/blog\/eficiencia-energetica\/impuesto-al-sol\/\"]}]},{\"@type\":\"BreadcrumbList\",\"@id\":\"https:\/\/www.factorenergia.com\/es\/blog\/eficiencia-energetica\/impuesto-al-sol\/#breadcrumb\",\"itemListElement\":[{\"@type\":\"ListItem\",\"position\":1,\"name\":\"Portada\",\"item\":\"https:\/\/www.factorenergia.com\/es\/\"},{\"@type\":\"ListItem\",\"position\":2,\"name\":\"\u00bfQu\u00e9 es el impuesto al sol?\"}]},{\"@type\":\"WebSite\",\"@id\":\"https:\/\/www.factorenergia.com\/es\/#website\",\"url\":\"https:\/\/www.factorenergia.com\/es\/\",\"name\":\"factorenergia\",\"description\":\"Factor Energ\u00eda\",\"potentialAction\":[{\"@type\":\"SearchAction\",\"target\":{\"@type\":\"EntryPoint\",\"urlTemplate\":\"https:\/\/www.factorenergia.com\/es\/?s={search_term_string}\"},\"query-input\":\"required name=search_term_string\"}],\"inLanguage\":\"es\"},{\"@type\":\"Person\",\"@id\":\"https:\/\/www.factorenergia.com\/es\/#\/schema\/person\/dff9e4b6dc520720e3a37bdaaedc5841\",\"name\":\"Equipo Transici\u00f3n Energ\u00e9tica Factorenergia\",\"image\":{\"@type\":\"ImageObject\",\"inLanguage\":\"es\",\"@id\":\"https:\/\/www.factorenergia.com\/es\/#\/schema\/person\/image\/\",\"url\":\"https:\/\/secure.gravatar.com\/avatar\/1b7c76bab80ee1c4261b06108874e24b?s=96&d=mm&r=g\",\"contentUrl\":\"https:\/\/secure.gravatar.com\/avatar\/1b7c76bab80ee1c4261b06108874e24b?s=96&d=mm&r=g\",\"caption\":\"Equipo Transici\u00f3n Energ\u00e9tica Factorenergia\"},\"description\":\"El equipo est\u00e1 formado por expertos en materia de Luz, Gas y Eficiencia Energ\u00e9tica, que conocen de primera mano las tendencias del mercado. Su experiencia en el sector les permite ofrecer las mejores soluciones energ\u00e9ticas y resolver las dudas planteadas por los clientes.\",\"sameAs\":[\"https:\/\/www.factorenergia.com\/es\/\",\"https:\/\/www.facebook.com\/factorenergiacom\",\"https:\/\/www.instagram.com\/factorenergia_com\/\",\"https:\/\/es.linkedin.com\/company\/factor-energia\",\"https:\/\/twitter.com\/factorenergia\",\"https:\/\/www.youtube.com\/c\/factorenergiacom\"],\"url\":\"https:\/\/www.factorenergia.com\/es\/blog\/author\/marketing\/\"}]}<\/script>\n<!-- \/ Yoast SEO plugin. -->","yoast_head_json":{"title":"\u00bfQu\u00e9 es el impuesto al sol? | Factorenergia","description":"Explicamos qu\u00e9 es el impuesto al sol y el autoconsumo. Problemas del impuesto al sol, uso de bater\u00edas y caracter\u00edsticas de instalaciones solares.","robots":{"index":"index","follow":"follow","max-snippet":"max-snippet:-1","max-image-preview":"max-image-preview:large","max-video-preview":"max-video-preview:-1"},"canonical":"https:\/\/www.factorenergia.com\/es\/blog\/eficiencia-energetica\/impuesto-al-sol\/","twitter_card":"summary_large_image","twitter_title":"\u00bfQu\u00e9 es el impuesto al sol? | Factorenergia","twitter_description":"Explicamos qu\u00e9 es el impuesto al sol y el autoconsumo. Problemas del impuesto al sol, uso de bater\u00edas y caracter\u00edsticas de instalaciones solares.","twitter_creator":"@factorenergia","twitter_site":"@factorenergia","twitter_misc":{"Escrito por":"Equipo Transici\u00f3n Energ\u00e9tica Factorenergia","Tiempo de lectura":"5 minutos"},"schema":{"@context":"https:\/\/schema.org","@graph":[{"@type":"WebPage","@id":"https:\/\/www.factorenergia.com\/es\/blog\/eficiencia-energetica\/impuesto-al-sol\/","url":"https:\/\/www.factorenergia.com\/es\/blog\/eficiencia-energetica\/impuesto-al-sol\/","name":"\u00bfQu\u00e9 es el impuesto al sol? | Factorenergia","isPartOf":{"@id":"https:\/\/www.factorenergia.com\/es\/#website"},"datePublished":"2016-09-27T07:39:14+00:00","dateModified":"2023-06-08T13:21:39+00:00","author":{"@id":"https:\/\/www.factorenergia.com\/es\/#\/schema\/person\/dff9e4b6dc520720e3a37bdaaedc5841"},"description":"Explicamos qu\u00e9 es el impuesto al sol y el autoconsumo. Problemas del impuesto al sol, uso de bater\u00edas y caracter\u00edsticas de instalaciones solares.","breadcrumb":{"@id":"https:\/\/www.factorenergia.com\/es\/blog\/eficiencia-energetica\/impuesto-al-sol\/#breadcrumb"},"inLanguage":"es","potentialAction":[{"@type":"ReadAction","target":["https:\/\/www.factorenergia.com\/es\/blog\/eficiencia-energetica\/impuesto-al-sol\/"]}]},{"@type":"BreadcrumbList","@id":"https:\/\/www.factorenergia.com\/es\/blog\/eficiencia-energetica\/impuesto-al-sol\/#breadcrumb","itemListElement":[{"@type":"ListItem","position":1,"name":"Portada","item":"https:\/\/www.factorenergia.com\/es\/"},{"@type":"ListItem","position":2,"name":"\u00bfQu\u00e9 es el impuesto al sol?"}]},{"@type":"WebSite","@id":"https:\/\/www.factorenergia.com\/es\/#website","url":"https:\/\/www.factorenergia.com\/es\/","name":"factorenergia","description":"Factor Energ\u00eda","potentialAction":[{"@type":"SearchAction","target":{"@type":"EntryPoint","urlTemplate":"https:\/\/www.factorenergia.com\/es\/?s={search_term_string}"},"query-input":"required name=search_term_string"}],"inLanguage":"es"},{"@type":"Person","@id":"https:\/\/www.factorenergia.com\/es\/#\/schema\/person\/dff9e4b6dc520720e3a37bdaaedc5841","name":"Equipo Transici\u00f3n Energ\u00e9tica Factorenergia","image":{"@type":"ImageObject","inLanguage":"es","@id":"https:\/\/www.factorenergia.com\/es\/#\/schema\/person\/image\/","url":"https:\/\/secure.gravatar.com\/avatar\/1b7c76bab80ee1c4261b06108874e24b?s=96&d=mm&r=g","contentUrl":"https:\/\/secure.gravatar.com\/avatar\/1b7c76bab80ee1c4261b06108874e24b?s=96&d=mm&r=g","caption":"Equipo Transici\u00f3n Energ\u00e9tica Factorenergia"},"description":"El equipo est\u00e1 formado por expertos en materia de Luz, Gas y Eficiencia Energ\u00e9tica, que conocen de primera mano las tendencias del mercado. Su experiencia en el sector les permite ofrecer las mejores soluciones energ\u00e9ticas y resolver las dudas planteadas por los clientes.","sameAs":["https:\/\/www.factorenergia.com\/es\/","https:\/\/www.facebook.com\/factorenergiacom","https:\/\/www.instagram.com\/factorenergia_com\/","https:\/\/es.linkedin.com\/company\/factor-energia","https:\/\/twitter.com\/factorenergia","https:\/\/www.youtube.com\/c\/factorenergiacom"],"url":"https:\/\/www.factorenergia.com\/es\/blog\/author\/marketing\/"}]}},"_links":{"self":[{"href":"https:\/\/www.factorenergia.com\/es\/wp-json\/wp\/v2\/posts\/2387"}],"collection":[{"href":"https:\/\/www.factorenergia.com\/es\/wp-json\/wp\/v2\/posts"}],"about":[{"href":"https:\/\/www.factorenergia.com\/es\/wp-json\/wp\/v2\/types\/post"}],"author":[{"embeddable":true,"href":"https:\/\/www.factorenergia.com\/es\/wp-json\/wp\/v2\/users\/17"}],"replies":[{"embeddable":true,"href":"https:\/\/www.factorenergia.com\/es\/wp-json\/wp\/v2\/comments?post=2387"}],"version-history":[{"count":3,"href":"https:\/\/www.factorenergia.com\/es\/wp-json\/wp\/v2\/posts\/2387\/revisions"}],"predecessor-version":[{"id":21965,"href":"https:\/\/www.factorenergia.com\/es\/wp-json\/wp\/v2\/posts\/2387\/revisions\/21965"}],"wp:attachment":[{"href":"https:\/\/www.factorenergia.com\/es\/wp-json\/wp\/v2\/media?parent=2387"}],"wp:term":[{"taxonomy":"category","embeddable":true,"href":"https:\/\/www.factorenergia.com\/es\/wp-json\/wp\/v2\/categories?post=2387"},{"taxonomy":"post_tag","embeddable":true,"href":"https:\/\/www.factorenergia.com\/es\/wp-json\/wp\/v2\/tags?post=2387"}],"curies":[{"name":"wp","href":"https:\/\/api.w.org\/{rel}","templated":true}]}}