{"id":20619,"date":"2023-03-30T15:38:34","date_gmt":"2023-03-30T13:38:34","guid":{"rendered":"https:\/\/www.factorenergia.com\/es\/?p=20619"},"modified":"2025-08-06T17:40:24","modified_gmt":"2025-08-06T15:40:24","slug":"que-son-los-derechos-de-emision-de-co2","status":"publish","type":"post","link":"https:\/\/www.factorenergia.com\/es\/blog\/factura-luz\/que-son-los-derechos-de-emision-de-co2\/","title":{"rendered":"Qu\u00e9 son los derechos de emisi\u00f3n de CO2"},"content":{"rendered":"<p>Los <strong>derechos de emisi\u00f3n de CO2<\/strong> son una forma de <strong>regulaci\u00f3n ambiental creada para reducir las emisiones de gases de efecto invernadero en la atm\u00f3sfera<\/strong>. Esta forma de regulaci\u00f3n se cre\u00f3 para combatir los efectos del cambio clim\u00e1tico por la sobreexplotaci\u00f3n de combustibles f\u00f3siles. Esta regulaci\u00f3n se cre\u00f3 para darle a los gobiernos y dem\u00e1s entidades un marco para alcanzar sus metas de reducci\u00f3n de emisiones.<\/p>\n<p>&nbsp;<\/p>\n<p>Dichos derechos permiten a las entidades, como los gobiernos, establecer un l\u00edmite en la cantidad de emisiones permitidas para su pa\u00eds o regi\u00f3n. Estos derechos de emisi\u00f3n son emitidos por el gobierno, y los contribuyentes deben adquirir un n\u00famero de ellos para poder operar legalmente. Estos derechos de emisi\u00f3n se pueden vender y comprar, y esto permite a las empresas reducir sus costos al comprar derechos de emisi\u00f3n adicionales.<\/p>\n<p>&nbsp;<\/p>\n<p>Estos son una herramienta clave para lograr una reducci\u00f3n significativa de las emisiones de gases de efecto invernadero. Esto motiva a las entidades a reducir sus emisiones de CO2 y a buscar formas de producci\u00f3n m\u00e1s limpias. Esta forma de regulaci\u00f3n es una forma importante de evitar el cambio clim\u00e1tico y mejorar la calidad del aire.<\/p>\n\r\n<script type=\"text\/javascript\" async defer>\r\n\r\n    jQuery(document).ready(function(){\t\t\r\n\t\t\r\n\t});\r\n<\/script>\r\n\r\n<style>\r\n\t.block-interested_posts{\r\n        margin-top: 10px;\r\n        padding: 20px;\r\n        border: 2px solid #92C200;\r\n    }\r\n    .block-interested_posts ul{\r\n        margin-bottom:0px;\r\n    }\r\n    .block-interested_posts ul li{\r\n        margin-bottom:5px;\r\n    }\r\n    .block-interested_posts ul li a{\r\n        \/*color: #DF981E;*\/\r\n    }\r\n\r\n<\/style>\r\n\r\n<div class=\"block-interested_posts\">\r\n    <p><strong>Post que te pueden interesar<\/strong><\/p>\r\n    <ul>\r\n                    <li><a href=\"https:\/\/www.factorenergia.com\/es\/blog\/historias-positivas\/crees-lo-sabes-la-electricidad-no-te-pierdas-estas-curiosidades\/\" title=\"\u00bfCrees que lo sabes todo sobre la electricidad? \u00a1No te pierdas estas curiosidades!\">\u00bfCrees que lo sabes todo sobre la electricidad? \u00a1No te pierdas estas curiosidades!<\/a><\/li>\r\n                    <li><a href=\"https:\/\/www.factorenergia.com\/es\/blog\/historias-positivas\/como-se-produce-la-electricidad\/\" title=\"\u00bfC\u00f3mo se produce la electricidad que llega a nuestra casa?\">\u00bfC\u00f3mo se produce la electricidad que llega a nuestra casa?<\/a><\/li>\r\n            <\/ul>\t\r\n<\/div>\n<h3><strong>C\u00f3mo afectan al precio de la luz<\/strong><\/h3>\n<p>En los \u00faltimos a\u00f1os, los gobiernos de todo el mundo han estado adoptando cada vez m\u00e1s medidas para combatir el cambio clim\u00e1tico. Una de esas iniciativas es la imposici\u00f3n de derechos de emisi\u00f3n de CO2. Pero esta medida tiene un costo significativo: el precio de la luz.<\/p>\n<p>&nbsp;<\/p>\n<p>Esto se debe principalmente a que el principal componente para generar electricidad es el carb\u00f3n, combustible f\u00f3sil que emite grandes cantidades de CO2. Como resultado, los gobiernos han impuesto derechos de emisi\u00f3n para obligar a los productores de energ\u00eda a reducir sus emisiones de CO2 o a pagar una tarifa por cada tonelada de CO2 emitida. Esta tarifa se refleja en el precio de la luz.<\/p>\n<p>&nbsp;<\/p>\n<p>Por lo tanto<strong>, los derechos de emisi\u00f3n de CO2 afectan directamente el precio de la luz<\/strong>. Por supuesto, el precio de la luz no se ve afectado solo por los derechos de emisi\u00f3n de CO2. Otras variables como los precios de los combustibles f\u00f3siles, la demanda de electricidad y la oferta de electricidad tambi\u00e9n influyen en el precio de la luz. Sin embargo, los derechos de emisi\u00f3n de CO2 son un factor importante a considerar.<\/p>\n","protected":false},"excerpt":{"rendered":"<p>Los derechos de emisi\u00f3n de CO2 son una forma de regulaci\u00f3n ambiental creada para reducir las emisiones de gases de efecto invernadero en la atm\u00f3sfera. Esta forma de regulaci\u00f3n se cre\u00f3 para combatir los efectos del cambio clim\u00e1tico por la sobreexplotaci\u00f3n de combustibles f\u00f3siles. Esta regulaci\u00f3n se cre\u00f3 para darle a los gobiernos y dem\u00e1s [&hellip;]<\/p>\n","protected":false},"author":17,"featured_media":0,"comment_status":"open","ping_status":"open","sticky":false,"template":"","format":"standard","meta":{"inline_featured_image":false,"footnotes":""},"categories":[52],"tags":[],"acf":{"fecha_de_la_entrada":"20230330","imagen_portada":29671,"categoria_blog":null,"tipo_de_distribuidora":null,"tiempo_lectura":"","banner_bool":false,"titulo_banner":"","texto_banner":"","texto_boton_banner":"","url_boton_banner":"","post_relacionados":""},"yoast_head":"<!-- This site is optimized with the Yoast SEO plugin v22.2 - https:\/\/yoast.com\/wordpress\/plugins\/seo\/ -->\n<title>Qu\u00e9 son los derechos de emisi\u00f3n de CO2 | factorenergia<\/title>\n<meta name=\"description\" content=\"Derechos de emisi\u00f3n de CO2 son una forma de regulaci\u00f3n ambiental creada para reducir las emisiones de gases de efecto invernadero.\" \/>\n<meta name=\"robots\" content=\"index, follow, max-snippet:-1, max-image-preview:large, max-video-preview:-1\" \/>\n<link rel=\"canonical\" href=\"https:\/\/www.factorenergia.com\/es\/blog\/factura-luz\/que-son-los-derechos-de-emision-de-co2\/\" \/>\n<meta name=\"twitter:card\" content=\"summary_large_image\" \/>\n<meta name=\"twitter:title\" content=\"Qu\u00e9 son los derechos de emisi\u00f3n de CO2 | factorenergia\" \/>\n<meta name=\"twitter:description\" content=\"Derechos de emisi\u00f3n de CO2 son una forma de regulaci\u00f3n ambiental creada para reducir las emisiones de gases de efecto invernadero.\" \/>\n<meta name=\"twitter:creator\" content=\"@factorenergia\" \/>\n<meta name=\"twitter:site\" content=\"@factorenergia\" \/>\n<meta name=\"twitter:label1\" content=\"Escrito por\" \/>\n\t<meta name=\"twitter:data1\" content=\"Equipo Transici\u00f3n Energ\u00e9tica Factorenergia\" \/>\n\t<meta name=\"twitter:label2\" content=\"Tiempo de lectura\" \/>\n\t<meta name=\"twitter:data2\" content=\"2 minutos\" \/>\n<script type=\"application\/ld+json\" class=\"yoast-schema-graph\">{\"@context\":\"https:\/\/schema.org\",\"@graph\":[{\"@type\":\"WebPage\",\"@id\":\"https:\/\/www.factorenergia.com\/es\/blog\/factura-luz\/que-son-los-derechos-de-emision-de-co2\/\",\"url\":\"https:\/\/www.factorenergia.com\/es\/blog\/factura-luz\/que-son-los-derechos-de-emision-de-co2\/\",\"name\":\"Qu\u00e9 son los derechos de emisi\u00f3n de CO2 | factorenergia\",\"isPartOf\":{\"@id\":\"https:\/\/www.factorenergia.com\/es\/#website\"},\"datePublished\":\"2023-03-30T13:38:34+00:00\",\"dateModified\":\"2025-08-06T15:40:24+00:00\",\"author\":{\"@id\":\"https:\/\/www.factorenergia.com\/es\/#\/schema\/person\/dff9e4b6dc520720e3a37bdaaedc5841\"},\"description\":\"Derechos de emisi\u00f3n de CO2 son una forma de regulaci\u00f3n ambiental creada para reducir las emisiones de gases de efecto invernadero.\",\"breadcrumb\":{\"@id\":\"https:\/\/www.factorenergia.com\/es\/blog\/factura-luz\/que-son-los-derechos-de-emision-de-co2\/#breadcrumb\"},\"inLanguage\":\"es\",\"potentialAction\":[{\"@type\":\"ReadAction\",\"target\":[\"https:\/\/www.factorenergia.com\/es\/blog\/factura-luz\/que-son-los-derechos-de-emision-de-co2\/\"]}]},{\"@type\":\"BreadcrumbList\",\"@id\":\"https:\/\/www.factorenergia.com\/es\/blog\/factura-luz\/que-son-los-derechos-de-emision-de-co2\/#breadcrumb\",\"itemListElement\":[{\"@type\":\"ListItem\",\"position\":1,\"name\":\"Portada\",\"item\":\"https:\/\/www.factorenergia.com\/es\/\"},{\"@type\":\"ListItem\",\"position\":2,\"name\":\"Qu\u00e9 son los derechos de emisi\u00f3n de CO2\"}]},{\"@type\":\"WebSite\",\"@id\":\"https:\/\/www.factorenergia.com\/es\/#website\",\"url\":\"https:\/\/www.factorenergia.com\/es\/\",\"name\":\"factorenergia\",\"description\":\"Factor Energ\u00eda\",\"potentialAction\":[{\"@type\":\"SearchAction\",\"target\":{\"@type\":\"EntryPoint\",\"urlTemplate\":\"https:\/\/www.factorenergia.com\/es\/?s={search_term_string}\"},\"query-input\":\"required name=search_term_string\"}],\"inLanguage\":\"es\"},{\"@type\":\"Person\",\"@id\":\"https:\/\/www.factorenergia.com\/es\/#\/schema\/person\/dff9e4b6dc520720e3a37bdaaedc5841\",\"name\":\"Equipo Transici\u00f3n Energ\u00e9tica Factorenergia\",\"image\":{\"@type\":\"ImageObject\",\"inLanguage\":\"es\",\"@id\":\"https:\/\/www.factorenergia.com\/es\/#\/schema\/person\/image\/\",\"url\":\"https:\/\/secure.gravatar.com\/avatar\/1b7c76bab80ee1c4261b06108874e24b?s=96&d=mm&r=g\",\"contentUrl\":\"https:\/\/secure.gravatar.com\/avatar\/1b7c76bab80ee1c4261b06108874e24b?s=96&d=mm&r=g\",\"caption\":\"Equipo Transici\u00f3n Energ\u00e9tica Factorenergia\"},\"description\":\"El equipo est\u00e1 formado por expertos en materia de Luz, Gas y Eficiencia Energ\u00e9tica, que conocen de primera mano las tendencias del mercado. Su experiencia en el sector les permite ofrecer las mejores soluciones energ\u00e9ticas y resolver las dudas planteadas por los clientes.\",\"sameAs\":[\"https:\/\/www.factorenergia.com\/es\/\",\"https:\/\/www.facebook.com\/factorenergiacom\",\"https:\/\/www.instagram.com\/factorenergia_com\/\",\"https:\/\/es.linkedin.com\/company\/factor-energia\",\"https:\/\/twitter.com\/factorenergia\",\"https:\/\/www.youtube.com\/c\/factorenergiacom\"],\"url\":\"https:\/\/www.factorenergia.com\/es\/blog\/author\/marketing\/\"}]}<\/script>\n<!-- \/ Yoast SEO plugin. -->","yoast_head_json":{"title":"Qu\u00e9 son los derechos de emisi\u00f3n de CO2 | factorenergia","description":"Derechos de emisi\u00f3n de CO2 son una forma de regulaci\u00f3n ambiental creada para reducir las emisiones de gases de efecto invernadero.","robots":{"index":"index","follow":"follow","max-snippet":"max-snippet:-1","max-image-preview":"max-image-preview:large","max-video-preview":"max-video-preview:-1"},"canonical":"https:\/\/www.factorenergia.com\/es\/blog\/factura-luz\/que-son-los-derechos-de-emision-de-co2\/","twitter_card":"summary_large_image","twitter_title":"Qu\u00e9 son los derechos de emisi\u00f3n de CO2 | factorenergia","twitter_description":"Derechos de emisi\u00f3n de CO2 son una forma de regulaci\u00f3n ambiental creada para reducir las emisiones de gases de efecto invernadero.","twitter_creator":"@factorenergia","twitter_site":"@factorenergia","twitter_misc":{"Escrito por":"Equipo Transici\u00f3n Energ\u00e9tica Factorenergia","Tiempo de lectura":"2 minutos"},"schema":{"@context":"https:\/\/schema.org","@graph":[{"@type":"WebPage","@id":"https:\/\/www.factorenergia.com\/es\/blog\/factura-luz\/que-son-los-derechos-de-emision-de-co2\/","url":"https:\/\/www.factorenergia.com\/es\/blog\/factura-luz\/que-son-los-derechos-de-emision-de-co2\/","name":"Qu\u00e9 son los derechos de emisi\u00f3n de CO2 | factorenergia","isPartOf":{"@id":"https:\/\/www.factorenergia.com\/es\/#website"},"datePublished":"2023-03-30T13:38:34+00:00","dateModified":"2025-08-06T15:40:24+00:00","author":{"@id":"https:\/\/www.factorenergia.com\/es\/#\/schema\/person\/dff9e4b6dc520720e3a37bdaaedc5841"},"description":"Derechos de emisi\u00f3n de CO2 son una forma de regulaci\u00f3n ambiental creada para reducir las emisiones de gases de efecto invernadero.","breadcrumb":{"@id":"https:\/\/www.factorenergia.com\/es\/blog\/factura-luz\/que-son-los-derechos-de-emision-de-co2\/#breadcrumb"},"inLanguage":"es","potentialAction":[{"@type":"ReadAction","target":["https:\/\/www.factorenergia.com\/es\/blog\/factura-luz\/que-son-los-derechos-de-emision-de-co2\/"]}]},{"@type":"BreadcrumbList","@id":"https:\/\/www.factorenergia.com\/es\/blog\/factura-luz\/que-son-los-derechos-de-emision-de-co2\/#breadcrumb","itemListElement":[{"@type":"ListItem","position":1,"name":"Portada","item":"https:\/\/www.factorenergia.com\/es\/"},{"@type":"ListItem","position":2,"name":"Qu\u00e9 son los derechos de emisi\u00f3n de CO2"}]},{"@type":"WebSite","@id":"https:\/\/www.factorenergia.com\/es\/#website","url":"https:\/\/www.factorenergia.com\/es\/","name":"factorenergia","description":"Factor Energ\u00eda","potentialAction":[{"@type":"SearchAction","target":{"@type":"EntryPoint","urlTemplate":"https:\/\/www.factorenergia.com\/es\/?s={search_term_string}"},"query-input":"required name=search_term_string"}],"inLanguage":"es"},{"@type":"Person","@id":"https:\/\/www.factorenergia.com\/es\/#\/schema\/person\/dff9e4b6dc520720e3a37bdaaedc5841","name":"Equipo Transici\u00f3n Energ\u00e9tica Factorenergia","image":{"@type":"ImageObject","inLanguage":"es","@id":"https:\/\/www.factorenergia.com\/es\/#\/schema\/person\/image\/","url":"https:\/\/secure.gravatar.com\/avatar\/1b7c76bab80ee1c4261b06108874e24b?s=96&d=mm&r=g","contentUrl":"https:\/\/secure.gravatar.com\/avatar\/1b7c76bab80ee1c4261b06108874e24b?s=96&d=mm&r=g","caption":"Equipo Transici\u00f3n Energ\u00e9tica Factorenergia"},"description":"El equipo est\u00e1 formado por expertos en materia de Luz, Gas y Eficiencia Energ\u00e9tica, que conocen de primera mano las tendencias del mercado. Su experiencia en el sector les permite ofrecer las mejores soluciones energ\u00e9ticas y resolver las dudas planteadas por los clientes.","sameAs":["https:\/\/www.factorenergia.com\/es\/","https:\/\/www.facebook.com\/factorenergiacom","https:\/\/www.instagram.com\/factorenergia_com\/","https:\/\/es.linkedin.com\/company\/factor-energia","https:\/\/twitter.com\/factorenergia","https:\/\/www.youtube.com\/c\/factorenergiacom"],"url":"https:\/\/www.factorenergia.com\/es\/blog\/author\/marketing\/"}]}},"_links":{"self":[{"href":"https:\/\/www.factorenergia.com\/es\/wp-json\/wp\/v2\/posts\/20619"}],"collection":[{"href":"https:\/\/www.factorenergia.com\/es\/wp-json\/wp\/v2\/posts"}],"about":[{"href":"https:\/\/www.factorenergia.com\/es\/wp-json\/wp\/v2\/types\/post"}],"author":[{"embeddable":true,"href":"https:\/\/www.factorenergia.com\/es\/wp-json\/wp\/v2\/users\/17"}],"replies":[{"embeddable":true,"href":"https:\/\/www.factorenergia.com\/es\/wp-json\/wp\/v2\/comments?post=20619"}],"version-history":[{"count":3,"href":"https:\/\/www.factorenergia.com\/es\/wp-json\/wp\/v2\/posts\/20619\/revisions"}],"predecessor-version":[{"id":29932,"href":"https:\/\/www.factorenergia.com\/es\/wp-json\/wp\/v2\/posts\/20619\/revisions\/29932"}],"wp:attachment":[{"href":"https:\/\/www.factorenergia.com\/es\/wp-json\/wp\/v2\/media?parent=20619"}],"wp:term":[{"taxonomy":"category","embeddable":true,"href":"https:\/\/www.factorenergia.com\/es\/wp-json\/wp\/v2\/categories?post=20619"},{"taxonomy":"post_tag","embeddable":true,"href":"https:\/\/www.factorenergia.com\/es\/wp-json\/wp\/v2\/tags?post=20619"}],"curies":[{"name":"wp","href":"https:\/\/api.w.org\/{rel}","templated":true}]}}