{"id":20494,"date":"2023-03-28T16:54:39","date_gmt":"2023-03-28T14:54:39","guid":{"rendered":"https:\/\/www.factorenergia.com\/es\/?p=20494"},"modified":"2025-07-04T13:05:38","modified_gmt":"2025-07-04T11:05:38","slug":"que-es-la-economia-circular","status":"publish","type":"post","link":"https:\/\/www.factorenergia.com\/es\/blog\/eficiencia-energetica\/que-es-la-economia-circular\/","title":{"rendered":"\u00bfQu\u00e9 es la econom\u00eda circular?"},"content":{"rendered":"<p>La <strong>Econom\u00eda Circular<\/strong> se refiere a <strong>un modelo de producci\u00f3n y consumo sostenible<\/strong> que considera el uso y reutilizaci\u00f3n de los recursos naturales. Esta alternativa se fundamenta en la preservaci\u00f3n de los recursos, lo que supone la reducci\u00f3n de la dependencia de los combustibles f\u00f3siles, y la generaci\u00f3n de una econom\u00eda limpia y verde.<\/p>\n<p>Los principios b\u00e1sicos de este modelo de econom\u00eda son:<\/p>\n<ul>\n<li>Promueve el <strong>uso de fuentes renovables<\/strong> para producir energ\u00eda.<\/li>\n<li>La <strong>reutilizaci\u00f3n de las materias primas y productos<\/strong>.<\/li>\n<li>El <strong>reaprovechamiento de los residuos<\/strong>, a trav\u00e9s del reciclaje.<\/li>\n<\/ul>\n<p>&nbsp;<\/p>\n<p>Por lo que, para que este modelo pueda funcionar, es necesario contar con las energ\u00edas renovables. En el \u00e1mbito de las energ\u00edas renovables<strong>, la <a href=\"https:\/\/www.factorenergia.com\/es\/blog\/autoconsumo-electrico\/energia-solar\/\"><\/a><a href=\"https:\/\/www.factorenergia.com\/es\/blog\/autoconsumo-electrico\/energia-solar\/\" title=\"Energ\u00eda solar, todo lo que tienes que saber\" target=\"_blank\" rel=\"noopener\">energ\u00eda solar<\/a> es una forma importante de <a href=\"https:\/\/www.factorenergia.com\/es\/blog\/noticias\/energias-renovables-caracteristicas-tipos-nuevos-retos\/\"><\/a><a href=\"https:\/\/www.factorenergia.com\/es\/blog\/noticias\/energias-renovables-caracteristicas-tipos-nuevos-retos\/\" title=\"Energ\u00edas renovables: caracter\u00edsticas, tipos y nuevos retos\" target=\"_blank\" rel=\"noopener\">energ\u00eda renovable<\/a> que forma parte de la econom\u00eda circular<\/strong>.<\/p>\n<p>&nbsp;<\/p>\n<p>La energ\u00eda solar es una fuente de energ\u00eda limpia y renovable que se obtiene directamente del sol. El calor y la luz del sol son capturados por paneles solares, que luego convierten el calor en electricidad. Esta energ\u00eda se puede usar para alimentar todo, desde hogares, industrias o comercios. As\u00ed alimentando todos aquellos dispositivos el\u00e9ctricos que lo requieran.\u00a0 Esta energ\u00eda solar no produce ninguna emisi\u00f3n de gases de efecto invernadero, lo que la hace ideal para ayudar a reducir la contaminaci\u00f3n y mejorar la calidad del aire.<\/p>\n<p>&nbsp;<\/p>\n<p><strong>En la econom\u00eda circular, la energ\u00eda solar se puede utilizar para mejorar la eficiencia energ\u00e9tica y ayudar a reducir los costes energ\u00e9ticos<\/strong>. La energ\u00eda solar tambi\u00e9n se puede <strong>utilizar para alimentar sistemas de reciclaje y para alimentar procesos de fabricaci\u00f3n.<\/strong> Esto significa que los materiales utilizados en la fabricaci\u00f3n de productos se pueden reciclar y volver a utilizar para fabricar nuevos productos, evitando as\u00ed que los residuos se acumulen.<\/p>\n<p>&nbsp;<\/p>\n<p>Adem\u00e1s, la energ\u00eda solar tambi\u00e9n puede <strong>alimentar<\/strong> <strong>sistemas de almacenamiento de energ\u00eda<\/strong>. Esto significa que los excedentes de energ\u00eda solar generados durante el d\u00eda se pueden almacenar para su uso posterior, lo que permite a las empresas y hogares disfrutar de un suministro de energ\u00eda ininterrumpido. Esto tambi\u00e9n puede ayudar a reducir la dependencia de los combustibles f\u00f3siles, lo que contribuye a un futuro sostenible.<\/p>\n<p>&nbsp;<\/p>\n<p>En definitiva, es innegable el importante papel de la energ\u00eda solar en la econom\u00eda circular. El concepto de la econom\u00eda circular y la energ\u00eda solar van de la mano, ya que ambas buscan un uso sostenible de los recursos naturales.<\/p>\n<p><!--- BANNER ESP AUTOCONSUMO --><\/p>\n<div style=\"background: white; box-shadow: 0px 5px 40px rgba(98, 129, 202, 0.2); margin-top: 0px; padding: 20px;\">\n<h4 style=\"margin-top: 0; margin-bottom: 10px;\">Instala placas solares y reduce tu factura el\u00e9ctrica<\/h4>\n<p><span style=\"display: block;\">Tu estudio de placas solares en menos de 48 horas. Sin compromiso.<\/span><br \/>\n<a href=\"https:\/\/www.factorenergia.com\/es\/hogares\/autoconsumo\/\" class=\"primary-btn center\">Preparamos tu estudio gratis<\/a><\/p>\n<\/div>\n<p><!--- BANNER ESP AUTOCONSUMO --><\/p>\n","protected":false},"excerpt":{"rendered":"<p>La Econom\u00eda Circular se refiere a un modelo de producci\u00f3n y consumo sostenible que considera el uso y reutilizaci\u00f3n de los recursos naturales. Esta alternativa se fundamenta en la preservaci\u00f3n de los recursos, lo que supone la reducci\u00f3n de la dependencia de los combustibles f\u00f3siles, y la generaci\u00f3n de una econom\u00eda limpia y verde. Los [&hellip;]<\/p>\n","protected":false},"author":17,"featured_media":0,"comment_status":"open","ping_status":"open","sticky":false,"template":"","format":"standard","meta":{"inline_featured_image":false,"footnotes":""},"categories":[51],"tags":[],"acf":{"fecha_de_la_entrada":"20230328","imagen_portada":28496,"categoria_blog":null,"tipo_de_distribuidora":null,"tiempo_lectura":"","banner_bool":false,"titulo_banner":"","texto_banner":"","texto_boton_banner":"","url_boton_banner":"","post_relacionados":[8705]},"yoast_head":"<!-- This site is optimized with the Yoast SEO plugin v22.2 - https:\/\/yoast.com\/wordpress\/plugins\/seo\/ -->\n<title>\u00bfQu\u00e9 es la econom\u00eda circular? | factorenergia<\/title>\n<meta name=\"description\" content=\"Todos los detalles sobre la econom\u00eda circular, un concepto econ\u00f3mico que optimiza el uso los materiales, energ\u00eda y residuos.\" \/>\n<meta name=\"robots\" content=\"index, follow, max-snippet:-1, max-image-preview:large, max-video-preview:-1\" \/>\n<link rel=\"canonical\" href=\"https:\/\/www.factorenergia.com\/es\/blog\/eficiencia-energetica\/que-es-la-economia-circular\/\" \/>\n<meta name=\"twitter:card\" content=\"summary_large_image\" \/>\n<meta name=\"twitter:title\" content=\"\u00bfQu\u00e9 es la econom\u00eda circular? | factorenergia\" \/>\n<meta name=\"twitter:description\" content=\"Todos los detalles sobre la econom\u00eda circular, un concepto econ\u00f3mico que optimiza el uso los materiales, energ\u00eda y residuos.\" \/>\n<meta name=\"twitter:creator\" content=\"@factorenergia\" \/>\n<meta name=\"twitter:site\" content=\"@factorenergia\" \/>\n<meta name=\"twitter:label1\" content=\"Escrito por\" \/>\n\t<meta name=\"twitter:data1\" content=\"Equipo Transici\u00f3n Energ\u00e9tica Factorenergia\" \/>\n\t<meta name=\"twitter:label2\" content=\"Tiempo de lectura\" \/>\n\t<meta name=\"twitter:data2\" content=\"2 minutos\" \/>\n<script type=\"application\/ld+json\" class=\"yoast-schema-graph\">{\"@context\":\"https:\/\/schema.org\",\"@graph\":[{\"@type\":\"WebPage\",\"@id\":\"https:\/\/www.factorenergia.com\/es\/blog\/eficiencia-energetica\/que-es-la-economia-circular\/\",\"url\":\"https:\/\/www.factorenergia.com\/es\/blog\/eficiencia-energetica\/que-es-la-economia-circular\/\",\"name\":\"\u00bfQu\u00e9 es la econom\u00eda circular? | factorenergia\",\"isPartOf\":{\"@id\":\"https:\/\/www.factorenergia.com\/es\/#website\"},\"datePublished\":\"2023-03-28T14:54:39+00:00\",\"dateModified\":\"2025-07-04T11:05:38+00:00\",\"author\":{\"@id\":\"https:\/\/www.factorenergia.com\/es\/#\/schema\/person\/dff9e4b6dc520720e3a37bdaaedc5841\"},\"description\":\"Todos los detalles sobre la econom\u00eda circular, un concepto econ\u00f3mico que optimiza el uso los materiales, energ\u00eda y residuos.\",\"breadcrumb\":{\"@id\":\"https:\/\/www.factorenergia.com\/es\/blog\/eficiencia-energetica\/que-es-la-economia-circular\/#breadcrumb\"},\"inLanguage\":\"es\",\"potentialAction\":[{\"@type\":\"ReadAction\",\"target\":[\"https:\/\/www.factorenergia.com\/es\/blog\/eficiencia-energetica\/que-es-la-economia-circular\/\"]}]},{\"@type\":\"BreadcrumbList\",\"@id\":\"https:\/\/www.factorenergia.com\/es\/blog\/eficiencia-energetica\/que-es-la-economia-circular\/#breadcrumb\",\"itemListElement\":[{\"@type\":\"ListItem\",\"position\":1,\"name\":\"Portada\",\"item\":\"https:\/\/www.factorenergia.com\/es\/\"},{\"@type\":\"ListItem\",\"position\":2,\"name\":\"\u00bfQu\u00e9 es la econom\u00eda circular?\"}]},{\"@type\":\"WebSite\",\"@id\":\"https:\/\/www.factorenergia.com\/es\/#website\",\"url\":\"https:\/\/www.factorenergia.com\/es\/\",\"name\":\"factorenergia\",\"description\":\"Factor Energ\u00eda\",\"potentialAction\":[{\"@type\":\"SearchAction\",\"target\":{\"@type\":\"EntryPoint\",\"urlTemplate\":\"https:\/\/www.factorenergia.com\/es\/?s={search_term_string}\"},\"query-input\":\"required name=search_term_string\"}],\"inLanguage\":\"es\"},{\"@type\":\"Person\",\"@id\":\"https:\/\/www.factorenergia.com\/es\/#\/schema\/person\/dff9e4b6dc520720e3a37bdaaedc5841\",\"name\":\"Equipo Transici\u00f3n Energ\u00e9tica Factorenergia\",\"image\":{\"@type\":\"ImageObject\",\"inLanguage\":\"es\",\"@id\":\"https:\/\/www.factorenergia.com\/es\/#\/schema\/person\/image\/\",\"url\":\"https:\/\/secure.gravatar.com\/avatar\/1b7c76bab80ee1c4261b06108874e24b?s=96&d=mm&r=g\",\"contentUrl\":\"https:\/\/secure.gravatar.com\/avatar\/1b7c76bab80ee1c4261b06108874e24b?s=96&d=mm&r=g\",\"caption\":\"Equipo Transici\u00f3n Energ\u00e9tica Factorenergia\"},\"description\":\"El equipo est\u00e1 formado por expertos en materia de Luz, Gas y Eficiencia Energ\u00e9tica, que conocen de primera mano las tendencias del mercado. Su experiencia en el sector les permite ofrecer las mejores soluciones energ\u00e9ticas y resolver las dudas planteadas por los clientes.\",\"sameAs\":[\"https:\/\/www.factorenergia.com\/es\/\",\"https:\/\/www.facebook.com\/factorenergiacom\",\"https:\/\/www.instagram.com\/factorenergia_com\/\",\"https:\/\/es.linkedin.com\/company\/factor-energia\",\"https:\/\/twitter.com\/factorenergia\",\"https:\/\/www.youtube.com\/c\/factorenergiacom\"],\"url\":\"https:\/\/www.factorenergia.com\/es\/blog\/author\/marketing\/\"}]}<\/script>\n<!-- \/ Yoast SEO plugin. -->","yoast_head_json":{"title":"\u00bfQu\u00e9 es la econom\u00eda circular? | factorenergia","description":"Todos los detalles sobre la econom\u00eda circular, un concepto econ\u00f3mico que optimiza el uso los materiales, energ\u00eda y residuos.","robots":{"index":"index","follow":"follow","max-snippet":"max-snippet:-1","max-image-preview":"max-image-preview:large","max-video-preview":"max-video-preview:-1"},"canonical":"https:\/\/www.factorenergia.com\/es\/blog\/eficiencia-energetica\/que-es-la-economia-circular\/","twitter_card":"summary_large_image","twitter_title":"\u00bfQu\u00e9 es la econom\u00eda circular? | factorenergia","twitter_description":"Todos los detalles sobre la econom\u00eda circular, un concepto econ\u00f3mico que optimiza el uso los materiales, energ\u00eda y residuos.","twitter_creator":"@factorenergia","twitter_site":"@factorenergia","twitter_misc":{"Escrito por":"Equipo Transici\u00f3n Energ\u00e9tica Factorenergia","Tiempo de lectura":"2 minutos"},"schema":{"@context":"https:\/\/schema.org","@graph":[{"@type":"WebPage","@id":"https:\/\/www.factorenergia.com\/es\/blog\/eficiencia-energetica\/que-es-la-economia-circular\/","url":"https:\/\/www.factorenergia.com\/es\/blog\/eficiencia-energetica\/que-es-la-economia-circular\/","name":"\u00bfQu\u00e9 es la econom\u00eda circular? | factorenergia","isPartOf":{"@id":"https:\/\/www.factorenergia.com\/es\/#website"},"datePublished":"2023-03-28T14:54:39+00:00","dateModified":"2025-07-04T11:05:38+00:00","author":{"@id":"https:\/\/www.factorenergia.com\/es\/#\/schema\/person\/dff9e4b6dc520720e3a37bdaaedc5841"},"description":"Todos los detalles sobre la econom\u00eda circular, un concepto econ\u00f3mico que optimiza el uso los materiales, energ\u00eda y residuos.","breadcrumb":{"@id":"https:\/\/www.factorenergia.com\/es\/blog\/eficiencia-energetica\/que-es-la-economia-circular\/#breadcrumb"},"inLanguage":"es","potentialAction":[{"@type":"ReadAction","target":["https:\/\/www.factorenergia.com\/es\/blog\/eficiencia-energetica\/que-es-la-economia-circular\/"]}]},{"@type":"BreadcrumbList","@id":"https:\/\/www.factorenergia.com\/es\/blog\/eficiencia-energetica\/que-es-la-economia-circular\/#breadcrumb","itemListElement":[{"@type":"ListItem","position":1,"name":"Portada","item":"https:\/\/www.factorenergia.com\/es\/"},{"@type":"ListItem","position":2,"name":"\u00bfQu\u00e9 es la econom\u00eda circular?"}]},{"@type":"WebSite","@id":"https:\/\/www.factorenergia.com\/es\/#website","url":"https:\/\/www.factorenergia.com\/es\/","name":"factorenergia","description":"Factor Energ\u00eda","potentialAction":[{"@type":"SearchAction","target":{"@type":"EntryPoint","urlTemplate":"https:\/\/www.factorenergia.com\/es\/?s={search_term_string}"},"query-input":"required name=search_term_string"}],"inLanguage":"es"},{"@type":"Person","@id":"https:\/\/www.factorenergia.com\/es\/#\/schema\/person\/dff9e4b6dc520720e3a37bdaaedc5841","name":"Equipo Transici\u00f3n Energ\u00e9tica Factorenergia","image":{"@type":"ImageObject","inLanguage":"es","@id":"https:\/\/www.factorenergia.com\/es\/#\/schema\/person\/image\/","url":"https:\/\/secure.gravatar.com\/avatar\/1b7c76bab80ee1c4261b06108874e24b?s=96&d=mm&r=g","contentUrl":"https:\/\/secure.gravatar.com\/avatar\/1b7c76bab80ee1c4261b06108874e24b?s=96&d=mm&r=g","caption":"Equipo Transici\u00f3n Energ\u00e9tica Factorenergia"},"description":"El equipo est\u00e1 formado por expertos en materia de Luz, Gas y Eficiencia Energ\u00e9tica, que conocen de primera mano las tendencias del mercado. Su experiencia en el sector les permite ofrecer las mejores soluciones energ\u00e9ticas y resolver las dudas planteadas por los clientes.","sameAs":["https:\/\/www.factorenergia.com\/es\/","https:\/\/www.facebook.com\/factorenergiacom","https:\/\/www.instagram.com\/factorenergia_com\/","https:\/\/es.linkedin.com\/company\/factor-energia","https:\/\/twitter.com\/factorenergia","https:\/\/www.youtube.com\/c\/factorenergiacom"],"url":"https:\/\/www.factorenergia.com\/es\/blog\/author\/marketing\/"}]}},"_links":{"self":[{"href":"https:\/\/www.factorenergia.com\/es\/wp-json\/wp\/v2\/posts\/20494"}],"collection":[{"href":"https:\/\/www.factorenergia.com\/es\/wp-json\/wp\/v2\/posts"}],"about":[{"href":"https:\/\/www.factorenergia.com\/es\/wp-json\/wp\/v2\/types\/post"}],"author":[{"embeddable":true,"href":"https:\/\/www.factorenergia.com\/es\/wp-json\/wp\/v2\/users\/17"}],"replies":[{"embeddable":true,"href":"https:\/\/www.factorenergia.com\/es\/wp-json\/wp\/v2\/comments?post=20494"}],"version-history":[{"count":5,"href":"https:\/\/www.factorenergia.com\/es\/wp-json\/wp\/v2\/posts\/20494\/revisions"}],"predecessor-version":[{"id":28498,"href":"https:\/\/www.factorenergia.com\/es\/wp-json\/wp\/v2\/posts\/20494\/revisions\/28498"}],"acf:post":[{"embeddable":true,"href":"https:\/\/www.factorenergia.com\/es\/wp-json\/wp\/v2\/posts\/8705"}],"wp:attachment":[{"href":"https:\/\/www.factorenergia.com\/es\/wp-json\/wp\/v2\/media?parent=20494"}],"wp:term":[{"taxonomy":"category","embeddable":true,"href":"https:\/\/www.factorenergia.com\/es\/wp-json\/wp\/v2\/categories?post=20494"},{"taxonomy":"post_tag","embeddable":true,"href":"https:\/\/www.factorenergia.com\/es\/wp-json\/wp\/v2\/tags?post=20494"}],"curies":[{"name":"wp","href":"https:\/\/api.w.org\/{rel}","templated":true}]}}