{"id":2019,"date":"2016-08-15T12:19:28","date_gmt":"2016-08-15T10:19:28","guid":{"rendered":"https:\/\/www.factorenergia.com\/es\/?post_type=blog&#038;p=2019"},"modified":"2023-02-14T18:48:22","modified_gmt":"2023-02-14T16:48:22","slug":"eficiencia-energetica-empresas","status":"publish","type":"post","link":"https:\/\/www.factorenergia.com\/es\/blog\/noticias\/eficiencia-energetica-empresas\/","title":{"rendered":"Normativa de eficiencia energ\u00e9tica para empresas"},"content":{"rendered":"<p><span style=\"color: #000000;\">Aprobado el <strong>Real Decreto<\/strong>\u00a056\/2016, del 12 de febrero, se estima que m\u00e1s de\u00a03000 empresas espa\u00f1olas deber\u00e1n pasar una auditor\u00eda energ\u00e9tica cada 4 a\u00f1os en pos de reducir su consumo energ\u00e9tico, dependencia energ\u00e9tica exterior, importaciones de combustibles f\u00f3siles y emisiones de efecto invernadero.<\/span><\/p>\n<h2><span style=\"color: #000000;\">Qu\u00e9 es el certificado de eficiencia energ\u00e9tica<\/span><\/h2>\n<p><span style=\"color: #000000;\">El certificado de eficiencia energ\u00e9tica es un documento oficial que redacta el auditor energ\u00e9tico o t\u00e9cnico y que aporta informaci\u00f3n sobre el consumo energ\u00e9tico de un inmueble.<\/span><\/p>\n<p><span style=\"color: #000000;\">Se lleva a cabo valorando sus necesidades energ\u00e9ticas (incluye agua caliente, calefacci\u00f3n, refrigeraci\u00f3n, iluminaci\u00f3n y ventilaci\u00f3n) y calculando su consumo anual. Una vez realizado, se le atribuye una etiqueta de eficiencia energ\u00e9tica cuya calificaci\u00f3n va de la A a la G (siendo A la mejor y G la peor).<\/span><\/p>\n<h2><span style=\"color: #000000;\">\u00bfY la auditor\u00eda energ\u00e9tica?<\/span><\/h2>\n<p><span style=\"color: #000000;\">Consta de un estudio realizado por un auditor o t\u00e9cnico autorizado que eval\u00faa, seg\u00fan el estado, entorno y caracter\u00edsticas\u00a0de la finca, edificio o empresa, las medidas que ser\u00eda adecuado adoptar para mejorar la eficiencia energ\u00e9tica del inmueble.\u00a0<\/span><\/p>\n<h2><span style=\"color: #000000;\">\u00bfQui\u00e9n debe obtener el certificado de eficiencia energ\u00e9tica?<\/span><\/h2>\n<p><span style=\"color: #000000;\">Esta acreditaci\u00f3n es de car\u00e1cter obligatorio, salvo contadas excepciones, para los propietarios de la parte individual de cualquier edificio de compraventa o alquiler, sean viviendas, oficinas o locales.<\/span><\/p>\n<h3><span style=\"color: #000000;\"><strong>Normativa de eficiencia energ\u00e9tica para empresas<\/strong><\/span><\/h3>\n<p><span style=\"color: #000000;\">Desde febrero de 2016, toda empresa con m\u00e1s de 250 trabajadores o con ingresos mayores a 50 millones de euros deber\u00e1 realizar una <strong>auditor\u00eda energ\u00e9tica obligatoria cada 4 a\u00f1os<\/strong>.<\/span><\/p>\n<p><span style=\"color: #000000;\">Las empresas solamente estar\u00e1n exentas de realizar la auditor\u00eda energ\u00e9tica en el caso que cuenten con sistemas de gesti\u00f3n ambiental aprobados con un certificado de eficiencia energ\u00e9tica en vigor. En caso contrario, el t\u00e9rmino m\u00e1ximo para realizar la correspondiente auditor\u00eda es de nueve meses, <strong>plazo que termina en noviembre de 2016<\/strong>.<\/span><\/p>\n<h3><span style=\"color: #000000;\"><strong>Cu\u00e1nto cuesta una auditor\u00eda energ\u00e9tica<\/strong><\/span><\/h3>\n<p><span style=\"color: #000000;\">Las auditor\u00edas deben ser realizadas por\u00a0<strong>auditores energ\u00e9ticos cualificados<\/strong> o por personal interno demostrablemente cualificados \u00a0en materia energ\u00e9tica a trav\u00e9s de formaci\u00f3n universitaria, FP o acreditando su competencia profesional te\u00f3rica y pr\u00e1ctica. En cuanto al importe, <strong>su\u00a0coste econ\u00f3mico puede variar\u00a0mucho<\/strong> en funci\u00f3n de las caracter\u00edsticas de las instalaciones y especialmente de los puntos de los puntos de energ\u00eda que\u00a0deben cubrir, al menos, <strong>un 85% del consumo total<\/strong> del conjunto. Es muy dif\u00edcil estimar un precio que depende de tantos factores, de modo que lo adecuado es pedir un presupuesto.<\/span><\/p>\n<p><span style=\"color: #000000;\">Sin embargo, y a pesar del corto espacio de tiempo que queda para presentar la auditor\u00eda favorable, se estima que cerca de un 40% de las empresas no la han realizado o terminado todav\u00eda. Se debe tener en cuenta que se trata de un estudio exhaustivo que puede llevar varios meses, con lo que se recomienda a aquellas empresas incluidas dentro de la obligaci\u00f3n a acelerar el proceso no solo para cumplir con la normativa, sino porque se trata de una medida que representa una inversi\u00f3n ya que puede conllevarle a la empresa potenciales <strong>ahorros del 20% en energ\u00eda <\/strong>una vez est\u00e9n aplicadas todas las medidas propuestas por el auditor en el certificado.<\/span><\/p>\n<p>&nbsp;<\/p>\n<p><span style=\"color: #000000;\">Si todav\u00eda est\u00e1s buscando auditores, date prisa porque el tiempo vuela. Mientras tanto, en Factorenergia te ofrecemos\u00a0tarifas muy orientadas a que ahorres y consejos y trucos de todo tipo en <a href=\"https:\/\/www.factorenergia.com\/es\/blog\/\" target=\"_blank\" rel=\"noopener\">nuestro blog<\/a>. Recuerda que, si tienes cualquier duda, <a href=\"https:\/\/www.factorenergia.com\/es\/contacto\/\" target=\"_blank\" rel=\"noopener\">puedes ponerte en contacto con nosotros<\/a>; te ayudaremos encantados.<\/span><\/p>\n<p>&nbsp;<\/p>\n","protected":false},"excerpt":{"rendered":"<p>Tal y como se expon\u00eda en la Directiva 2012\/27\/UE de Eficiencia Energ\u00e9tica, toda empresa de m\u00e1s de 250 trabajadores o cuyo volumen de negocio supere los 50 millones de euros deber\u00e1 realizar peri\u00f3dicamente auditor\u00edas de eficiencia energ\u00e9tica.<\/p>\n","protected":false},"author":17,"featured_media":0,"comment_status":"open","ping_status":"closed","sticky":false,"template":"","format":"standard","meta":{"inline_featured_image":false,"footnotes":""},"categories":[60],"tags":[],"acf":{"fecha_de_la_entrada":"20160815","imagen_portada":2020,"categoria_blog":60,"tipo_de_distribuidora":null,"tiempo_lectura":"","banner_bool":false,"titulo_banner":"","texto_banner":"","texto_boton_banner":"","url_boton_banner":"","post_relacionados":null},"yoast_head":"<!-- This site is optimized with the Yoast SEO plugin v22.2 - https:\/\/yoast.com\/wordpress\/plugins\/seo\/ -->\n<title>Normativa de eficiencia energ\u00e9tica para empresas<\/title>\n<meta name=\"description\" content=\"Se agota el plazo para la normativa de eficiencia energ\u00e9tica para empresas. Descubre qu\u00e9 es la auditoria y el certificado de eficiencia energ\u00e9tica.\" \/>\n<meta name=\"robots\" content=\"index, follow, max-snippet:-1, max-image-preview:large, max-video-preview:-1\" \/>\n<link rel=\"canonical\" href=\"https:\/\/www.factorenergia.com\/es\/blog\/noticias\/eficiencia-energetica-empresas\/\" \/>\n<meta name=\"twitter:card\" content=\"summary_large_image\" \/>\n<meta name=\"twitter:title\" content=\"Normativa de eficiencia energ\u00e9tica para empresas\" \/>\n<meta name=\"twitter:description\" content=\"Se agota el plazo para la normativa de eficiencia energ\u00e9tica para empresas. Descubre qu\u00e9 es la auditoria y el certificado de eficiencia energ\u00e9tica.\" \/>\n<meta name=\"twitter:creator\" content=\"@factorenergia\" \/>\n<meta name=\"twitter:site\" content=\"@factorenergia\" \/>\n<meta name=\"twitter:label1\" content=\"Escrito por\" \/>\n\t<meta name=\"twitter:data1\" content=\"Equipo Transici\u00f3n Energ\u00e9tica Factorenergia\" \/>\n\t<meta name=\"twitter:label2\" content=\"Tiempo de lectura\" \/>\n\t<meta name=\"twitter:data2\" content=\"3 minutos\" \/>\n<script type=\"application\/ld+json\" class=\"yoast-schema-graph\">{\"@context\":\"https:\/\/schema.org\",\"@graph\":[{\"@type\":\"WebPage\",\"@id\":\"https:\/\/www.factorenergia.com\/es\/blog\/noticias\/eficiencia-energetica-empresas\/\",\"url\":\"https:\/\/www.factorenergia.com\/es\/blog\/noticias\/eficiencia-energetica-empresas\/\",\"name\":\"Normativa de eficiencia energ\u00e9tica para empresas\",\"isPartOf\":{\"@id\":\"https:\/\/www.factorenergia.com\/es\/#website\"},\"datePublished\":\"2016-08-15T10:19:28+00:00\",\"dateModified\":\"2023-02-14T16:48:22+00:00\",\"author\":{\"@id\":\"https:\/\/www.factorenergia.com\/es\/#\/schema\/person\/dff9e4b6dc520720e3a37bdaaedc5841\"},\"description\":\"Se agota el plazo para la normativa de eficiencia energ\u00e9tica para empresas. Descubre qu\u00e9 es la auditoria y el certificado de eficiencia energ\u00e9tica.\",\"breadcrumb\":{\"@id\":\"https:\/\/www.factorenergia.com\/es\/blog\/noticias\/eficiencia-energetica-empresas\/#breadcrumb\"},\"inLanguage\":\"es\",\"potentialAction\":[{\"@type\":\"ReadAction\",\"target\":[\"https:\/\/www.factorenergia.com\/es\/blog\/noticias\/eficiencia-energetica-empresas\/\"]}]},{\"@type\":\"BreadcrumbList\",\"@id\":\"https:\/\/www.factorenergia.com\/es\/blog\/noticias\/eficiencia-energetica-empresas\/#breadcrumb\",\"itemListElement\":[{\"@type\":\"ListItem\",\"position\":1,\"name\":\"Portada\",\"item\":\"https:\/\/www.factorenergia.com\/es\/\"},{\"@type\":\"ListItem\",\"position\":2,\"name\":\"Normativa de eficiencia energ\u00e9tica para empresas\"}]},{\"@type\":\"WebSite\",\"@id\":\"https:\/\/www.factorenergia.com\/es\/#website\",\"url\":\"https:\/\/www.factorenergia.com\/es\/\",\"name\":\"factorenergia\",\"description\":\"Factor Energ\u00eda\",\"potentialAction\":[{\"@type\":\"SearchAction\",\"target\":{\"@type\":\"EntryPoint\",\"urlTemplate\":\"https:\/\/www.factorenergia.com\/es\/?s={search_term_string}\"},\"query-input\":\"required name=search_term_string\"}],\"inLanguage\":\"es\"},{\"@type\":\"Person\",\"@id\":\"https:\/\/www.factorenergia.com\/es\/#\/schema\/person\/dff9e4b6dc520720e3a37bdaaedc5841\",\"name\":\"Equipo Transici\u00f3n Energ\u00e9tica Factorenergia\",\"image\":{\"@type\":\"ImageObject\",\"inLanguage\":\"es\",\"@id\":\"https:\/\/www.factorenergia.com\/es\/#\/schema\/person\/image\/\",\"url\":\"https:\/\/secure.gravatar.com\/avatar\/1b7c76bab80ee1c4261b06108874e24b?s=96&d=mm&r=g\",\"contentUrl\":\"https:\/\/secure.gravatar.com\/avatar\/1b7c76bab80ee1c4261b06108874e24b?s=96&d=mm&r=g\",\"caption\":\"Equipo Transici\u00f3n Energ\u00e9tica Factorenergia\"},\"description\":\"El equipo est\u00e1 formado por expertos en materia de Luz, Gas y Eficiencia Energ\u00e9tica, que conocen de primera mano las tendencias del mercado. Su experiencia en el sector les permite ofrecer las mejores soluciones energ\u00e9ticas y resolver las dudas planteadas por los clientes.\",\"sameAs\":[\"https:\/\/www.factorenergia.com\/es\/\",\"https:\/\/www.facebook.com\/factorenergiacom\",\"https:\/\/www.instagram.com\/factorenergia_com\/\",\"https:\/\/es.linkedin.com\/company\/factor-energia\",\"https:\/\/twitter.com\/factorenergia\",\"https:\/\/www.youtube.com\/c\/factorenergiacom\"],\"url\":\"https:\/\/www.factorenergia.com\/es\/blog\/author\/marketing\/\"}]}<\/script>\n<!-- \/ Yoast SEO plugin. -->","yoast_head_json":{"title":"Normativa de eficiencia energ\u00e9tica para empresas","description":"Se agota el plazo para la normativa de eficiencia energ\u00e9tica para empresas. Descubre qu\u00e9 es la auditoria y el certificado de eficiencia energ\u00e9tica.","robots":{"index":"index","follow":"follow","max-snippet":"max-snippet:-1","max-image-preview":"max-image-preview:large","max-video-preview":"max-video-preview:-1"},"canonical":"https:\/\/www.factorenergia.com\/es\/blog\/noticias\/eficiencia-energetica-empresas\/","twitter_card":"summary_large_image","twitter_title":"Normativa de eficiencia energ\u00e9tica para empresas","twitter_description":"Se agota el plazo para la normativa de eficiencia energ\u00e9tica para empresas. Descubre qu\u00e9 es la auditoria y el certificado de eficiencia energ\u00e9tica.","twitter_creator":"@factorenergia","twitter_site":"@factorenergia","twitter_misc":{"Escrito por":"Equipo Transici\u00f3n Energ\u00e9tica Factorenergia","Tiempo de lectura":"3 minutos"},"schema":{"@context":"https:\/\/schema.org","@graph":[{"@type":"WebPage","@id":"https:\/\/www.factorenergia.com\/es\/blog\/noticias\/eficiencia-energetica-empresas\/","url":"https:\/\/www.factorenergia.com\/es\/blog\/noticias\/eficiencia-energetica-empresas\/","name":"Normativa de eficiencia energ\u00e9tica para empresas","isPartOf":{"@id":"https:\/\/www.factorenergia.com\/es\/#website"},"datePublished":"2016-08-15T10:19:28+00:00","dateModified":"2023-02-14T16:48:22+00:00","author":{"@id":"https:\/\/www.factorenergia.com\/es\/#\/schema\/person\/dff9e4b6dc520720e3a37bdaaedc5841"},"description":"Se agota el plazo para la normativa de eficiencia energ\u00e9tica para empresas. Descubre qu\u00e9 es la auditoria y el certificado de eficiencia energ\u00e9tica.","breadcrumb":{"@id":"https:\/\/www.factorenergia.com\/es\/blog\/noticias\/eficiencia-energetica-empresas\/#breadcrumb"},"inLanguage":"es","potentialAction":[{"@type":"ReadAction","target":["https:\/\/www.factorenergia.com\/es\/blog\/noticias\/eficiencia-energetica-empresas\/"]}]},{"@type":"BreadcrumbList","@id":"https:\/\/www.factorenergia.com\/es\/blog\/noticias\/eficiencia-energetica-empresas\/#breadcrumb","itemListElement":[{"@type":"ListItem","position":1,"name":"Portada","item":"https:\/\/www.factorenergia.com\/es\/"},{"@type":"ListItem","position":2,"name":"Normativa de eficiencia energ\u00e9tica para empresas"}]},{"@type":"WebSite","@id":"https:\/\/www.factorenergia.com\/es\/#website","url":"https:\/\/www.factorenergia.com\/es\/","name":"factorenergia","description":"Factor Energ\u00eda","potentialAction":[{"@type":"SearchAction","target":{"@type":"EntryPoint","urlTemplate":"https:\/\/www.factorenergia.com\/es\/?s={search_term_string}"},"query-input":"required name=search_term_string"}],"inLanguage":"es"},{"@type":"Person","@id":"https:\/\/www.factorenergia.com\/es\/#\/schema\/person\/dff9e4b6dc520720e3a37bdaaedc5841","name":"Equipo Transici\u00f3n Energ\u00e9tica Factorenergia","image":{"@type":"ImageObject","inLanguage":"es","@id":"https:\/\/www.factorenergia.com\/es\/#\/schema\/person\/image\/","url":"https:\/\/secure.gravatar.com\/avatar\/1b7c76bab80ee1c4261b06108874e24b?s=96&d=mm&r=g","contentUrl":"https:\/\/secure.gravatar.com\/avatar\/1b7c76bab80ee1c4261b06108874e24b?s=96&d=mm&r=g","caption":"Equipo Transici\u00f3n Energ\u00e9tica Factorenergia"},"description":"El equipo est\u00e1 formado por expertos en materia de Luz, Gas y Eficiencia Energ\u00e9tica, que conocen de primera mano las tendencias del mercado. Su experiencia en el sector les permite ofrecer las mejores soluciones energ\u00e9ticas y resolver las dudas planteadas por los clientes.","sameAs":["https:\/\/www.factorenergia.com\/es\/","https:\/\/www.facebook.com\/factorenergiacom","https:\/\/www.instagram.com\/factorenergia_com\/","https:\/\/es.linkedin.com\/company\/factor-energia","https:\/\/twitter.com\/factorenergia","https:\/\/www.youtube.com\/c\/factorenergiacom"],"url":"https:\/\/www.factorenergia.com\/es\/blog\/author\/marketing\/"}]}},"_links":{"self":[{"href":"https:\/\/www.factorenergia.com\/es\/wp-json\/wp\/v2\/posts\/2019"}],"collection":[{"href":"https:\/\/www.factorenergia.com\/es\/wp-json\/wp\/v2\/posts"}],"about":[{"href":"https:\/\/www.factorenergia.com\/es\/wp-json\/wp\/v2\/types\/post"}],"author":[{"embeddable":true,"href":"https:\/\/www.factorenergia.com\/es\/wp-json\/wp\/v2\/users\/17"}],"replies":[{"embeddable":true,"href":"https:\/\/www.factorenergia.com\/es\/wp-json\/wp\/v2\/comments?post=2019"}],"version-history":[{"count":1,"href":"https:\/\/www.factorenergia.com\/es\/wp-json\/wp\/v2\/posts\/2019\/revisions"}],"predecessor-version":[{"id":18865,"href":"https:\/\/www.factorenergia.com\/es\/wp-json\/wp\/v2\/posts\/2019\/revisions\/18865"}],"acf:term":[{"embeddable":true,"taxonomy":"category","href":"https:\/\/www.factorenergia.com\/es\/wp-json\/wp\/v2\/categories\/60"}],"wp:attachment":[{"href":"https:\/\/www.factorenergia.com\/es\/wp-json\/wp\/v2\/media?parent=2019"}],"wp:term":[{"taxonomy":"category","embeddable":true,"href":"https:\/\/www.factorenergia.com\/es\/wp-json\/wp\/v2\/categories?post=2019"},{"taxonomy":"post_tag","embeddable":true,"href":"https:\/\/www.factorenergia.com\/es\/wp-json\/wp\/v2\/tags?post=2019"}],"curies":[{"name":"wp","href":"https:\/\/api.w.org\/{rel}","templated":true}]}}