{"id":19763,"date":"2023-03-07T16:41:05","date_gmt":"2023-03-07T14:41:05","guid":{"rendered":"https:\/\/www.factorenergia.com\/es\/?p=19763"},"modified":"2025-08-06T16:23:01","modified_gmt":"2025-08-06T14:23:01","slug":"las-bajas-temperaturas-incrementan-la-eficiencia-de-las-placas-solares","status":"publish","type":"post","link":"https:\/\/www.factorenergia.com\/es\/blog\/autoconsumo-electrico\/las-bajas-temperaturas-incrementan-la-eficiencia-de-las-placas-solares\/","title":{"rendered":"\u00bfLas bajas temperaturas incrementan la eficiencia de las placas solares?"},"content":{"rendered":"<p>Las placas solares son una de las formas m\u00e1s eficientes de producir energ\u00eda limpia y renovable. A medida que la tecnolog\u00eda mejora, las placas solares se han convertido en una opci\u00f3n cada vez m\u00e1s atractiva para todos los usuarios para generar energ\u00eda. Pero hay que tener en cuenta, que, pese a que muchas veces relacionamos la energ\u00eda solar con el calor del sol, es importante que resolvamos una cuesti\u00f3n; \u00bflas bajas temperaturas afectan la eficiencia de las placas solares?<\/p>\n<p>&nbsp;<\/p>\n<p><strong>La respuesta a esta pregunta es S\u00cd<\/strong>, pero con matices ya que depende de varios factores.<\/p>\n<p>Es importante entender c\u00f3mo <strong>la temperatura afecta la producci\u00f3n de energ\u00eda solar.<\/strong> Las placas solares producen electricidad a partir de la luz solar. Cuando la luz solar entra en contacto con los paneles, se convierte en electricidad. La cantidad de electricidad que producen los paneles depende de la cantidad de luz solar disponible. Pero debemos apuntar que cuanto m\u00e1s caliente est\u00e9 el panel, menos eficiente ser\u00e1 la producci\u00f3n de electricidad, ya que el calor disipa la energ\u00eda de la luz. De ese modo, <strong>cuanto m\u00e1s fr\u00edo est\u00e9 el panel, m\u00e1s eficiente ser\u00e1 la producci\u00f3n de electricidad.<\/strong><\/p>\n<p>&nbsp;<\/p>\n<p>Sin embargo, hay <strong>otros factores que afectan la eficiencia de las placas solares<\/strong>, adem\u00e1s de la temperatura. Por ejemplo, <strong>la ubicaci\u00f3n del panel y la cantidad de luz solar que recibe<\/strong> son importantes. Si un panel se encuentra en un entorno c\u00e1lido, es probable que la producci\u00f3n de electricidad sea menor que si se encuentra en un entorno m\u00e1s fr\u00edo. Por otro lado, si un panel recibe una cantidad insuficiente de luz solar, no importa cu\u00e1nto se enfr\u00ede, no producir\u00e1 suficiente electricidad.<\/p>\n<p>&nbsp;<\/p>\n<p>Adem\u00e1s, tambi\u00e9n se debe tener en cuenta <strong>la calidad de los paneles solares<\/strong>, <strong>el dise\u00f1o del sistema solar y la cantidad de sombras<\/strong> que recibe un panel. Si un panel est\u00e1 da\u00f1ado o si el sistema solar no est\u00e1 bien dise\u00f1ado, es probable que la producci\u00f3n de electricidad sea menor. Por otro lado, si un panel recibe una cantidad significativa de sombra durante el d\u00eda, tambi\u00e9n puede reducir la producci\u00f3n de electricidad.<\/p>\n<p>&nbsp;<\/p>\n<p>En conclusi\u00f3n, <strong>las bajas temperaturas pueden aumentar la eficiencia de las placas solares<\/strong>. Sin embargo, tambi\u00e9n deben tenerse en cuenta los otros factores que hemos destacado ya que afectar\u00e1n directamente en la producci\u00f3n de electricidad.<\/p>\n<p><!--- BANNER ESP AUTOCONSUMO --><\/p>\n<div style=\"background: white; box-shadow: 0px 5px 40px rgba(98, 129, 202, 0.2); margin-top: 0px; padding: 20px;\">\n<h4 style=\"margin-top: 0; margin-bottom: 10px;\">Instala placas solares y reduce tu factura el\u00e9ctrica<\/h4>\n<p><span style=\"display: block;\">Tu estudio de placas solares en menos de 48 horas. Sin compromiso.<\/span><br \/>\n<a href=\"https:\/\/www.factorenergia.com\/es\/hogares\/autoconsumo\/\" class=\"primary-btn center\">Preparamos tu estudio gratis<\/a><\/p>\n<\/div>\n<p><!--- BANNER ESP AUTOCONSUMO --><\/p>\n","protected":false},"excerpt":{"rendered":"<p>Las placas solares son una de las formas m\u00e1s eficientes de producir energ\u00eda limpia y renovable. A medida que la tecnolog\u00eda mejora, las placas solares se han convertido en una opci\u00f3n cada vez m\u00e1s atractiva para todos los usuarios para generar energ\u00eda. Pero hay que tener en cuenta, que, pese a que muchas veces relacionamos [&hellip;]<\/p>\n","protected":false},"author":17,"featured_media":0,"comment_status":"open","ping_status":"open","sticky":false,"template":"","format":"standard","meta":{"inline_featured_image":false,"footnotes":""},"categories":[67],"tags":[],"acf":{"fecha_de_la_entrada":"20230307","imagen_portada":29292,"categoria_blog":null,"tipo_de_distribuidora":null,"tiempo_lectura":"","banner_bool":false,"titulo_banner":"","texto_banner":"","texto_boton_banner":"","url_boton_banner":"","post_relacionados":""},"yoast_head":"<!-- This site is optimized with the Yoast SEO plugin v22.2 - https:\/\/yoast.com\/wordpress\/plugins\/seo\/ -->\n<title>\u00bfLas bajas temperaturas incrementan la eficiencia de las placas solares? | factorenergia<\/title>\n<meta name=\"description\" content=\"\u00bfC\u00f3mo afecta la temperatura a la producci\u00f3n de energ\u00eda solar y el rendimiento de los paneles? Descubre los factores que contribuyen a esto.\" \/>\n<meta name=\"robots\" content=\"index, follow, max-snippet:-1, max-image-preview:large, max-video-preview:-1\" \/>\n<link rel=\"canonical\" href=\"https:\/\/www.factorenergia.com\/es\/blog\/autoconsumo-electrico\/las-bajas-temperaturas-incrementan-la-eficiencia-de-las-placas-solares\/\" \/>\n<meta name=\"twitter:card\" content=\"summary_large_image\" \/>\n<meta name=\"twitter:title\" content=\"\u00bfLas bajas temperaturas incrementan la eficiencia de las placas solares? | factorenergia\" \/>\n<meta name=\"twitter:description\" content=\"\u00bfC\u00f3mo afecta la temperatura a la producci\u00f3n de energ\u00eda solar y el rendimiento de los paneles? Descubre los factores que contribuyen a esto.\" \/>\n<meta name=\"twitter:creator\" content=\"@factorenergia\" \/>\n<meta name=\"twitter:site\" content=\"@factorenergia\" \/>\n<meta name=\"twitter:label1\" content=\"Escrito por\" \/>\n\t<meta name=\"twitter:data1\" content=\"Equipo Transici\u00f3n Energ\u00e9tica Factorenergia\" \/>\n\t<meta name=\"twitter:label2\" content=\"Tiempo de lectura\" \/>\n\t<meta name=\"twitter:data2\" content=\"2 minutos\" \/>\n<script type=\"application\/ld+json\" class=\"yoast-schema-graph\">{\"@context\":\"https:\/\/schema.org\",\"@graph\":[{\"@type\":\"WebPage\",\"@id\":\"https:\/\/www.factorenergia.com\/es\/blog\/autoconsumo-electrico\/las-bajas-temperaturas-incrementan-la-eficiencia-de-las-placas-solares\/\",\"url\":\"https:\/\/www.factorenergia.com\/es\/blog\/autoconsumo-electrico\/las-bajas-temperaturas-incrementan-la-eficiencia-de-las-placas-solares\/\",\"name\":\"\u00bfLas bajas temperaturas incrementan la eficiencia de las placas solares? | factorenergia\",\"isPartOf\":{\"@id\":\"https:\/\/www.factorenergia.com\/es\/#website\"},\"datePublished\":\"2023-03-07T14:41:05+00:00\",\"dateModified\":\"2025-08-06T14:23:01+00:00\",\"author\":{\"@id\":\"https:\/\/www.factorenergia.com\/es\/#\/schema\/person\/dff9e4b6dc520720e3a37bdaaedc5841\"},\"description\":\"\u00bfC\u00f3mo afecta la temperatura a la producci\u00f3n de energ\u00eda solar y el rendimiento de los paneles? Descubre los factores que contribuyen a esto.\",\"breadcrumb\":{\"@id\":\"https:\/\/www.factorenergia.com\/es\/blog\/autoconsumo-electrico\/las-bajas-temperaturas-incrementan-la-eficiencia-de-las-placas-solares\/#breadcrumb\"},\"inLanguage\":\"es\",\"potentialAction\":[{\"@type\":\"ReadAction\",\"target\":[\"https:\/\/www.factorenergia.com\/es\/blog\/autoconsumo-electrico\/las-bajas-temperaturas-incrementan-la-eficiencia-de-las-placas-solares\/\"]}]},{\"@type\":\"BreadcrumbList\",\"@id\":\"https:\/\/www.factorenergia.com\/es\/blog\/autoconsumo-electrico\/las-bajas-temperaturas-incrementan-la-eficiencia-de-las-placas-solares\/#breadcrumb\",\"itemListElement\":[{\"@type\":\"ListItem\",\"position\":1,\"name\":\"Portada\",\"item\":\"https:\/\/www.factorenergia.com\/es\/\"},{\"@type\":\"ListItem\",\"position\":2,\"name\":\"\u00bfLas bajas temperaturas incrementan la eficiencia de las placas solares?\"}]},{\"@type\":\"WebSite\",\"@id\":\"https:\/\/www.factorenergia.com\/es\/#website\",\"url\":\"https:\/\/www.factorenergia.com\/es\/\",\"name\":\"factorenergia\",\"description\":\"Factor Energ\u00eda\",\"potentialAction\":[{\"@type\":\"SearchAction\",\"target\":{\"@type\":\"EntryPoint\",\"urlTemplate\":\"https:\/\/www.factorenergia.com\/es\/?s={search_term_string}\"},\"query-input\":\"required name=search_term_string\"}],\"inLanguage\":\"es\"},{\"@type\":\"Person\",\"@id\":\"https:\/\/www.factorenergia.com\/es\/#\/schema\/person\/dff9e4b6dc520720e3a37bdaaedc5841\",\"name\":\"Equipo Transici\u00f3n Energ\u00e9tica Factorenergia\",\"image\":{\"@type\":\"ImageObject\",\"inLanguage\":\"es\",\"@id\":\"https:\/\/www.factorenergia.com\/es\/#\/schema\/person\/image\/\",\"url\":\"https:\/\/secure.gravatar.com\/avatar\/1b7c76bab80ee1c4261b06108874e24b?s=96&d=mm&r=g\",\"contentUrl\":\"https:\/\/secure.gravatar.com\/avatar\/1b7c76bab80ee1c4261b06108874e24b?s=96&d=mm&r=g\",\"caption\":\"Equipo Transici\u00f3n Energ\u00e9tica Factorenergia\"},\"description\":\"El equipo est\u00e1 formado por expertos en materia de Luz, Gas y Eficiencia Energ\u00e9tica, que conocen de primera mano las tendencias del mercado. Su experiencia en el sector les permite ofrecer las mejores soluciones energ\u00e9ticas y resolver las dudas planteadas por los clientes.\",\"sameAs\":[\"https:\/\/www.factorenergia.com\/es\/\",\"https:\/\/www.facebook.com\/factorenergiacom\",\"https:\/\/www.instagram.com\/factorenergia_com\/\",\"https:\/\/es.linkedin.com\/company\/factor-energia\",\"https:\/\/twitter.com\/factorenergia\",\"https:\/\/www.youtube.com\/c\/factorenergiacom\"],\"url\":\"https:\/\/www.factorenergia.com\/es\/blog\/author\/marketing\/\"}]}<\/script>\n<!-- \/ Yoast SEO plugin. -->","yoast_head_json":{"title":"\u00bfLas bajas temperaturas incrementan la eficiencia de las placas solares? | factorenergia","description":"\u00bfC\u00f3mo afecta la temperatura a la producci\u00f3n de energ\u00eda solar y el rendimiento de los paneles? Descubre los factores que contribuyen a esto.","robots":{"index":"index","follow":"follow","max-snippet":"max-snippet:-1","max-image-preview":"max-image-preview:large","max-video-preview":"max-video-preview:-1"},"canonical":"https:\/\/www.factorenergia.com\/es\/blog\/autoconsumo-electrico\/las-bajas-temperaturas-incrementan-la-eficiencia-de-las-placas-solares\/","twitter_card":"summary_large_image","twitter_title":"\u00bfLas bajas temperaturas incrementan la eficiencia de las placas solares? | factorenergia","twitter_description":"\u00bfC\u00f3mo afecta la temperatura a la producci\u00f3n de energ\u00eda solar y el rendimiento de los paneles? Descubre los factores que contribuyen a esto.","twitter_creator":"@factorenergia","twitter_site":"@factorenergia","twitter_misc":{"Escrito por":"Equipo Transici\u00f3n Energ\u00e9tica Factorenergia","Tiempo de lectura":"2 minutos"},"schema":{"@context":"https:\/\/schema.org","@graph":[{"@type":"WebPage","@id":"https:\/\/www.factorenergia.com\/es\/blog\/autoconsumo-electrico\/las-bajas-temperaturas-incrementan-la-eficiencia-de-las-placas-solares\/","url":"https:\/\/www.factorenergia.com\/es\/blog\/autoconsumo-electrico\/las-bajas-temperaturas-incrementan-la-eficiencia-de-las-placas-solares\/","name":"\u00bfLas bajas temperaturas incrementan la eficiencia de las placas solares? | factorenergia","isPartOf":{"@id":"https:\/\/www.factorenergia.com\/es\/#website"},"datePublished":"2023-03-07T14:41:05+00:00","dateModified":"2025-08-06T14:23:01+00:00","author":{"@id":"https:\/\/www.factorenergia.com\/es\/#\/schema\/person\/dff9e4b6dc520720e3a37bdaaedc5841"},"description":"\u00bfC\u00f3mo afecta la temperatura a la producci\u00f3n de energ\u00eda solar y el rendimiento de los paneles? Descubre los factores que contribuyen a esto.","breadcrumb":{"@id":"https:\/\/www.factorenergia.com\/es\/blog\/autoconsumo-electrico\/las-bajas-temperaturas-incrementan-la-eficiencia-de-las-placas-solares\/#breadcrumb"},"inLanguage":"es","potentialAction":[{"@type":"ReadAction","target":["https:\/\/www.factorenergia.com\/es\/blog\/autoconsumo-electrico\/las-bajas-temperaturas-incrementan-la-eficiencia-de-las-placas-solares\/"]}]},{"@type":"BreadcrumbList","@id":"https:\/\/www.factorenergia.com\/es\/blog\/autoconsumo-electrico\/las-bajas-temperaturas-incrementan-la-eficiencia-de-las-placas-solares\/#breadcrumb","itemListElement":[{"@type":"ListItem","position":1,"name":"Portada","item":"https:\/\/www.factorenergia.com\/es\/"},{"@type":"ListItem","position":2,"name":"\u00bfLas bajas temperaturas incrementan la eficiencia de las placas solares?"}]},{"@type":"WebSite","@id":"https:\/\/www.factorenergia.com\/es\/#website","url":"https:\/\/www.factorenergia.com\/es\/","name":"factorenergia","description":"Factor Energ\u00eda","potentialAction":[{"@type":"SearchAction","target":{"@type":"EntryPoint","urlTemplate":"https:\/\/www.factorenergia.com\/es\/?s={search_term_string}"},"query-input":"required name=search_term_string"}],"inLanguage":"es"},{"@type":"Person","@id":"https:\/\/www.factorenergia.com\/es\/#\/schema\/person\/dff9e4b6dc520720e3a37bdaaedc5841","name":"Equipo Transici\u00f3n Energ\u00e9tica Factorenergia","image":{"@type":"ImageObject","inLanguage":"es","@id":"https:\/\/www.factorenergia.com\/es\/#\/schema\/person\/image\/","url":"https:\/\/secure.gravatar.com\/avatar\/1b7c76bab80ee1c4261b06108874e24b?s=96&d=mm&r=g","contentUrl":"https:\/\/secure.gravatar.com\/avatar\/1b7c76bab80ee1c4261b06108874e24b?s=96&d=mm&r=g","caption":"Equipo Transici\u00f3n Energ\u00e9tica Factorenergia"},"description":"El equipo est\u00e1 formado por expertos en materia de Luz, Gas y Eficiencia Energ\u00e9tica, que conocen de primera mano las tendencias del mercado. Su experiencia en el sector les permite ofrecer las mejores soluciones energ\u00e9ticas y resolver las dudas planteadas por los clientes.","sameAs":["https:\/\/www.factorenergia.com\/es\/","https:\/\/www.facebook.com\/factorenergiacom","https:\/\/www.instagram.com\/factorenergia_com\/","https:\/\/es.linkedin.com\/company\/factor-energia","https:\/\/twitter.com\/factorenergia","https:\/\/www.youtube.com\/c\/factorenergiacom"],"url":"https:\/\/www.factorenergia.com\/es\/blog\/author\/marketing\/"}]}},"_links":{"self":[{"href":"https:\/\/www.factorenergia.com\/es\/wp-json\/wp\/v2\/posts\/19763"}],"collection":[{"href":"https:\/\/www.factorenergia.com\/es\/wp-json\/wp\/v2\/posts"}],"about":[{"href":"https:\/\/www.factorenergia.com\/es\/wp-json\/wp\/v2\/types\/post"}],"author":[{"embeddable":true,"href":"https:\/\/www.factorenergia.com\/es\/wp-json\/wp\/v2\/users\/17"}],"replies":[{"embeddable":true,"href":"https:\/\/www.factorenergia.com\/es\/wp-json\/wp\/v2\/comments?post=19763"}],"version-history":[{"count":1,"href":"https:\/\/www.factorenergia.com\/es\/wp-json\/wp\/v2\/posts\/19763\/revisions"}],"predecessor-version":[{"id":29818,"href":"https:\/\/www.factorenergia.com\/es\/wp-json\/wp\/v2\/posts\/19763\/revisions\/29818"}],"wp:attachment":[{"href":"https:\/\/www.factorenergia.com\/es\/wp-json\/wp\/v2\/media?parent=19763"}],"wp:term":[{"taxonomy":"category","embeddable":true,"href":"https:\/\/www.factorenergia.com\/es\/wp-json\/wp\/v2\/categories?post=19763"},{"taxonomy":"post_tag","embeddable":true,"href":"https:\/\/www.factorenergia.com\/es\/wp-json\/wp\/v2\/tags?post=19763"}],"curies":[{"name":"wp","href":"https:\/\/api.w.org\/{rel}","templated":true}]}}