{"id":1963,"date":"2016-08-12T11:13:58","date_gmt":"2016-08-12T09:13:58","guid":{"rendered":"https:\/\/www.factorenergia.com\/es\/?post_type=blog&#038;p=1963"},"modified":"2024-11-08T12:36:48","modified_gmt":"2024-11-08T10:36:48","slug":"nuevos-contadores","status":"publish","type":"post","link":"https:\/\/www.factorenergia.com\/es\/blog\/noticias\/nuevos-contadores\/","title":{"rendered":"Todo lo que debes saber sobre los nuevos contadores digitales"},"content":{"rendered":"<p><span style=\"color: #000000;\">Tanto si ya tienes instalado uno de los nuevos contadores como si todav\u00eda no es as\u00ed, puede que tengas preguntas relacionadas con su funcionamiento y consumo. \u00bfEs verdad todo lo que dicen del contador digital? Resolvemos dudas:<\/span><\/p>\n<p><span style=\"color: #000000;\">Les llamamos <strong>nuevos contadores digitales<\/strong> aunque llevan en nuestra vida desde 2010. Se trata de un sistema de medici\u00f3n digital que <strong>reemplazar\u00e1 a los anal\u00f3gicos por completo a finales de 2018<\/strong>. As\u00ed que, si eres de los que todav\u00eda no cuenta con esta tecnolog\u00eda, se te instalar\u00e1 uno en un periodo m\u00e1ximo de dos a\u00f1os.<\/span><\/p>\n<h2><span style=\"color: #000000;\">\u00bfCu\u00e1ndo me cambiar\u00e1n el contador?<\/span><\/h2>\n<p><span style=\"color: #000000;\">Est\u00e1 previsto que el <strong>31 de diciembre de 2018<\/strong> todo el mundo cuente con un contador digital. Debido a que estos contadores pertenecen a la Distribuidora, su instalaci\u00f3n depende de ella, de modo que te notificar\u00e1n cu\u00e1ndo pasar\u00e1 el t\u00e9cnico oficial a realizar el cambio. Otros casos en los que se te puede reemplazar el contador anal\u00f3gico por el digital, pueden ser:<\/span><\/p>\n<ul>\n<li><span style=\"color: #000000; font-size: 17px;\">Cambio de comercializadora con cambio de potencia o a tarifa con discriminaci\u00f3n horaria.<\/span><\/li>\n<li><span style=\"color: #000000; font-size: 17px;\">Cualquier tr\u00e1mite que conlleve una intervenci\u00f3n en el contador es susceptible de ser aprovechada para instalar el medidor digital.<\/span><\/li>\n<\/ul>\n<p><span style=\"color: #000000;\">En cualquiera de los casos, <strong>el instalador no te cobrar\u00e1 nada<\/strong>; su instalaci\u00f3n es completamente gratuita.<\/span><\/p>\n<h2><span style=\"color: #000000;\">\u00bfTendr\u00e9 que subir la potencia por el nuevo contador?<\/span><\/h2>\n<p><span style=\"color: #000000;\"><strong>En principio no<\/strong>. El nuevo contador va a facilitarte el control del consumo y a favorecer la exactitud en la facturaci\u00f3n, pero no deber\u00eda influir en tu potencia contratada.<\/span><\/p>\n<p><span style=\"color: #000000;\">Aun as\u00ed, se han dado casos en los que, tras la instalaci\u00f3n del contador digital, el usuario ha tenido que incrementar la potencia contratada ya que el nuevo contador dispone del <strong>ICP integrado<\/strong>, a diferencia de los contadores anal\u00f3gicos, que lo tienen externo y pod\u00edan ser modificados ilegalmente para no corresponder a su potencia contratada.<\/span><\/p>\n<p><span style=\"color: #000000;\">En el supuesto que tuvieras un ICP instalado con un amperaje superior al correspondiente a tu potencia contratada, lo cual ser\u00eda poco habitual, contabas con cierto margen a la alza si tu consumo se exced\u00eda de la potencia contratada; es decir, hac\u00eda que si te \u201cpasabas\u201d un poco no te \u201csaltaran los plomos\u201d. Dicho de otra forma: si el amperaje de tu ICP es superior al que deber\u00eda, probablemente te est\u00e9 dando un margen de potencia superior a la contratada y eso, con el nuevo contador, puede cortarte moment\u00e1neamente el suministro ya que limitar\u00e1 tu potencia m\u00e1xima a la contratada. Ni m\u00e1s ni menos.<\/span><\/p>\n<p><span style=\"color: #000000;\">Sugerimos que verifiques que el amperaje de tu ICP sea el correcto o que contactes con un t\u00e9cnico que pueda verificarlo para, en caso de ser necesario, poder tomar medidas antes de que el nuevo contador te deje sin luz de forma recurrente.<\/span><\/p>\n<h2><span style=\"color: #000000;\">Funci\u00f3n y ventajas del contador de luz digital<\/span><\/h2>\n<p><span style=\"color: #000000;\">El <strong>contador de luz<\/strong> <strong>digital<\/strong> vino al mundo para favorecer al consumidor con el poder de la informaci\u00f3n. Si bien es cierto que en la pr\u00e1ctica est\u00e1 levantando dudas y sospechas, estas son sus principales ventajas:<\/span><\/p>\n<ul>\n<li><span style=\"color: #000000; font-size: 17px;\">Evita la lectura del contador a domicilio.<\/span><\/li>\n<li><span style=\"color: #000000; font-size: 17px;\">Facilita la gesti\u00f3n de <strong>tr\u00e1mites a distancia<\/strong>, as\u00ed que los cambios de potencia se podr\u00e1n realizar de forma telem\u00e1tica.<\/span><\/li>\n<li><span style=\"color: #000000; font-size: 17px;\">Hace que pagues justo lo que consumes: <strong>elimina las facturas por lectura estimada<\/strong>.<\/span><\/li>\n<li><span style=\"color: #000000; font-size: 17px;\">Propicia un <strong>consumo m\u00e1s eficiente<\/strong>. Tendr\u00e1s acceso a tu consumo exacto en cada momento, de modo que podr\u00e1s tomar medidas de ahorro si lo vieras necesario.<\/span><\/li>\n<li><span style=\"color: #000000; font-size: 17px;\">Permite <strong>detectar un posible consumo anormal o residual<\/strong>, consultar tu potencia m\u00e1xima y poder decidir reducir la potencia si es necesario.<\/span><\/li>\n<li><span style=\"color: #000000; font-size: 17px;\">Ayuda a <strong>tomar conciencia del consumo real<\/strong> por horas ofreciendo esta informaci\u00f3n al usuario de forma transparente.<\/span><\/li>\n<\/ul>\n<h2><span style=\"color: #000000;\">\u00bfC\u00f3mo afecta el nuevo contador a mi tarifa?<\/span><\/h2>\n<p><span style=\"color: #000000;\">Aqu\u00ed est\u00e1 la madre del cordero. El mayor cometido del contador el\u00e9ctrico digital es poder monitorizar el consumo exacto de cada hora del d\u00eda y poder aplicar la <a href=\"https:\/\/www.factorenergia.com\/es\/luz\/tarifa-variable\/\"><strong>tarifa de luz por horas<\/strong><\/a>, lo cual te afecta directamente si perteneces a una de las denominadas Comercializadoras de referencia. Eso quiere decir que, si tienes contratada la antigua Tarifa de \u00faltimo recurso (TUR) \u2013actualmente llamada Precio voluntario al peque\u00f1o consumidor (<strong>PVPC<\/strong>)-, te habr\u00e1n empezado a cobrar el kW a un precio diferente cada hora del d\u00eda. Este precio lo determina principalmente el mercado mayorista diariamente para el d\u00eda siguiente, lo cual quiere decir dos cosas:<\/span><\/p>\n<ul>\n<li><span style=\"color: #000000; font-size: 17px;\">Que puedes ahorrar en tu factura adaptando tu consumo a las horas m\u00e1s baratas, que podr\u00e1s conocer con un d\u00eda de antelaci\u00f3n en nuestra aplicaci\u00f3n: <strong>FactorSmarthome<\/strong>.<\/span><\/li>\n<li><span style=\"color: #000000; font-size: 17px;\">Que si tienes contrato con una comercializadora del mercado libre como Factor Energ\u00eda, podr\u00e1s consultar los datos horarios de consumo en nuestro \u00e1rea de clientes y, si tienes una tarifa variable, ahorrar en tu factura adapt\u00e1ndote a las horas de menor precio. En caso que prefieras pagar siempre lo mismo, podr\u00e1s escoger la tarifa fija.<\/span><\/li>\n<\/ul>\n<h2><span style=\"color: #000000;\">\u00bfTe interesa la tarifa el\u00e9ctrica por horas?<\/span><\/h2>\n<p><span style=\"color: #000000;\">La tarifa el\u00e9ctrica por horas, si bien es en apariencia complicada, te ofrece una visi\u00f3n global y real para que puedas adaptar tu consumo a los horarios que te permitan realizar un consumo m\u00e1s eficiente y reducir el importe de tu factura.<\/span><\/p>\n<p><span style=\"color: #000000;\">Esta tarifa cuenta con 24 precios diferentes cada d\u00eda; uno por cada hora. Cada d\u00eda por la tarde se publicar\u00e1n los precios de la luz por horas del d\u00eda siguiente, facilitando que puedas prever cu\u00e1ndo realizar tu consumo el\u00e9ctrico. Para poder estar pendiente del precio por horas de la luz y para adaptar tu consumo al momento adecuado, cuentas con <strong>FactorSmarthome<\/strong>, una aplicaci\u00f3n en la que podr\u00e1s ver estos precios a la vez que estudiar tu consumo, compararlo con el de los vecinos y valorar tu nivel de eficiencia energ\u00e9tica para ayudarte a ahorrar.<\/span><\/p>\n<p>&nbsp;<\/p>\n<p><span style=\"color: #000000;\">As\u00ed que, recuerda, comprueba que el amperaje de tu ICP sea el adecuado, y valora qu\u00e9 tarifa se adapta mejor a ti. Sea la que sea, en <strong>Factorenergia<\/strong> te ofreceremos la opci\u00f3n que m\u00e1s se adapte a tus necesidades al mejor precio. Puedes obtener informaci\u00f3n online de nuestras tarifas, mediante nuestro <strong>chat<\/strong> o llam\u00e1ndonos al <strong>900 850 000<\/strong>. Nuestro servicio de atenci\u00f3n al cliente propio estar\u00e1 encantado de ayudarte a ahorrar. Y si ya est\u00e1s decidido y quieres contratar, ser\u00e1n 5 minutos. Te lo aseguramos.<\/span><\/p>\n<p>&nbsp;<\/p>\n","protected":false},"excerpt":{"rendered":"<p>\u00bfYa te han cambiado el contador? Habr\u00e1s le\u00eddo muchas cosas sobre qu\u00e9 pasa cuando te lo cambian y de la funcionalidad de los nuevos aparatos. Conoce sus ventajas.<\/p>\n","protected":false},"author":17,"featured_media":0,"comment_status":"open","ping_status":"closed","sticky":false,"template":"","format":"standard","meta":{"inline_featured_image":false,"footnotes":""},"categories":[60],"tags":[],"acf":{"fecha_de_la_entrada":"20160810","imagen_portada":2045,"categoria_blog":null,"tipo_de_distribuidora":null,"tiempo_lectura":"","banner_bool":false,"titulo_banner":"","texto_banner":"","texto_boton_banner":"","url_boton_banner":"","post_relacionados":""},"yoast_head":"<!-- This site is optimized with the Yoast SEO plugin v22.2 - https:\/\/yoast.com\/wordpress\/plugins\/seo\/ -->\n<title>\u00bfQu\u00e9 son y cuando instalar\u00e1n los nuevos contadores?<\/title>\n<meta name=\"description\" content=\"\u00bfTienes ya uno de los nuevos contadores? Tanto si es as\u00ed como si no, te explicamos qu\u00e9 tienen de especial, para qu\u00e9 sirven y en qu\u00e9 se diferencia.\" \/>\n<meta name=\"robots\" content=\"index, follow, max-snippet:-1, max-image-preview:large, max-video-preview:-1\" \/>\n<link rel=\"canonical\" href=\"https:\/\/www.factorenergia.com\/es\/blog\/noticias\/nuevos-contadores\/\" \/>\n<meta name=\"twitter:card\" content=\"summary_large_image\" \/>\n<meta name=\"twitter:title\" content=\"\u00bfQu\u00e9 son y cuando instalar\u00e1n los nuevos contadores?\" \/>\n<meta name=\"twitter:description\" content=\"\u00bfTienes ya uno de los nuevos contadores? Tanto si es as\u00ed como si no, te explicamos qu\u00e9 tienen de especial, para qu\u00e9 sirven y en qu\u00e9 se diferencia.\" \/>\n<meta name=\"twitter:creator\" content=\"@factorenergia\" \/>\n<meta name=\"twitter:site\" content=\"@factorenergia\" \/>\n<meta name=\"twitter:label1\" content=\"Escrito por\" \/>\n\t<meta name=\"twitter:data1\" content=\"Equipo Transici\u00f3n Energ\u00e9tica Factorenergia\" \/>\n\t<meta name=\"twitter:label2\" content=\"Tiempo de lectura\" \/>\n\t<meta name=\"twitter:data2\" content=\"5 minutos\" \/>\n<script type=\"application\/ld+json\" class=\"yoast-schema-graph\">{\"@context\":\"https:\/\/schema.org\",\"@graph\":[{\"@type\":\"WebPage\",\"@id\":\"https:\/\/www.factorenergia.com\/es\/blog\/noticias\/nuevos-contadores\/\",\"url\":\"https:\/\/www.factorenergia.com\/es\/blog\/noticias\/nuevos-contadores\/\",\"name\":\"\u00bfQu\u00e9 son y cuando instalar\u00e1n los nuevos contadores?\",\"isPartOf\":{\"@id\":\"https:\/\/www.factorenergia.com\/es\/#website\"},\"datePublished\":\"2016-08-12T09:13:58+00:00\",\"dateModified\":\"2024-11-08T10:36:48+00:00\",\"author\":{\"@id\":\"https:\/\/www.factorenergia.com\/es\/#\/schema\/person\/dff9e4b6dc520720e3a37bdaaedc5841\"},\"description\":\"\u00bfTienes ya uno de los nuevos contadores? Tanto si es as\u00ed como si no, te explicamos qu\u00e9 tienen de especial, para qu\u00e9 sirven y en qu\u00e9 se diferencia.\",\"breadcrumb\":{\"@id\":\"https:\/\/www.factorenergia.com\/es\/blog\/noticias\/nuevos-contadores\/#breadcrumb\"},\"inLanguage\":\"es\",\"potentialAction\":[{\"@type\":\"ReadAction\",\"target\":[\"https:\/\/www.factorenergia.com\/es\/blog\/noticias\/nuevos-contadores\/\"]}]},{\"@type\":\"BreadcrumbList\",\"@id\":\"https:\/\/www.factorenergia.com\/es\/blog\/noticias\/nuevos-contadores\/#breadcrumb\",\"itemListElement\":[{\"@type\":\"ListItem\",\"position\":1,\"name\":\"Portada\",\"item\":\"https:\/\/www.factorenergia.com\/es\/\"},{\"@type\":\"ListItem\",\"position\":2,\"name\":\"Todo lo que debes saber sobre los nuevos contadores digitales\"}]},{\"@type\":\"WebSite\",\"@id\":\"https:\/\/www.factorenergia.com\/es\/#website\",\"url\":\"https:\/\/www.factorenergia.com\/es\/\",\"name\":\"factorenergia\",\"description\":\"Factor Energ\u00eda\",\"potentialAction\":[{\"@type\":\"SearchAction\",\"target\":{\"@type\":\"EntryPoint\",\"urlTemplate\":\"https:\/\/www.factorenergia.com\/es\/?s={search_term_string}\"},\"query-input\":\"required name=search_term_string\"}],\"inLanguage\":\"es\"},{\"@type\":\"Person\",\"@id\":\"https:\/\/www.factorenergia.com\/es\/#\/schema\/person\/dff9e4b6dc520720e3a37bdaaedc5841\",\"name\":\"Equipo Transici\u00f3n Energ\u00e9tica Factorenergia\",\"image\":{\"@type\":\"ImageObject\",\"inLanguage\":\"es\",\"@id\":\"https:\/\/www.factorenergia.com\/es\/#\/schema\/person\/image\/\",\"url\":\"https:\/\/secure.gravatar.com\/avatar\/1b7c76bab80ee1c4261b06108874e24b?s=96&d=mm&r=g\",\"contentUrl\":\"https:\/\/secure.gravatar.com\/avatar\/1b7c76bab80ee1c4261b06108874e24b?s=96&d=mm&r=g\",\"caption\":\"Equipo Transici\u00f3n Energ\u00e9tica Factorenergia\"},\"description\":\"El equipo est\u00e1 formado por expertos en materia de Luz, Gas y Eficiencia Energ\u00e9tica, que conocen de primera mano las tendencias del mercado. Su experiencia en el sector les permite ofrecer las mejores soluciones energ\u00e9ticas y resolver las dudas planteadas por los clientes.\",\"sameAs\":[\"https:\/\/www.factorenergia.com\/es\/\",\"https:\/\/www.facebook.com\/factorenergiacom\",\"https:\/\/www.instagram.com\/factorenergia_com\/\",\"https:\/\/es.linkedin.com\/company\/factor-energia\",\"https:\/\/twitter.com\/factorenergia\",\"https:\/\/www.youtube.com\/c\/factorenergiacom\"],\"url\":\"https:\/\/www.factorenergia.com\/es\/blog\/author\/marketing\/\"}]}<\/script>\n<!-- \/ Yoast SEO plugin. -->","yoast_head_json":{"title":"\u00bfQu\u00e9 son y cuando instalar\u00e1n los nuevos contadores?","description":"\u00bfTienes ya uno de los nuevos contadores? Tanto si es as\u00ed como si no, te explicamos qu\u00e9 tienen de especial, para qu\u00e9 sirven y en qu\u00e9 se diferencia.","robots":{"index":"index","follow":"follow","max-snippet":"max-snippet:-1","max-image-preview":"max-image-preview:large","max-video-preview":"max-video-preview:-1"},"canonical":"https:\/\/www.factorenergia.com\/es\/blog\/noticias\/nuevos-contadores\/","twitter_card":"summary_large_image","twitter_title":"\u00bfQu\u00e9 son y cuando instalar\u00e1n los nuevos contadores?","twitter_description":"\u00bfTienes ya uno de los nuevos contadores? Tanto si es as\u00ed como si no, te explicamos qu\u00e9 tienen de especial, para qu\u00e9 sirven y en qu\u00e9 se diferencia.","twitter_creator":"@factorenergia","twitter_site":"@factorenergia","twitter_misc":{"Escrito por":"Equipo Transici\u00f3n Energ\u00e9tica Factorenergia","Tiempo de lectura":"5 minutos"},"schema":{"@context":"https:\/\/schema.org","@graph":[{"@type":"WebPage","@id":"https:\/\/www.factorenergia.com\/es\/blog\/noticias\/nuevos-contadores\/","url":"https:\/\/www.factorenergia.com\/es\/blog\/noticias\/nuevos-contadores\/","name":"\u00bfQu\u00e9 son y cuando instalar\u00e1n los nuevos contadores?","isPartOf":{"@id":"https:\/\/www.factorenergia.com\/es\/#website"},"datePublished":"2016-08-12T09:13:58+00:00","dateModified":"2024-11-08T10:36:48+00:00","author":{"@id":"https:\/\/www.factorenergia.com\/es\/#\/schema\/person\/dff9e4b6dc520720e3a37bdaaedc5841"},"description":"\u00bfTienes ya uno de los nuevos contadores? Tanto si es as\u00ed como si no, te explicamos qu\u00e9 tienen de especial, para qu\u00e9 sirven y en qu\u00e9 se diferencia.","breadcrumb":{"@id":"https:\/\/www.factorenergia.com\/es\/blog\/noticias\/nuevos-contadores\/#breadcrumb"},"inLanguage":"es","potentialAction":[{"@type":"ReadAction","target":["https:\/\/www.factorenergia.com\/es\/blog\/noticias\/nuevos-contadores\/"]}]},{"@type":"BreadcrumbList","@id":"https:\/\/www.factorenergia.com\/es\/blog\/noticias\/nuevos-contadores\/#breadcrumb","itemListElement":[{"@type":"ListItem","position":1,"name":"Portada","item":"https:\/\/www.factorenergia.com\/es\/"},{"@type":"ListItem","position":2,"name":"Todo lo que debes saber sobre los nuevos contadores digitales"}]},{"@type":"WebSite","@id":"https:\/\/www.factorenergia.com\/es\/#website","url":"https:\/\/www.factorenergia.com\/es\/","name":"factorenergia","description":"Factor Energ\u00eda","potentialAction":[{"@type":"SearchAction","target":{"@type":"EntryPoint","urlTemplate":"https:\/\/www.factorenergia.com\/es\/?s={search_term_string}"},"query-input":"required name=search_term_string"}],"inLanguage":"es"},{"@type":"Person","@id":"https:\/\/www.factorenergia.com\/es\/#\/schema\/person\/dff9e4b6dc520720e3a37bdaaedc5841","name":"Equipo Transici\u00f3n Energ\u00e9tica Factorenergia","image":{"@type":"ImageObject","inLanguage":"es","@id":"https:\/\/www.factorenergia.com\/es\/#\/schema\/person\/image\/","url":"https:\/\/secure.gravatar.com\/avatar\/1b7c76bab80ee1c4261b06108874e24b?s=96&d=mm&r=g","contentUrl":"https:\/\/secure.gravatar.com\/avatar\/1b7c76bab80ee1c4261b06108874e24b?s=96&d=mm&r=g","caption":"Equipo Transici\u00f3n Energ\u00e9tica Factorenergia"},"description":"El equipo est\u00e1 formado por expertos en materia de Luz, Gas y Eficiencia Energ\u00e9tica, que conocen de primera mano las tendencias del mercado. Su experiencia en el sector les permite ofrecer las mejores soluciones energ\u00e9ticas y resolver las dudas planteadas por los clientes.","sameAs":["https:\/\/www.factorenergia.com\/es\/","https:\/\/www.facebook.com\/factorenergiacom","https:\/\/www.instagram.com\/factorenergia_com\/","https:\/\/es.linkedin.com\/company\/factor-energia","https:\/\/twitter.com\/factorenergia","https:\/\/www.youtube.com\/c\/factorenergiacom"],"url":"https:\/\/www.factorenergia.com\/es\/blog\/author\/marketing\/"}]}},"_links":{"self":[{"href":"https:\/\/www.factorenergia.com\/es\/wp-json\/wp\/v2\/posts\/1963"}],"collection":[{"href":"https:\/\/www.factorenergia.com\/es\/wp-json\/wp\/v2\/posts"}],"about":[{"href":"https:\/\/www.factorenergia.com\/es\/wp-json\/wp\/v2\/types\/post"}],"author":[{"embeddable":true,"href":"https:\/\/www.factorenergia.com\/es\/wp-json\/wp\/v2\/users\/17"}],"replies":[{"embeddable":true,"href":"https:\/\/www.factorenergia.com\/es\/wp-json\/wp\/v2\/comments?post=1963"}],"version-history":[{"count":2,"href":"https:\/\/www.factorenergia.com\/es\/wp-json\/wp\/v2\/posts\/1963\/revisions"}],"predecessor-version":[{"id":26840,"href":"https:\/\/www.factorenergia.com\/es\/wp-json\/wp\/v2\/posts\/1963\/revisions\/26840"}],"wp:attachment":[{"href":"https:\/\/www.factorenergia.com\/es\/wp-json\/wp\/v2\/media?parent=1963"}],"wp:term":[{"taxonomy":"category","embeddable":true,"href":"https:\/\/www.factorenergia.com\/es\/wp-json\/wp\/v2\/categories?post=1963"},{"taxonomy":"post_tag","embeddable":true,"href":"https:\/\/www.factorenergia.com\/es\/wp-json\/wp\/v2\/tags?post=1963"}],"curies":[{"name":"wp","href":"https:\/\/api.w.org\/{rel}","templated":true}]}}