{"id":19570,"date":"2023-03-01T12:31:00","date_gmt":"2023-03-01T10:31:00","guid":{"rendered":"https:\/\/www.factorenergia.com\/es\/?p=19570"},"modified":"2025-08-06T16:26:41","modified_gmt":"2025-08-06T14:26:41","slug":"cuanto-peso-albergara-mi-cubierta-con-la-instalacion-fotovoltaica","status":"publish","type":"post","link":"https:\/\/www.factorenergia.com\/es\/blog\/autoconsumo-electrico\/cuanto-peso-albergara-mi-cubierta-con-la-instalacion-fotovoltaica\/","title":{"rendered":"\u00bfCu\u00e1nto peso albergar\u00e1 mi cubierta con la instalaci\u00f3n fotovoltaica?"},"content":{"rendered":"<p>&nbsp;<\/p>\n<p>Instalar un sistema fotovoltaico en la cubierta de tu casa puede ser una excelente forma de generar energ\u00eda renovable para tu hogar y ahorrar dinero en la factura de electricidad. Sin embargo, antes de instalar el sistema es importante asegurarse de que la estructura de la cubierta sea suficientemente fuerte para soportar el peso adicional. Entonces, \u00bfcu\u00e1nto peso albergar\u00e1 mi cubierta con la instalaci\u00f3n fotovoltaica?<\/p>\n<p>&nbsp;<\/p>\n<p>La respuesta a esta pregunta depende. <strong>Para determinar el peso total de la instalaci\u00f3n fotovoltaica, es necesario tener en cuenta diferentes factores, <\/strong>como el tama\u00f1o y el tipo de panel fotovoltaico que se vaya a instalar, el n\u00famero de paneles que se instalen, el tipo de materiales de la cubierta y la resistencia de la estructura de la cubierta<\/p>\n<p>&nbsp;<\/p>\n<p><strong>Un panel fotovoltaico t\u00edpico pesa entre 15 y 20 kilogramos<\/strong>. Dependiendo del tama\u00f1o y el tipo de panel fotovoltaico que se va a instalar, esta cifra puede variar. De ese modo, si se instalan varios paneles, <strong>el peso total se incrementar\u00e1 en funci\u00f3n del n\u00famero de paneles<\/strong>. Por lo tanto, si se instalan 10 paneles, el peso total de la instalaci\u00f3n fotovoltaica ser\u00eda de 200 kilogramos.<\/p>\n<p>&nbsp;<\/p>\n<p>Adem\u00e1s del peso del panel, tambi\u00e9n <strong>hay que tener en cuenta el peso de los soportes y los cables<\/strong> que se utilizan para montar el sistema fotovoltaico. Estos elementos no son muy pesados por s\u00ed mismos, pero, cuando se suman, pueden aumentar el peso total de la instalaci\u00f3n fotovoltaica.<\/p>\n<p>&nbsp;<\/p>\n<p><strong>Otro<\/strong> <strong>factor a tener en cuenta es el material de la cubierta.<\/strong> El material de la cubierta determinar\u00e1 la resistencia de la estructura de la cubierta y, por lo tanto, el peso m\u00e1ximo que se puede agregar a la cubierta. Por lo tanto, antes de instalar un sistema fotovoltaico, es esencial asegurarse de que el material de la cubierta sea suficientemente resistente para soportar el peso adicional de la instalaci\u00f3n.<\/p>\n<p>&nbsp;<\/p>\n<p>En general, se recomienda que el peso total de la instalaci\u00f3n fotovoltaica no exceda el 10 por ciento del peso de la estructura de la cubierta. Por lo tanto, para calcular el peso total de la instalaci\u00f3n fotovoltaica, es necesario tener en cuenta el peso del panel, los soportes, los cables y el material de la cubierta.<\/p>\n<p>Y para poder saber la cantidad de paneles solares, te ayudamos con el <a href=\"https:\/\/www.factorenergia.com\/es\/placas-solares-calcula\/\" target=\"_blank\" rel=\"noopener\">c\u00e1lculo de placas solares <\/a>que puedes necesitar en tu instalaci\u00f3n fotovoltaica.<\/p>\n<p><!--- BANNER ESP AUTOCONSUMO --><\/p>\n<div style=\"background: white; box-shadow: 0px 5px 40px rgba(98, 129, 202, 0.2); margin-top: 0px; padding: 20px;\">\n<h4 style=\"margin-top: 0; margin-bottom: 10px;\">Instala placas solares y reduce tu factura el\u00e9ctrica<\/h4>\n<p><span style=\"display: block;\">Tu estudio de placas solares en menos de 48 horas. Sin compromiso.<\/span><br \/>\n<a href=\"https:\/\/www.factorenergia.com\/es\/hogares\/autoconsumo\/\" class=\"primary-btn center\">Preparamos tu estudio gratis<\/a><\/p>\n<\/div>\n<p><!--- BANNER ESP AUTOCONSUMO --><\/p>\n","protected":false},"excerpt":{"rendered":"<p>&nbsp; Instalar un sistema fotovoltaico en la cubierta de tu casa puede ser una excelente forma de generar energ\u00eda renovable para tu hogar y ahorrar dinero en la factura de electricidad. Sin embargo, antes de instalar el sistema es importante asegurarse de que la estructura de la cubierta sea suficientemente fuerte para soportar el peso [&hellip;]<\/p>\n","protected":false},"author":17,"featured_media":0,"comment_status":"open","ping_status":"open","sticky":false,"template":"","format":"standard","meta":{"inline_featured_image":false,"footnotes":""},"categories":[67],"tags":[],"acf":{"fecha_de_la_entrada":"20230301","imagen_portada":29304,"categoria_blog":null,"tipo_de_distribuidora":null,"tiempo_lectura":"","banner_bool":false,"titulo_banner":"","texto_banner":"","texto_boton_banner":"","url_boton_banner":"","post_relacionados":""},"yoast_head":"<!-- This site is optimized with the Yoast SEO plugin v22.2 - https:\/\/yoast.com\/wordpress\/plugins\/seo\/ -->\n<title>\u00bfCu\u00e1nto peso albergar\u00e1 mi cubierta con la instalaci\u00f3n fotovoltaica? | factorenergia<\/title>\n<meta name=\"description\" content=\"Descubre en este art\u00edculo c\u00f3mo calcular los kilogramos agregar\u00e1 la instalaci\u00f3n fotovoltaica a tu cubierta.\" \/>\n<meta name=\"robots\" content=\"index, follow, max-snippet:-1, max-image-preview:large, max-video-preview:-1\" \/>\n<link rel=\"canonical\" href=\"https:\/\/www.factorenergia.com\/es\/blog\/autoconsumo-electrico\/cuanto-peso-albergara-mi-cubierta-con-la-instalacion-fotovoltaica\/\" \/>\n<meta name=\"twitter:card\" content=\"summary_large_image\" \/>\n<meta name=\"twitter:title\" content=\"\u00bfCu\u00e1nto peso albergar\u00e1 mi cubierta con la instalaci\u00f3n fotovoltaica? | factorenergia\" \/>\n<meta name=\"twitter:description\" content=\"Descubre en este art\u00edculo c\u00f3mo calcular los kilogramos agregar\u00e1 la instalaci\u00f3n fotovoltaica a tu cubierta.\" \/>\n<meta name=\"twitter:creator\" content=\"@factorenergia\" \/>\n<meta name=\"twitter:site\" content=\"@factorenergia\" \/>\n<meta name=\"twitter:label1\" content=\"Escrito por\" \/>\n\t<meta name=\"twitter:data1\" content=\"Equipo Transici\u00f3n Energ\u00e9tica Factorenergia\" \/>\n\t<meta name=\"twitter:label2\" content=\"Tiempo de lectura\" \/>\n\t<meta name=\"twitter:data2\" content=\"2 minutos\" \/>\n<script type=\"application\/ld+json\" class=\"yoast-schema-graph\">{\"@context\":\"https:\/\/schema.org\",\"@graph\":[{\"@type\":\"WebPage\",\"@id\":\"https:\/\/www.factorenergia.com\/es\/blog\/autoconsumo-electrico\/cuanto-peso-albergara-mi-cubierta-con-la-instalacion-fotovoltaica\/\",\"url\":\"https:\/\/www.factorenergia.com\/es\/blog\/autoconsumo-electrico\/cuanto-peso-albergara-mi-cubierta-con-la-instalacion-fotovoltaica\/\",\"name\":\"\u00bfCu\u00e1nto peso albergar\u00e1 mi cubierta con la instalaci\u00f3n fotovoltaica? | factorenergia\",\"isPartOf\":{\"@id\":\"https:\/\/www.factorenergia.com\/es\/#website\"},\"datePublished\":\"2023-03-01T10:31:00+00:00\",\"dateModified\":\"2025-08-06T14:26:41+00:00\",\"author\":{\"@id\":\"https:\/\/www.factorenergia.com\/es\/#\/schema\/person\/dff9e4b6dc520720e3a37bdaaedc5841\"},\"description\":\"Descubre en este art\u00edculo c\u00f3mo calcular los kilogramos agregar\u00e1 la instalaci\u00f3n fotovoltaica a tu cubierta.\",\"breadcrumb\":{\"@id\":\"https:\/\/www.factorenergia.com\/es\/blog\/autoconsumo-electrico\/cuanto-peso-albergara-mi-cubierta-con-la-instalacion-fotovoltaica\/#breadcrumb\"},\"inLanguage\":\"es\",\"potentialAction\":[{\"@type\":\"ReadAction\",\"target\":[\"https:\/\/www.factorenergia.com\/es\/blog\/autoconsumo-electrico\/cuanto-peso-albergara-mi-cubierta-con-la-instalacion-fotovoltaica\/\"]}]},{\"@type\":\"BreadcrumbList\",\"@id\":\"https:\/\/www.factorenergia.com\/es\/blog\/autoconsumo-electrico\/cuanto-peso-albergara-mi-cubierta-con-la-instalacion-fotovoltaica\/#breadcrumb\",\"itemListElement\":[{\"@type\":\"ListItem\",\"position\":1,\"name\":\"Portada\",\"item\":\"https:\/\/www.factorenergia.com\/es\/\"},{\"@type\":\"ListItem\",\"position\":2,\"name\":\"\u00bfCu\u00e1nto peso albergar\u00e1 mi cubierta con la instalaci\u00f3n fotovoltaica?\"}]},{\"@type\":\"WebSite\",\"@id\":\"https:\/\/www.factorenergia.com\/es\/#website\",\"url\":\"https:\/\/www.factorenergia.com\/es\/\",\"name\":\"factorenergia\",\"description\":\"Factor Energ\u00eda\",\"potentialAction\":[{\"@type\":\"SearchAction\",\"target\":{\"@type\":\"EntryPoint\",\"urlTemplate\":\"https:\/\/www.factorenergia.com\/es\/?s={search_term_string}\"},\"query-input\":\"required name=search_term_string\"}],\"inLanguage\":\"es\"},{\"@type\":\"Person\",\"@id\":\"https:\/\/www.factorenergia.com\/es\/#\/schema\/person\/dff9e4b6dc520720e3a37bdaaedc5841\",\"name\":\"Equipo Transici\u00f3n Energ\u00e9tica Factorenergia\",\"image\":{\"@type\":\"ImageObject\",\"inLanguage\":\"es\",\"@id\":\"https:\/\/www.factorenergia.com\/es\/#\/schema\/person\/image\/\",\"url\":\"https:\/\/secure.gravatar.com\/avatar\/1b7c76bab80ee1c4261b06108874e24b?s=96&d=mm&r=g\",\"contentUrl\":\"https:\/\/secure.gravatar.com\/avatar\/1b7c76bab80ee1c4261b06108874e24b?s=96&d=mm&r=g\",\"caption\":\"Equipo Transici\u00f3n Energ\u00e9tica Factorenergia\"},\"description\":\"El equipo est\u00e1 formado por expertos en materia de Luz, Gas y Eficiencia Energ\u00e9tica, que conocen de primera mano las tendencias del mercado. Su experiencia en el sector les permite ofrecer las mejores soluciones energ\u00e9ticas y resolver las dudas planteadas por los clientes.\",\"sameAs\":[\"https:\/\/www.factorenergia.com\/es\/\",\"https:\/\/www.facebook.com\/factorenergiacom\",\"https:\/\/www.instagram.com\/factorenergia_com\/\",\"https:\/\/es.linkedin.com\/company\/factor-energia\",\"https:\/\/twitter.com\/factorenergia\",\"https:\/\/www.youtube.com\/c\/factorenergiacom\"],\"url\":\"https:\/\/www.factorenergia.com\/es\/blog\/author\/marketing\/\"}]}<\/script>\n<!-- \/ Yoast SEO plugin. -->","yoast_head_json":{"title":"\u00bfCu\u00e1nto peso albergar\u00e1 mi cubierta con la instalaci\u00f3n fotovoltaica? | factorenergia","description":"Descubre en este art\u00edculo c\u00f3mo calcular los kilogramos agregar\u00e1 la instalaci\u00f3n fotovoltaica a tu cubierta.","robots":{"index":"index","follow":"follow","max-snippet":"max-snippet:-1","max-image-preview":"max-image-preview:large","max-video-preview":"max-video-preview:-1"},"canonical":"https:\/\/www.factorenergia.com\/es\/blog\/autoconsumo-electrico\/cuanto-peso-albergara-mi-cubierta-con-la-instalacion-fotovoltaica\/","twitter_card":"summary_large_image","twitter_title":"\u00bfCu\u00e1nto peso albergar\u00e1 mi cubierta con la instalaci\u00f3n fotovoltaica? | factorenergia","twitter_description":"Descubre en este art\u00edculo c\u00f3mo calcular los kilogramos agregar\u00e1 la instalaci\u00f3n fotovoltaica a tu cubierta.","twitter_creator":"@factorenergia","twitter_site":"@factorenergia","twitter_misc":{"Escrito por":"Equipo Transici\u00f3n Energ\u00e9tica Factorenergia","Tiempo de lectura":"2 minutos"},"schema":{"@context":"https:\/\/schema.org","@graph":[{"@type":"WebPage","@id":"https:\/\/www.factorenergia.com\/es\/blog\/autoconsumo-electrico\/cuanto-peso-albergara-mi-cubierta-con-la-instalacion-fotovoltaica\/","url":"https:\/\/www.factorenergia.com\/es\/blog\/autoconsumo-electrico\/cuanto-peso-albergara-mi-cubierta-con-la-instalacion-fotovoltaica\/","name":"\u00bfCu\u00e1nto peso albergar\u00e1 mi cubierta con la instalaci\u00f3n fotovoltaica? | factorenergia","isPartOf":{"@id":"https:\/\/www.factorenergia.com\/es\/#website"},"datePublished":"2023-03-01T10:31:00+00:00","dateModified":"2025-08-06T14:26:41+00:00","author":{"@id":"https:\/\/www.factorenergia.com\/es\/#\/schema\/person\/dff9e4b6dc520720e3a37bdaaedc5841"},"description":"Descubre en este art\u00edculo c\u00f3mo calcular los kilogramos agregar\u00e1 la instalaci\u00f3n fotovoltaica a tu cubierta.","breadcrumb":{"@id":"https:\/\/www.factorenergia.com\/es\/blog\/autoconsumo-electrico\/cuanto-peso-albergara-mi-cubierta-con-la-instalacion-fotovoltaica\/#breadcrumb"},"inLanguage":"es","potentialAction":[{"@type":"ReadAction","target":["https:\/\/www.factorenergia.com\/es\/blog\/autoconsumo-electrico\/cuanto-peso-albergara-mi-cubierta-con-la-instalacion-fotovoltaica\/"]}]},{"@type":"BreadcrumbList","@id":"https:\/\/www.factorenergia.com\/es\/blog\/autoconsumo-electrico\/cuanto-peso-albergara-mi-cubierta-con-la-instalacion-fotovoltaica\/#breadcrumb","itemListElement":[{"@type":"ListItem","position":1,"name":"Portada","item":"https:\/\/www.factorenergia.com\/es\/"},{"@type":"ListItem","position":2,"name":"\u00bfCu\u00e1nto peso albergar\u00e1 mi cubierta con la instalaci\u00f3n fotovoltaica?"}]},{"@type":"WebSite","@id":"https:\/\/www.factorenergia.com\/es\/#website","url":"https:\/\/www.factorenergia.com\/es\/","name":"factorenergia","description":"Factor Energ\u00eda","potentialAction":[{"@type":"SearchAction","target":{"@type":"EntryPoint","urlTemplate":"https:\/\/www.factorenergia.com\/es\/?s={search_term_string}"},"query-input":"required name=search_term_string"}],"inLanguage":"es"},{"@type":"Person","@id":"https:\/\/www.factorenergia.com\/es\/#\/schema\/person\/dff9e4b6dc520720e3a37bdaaedc5841","name":"Equipo Transici\u00f3n Energ\u00e9tica Factorenergia","image":{"@type":"ImageObject","inLanguage":"es","@id":"https:\/\/www.factorenergia.com\/es\/#\/schema\/person\/image\/","url":"https:\/\/secure.gravatar.com\/avatar\/1b7c76bab80ee1c4261b06108874e24b?s=96&d=mm&r=g","contentUrl":"https:\/\/secure.gravatar.com\/avatar\/1b7c76bab80ee1c4261b06108874e24b?s=96&d=mm&r=g","caption":"Equipo Transici\u00f3n Energ\u00e9tica Factorenergia"},"description":"El equipo est\u00e1 formado por expertos en materia de Luz, Gas y Eficiencia Energ\u00e9tica, que conocen de primera mano las tendencias del mercado. Su experiencia en el sector les permite ofrecer las mejores soluciones energ\u00e9ticas y resolver las dudas planteadas por los clientes.","sameAs":["https:\/\/www.factorenergia.com\/es\/","https:\/\/www.facebook.com\/factorenergiacom","https:\/\/www.instagram.com\/factorenergia_com\/","https:\/\/es.linkedin.com\/company\/factor-energia","https:\/\/twitter.com\/factorenergia","https:\/\/www.youtube.com\/c\/factorenergiacom"],"url":"https:\/\/www.factorenergia.com\/es\/blog\/author\/marketing\/"}]}},"_links":{"self":[{"href":"https:\/\/www.factorenergia.com\/es\/wp-json\/wp\/v2\/posts\/19570"}],"collection":[{"href":"https:\/\/www.factorenergia.com\/es\/wp-json\/wp\/v2\/posts"}],"about":[{"href":"https:\/\/www.factorenergia.com\/es\/wp-json\/wp\/v2\/types\/post"}],"author":[{"embeddable":true,"href":"https:\/\/www.factorenergia.com\/es\/wp-json\/wp\/v2\/users\/17"}],"replies":[{"embeddable":true,"href":"https:\/\/www.factorenergia.com\/es\/wp-json\/wp\/v2\/comments?post=19570"}],"version-history":[{"count":3,"href":"https:\/\/www.factorenergia.com\/es\/wp-json\/wp\/v2\/posts\/19570\/revisions"}],"predecessor-version":[{"id":29822,"href":"https:\/\/www.factorenergia.com\/es\/wp-json\/wp\/v2\/posts\/19570\/revisions\/29822"}],"wp:attachment":[{"href":"https:\/\/www.factorenergia.com\/es\/wp-json\/wp\/v2\/media?parent=19570"}],"wp:term":[{"taxonomy":"category","embeddable":true,"href":"https:\/\/www.factorenergia.com\/es\/wp-json\/wp\/v2\/categories?post=19570"},{"taxonomy":"post_tag","embeddable":true,"href":"https:\/\/www.factorenergia.com\/es\/wp-json\/wp\/v2\/tags?post=19570"}],"curies":[{"name":"wp","href":"https:\/\/api.w.org\/{rel}","templated":true}]}}