{"id":1945,"date":"2016-08-09T11:12:06","date_gmt":"2016-08-09T09:12:06","guid":{"rendered":"https:\/\/www.factorenergia.com\/es\/?post_type=blog&#038;p=1945"},"modified":"2024-10-28T14:42:36","modified_gmt":"2024-10-28T12:42:36","slug":"cuanto-consume-aire-acondicionado","status":"publish","type":"post","link":"https:\/\/www.factorenergia.com\/es\/blog\/eficiencia-energetica\/cuanto-consume-aire-acondicionado\/","title":{"rendered":"\u00bfCu\u00e1nto consume el aire acondicionado?"},"content":{"rendered":"<p><span>\n<script type=\"text\/javascript\" id=\"auto-index\" async defer>\n\n      function indexContent(context){\n\n      var container = document.querySelector(context);\n\n      element = document.getElementById(\"accordion-index\");\n      var titles = Array.from(container.querySelectorAll(\"h2,h3\"));\n\n      for (var i = 0, l = titles.length; i < l; i++) {\n\n\t\tjQuery('#accordionIndex').show();\n\n        var tit = titles[i];\n\t\tvar newTitle = tit.textContent.toLowerCase().replace(\/[^a-zA-Z ]\/g, \"\").replace(\/\\s\/g, '-');\n\t\tvar numTag = Number(tit.tagName.replace(\/[^1-9]\/g, \"\"));\n\t\tvar tagWidth = (numTag*20);\n\n\t\tvar preText = '<span style=\"margin-left:' + tagWidth + 'px\"><\/span>';\n\n        tit.setAttribute(\"id\", newTitle);\n\t\tjQuery(tit).addClass('h-inline');\n\t\t\n\t\tvar toIndex = '<p class=\"h-inline\"><a class=\"blog-toindex\" href=\"#accordionIndex\"><span class=\"glyphicon glyphicon-chevron-up\" aria-hidden=\"true\"><\/span><\/a><\/p>';\n\n\t\tjQuery(toIndex).insertAfter(tit);\n\n        var node = document.createElement(\"LI\");                 \n        var link = document.createElement(\"A\");\n        var textnode = document.createTextNode(tit.textContent);\n\n        link.appendChild(textnode);\n        link.setAttribute(\"href\", '#' + newTitle);\n\t\t\/\/link.setAttribute(\"style\", \"margin-left:\" + tagWidth + \"px\");\n\t\tlink.setAttribute(\"class\", \"acc-h\" + numTag);\n        node.appendChild(link);\n\n        element.appendChild(node);\n\n      }\n    }\n\n    jQuery(document).ready(function(){\t\t\n\t\tindexContent(\".single-post-content\");\n\n\t\tjQuery(\".accordion-toggle\").click(function() {\n\t\t\tjQuery(this).toggleClass(\"open\");\n\t\t\tjQuery(\"#collapseIndex\").slideToggle(\"in\");\n\t\t});\n\t});\n\n\n<\/script>\n\n<style>\n\t.accordion-toggle{\n\t\tcursor:pointer;\n\t}\n\n\t#accordionIndex .panel-heading{\n\t\tmargin-bottom:0px;\n\t}\n\n\t.articulo ul, .articulo ol{\n\t\tmargin-bottom:auto;\n\t}\n\n\t.h-inline{\n\t\tdisplay: inline-flex;\n\t\tflex-wrap: wrap\n\t}\n\t#accordion-index{\n\t\tpadding-left:0px;\n\t}\n\t#accordion-index li a{\n\t\tdisplay:block;\n\t\tpadding-top:5px;\n\t}\n\n\t.acc-h2{\n\t\tmargin-left:0px;\n\t\tposition: relative;\n\t}\n\n\t.acc-h3{\n\t\tmargin-left:25px;\n\t}\n\n\t.acc-h3::before{\n\t\tcontent: \"\";\n\t\tbackground-color:var(--blue-light);\n\t\tmargin-left:-10px;\n\t\twidth: 7px;\n\t\theight: 7px;\n\t\tdisplay: inline-block;\n\t\ttext-align: center;\n\t\tborder-radius: 1000px;\n\t\tmargin-right: 10px;\n    \tmargin-bottom: 2px;\n\t}\n\n\t.acc-h4{\n\t\tmargin-left:40px;\n\t}\n\n\t.acc-h4::before{\n\t\tcontent: \"\";\n\t\tborder: 1px solid var(--blue-light);\n\t\tmargin-left:-5px;\n\t\twidth: 7px;\n\t\theight: 7px;\n\t\tdisplay: inline-block;\n\t\ttext-align: center;\n\t\tborder-radius: 100%;\n\t\tmargin-right: 10px;\n    \tmargin-bottom: 2px;\n\t}\n\n\t.acc-h3:hover::before{\n\t\tbackground-color: var(--blue-darkest);\n\t}\n\n\t.acc-h4:hover::before{\n\t\tborder-color: var(--blue-darkest);\n\t}\n\n\t@media (max-width: 992px){\n\t\t.acc-h2{\n\t\t\tmargin-left:0px;\n\t\t}\n\t\t.acc-h3{\n\t\t\tmargin-left:20px;\n\t\t}\n\t\t.acc-h4{\n\t\t\tmargin-left:40px;\n\t\t}\n\t}\n\n\t\/*\n\th2.h-inline:after,\n\th3.h-inline:after{\n\t\theight: 24px;\n\t\tcontent: \"\";\n\t\tdisplay: table-row;\n\t}*\/\n<\/style>\n\n<div id=\"table-accordion-index\">\n\t<div class=\"panel-group\" id=\"accordionIndex\">\n\t\t<div class=\"panel panel-default\">\n\t\t\t<div class=\"panel-heading\">\n\t\t\t\t<div class=\"panel-title open\"><div class=\"accordion-toggle\" data-toggle=\"collapse\" data-parent=\"#accordion\" aria-expanded=\"true\">\u00cdndice<\/div><\/div>\n\t\t\t<\/div>\n\t\t\t<div id=\"collapseIndex\" class=\"panel-collapse collapse in\" aria-expanded=\"true\">\n\t\t\t\t<div class=\"panel-body\">\n\t\t\t\t\t<ul id=\"accordion-index\">\n\t\t\t\t\t<\/ul>\n\t\t\t\t<\/div>\n\t\t\t<\/div>\n\t\t<\/div>\n\t<\/div>\n<\/div><\/span><\/p>\n<p>\u00a1Hola agosto! Fiel amigo de las playas, el sol y el calor m\u00e1s insoportable de todo el verano. T\u00fa y tus temperaturas de hasta 45 grados en Sevilla nos hac\u00e9is preguntar: <strong>\u00bfcu\u00e1nto consume el aire acondicionado? <\/strong>No hay ventilador que alivie este calor, as\u00ed que vamos a ver c\u00f3mo afecta el aire acondicionado al precio de la luz.<\/p>\n<p>&nbsp;<\/p>\n<p>En un art\u00edculo anterior d\u00e1bamos algunos <strong><a href=\"https:\/\/www.factorenergia.com\/es\/blog\/ahorrar-electricidad\/consejos-para-ahorrar-energia-en-casa\/\" title=\"trucos para pagar menos luz\" target=\"_blank\" rel=\"noopener noreferrer\">consejos para ahorrar luz en verano<\/a><\/strong>, pero la realidad es que cuando el mercurio pasa de los 30\u00baC o encendemos un poco el aire acondicionado o nos fundimos con el suelo.<\/p>\n<p>&nbsp;<\/p>\n<p>As\u00ed que para arrojar algo de luz sobre el asunto, a continuaci\u00f3n, resolveremos dudas y haremos un c\u00e1lculo estimado del consumo y gasto del aire acondicionado:<\/p>\n<p>&nbsp;<\/p>\n<h2><strong>\u00bfEs cierto que encender el aire acondicionado sale caro?<\/strong><\/h2>\n<p>&nbsp;<\/p>\n<p>S\u00ed (la primera, en la frente), el aire acondicionado consume mucho m\u00e1s que su compa\u00f1ero el ventilador (con el que luego lo compararemos), pero puede que el diablo no sea tan malo como lo pintan:<\/p>\n<ul>\n<li><span style=\"font-size: 17px;\">Actualmente la mayor\u00eda de electrodom\u00e9sticos cuentan con una etiqueta que nos permite identificar su nivel de <strong>eficiencia energ\u00e9tica<\/strong>, pero como anteriormente no era as\u00ed, los aparatos antiguos tienden a consumir m\u00e1s; si el tuyo tiene ciertos a\u00f1os, valora cambiarlo por uno m\u00e1s eficiente.<\/span><\/li>\n<li><span style=\"font-size: 17px;\">Elige un aire acondicionado no muy potente. Necesitas refrescarte, no conseguir la temperatura del \u00c1rtico, de modo que controlando la potencia y la temperatura, puedes controlar el gasto el\u00e9ctrico. Si, adem\u00e1s, el aparato cuenta con tecnolog\u00eda <strong>inverter<\/strong>, tambi\u00e9n estar\u00e1s contribuyendo a un consumo m\u00e1s eficiente ya que mantendr\u00e1 la temperatura de confort de forma estable sin ciclos de encendido y apagado.<\/span><\/li>\n<\/ul>\n<div class=\"text-center center blog-cta\"><p>C&aacute;mbiate a factorenergia y ahorra un 12,5% en tu factura de la Luz ... &iexcl;Para Siempre!<\/p><a class=\"blog-cta primary-btn text-center solicitar-estudio\" target=\"_blank\" title=\"Llama Gratis o Contrata Online en 2 min\" href=\"https:\/\/www.factorenergia.com\/es\/como-cambiar-compania\/\">Llama Gratis o Contrata Online en 2 min<\/a><p><\/p><div style=\"display:none;\"><p>C&aacute;mbiate a factorenergia y ahorra un 12,5% en tu factura de la Luz ... &iexcl;Para Siempre!<\/p><\/div>\n\t\t\t<script type='text\/javascript'>\n\t\t\t\tjQuery('.solicitar-estudio').click(function(){\t\t\t\t\t\t\t\t\t\n\t\t\t\t\tdataLayer.push({'language': 'es'});\n\t\t\t\t\tdataLayer.push({'post_id': '1945'});\n\t\t\t\t\tdataLayer.push({'cat_type': 'luz'});\n\t\t\t\t});\n\t\t\t<\/script>\n\t\t<\/div><br\/>\n\r\n<script type=\"text\/javascript\" async defer>\r\n\r\n    jQuery(document).ready(function(){\t\t\r\n\t\t\r\n\t});\r\n<\/script>\r\n\r\n<style>\r\n\t.block-interested_posts{\r\n        margin-top: 10px;\r\n        padding: 20px;\r\n        border: 2px solid #92C200;\r\n    }\r\n    .block-interested_posts ul{\r\n        margin-bottom:0px;\r\n    }\r\n    .block-interested_posts ul li{\r\n        margin-bottom:5px;\r\n    }\r\n    .block-interested_posts ul li a{\r\n        \/*color: #DF981E;*\/\r\n    }\r\n\r\n<\/style>\r\n\r\n<div class=\"block-interested_posts\">\r\n    <p><strong>Post que te pueden interesar<\/strong><\/p>\r\n    <ul>\r\n                    <li><a href=\"https:\/\/www.factorenergia.com\/es\/blog\/eficiencia-energetica\/etiqueta-de-eficiencia-energetica\/\" title=\"La etiqueta de eficiencia energ\u00e9tica\">La etiqueta de eficiencia energ\u00e9tica<\/a><\/li>\r\n                    <li><a href=\"https:\/\/www.factorenergia.com\/es\/blog\/autoconsumo-electrico\/alternativas-energeticas-para-el-hogar\/\" title=\"Alternativas energ\u00e9ticas para el hogar\">Alternativas energ\u00e9ticas para el hogar<\/a><\/li>\r\n                    <li><a href=\"https:\/\/www.factorenergia.com\/es\/blog\/factura-luz\/cuantos-kwh-consume-una-casa-al-mes\/\" title=\"\u00bfCu\u00e1ntos kWh consume una casa al mes?\">\u00bfCu\u00e1ntos kWh consume una casa al mes?<\/a><\/li>\r\n            <\/ul>\t\r\n<\/div>\n<h2>El consumo del aire acondicionado<\/h2>\n<p>Como con cualquier electrodom\u00e9stico, el voltaje que requiere cada AC es distinto. Hay aires acondicionados que piden 600W y otros que 4000W o m\u00e1s.<\/p>\n<p>&nbsp;<\/p>\n<p>Pensando en un aire acondicionado est\u00e1ndar, supongamos que el nuestro nos pide <strong>2000W<\/strong>, o lo que es lo mismo, 2KW, y supongamos tambi\u00e9n (tirando a la alza) que lo encendemos 8h cada d\u00eda.<\/p>\n<p>&nbsp;<\/p>\n<p>Entonces:<\/p>\n<p>&nbsp;<\/p>\n<p>2KW x 8h encendido al d\u00eda = 16kWh \/ d\u00eda<\/p>\n<p>&nbsp;<\/p>\n<p>16kWh x 30 d\u00edas (un mes) = 480kWh\/mes<\/p>\n<p>&nbsp;<\/p>\n<p>Ahora multiplicamos ese resultado por el T\u00e9rmino Energ\u00eda, en el caso de <strong>Factorenergia: 0,122699\u20ac<\/strong>.<\/p>\n<p>&nbsp;<\/p>\n<p>480kWh x 0,122699\u20ac = <strong>58,90\u20ac \/ mes<\/strong>.<\/p>\n<p>&nbsp;<\/p>\n<p><strong>Pero (\u00a1ojo!) no es un c\u00e1lculo real<\/strong><\/p>\n<p>&nbsp;<\/p>\n<p>Para aproximarnos lo m\u00e1ximo posible, haremos una estimaci\u00f3n bas\u00e1ndonos en un perfil de usuario medio:<\/p>\n<ul>\n<li><span style=\"font-size: 17px;\">Por trabajo, sale de casa entre las 7h y las 8h y vuelve entre las 19h y las 21h.<\/span><\/li>\n<li><span style=\"font-size: 17px;\">Se acuesta entre las 23h y la 01h e intenta dormir unas 7h.<\/span><\/li>\n<li><span style=\"font-size: 17px;\">Jornada laboral de lunes a viernes.<\/span><\/li>\n<\/ul>\n<p>Siendo as\u00ed, estar\u00edamos hablando de alguien que est\u00e1 en casa unas 12 horas, de las cuales se pasa durmiendo la mitad o m\u00e1s.<\/p>\n<p>&nbsp;<\/p>\n<p><strong>\u00bfTe identificas?<\/strong><\/p>\n<p><strong>Hagamos el c\u00e1lculo (m\u00e1s o menos) real<\/strong><\/p>\n<p>&nbsp;<\/p>\n<p>Partiendo del perfil anterior, restaremos las horas de sue\u00f1o, ya que idealmente hay que apagar el aire acondicionado para dormir o contar con un temporizador. Siendo as\u00ed, nos quedan de 5 a 7 horas al d\u00eda de las que, imaginemos, tenemos el AC encendido 6:<\/p>\n<p>&nbsp;<\/p>\n<p>6 horas al d\u00eda x 5 d\u00edas laborables = 30 horas semanales x 4 semanas = 120 horas \/mes.<\/p>\n<p>&nbsp;<\/p>\n<p>Siguiendo el c\u00e1lculo anterior \u2013 y teniendo en cuenta que 6 horas seguidas son muchas-, un mes \u201claborable\u201d <strong>costar\u00eda 29,45\u20ac<\/strong> (2KW x 120 horas x T.E).<\/p>\n<p>&nbsp;<\/p>\n<p><strong>\u00bfY qu\u00e9 pasa el fin de semana?<\/strong><\/p>\n<p>&nbsp;<\/p>\n<p>Supongamos que el usuario medio pasa 1 de los 4 fines de semana fuera de casa y que, los 3 restantes, hace el sacrificio de encender el aire acondicionado, como mucho, dos horas diarias m\u00e1s que el resto de la semana:<\/p>\n<p>&nbsp;<\/p>\n<p>8h al d\u00eda x 3 fines de semana = 48 horas de aire acondicionado encendido.<\/p>\n<p>&nbsp;<\/p>\n<p>48 horas x 2kW de AC x TE = <strong>11,78\u20ac<\/strong> los tres fines de semana.<\/p>\n<p>&nbsp;<\/p>\n<p><strong>All together!<\/strong><\/p>\n<p>&nbsp;<\/p>\n<p>Esta es f\u00e1cil: 29,45\u00a0+ 11,78 = <strong>41,23\u20ac al mes<\/strong> de aire acondicionado.<\/p>\n<p>&nbsp;<\/p>\n<p>Haciendo un consumo responsable hemos reducido casi a la mitad el presupuesto inicial.<\/p>\n<p>&nbsp;<\/p>\n<p>As\u00ed que si se enciende menos horas, la eficiencia energ\u00e9tica del aire instalado es de \u2013m\u00ednimo- A o A+ y se tiene contratada una <strong><a href=\"https:\/\/www.factorenergia.com\/es\/luz\/tarifa-variable\/\" title=\"tarifa de luz por horas\" target=\"_blank\" rel=\"noopener noreferrer\">tarifa el\u00e9ctrica variable<\/a><\/strong>, puedes reducir tu consumo el\u00e9ctrico y, por tanto, pagar menos en la factura de la luz.<\/p>\n<p>&nbsp;<\/p>\n<h2>\u00bfCu\u00e1nta electricidad consume un ventilador?<\/h2>\n<p>Ve\u00e1moslo:<\/p>\n<p>&nbsp;<\/p>\n<p>Ventilador de 55W x 8h al d\u00eda de uso = 440Wh\/d\u00eda<\/p>\n<p>&nbsp;<\/p>\n<p>440Wh x 30 d\u00edas (un mes) = 13.200Wh = 13,2kWh\/mes<\/p>\n<p>&nbsp;<\/p>\n<p>13,2kWh x T.E (0,122699\u20ac) = <strong>1,62 \u20ac \/ mes<\/strong><\/p>\n<p>&nbsp;<\/p>\n<p>&nbsp;<\/p>\n<p>Es m\u00e1s, supongamos que encendemos el ventilador el d\u00eda 1 y que no lo apagamos nunca en todo un mes:<\/p>\n<p>&nbsp;<\/p>\n<p>Ventilador de 55W x 24h al d\u00eda de uso =\u00a0 1320Wh\/d\u00eda = 39,6kWh\/mes = <strong>4,86 \u20ac \/ mes<\/strong>.<\/p>\n<p>&nbsp;<\/p>\n<p>Un ventilador encendido 30 d\u00edas seguidos nos cuesta menos de 5 euros (aprox. 7\u20ac sumando impuestos e IVA), frente a los 41\u20ac (aprox. 50\u20ac sumando impuestos e IVA)8 horas diarias de AC, supone una <strong>diferencia de unos 43\u00a0euros<\/strong>.<\/p>\n<p>&nbsp;<\/p>\n<p>Ten en cuenta que estas cifras son orientativas. Hay que sumar todav\u00eda el t\u00e9rmino potencia \u2013que es fijo-, el alquiler del contador y el resto de impuestos que ser\u00e1n los que, en realidad, determinar\u00e1n el precio de la luz.<\/p>\n<p>&nbsp;<\/p>\n<p>Es por eso que es tan importante hacer un consumo responsable para ajustar el precio luz hora\u00a0al m\u00e1ximo y por ello, adem\u00e1s, te invitamos a que le eches un vistazo a la tarifa variable (con discriminaci\u00f3n horaria), con la que pagar\u00e1s menos durante determinadas horas del d\u00eda. En ellas, puedes aprovechar para poner lavadoras, encender el lavaplatos y, por qu\u00e9 no, bajar unos grados la temperatura en el aire acondicionado.<\/p>\n<p>&nbsp;<\/p>\n<p>Si tienes dudas, no sabes qu\u00e9 tarifa tienes contratada o quieres <a href=\"https:\/\/www.factorenergia.com\/es\/luz\/contratar-luz\/\" title=\"\u00bfQu\u00e9 tarifa de luz contratar?\" target=\"_blank\" rel=\"noopener\">contratar luz<\/a> con una tarifa variable, <strong>\u00a0ll\u00e1manos al 900 850 000<\/strong>\u00a0o cont\u00e1ctanos online, somos la empresa el\u00e9ctrica que se preocupa por la sostenibilidad y el medio ambiente, estaremos encantados de ayudarte a ahorrar electricidad.<\/p>\n","protected":false},"excerpt":{"rendered":"<p>\u00bfQu\u00e9 sabemos del consumo del aire acondicionado? Nos han dicho que gasta mucho, pero \u00bfes verdad? Vamos a averiguarlo.<\/p>\n","protected":false},"author":17,"featured_media":0,"comment_status":"open","ping_status":"closed","sticky":false,"template":"","format":"standard","meta":{"inline_featured_image":false,"footnotes":""},"categories":[51],"tags":[],"acf":{"fecha_de_la_entrada":"20160809","imagen_portada":2049,"categoria_blog":null,"tipo_de_distribuidora":null,"tiempo_lectura":"","banner_bool":false,"titulo_banner":"","texto_banner":"","texto_boton_banner":"","url_boton_banner":"","post_relacionados":""},"yoast_head":"<!-- This site is optimized with the Yoast SEO plugin v22.2 - https:\/\/yoast.com\/wordpress\/plugins\/seo\/ -->\n<title>\u00bfCu\u00e1nto consume el aire acondicionado? | Factorenergia<\/title>\n<meta name=\"description\" content=\"Dicen que encender el aire acondicionado sale caro pero \u00bfes verdad? Veamos cu\u00e1nto consume el aire acondicionado y qu\u00e9 hacer para solucionarlo.\" \/>\n<meta name=\"robots\" content=\"index, follow, max-snippet:-1, max-image-preview:large, max-video-preview:-1\" \/>\n<link rel=\"canonical\" href=\"https:\/\/www.factorenergia.com\/es\/blog\/eficiencia-energetica\/cuanto-consume-aire-acondicionado\/\" \/>\n<meta name=\"twitter:card\" content=\"summary_large_image\" \/>\n<meta name=\"twitter:title\" content=\"\u00bfCu\u00e1nto consume el aire acondicionado? | Factorenergia\" \/>\n<meta name=\"twitter:description\" content=\"Dicen que encender el aire acondicionado sale caro pero \u00bfes verdad? Veamos cu\u00e1nto consume el aire acondicionado y qu\u00e9 hacer para solucionarlo.\" \/>\n<meta name=\"twitter:creator\" content=\"@factorenergia\" \/>\n<meta name=\"twitter:site\" content=\"@factorenergia\" \/>\n<meta name=\"twitter:label1\" content=\"Escrito por\" \/>\n\t<meta name=\"twitter:data1\" content=\"Equipo Transici\u00f3n Energ\u00e9tica Factorenergia\" \/>\n\t<meta name=\"twitter:label2\" content=\"Tiempo de lectura\" \/>\n\t<meta name=\"twitter:data2\" content=\"5 minutos\" \/>\n<script type=\"application\/ld+json\" class=\"yoast-schema-graph\">{\"@context\":\"https:\/\/schema.org\",\"@graph\":[{\"@type\":\"WebPage\",\"@id\":\"https:\/\/www.factorenergia.com\/es\/blog\/eficiencia-energetica\/cuanto-consume-aire-acondicionado\/\",\"url\":\"https:\/\/www.factorenergia.com\/es\/blog\/eficiencia-energetica\/cuanto-consume-aire-acondicionado\/\",\"name\":\"\u00bfCu\u00e1nto consume el aire acondicionado? | Factorenergia\",\"isPartOf\":{\"@id\":\"https:\/\/www.factorenergia.com\/es\/#website\"},\"datePublished\":\"2016-08-09T09:12:06+00:00\",\"dateModified\":\"2024-10-28T12:42:36+00:00\",\"author\":{\"@id\":\"https:\/\/www.factorenergia.com\/es\/#\/schema\/person\/dff9e4b6dc520720e3a37bdaaedc5841\"},\"description\":\"Dicen que encender el aire acondicionado sale caro pero \u00bfes verdad? Veamos cu\u00e1nto consume el aire acondicionado y qu\u00e9 hacer para solucionarlo.\",\"breadcrumb\":{\"@id\":\"https:\/\/www.factorenergia.com\/es\/blog\/eficiencia-energetica\/cuanto-consume-aire-acondicionado\/#breadcrumb\"},\"inLanguage\":\"es\",\"potentialAction\":[{\"@type\":\"ReadAction\",\"target\":[\"https:\/\/www.factorenergia.com\/es\/blog\/eficiencia-energetica\/cuanto-consume-aire-acondicionado\/\"]}]},{\"@type\":\"BreadcrumbList\",\"@id\":\"https:\/\/www.factorenergia.com\/es\/blog\/eficiencia-energetica\/cuanto-consume-aire-acondicionado\/#breadcrumb\",\"itemListElement\":[{\"@type\":\"ListItem\",\"position\":1,\"name\":\"Portada\",\"item\":\"https:\/\/www.factorenergia.com\/es\/\"},{\"@type\":\"ListItem\",\"position\":2,\"name\":\"\u00bfCu\u00e1nto consume el aire acondicionado?\"}]},{\"@type\":\"WebSite\",\"@id\":\"https:\/\/www.factorenergia.com\/es\/#website\",\"url\":\"https:\/\/www.factorenergia.com\/es\/\",\"name\":\"factorenergia\",\"description\":\"Factor Energ\u00eda\",\"potentialAction\":[{\"@type\":\"SearchAction\",\"target\":{\"@type\":\"EntryPoint\",\"urlTemplate\":\"https:\/\/www.factorenergia.com\/es\/?s={search_term_string}\"},\"query-input\":\"required name=search_term_string\"}],\"inLanguage\":\"es\"},{\"@type\":\"Person\",\"@id\":\"https:\/\/www.factorenergia.com\/es\/#\/schema\/person\/dff9e4b6dc520720e3a37bdaaedc5841\",\"name\":\"Equipo Transici\u00f3n Energ\u00e9tica Factorenergia\",\"image\":{\"@type\":\"ImageObject\",\"inLanguage\":\"es\",\"@id\":\"https:\/\/www.factorenergia.com\/es\/#\/schema\/person\/image\/\",\"url\":\"https:\/\/secure.gravatar.com\/avatar\/1b7c76bab80ee1c4261b06108874e24b?s=96&d=mm&r=g\",\"contentUrl\":\"https:\/\/secure.gravatar.com\/avatar\/1b7c76bab80ee1c4261b06108874e24b?s=96&d=mm&r=g\",\"caption\":\"Equipo Transici\u00f3n Energ\u00e9tica Factorenergia\"},\"description\":\"El equipo est\u00e1 formado por expertos en materia de Luz, Gas y Eficiencia Energ\u00e9tica, que conocen de primera mano las tendencias del mercado. Su experiencia en el sector les permite ofrecer las mejores soluciones energ\u00e9ticas y resolver las dudas planteadas por los clientes.\",\"sameAs\":[\"https:\/\/www.factorenergia.com\/es\/\",\"https:\/\/www.facebook.com\/factorenergiacom\",\"https:\/\/www.instagram.com\/factorenergia_com\/\",\"https:\/\/es.linkedin.com\/company\/factor-energia\",\"https:\/\/twitter.com\/factorenergia\",\"https:\/\/www.youtube.com\/c\/factorenergiacom\"],\"url\":\"https:\/\/www.factorenergia.com\/es\/blog\/author\/marketing\/\"}]}<\/script>\n<!-- \/ Yoast SEO plugin. -->","yoast_head_json":{"title":"\u00bfCu\u00e1nto consume el aire acondicionado? | Factorenergia","description":"Dicen que encender el aire acondicionado sale caro pero \u00bfes verdad? Veamos cu\u00e1nto consume el aire acondicionado y qu\u00e9 hacer para solucionarlo.","robots":{"index":"index","follow":"follow","max-snippet":"max-snippet:-1","max-image-preview":"max-image-preview:large","max-video-preview":"max-video-preview:-1"},"canonical":"https:\/\/www.factorenergia.com\/es\/blog\/eficiencia-energetica\/cuanto-consume-aire-acondicionado\/","twitter_card":"summary_large_image","twitter_title":"\u00bfCu\u00e1nto consume el aire acondicionado? | Factorenergia","twitter_description":"Dicen que encender el aire acondicionado sale caro pero \u00bfes verdad? Veamos cu\u00e1nto consume el aire acondicionado y qu\u00e9 hacer para solucionarlo.","twitter_creator":"@factorenergia","twitter_site":"@factorenergia","twitter_misc":{"Escrito por":"Equipo Transici\u00f3n Energ\u00e9tica Factorenergia","Tiempo de lectura":"5 minutos"},"schema":{"@context":"https:\/\/schema.org","@graph":[{"@type":"WebPage","@id":"https:\/\/www.factorenergia.com\/es\/blog\/eficiencia-energetica\/cuanto-consume-aire-acondicionado\/","url":"https:\/\/www.factorenergia.com\/es\/blog\/eficiencia-energetica\/cuanto-consume-aire-acondicionado\/","name":"\u00bfCu\u00e1nto consume el aire acondicionado? | Factorenergia","isPartOf":{"@id":"https:\/\/www.factorenergia.com\/es\/#website"},"datePublished":"2016-08-09T09:12:06+00:00","dateModified":"2024-10-28T12:42:36+00:00","author":{"@id":"https:\/\/www.factorenergia.com\/es\/#\/schema\/person\/dff9e4b6dc520720e3a37bdaaedc5841"},"description":"Dicen que encender el aire acondicionado sale caro pero \u00bfes verdad? Veamos cu\u00e1nto consume el aire acondicionado y qu\u00e9 hacer para solucionarlo.","breadcrumb":{"@id":"https:\/\/www.factorenergia.com\/es\/blog\/eficiencia-energetica\/cuanto-consume-aire-acondicionado\/#breadcrumb"},"inLanguage":"es","potentialAction":[{"@type":"ReadAction","target":["https:\/\/www.factorenergia.com\/es\/blog\/eficiencia-energetica\/cuanto-consume-aire-acondicionado\/"]}]},{"@type":"BreadcrumbList","@id":"https:\/\/www.factorenergia.com\/es\/blog\/eficiencia-energetica\/cuanto-consume-aire-acondicionado\/#breadcrumb","itemListElement":[{"@type":"ListItem","position":1,"name":"Portada","item":"https:\/\/www.factorenergia.com\/es\/"},{"@type":"ListItem","position":2,"name":"\u00bfCu\u00e1nto consume el aire acondicionado?"}]},{"@type":"WebSite","@id":"https:\/\/www.factorenergia.com\/es\/#website","url":"https:\/\/www.factorenergia.com\/es\/","name":"factorenergia","description":"Factor Energ\u00eda","potentialAction":[{"@type":"SearchAction","target":{"@type":"EntryPoint","urlTemplate":"https:\/\/www.factorenergia.com\/es\/?s={search_term_string}"},"query-input":"required name=search_term_string"}],"inLanguage":"es"},{"@type":"Person","@id":"https:\/\/www.factorenergia.com\/es\/#\/schema\/person\/dff9e4b6dc520720e3a37bdaaedc5841","name":"Equipo Transici\u00f3n Energ\u00e9tica Factorenergia","image":{"@type":"ImageObject","inLanguage":"es","@id":"https:\/\/www.factorenergia.com\/es\/#\/schema\/person\/image\/","url":"https:\/\/secure.gravatar.com\/avatar\/1b7c76bab80ee1c4261b06108874e24b?s=96&d=mm&r=g","contentUrl":"https:\/\/secure.gravatar.com\/avatar\/1b7c76bab80ee1c4261b06108874e24b?s=96&d=mm&r=g","caption":"Equipo Transici\u00f3n Energ\u00e9tica Factorenergia"},"description":"El equipo est\u00e1 formado por expertos en materia de Luz, Gas y Eficiencia Energ\u00e9tica, que conocen de primera mano las tendencias del mercado. Su experiencia en el sector les permite ofrecer las mejores soluciones energ\u00e9ticas y resolver las dudas planteadas por los clientes.","sameAs":["https:\/\/www.factorenergia.com\/es\/","https:\/\/www.facebook.com\/factorenergiacom","https:\/\/www.instagram.com\/factorenergia_com\/","https:\/\/es.linkedin.com\/company\/factor-energia","https:\/\/twitter.com\/factorenergia","https:\/\/www.youtube.com\/c\/factorenergiacom"],"url":"https:\/\/www.factorenergia.com\/es\/blog\/author\/marketing\/"}]}},"_links":{"self":[{"href":"https:\/\/www.factorenergia.com\/es\/wp-json\/wp\/v2\/posts\/1945"}],"collection":[{"href":"https:\/\/www.factorenergia.com\/es\/wp-json\/wp\/v2\/posts"}],"about":[{"href":"https:\/\/www.factorenergia.com\/es\/wp-json\/wp\/v2\/types\/post"}],"author":[{"embeddable":true,"href":"https:\/\/www.factorenergia.com\/es\/wp-json\/wp\/v2\/users\/17"}],"replies":[{"embeddable":true,"href":"https:\/\/www.factorenergia.com\/es\/wp-json\/wp\/v2\/comments?post=1945"}],"version-history":[{"count":6,"href":"https:\/\/www.factorenergia.com\/es\/wp-json\/wp\/v2\/posts\/1945\/revisions"}],"predecessor-version":[{"id":26742,"href":"https:\/\/www.factorenergia.com\/es\/wp-json\/wp\/v2\/posts\/1945\/revisions\/26742"}],"wp:attachment":[{"href":"https:\/\/www.factorenergia.com\/es\/wp-json\/wp\/v2\/media?parent=1945"}],"wp:term":[{"taxonomy":"category","embeddable":true,"href":"https:\/\/www.factorenergia.com\/es\/wp-json\/wp\/v2\/categories?post=1945"},{"taxonomy":"post_tag","embeddable":true,"href":"https:\/\/www.factorenergia.com\/es\/wp-json\/wp\/v2\/tags?post=1945"}],"curies":[{"name":"wp","href":"https:\/\/api.w.org\/{rel}","templated":true}]}}