{"id":19105,"date":"2023-02-20T17:24:35","date_gmt":"2023-02-20T15:24:35","guid":{"rendered":"https:\/\/www.factorenergia.com\/es\/?p=19105"},"modified":"2025-08-06T16:34:30","modified_gmt":"2025-08-06T14:34:30","slug":"que-son-los-tejados-solares","status":"publish","type":"post","link":"https:\/\/www.factorenergia.com\/es\/blog\/autoconsumo-electrico\/que-son-los-tejados-solares\/","title":{"rendered":"\u00bfQu\u00e9 son los tejados solares?"},"content":{"rendered":"<p>Los <strong>tejados solares<\/strong> son una soluci\u00f3n para <strong>la generaci\u00f3n de energ\u00eda renovable y sostenible<\/strong>. Esta tecnolog\u00eda se compone de paneles solares instalados en el techo de un edificio para aprovechar la energ\u00eda solar. Esta energ\u00eda se utiliza para producir electricidad, calor y agua caliente.<\/p>\n<p>&nbsp;<\/p>\n<p>Los paneles solares <strong>se componen de una capa de silicio cristalino,<\/strong> que es el material que se encarga de captar la luz del sol. Esta luz se transforma en electricidad, que se puede almacenar en una bater\u00eda para su posterior uso. Esta tecnolog\u00eda se ha convertido en una soluci\u00f3n cada vez m\u00e1s popular para la generaci\u00f3n de energ\u00eda renovable, ya que es una forma eficiente y sostenible de obtener energ\u00eda.<\/p>\n<p>&nbsp;<\/p>\n<p>Los tejados solares <strong>pueden ser instalados en todo tipo de edificios<\/strong>, desde viviendas hasta establecimientos comerciales. Esto permite a los propietarios reducir sus facturas de electricidad y contribuir a un consumo sostenible. La instalaci\u00f3n de esta tecnolog\u00eda es relativamente sencilla, aunque es necesario evaluar el lugar en donde se va a implementar para asegurar que reciba una cantidad adecuada de luz solar.<\/p>\n<p>&nbsp;<\/p>\n<p>Los tejados solares tambi\u00e9n pueden ser usados para calentar el agua, lo que permite que los edificios tengan un menor consumo de energ\u00eda. Esto se consigue con colectores solares, dispositivos que se encargan de captar la luz del sol para calentar el agua. Esto es muy \u00fatil para aquellos edificios que necesitan agua caliente para sus actividades.<\/p>\n<p>&nbsp;<\/p>\n<p>Los tejados solares tienen muchas ventajas. Adem\u00e1s de ser una <strong>soluci\u00f3n sostenible para obtener energ\u00eda<\/strong>, tambi\u00e9n permite <strong>ahorrar en la factura de la luz<\/strong>. Por otro lado, tambi\u00e9n contribuyen a la <strong>reducci\u00f3n de las emisiones de di\u00f3xido de carbono<\/strong>, ya que la energ\u00eda solar no produce este gas.<\/p>\n<p>&nbsp;<\/p>\n<p>En conclusi\u00f3n, los tejados solares son una soluci\u00f3n excelente para la obtenci\u00f3n de energ\u00eda renovable. Esta tecnolog\u00eda puede reducir el costo de la electricidad y contribuir a la sostenibilidad del medio ambiente, al no producir emisiones de di\u00f3xido de carbono. Adem\u00e1s, su instalaci\u00f3n es relativamente sencilla y se pueden usar tanto en viviendas como en establecimientos comerciales.<\/p>\n<p><!--- BANNER ESP AUTOCONSUMO --><\/p>\n<div style=\"background: white; box-shadow: 0px 5px 40px rgba(98, 129, 202, 0.2); margin-top: 0px; padding: 20px;\">\n<h4 style=\"margin-top: 0; margin-bottom: 10px;\">Instala placas solares y reduce tu factura el\u00e9ctrica<\/h4>\n<p><span style=\"display: block;\">Tu estudio de placas solares en menos de 48 horas. Sin compromiso.<\/span><br \/>\n<a href=\"https:\/\/www.factorenergia.com\/es\/hogares\/autoconsumo\/\" class=\"primary-btn center\">Preparamos tu estudio gratis<\/a><\/p>\n<\/div>\n<p><!--- BANNER ESP AUTOCONSUMO --><\/p>\n","protected":false},"excerpt":{"rendered":"<p>Los tejados solares son una soluci\u00f3n para la generaci\u00f3n de energ\u00eda renovable y sostenible. Esta tecnolog\u00eda se compone de paneles solares instalados en el techo de un edificio para aprovechar la energ\u00eda solar. Esta energ\u00eda se utiliza para producir electricidad, calor y agua caliente. &nbsp; Los paneles solares se componen de una capa de silicio [&hellip;]<\/p>\n","protected":false},"author":17,"featured_media":0,"comment_status":"open","ping_status":"open","sticky":false,"template":"","format":"standard","meta":{"inline_featured_image":false,"footnotes":""},"categories":[67],"tags":[],"acf":{"fecha_de_la_entrada":"20230220","imagen_portada":29383,"categoria_blog":null,"tipo_de_distribuidora":null,"tiempo_lectura":"","banner_bool":false,"titulo_banner":"","texto_banner":"","texto_boton_banner":"","url_boton_banner":"","post_relacionados":[20688]},"yoast_head":"<!-- This site is optimized with the Yoast SEO plugin v22.2 - https:\/\/yoast.com\/wordpress\/plugins\/seo\/ -->\n<title>\u00bfQu\u00e9 son los tejados solares? | factorenergia<\/title>\n<meta name=\"description\" content=\"Descubre en qu\u00e9 consisten y c\u00f3mo se pueden implementar para aprovechar la energ\u00eda solar.\" \/>\n<meta name=\"robots\" content=\"index, follow, max-snippet:-1, max-image-preview:large, max-video-preview:-1\" \/>\n<link rel=\"canonical\" href=\"https:\/\/www.factorenergia.com\/es\/blog\/autoconsumo-electrico\/que-son-los-tejados-solares\/\" \/>\n<meta name=\"twitter:card\" content=\"summary_large_image\" \/>\n<meta name=\"twitter:title\" content=\"\u00bfQu\u00e9 son los tejados solares? | factorenergia\" \/>\n<meta name=\"twitter:description\" content=\"Descubre en qu\u00e9 consisten y c\u00f3mo se pueden implementar para aprovechar la energ\u00eda solar.\" \/>\n<meta name=\"twitter:creator\" content=\"@factorenergia\" \/>\n<meta name=\"twitter:site\" content=\"@factorenergia\" \/>\n<meta name=\"twitter:label1\" content=\"Escrito por\" \/>\n\t<meta name=\"twitter:data1\" content=\"Equipo Transici\u00f3n Energ\u00e9tica Factorenergia\" \/>\n\t<meta name=\"twitter:label2\" content=\"Tiempo de lectura\" \/>\n\t<meta name=\"twitter:data2\" content=\"2 minutos\" \/>\n<script type=\"application\/ld+json\" class=\"yoast-schema-graph\">{\"@context\":\"https:\/\/schema.org\",\"@graph\":[{\"@type\":\"WebPage\",\"@id\":\"https:\/\/www.factorenergia.com\/es\/blog\/autoconsumo-electrico\/que-son-los-tejados-solares\/\",\"url\":\"https:\/\/www.factorenergia.com\/es\/blog\/autoconsumo-electrico\/que-son-los-tejados-solares\/\",\"name\":\"\u00bfQu\u00e9 son los tejados solares? | factorenergia\",\"isPartOf\":{\"@id\":\"https:\/\/www.factorenergia.com\/es\/#website\"},\"datePublished\":\"2023-02-20T15:24:35+00:00\",\"dateModified\":\"2025-08-06T14:34:30+00:00\",\"author\":{\"@id\":\"https:\/\/www.factorenergia.com\/es\/#\/schema\/person\/dff9e4b6dc520720e3a37bdaaedc5841\"},\"description\":\"Descubre en qu\u00e9 consisten y c\u00f3mo se pueden implementar para aprovechar la energ\u00eda solar.\",\"breadcrumb\":{\"@id\":\"https:\/\/www.factorenergia.com\/es\/blog\/autoconsumo-electrico\/que-son-los-tejados-solares\/#breadcrumb\"},\"inLanguage\":\"es\",\"potentialAction\":[{\"@type\":\"ReadAction\",\"target\":[\"https:\/\/www.factorenergia.com\/es\/blog\/autoconsumo-electrico\/que-son-los-tejados-solares\/\"]}]},{\"@type\":\"BreadcrumbList\",\"@id\":\"https:\/\/www.factorenergia.com\/es\/blog\/autoconsumo-electrico\/que-son-los-tejados-solares\/#breadcrumb\",\"itemListElement\":[{\"@type\":\"ListItem\",\"position\":1,\"name\":\"Portada\",\"item\":\"https:\/\/www.factorenergia.com\/es\/\"},{\"@type\":\"ListItem\",\"position\":2,\"name\":\"\u00bfQu\u00e9 son los tejados solares?\"}]},{\"@type\":\"WebSite\",\"@id\":\"https:\/\/www.factorenergia.com\/es\/#website\",\"url\":\"https:\/\/www.factorenergia.com\/es\/\",\"name\":\"factorenergia\",\"description\":\"Factor Energ\u00eda\",\"potentialAction\":[{\"@type\":\"SearchAction\",\"target\":{\"@type\":\"EntryPoint\",\"urlTemplate\":\"https:\/\/www.factorenergia.com\/es\/?s={search_term_string}\"},\"query-input\":\"required name=search_term_string\"}],\"inLanguage\":\"es\"},{\"@type\":\"Person\",\"@id\":\"https:\/\/www.factorenergia.com\/es\/#\/schema\/person\/dff9e4b6dc520720e3a37bdaaedc5841\",\"name\":\"Equipo Transici\u00f3n Energ\u00e9tica Factorenergia\",\"image\":{\"@type\":\"ImageObject\",\"inLanguage\":\"es\",\"@id\":\"https:\/\/www.factorenergia.com\/es\/#\/schema\/person\/image\/\",\"url\":\"https:\/\/secure.gravatar.com\/avatar\/1b7c76bab80ee1c4261b06108874e24b?s=96&d=mm&r=g\",\"contentUrl\":\"https:\/\/secure.gravatar.com\/avatar\/1b7c76bab80ee1c4261b06108874e24b?s=96&d=mm&r=g\",\"caption\":\"Equipo Transici\u00f3n Energ\u00e9tica Factorenergia\"},\"description\":\"El equipo est\u00e1 formado por expertos en materia de Luz, Gas y Eficiencia Energ\u00e9tica, que conocen de primera mano las tendencias del mercado. Su experiencia en el sector les permite ofrecer las mejores soluciones energ\u00e9ticas y resolver las dudas planteadas por los clientes.\",\"sameAs\":[\"https:\/\/www.factorenergia.com\/es\/\",\"https:\/\/www.facebook.com\/factorenergiacom\",\"https:\/\/www.instagram.com\/factorenergia_com\/\",\"https:\/\/es.linkedin.com\/company\/factor-energia\",\"https:\/\/twitter.com\/factorenergia\",\"https:\/\/www.youtube.com\/c\/factorenergiacom\"],\"url\":\"https:\/\/www.factorenergia.com\/es\/blog\/author\/marketing\/\"}]}<\/script>\n<!-- \/ Yoast SEO plugin. -->","yoast_head_json":{"title":"\u00bfQu\u00e9 son los tejados solares? | factorenergia","description":"Descubre en qu\u00e9 consisten y c\u00f3mo se pueden implementar para aprovechar la energ\u00eda solar.","robots":{"index":"index","follow":"follow","max-snippet":"max-snippet:-1","max-image-preview":"max-image-preview:large","max-video-preview":"max-video-preview:-1"},"canonical":"https:\/\/www.factorenergia.com\/es\/blog\/autoconsumo-electrico\/que-son-los-tejados-solares\/","twitter_card":"summary_large_image","twitter_title":"\u00bfQu\u00e9 son los tejados solares? | factorenergia","twitter_description":"Descubre en qu\u00e9 consisten y c\u00f3mo se pueden implementar para aprovechar la energ\u00eda solar.","twitter_creator":"@factorenergia","twitter_site":"@factorenergia","twitter_misc":{"Escrito por":"Equipo Transici\u00f3n Energ\u00e9tica Factorenergia","Tiempo de lectura":"2 minutos"},"schema":{"@context":"https:\/\/schema.org","@graph":[{"@type":"WebPage","@id":"https:\/\/www.factorenergia.com\/es\/blog\/autoconsumo-electrico\/que-son-los-tejados-solares\/","url":"https:\/\/www.factorenergia.com\/es\/blog\/autoconsumo-electrico\/que-son-los-tejados-solares\/","name":"\u00bfQu\u00e9 son los tejados solares? | factorenergia","isPartOf":{"@id":"https:\/\/www.factorenergia.com\/es\/#website"},"datePublished":"2023-02-20T15:24:35+00:00","dateModified":"2025-08-06T14:34:30+00:00","author":{"@id":"https:\/\/www.factorenergia.com\/es\/#\/schema\/person\/dff9e4b6dc520720e3a37bdaaedc5841"},"description":"Descubre en qu\u00e9 consisten y c\u00f3mo se pueden implementar para aprovechar la energ\u00eda solar.","breadcrumb":{"@id":"https:\/\/www.factorenergia.com\/es\/blog\/autoconsumo-electrico\/que-son-los-tejados-solares\/#breadcrumb"},"inLanguage":"es","potentialAction":[{"@type":"ReadAction","target":["https:\/\/www.factorenergia.com\/es\/blog\/autoconsumo-electrico\/que-son-los-tejados-solares\/"]}]},{"@type":"BreadcrumbList","@id":"https:\/\/www.factorenergia.com\/es\/blog\/autoconsumo-electrico\/que-son-los-tejados-solares\/#breadcrumb","itemListElement":[{"@type":"ListItem","position":1,"name":"Portada","item":"https:\/\/www.factorenergia.com\/es\/"},{"@type":"ListItem","position":2,"name":"\u00bfQu\u00e9 son los tejados solares?"}]},{"@type":"WebSite","@id":"https:\/\/www.factorenergia.com\/es\/#website","url":"https:\/\/www.factorenergia.com\/es\/","name":"factorenergia","description":"Factor Energ\u00eda","potentialAction":[{"@type":"SearchAction","target":{"@type":"EntryPoint","urlTemplate":"https:\/\/www.factorenergia.com\/es\/?s={search_term_string}"},"query-input":"required name=search_term_string"}],"inLanguage":"es"},{"@type":"Person","@id":"https:\/\/www.factorenergia.com\/es\/#\/schema\/person\/dff9e4b6dc520720e3a37bdaaedc5841","name":"Equipo Transici\u00f3n Energ\u00e9tica Factorenergia","image":{"@type":"ImageObject","inLanguage":"es","@id":"https:\/\/www.factorenergia.com\/es\/#\/schema\/person\/image\/","url":"https:\/\/secure.gravatar.com\/avatar\/1b7c76bab80ee1c4261b06108874e24b?s=96&d=mm&r=g","contentUrl":"https:\/\/secure.gravatar.com\/avatar\/1b7c76bab80ee1c4261b06108874e24b?s=96&d=mm&r=g","caption":"Equipo Transici\u00f3n Energ\u00e9tica Factorenergia"},"description":"El equipo est\u00e1 formado por expertos en materia de Luz, Gas y Eficiencia Energ\u00e9tica, que conocen de primera mano las tendencias del mercado. Su experiencia en el sector les permite ofrecer las mejores soluciones energ\u00e9ticas y resolver las dudas planteadas por los clientes.","sameAs":["https:\/\/www.factorenergia.com\/es\/","https:\/\/www.facebook.com\/factorenergiacom","https:\/\/www.instagram.com\/factorenergia_com\/","https:\/\/es.linkedin.com\/company\/factor-energia","https:\/\/twitter.com\/factorenergia","https:\/\/www.youtube.com\/c\/factorenergiacom"],"url":"https:\/\/www.factorenergia.com\/es\/blog\/author\/marketing\/"}]}},"_links":{"self":[{"href":"https:\/\/www.factorenergia.com\/es\/wp-json\/wp\/v2\/posts\/19105"}],"collection":[{"href":"https:\/\/www.factorenergia.com\/es\/wp-json\/wp\/v2\/posts"}],"about":[{"href":"https:\/\/www.factorenergia.com\/es\/wp-json\/wp\/v2\/types\/post"}],"author":[{"embeddable":true,"href":"https:\/\/www.factorenergia.com\/es\/wp-json\/wp\/v2\/users\/17"}],"replies":[{"embeddable":true,"href":"https:\/\/www.factorenergia.com\/es\/wp-json\/wp\/v2\/comments?post=19105"}],"version-history":[{"count":2,"href":"https:\/\/www.factorenergia.com\/es\/wp-json\/wp\/v2\/posts\/19105\/revisions"}],"predecessor-version":[{"id":29844,"href":"https:\/\/www.factorenergia.com\/es\/wp-json\/wp\/v2\/posts\/19105\/revisions\/29844"}],"acf:post":[{"embeddable":true,"href":"https:\/\/www.factorenergia.com\/es\/wp-json\/wp\/v2\/posts\/20688"}],"wp:attachment":[{"href":"https:\/\/www.factorenergia.com\/es\/wp-json\/wp\/v2\/media?parent=19105"}],"wp:term":[{"taxonomy":"category","embeddable":true,"href":"https:\/\/www.factorenergia.com\/es\/wp-json\/wp\/v2\/categories?post=19105"},{"taxonomy":"post_tag","embeddable":true,"href":"https:\/\/www.factorenergia.com\/es\/wp-json\/wp\/v2\/tags?post=19105"}],"curies":[{"name":"wp","href":"https:\/\/api.w.org\/{rel}","templated":true}]}}